{"id":5563,"date":"2019-03-17T20:24:39","date_gmt":"2019-03-17T19:24:39","guid":{"rendered":"http:\/\/blog.inmontanis.info\/?p=5563"},"modified":"2023-08-05T22:09:33","modified_gmt":"2023-08-05T20:09:33","slug":"kossen-hochfelln-1617-3-2019","status":"publish","type":"post","link":"http:\/\/blog.inmontanis.info\/?p=5563","title":{"rendered":"K\u00f6ssen + Hochfelln, 16+17.3.2019"},"content":{"rendered":"<p><strong>Sa, 16.3.2019 &#8211; K\u00f6ssen<\/strong><\/p>\n<p>Da ich seit Donnerstag etwas kr\u00e4nklich war, wollt ich dieses WE nur in den n\u00e4heren Saisonkartengebieten fahren. Allerdings war auch mal wieder viel Wind gemeldet. Oberaudorf hat ja breits seit letztem WE zu, am Wendelstein geht seit Wochen nix wg. &#8220;Gefahr von Gleitschneelawinen&#8221;, Hochfelln will bis morgen offen bleiben und Kampenwand und K\u00f6ssen bis Ende M\u00e4rz. So der offizielle Plan.<\/p>\n<p>Hochfelln schrieb heute Morgen, dass wg. Sturm und Tauwetter (!?) kein Skibetrieb sei und Kampenwand schrieb nun pl\u00f6tzlich, dass die Seilbahn in Betrieb, der Skibetrieb aber komplett eingestellt wurde (wieso denn, liegt doch noch genug Schnee??), also ging&#8217;s halt nach K\u00f6ssen. <\/p>\n<p>Die Fahrt war heute anstrengend und am Parkplatz legte ich erst mal ein P\u00e4uschen ein. Nach nur 1 Abfahrt am oberen SL und der oberen DSB musste ich es leider lassen, der Schnee sehr anstrengend und ich sehr schwach, anscheinend doch etwas fiebrig im Zuge dieses grippalen Infektes. Ich fuhr dann mit der Gondel wieder ins Tal.<\/p>\n<p><a href='http:\/\/ski.inmontanis.info\/d\/259783-2\/DSC03154.jpg'><img src=http:\/\/ski.inmontanis.info\/d\/259782-3\/DSC03154.jpg \/><\/a><br \/>\n^ Geschlossene Schneedecke auch noch im Tal<\/p>\n<p><a href='http:\/\/ski.inmontanis.info\/d\/259787-2\/ge20190316a.jpg'><img src=http:\/\/ski.inmontanis.info\/d\/259786-3\/ge20190316a.jpg \/><\/a><br \/>\n^ Bescheidener GPS-Track nach 3 Besuchen 2019 (16.3. in Gelb)<\/p>\n<p><strong>So, 17.3.2019 &#8211; Hochfelln<\/strong><\/p>\n<p>Heute ging&#8217;s mir etwas besser, am Hochfelln wurde nach 6 Uhr &#8211; auf der Webcam zu sehen &#8211; die Abfahrt pr\u00e4pariert und man schrieb auf der Website, dass man ab 9 Uhr Skibetrieb h\u00e4tte, die &#8220;Hauptabfahrt&#8221; (also die einzige an der oberen PB) erst nach Beurteilung der Lawinenkommission ge\u00f6ffnet w\u00fcrde. Also immerhin mehr Chancen als gestern. Da es zudem vmtl. die letzte Chance w\u00e4re, nahm ich den Weg halt auf mich.<\/p>\n<p>Um 9.30 war ich am Parkplatz, so dass die n\u00e4chste Bahn um 10 Uhr fuhr. Gleich mal ganz rauf gefahren und wieder zur Mittelstation und nochmal rauf und dann die SL gefahren und festgstellt, dass die sich tats\u00e4chlich nicht gelohnt h\u00e4tten, f\u00fcr die letzes mal extra raufzufahren, als die PB Sektion 2 nicht fuhr. R\u00fcber zur Mittelstation und wollte erst nochmal rauf, aber die anstrengenden Treppen und das Gelaufe, ich entschied mich f\u00fcr die Talfahrt um 11.30, bin doch noch etwas zu schwach heute. War aber doch sinnvoll, dass ich die letzte Chance hier noch wahrgenommen hatte. Verglichen mit Kampenwand und Wendelstein ist das aber doch das uninteressantere Skigebiet meiner Saisonkarte.<\/p>\n<p><a href='http:\/\/ski.inmontanis.info\/d\/259791-2\/DSC03155.jpg'><img src=http:\/\/ski.inmontanis.info\/d\/259790-3\/DSC03155.jpg \/><\/a><br \/>\n^ Talstation und Parkplatz (2,- \u20ac)<\/p>\n<p><a href='http:\/\/ski.inmontanis.info\/d\/259795-2\/DSC03158.jpg'><img src=http:\/\/ski.inmontanis.info\/d\/259794-3\/DSC03158.jpg \/><\/a><br \/>\n^ PB Sektion 1<\/p>\n<p><a href='http:\/\/ski.inmontanis.info\/d\/259799-2\/DSC03159.jpg'><img src=http:\/\/ski.inmontanis.info\/d\/259798-3\/DSC03159.jpg \/><\/a><br \/>\n^ Hauptabfahrt Sektion 2<\/p>\n<p><a href='http:\/\/ski.inmontanis.info\/d\/259803-2\/DSC03161.jpg'><img src=http:\/\/ski.inmontanis.info\/d\/259802-3\/DSC03161.jpg \/><\/a><br \/>\n^ Hauptabfahrt Sektion 2<\/p>\n<p><a href='http:\/\/ski.inmontanis.info\/d\/259807-2\/DSC03162.jpg'><img src=http:\/\/ski.inmontanis.info\/d\/259806-3\/DSC03162.jpg \/><\/a><br \/>\n^ Skiroute 4<\/p>\n<p><a href='http:\/\/ski.inmontanis.info\/d\/259811-2\/DSC03163.jpg'><img src=http:\/\/ski.inmontanis.info\/d\/259810-3\/DSC03163.jpg \/><\/a><br \/>\n^ Hauptabfahrt Sektion 2<\/p>\n<p><a href='http:\/\/ski.inmontanis.info\/d\/259815-2\/DSC03166.jpg'><img src=http:\/\/ski.inmontanis.info\/d\/259814-3\/DSC03166.jpg \/><\/a><br \/>\n^ Hauptabfahrt Sektion 2 mit Chiemsee<\/p>\n<p><a href='http:\/\/ski.inmontanis.info\/d\/259819-2\/DSC03167.jpg'><img src=http:\/\/ski.inmontanis.info\/d\/259818-3\/DSC03167.jpg \/><\/a><br \/>\n^ Die beiden SL an der Mittelstation mit Chiemsee<\/p>\n<p><a href='http:\/\/ski.inmontanis.info\/d\/259823-2\/DSC03169.jpg'><img src=http:\/\/ski.inmontanis.info\/d\/259822-3\/DSC03169.jpg \/><\/a><br \/>\n^ Die beiden SL an der Mittelstation mit Chiemsee, aus der PB fotografiert<\/p>\n<p><a href='http:\/\/ski.inmontanis.info\/d\/259827-2\/DSC03171.jpg'><img src=http:\/\/ski.inmontanis.info\/d\/259826-3\/DSC03171.jpg \/><\/a><br \/>\n^ PB Sektion 2 \/ MIttelstation<\/p>\n<p><a href='http:\/\/ski.inmontanis.info\/d\/259831-2\/DSC03173.jpg'><img src=http:\/\/ski.inmontanis.info\/d\/259830-3\/DSC03173.jpg \/><\/a><br \/>\n^ Schild an der PB-Bergstation<\/p>\n<p><a href='http:\/\/ski.inmontanis.info\/d\/259835-2\/DSC03175.jpg'><img src=http:\/\/ski.inmontanis.info\/d\/259834-3\/DSC03175.jpg \/><\/a><br \/>\n^ Skiroute 4 mit Chiemsee<\/p>\n<p><a href='http:\/\/ski.inmontanis.info\/d\/259839-2\/DSC03177.jpg'><img src=http:\/\/ski.inmontanis.info\/d\/259838-3\/DSC03177.jpg \/><\/a><br \/>\n^ Die Materialseilbahn fuhr auch gerade<\/p>\n<p><a href='http:\/\/ski.inmontanis.info\/d\/259843-2\/DSC03179.jpg'><img src=http:\/\/ski.inmontanis.info\/d\/259842-3\/DSC03179.jpg \/><\/a><br \/>\n^ Start der Skiroute 4, nett<\/p>\n<p><a href='http:\/\/ski.inmontanis.info\/d\/259847-2\/DSC03181.jpg'><img src=http:\/\/ski.inmontanis.info\/d\/259846-3\/DSC03181.jpg \/><\/a><br \/>\n^ PB Sektion 2<\/p>\n<p><a href='http:\/\/ski.inmontanis.info\/d\/259851-2\/DSC03182.jpg'><img src=http:\/\/ski.inmontanis.info\/d\/259850-3\/DSC03182.jpg \/><\/a><br \/>\n^ PB Sektion 2 \/ Bergstation<\/p>\n<p><a href='http:\/\/ski.inmontanis.info\/d\/259855-2\/DSC03183.jpg'><img src=http:\/\/ski.inmontanis.info\/d\/259854-3\/DSC03183.jpg \/><\/a><br \/>\n^ Skiroute 4, Schnee war sch\u00f6n weich<\/p>\n<p><a href='http:\/\/ski.inmontanis.info\/d\/259859-2\/DSC03185.jpg'><img src=http:\/\/ski.inmontanis.info\/d\/259858-3\/DSC03185.jpg \/><\/a><br \/>\n^ SL an der Mittelstation, leider war der Schnee neben der Piste nicht angenehm zu fahren<\/p>\n<p><a href='http:\/\/ski.inmontanis.info\/d\/259863-2\/ge20190317a.jpg'><img src=http:\/\/ski.inmontanis.info\/d\/259862-3\/ge20190317a.jpg \/><\/a><br \/>\n^ GPS-Track 17.3.2019 in Rot (PB-Auffahrt etwas verwirrend, ich bin die 2. Sektion nur 2x gefahren), T\u00fcrkis mein vorheriger Besuch 2013<\/p>\n","protected":false},"excerpt":{"rendered":"<p>Sa, 16.3.2019 &#8211; K\u00f6ssen<\/p>\n<p>Da ich seit Donnerstag etwas kr\u00e4nklich war, wollt ich dieses WE nur in den n\u00e4heren Saisonkartengebieten fahren. Allerdings war auch mal wieder viel Wind gemeldet. Oberaudorf hat ja breits seit letztem WE zu, am Wendelstein geht seit Wochen nix wg. &#8220;Gefahr von Gleitschneelawinen&#8221;, Hochfelln will bis morgen offen bleiben und Kampenwand <a href=\"http:\/\/blog.inmontanis.info\/?p=5563\">[&#8230;]<\/a><\/p>\n","protected":false},"author":1,"featured_media":0,"comment_status":"closed","ping_status":"closed","sticky":false,"template":"","format":"standard","meta":{"footnotes":""},"categories":[12,263,862,25,13,27],"tags":[52,45,47],"class_list":["post-5563","post","type-post","status-publish","format-standard","hentry","category-germany","category-hochfelln","category-kossen","category-noreport","category-austria","category-skifahren-winterskiing-winter","tag-pb","tag-see","tag-sl","odd"],"_links":{"self":[{"href":"http:\/\/blog.inmontanis.info\/index.php?rest_route=\/wp\/v2\/posts\/5563","targetHints":{"allow":["GET"]}}],"collection":[{"href":"http:\/\/blog.inmontanis.info\/index.php?rest_route=\/wp\/v2\/posts"}],"about":[{"href":"http:\/\/blog.inmontanis.info\/index.php?rest_route=\/wp\/v2\/types\/post"}],"author":[{"embeddable":true,"href":"http:\/\/blog.inmontanis.info\/index.php?rest_route=\/wp\/v2\/users\/1"}],"replies":[{"embeddable":true,"href":"http:\/\/blog.inmontanis.info\/index.php?rest_route=%2Fwp%2Fv2%2Fcomments&post=5563"}],"version-history":[{"count":3,"href":"http:\/\/blog.inmontanis.info\/index.php?rest_route=\/wp\/v2\/posts\/5563\/revisions"}],"predecessor-version":[{"id":8887,"href":"http:\/\/blog.inmontanis.info\/index.php?rest_route=\/wp\/v2\/posts\/5563\/revisions\/8887"}],"wp:attachment":[{"href":"http:\/\/blog.inmontanis.info\/index.php?rest_route=%2Fwp%2Fv2%2Fmedia&parent=5563"}],"wp:term":[{"taxonomy":"category","embeddable":true,"href":"http:\/\/blog.inmontanis.info\/index.php?rest_route=%2Fwp%2Fv2%2Fcategories&post=5563"},{"taxonomy":"post_tag","embeddable":true,"href":"http:\/\/blog.inmontanis.info\/index.php?rest_route=%2Fwp%2Fv2%2Ftags&post=5563"}],"curies":[{"name":"wp","href":"https:\/\/api.w.org\/{rel}","templated":true}]}}