{"id":5559,"date":"2019-03-10T18:24:52","date_gmt":"2019-03-10T17:24:52","guid":{"rendered":"http:\/\/blog.inmontanis.info\/?p=5559"},"modified":"2023-08-04T18:24:57","modified_gmt":"2023-08-04T16:24:57","slug":"borno-monte-altissimo-10-3-2019-saisonkartenuberlegungen","status":"publish","type":"post","link":"http:\/\/blog.inmontanis.info\/?p=5559","title":{"rendered":"Borno &#8211; Monte Altissimo, 10.3.2019 (+ Saisonkarten\u00fcberlegungen)"},"content":{"rendered":"<p><strong>So, 10.3.2019 &#8211; Borno \/ Monte Altissimo<\/strong><\/p>\n<p>Das Fr\u00fchst\u00fccksbuffet war recht gro\u00df, inkl. verschiedenen Semmeln und Toasts und Croissants; Schinken, K\u00e4se, Wurst, R\u00fchrei und Speck (!) und die sonst \u00fcblichen Sachen.<\/p>\n<p>Eigentlich wollte ich ja heute den ganzen Tag Montecampione fahren, die Tageskarte kostet momentan wohl nur 25,- lt. Website, weil die Verbindung zwischen den Skigebietsteilen geschlossen ist. Da also ja doch einiges zu ist und ich meinen Bericht vom letzten Mal durchgelesen hatte und zudem die Schneeberichte der anderen Skigebiete in der Gegend abgecheckt hatte, entschied ich mich f\u00fcr die 2,- \u20ac g\u00fcnstigere 3h-Karte und wollte danach noch nach Borno, wo recht viel offen sein soll. H\u00e4tte auch Borno+X fahren k\u00f6nnen, aber in Colere war die Talabfahrt und die SL zu (und die Abfahrten an den oberen Sesselliften hatte ich arg modelliert in Erinnerung), in Lizzola war die S\u00fcdseiten-DSB zu (und die ist da ja auch das netteste) und was in Gromo Spiazzi offen w\u00e4re, war auf der Website\/Webcam nicht zu sehen. Pora\/Presolana ist selbst ein ganzer Tag f\u00fcr sich und da hatte ich auf den Webcams schon vorgestern gesehen, dass da tw. nicht viel Schnee liegt und sicher einiges geschlossen sein wird.<\/p>\n<p>Also wollte ich erst 3h Campione, dann 3h Borno fahren. Da ich zuf\u00e4llig an der Abzweigung nach Borno vorbei fuhr und lt. Navi die umgekehrte Reihenfolge Borno und dann Campione 15min mehr Skizeit versprach, fuhr ich erst nach Borno rauf. Am Parkplatz \u00fcberlegte ich mir, dass ich es hier vielleicht einen ganzen Tag aushalten k\u00f6nnte, weil ja auch die Talabfahrt offen ist, und dass es am Montecampione auch netter w\u00e4re, wenn ich da wieder bei Vollbetrieb vorbei fahren w\u00fcrde (wobei die oberste DSB ganz links im Plan ja glaub ich mittlerweile generell geschlossen ist) &#8211; und die Pisten hier in Borno werden vmtl auch erst ab Mittag nett weich werden und dann m\u00fcsste ich aufh\u00f6ren und eine knappe Stunde nach Campione fahren &#8211; kurz gesagt, ich kaufte mir die Tageskarte um 28,- \u20ac und blieb den ganzen Tag hier. Was dann die richtige Entscheidung war, denn Dank des Schnees und der meist recht netten Abfahrten und geschlossenen Abfahrten gefiel es mir doch wieder sehr gut.<\/p>\n<p>Zudem gab es eine positive \u00dcberraschung: Der SL ganz oben links an der 2. Sektion, der bei meinem letzten Besuch noch lief, wurde mittlerweile zwar komplett abgebaut, aber daf\u00fcr wurde der rechte, l\u00e4ngere SL, der damals halb abgebaut war, mit einem neuen (oder gebrauchten) ersetzt, somit man die oberen, sch\u00f6neren Abfahrten wiederholen kann, ohne jedesmal zur 4SB runter zu m\u00fcssen. Dieser SL wertete das Skigebiet f\u00fcr mich stark auf.<\/p>\n<p>Schlussendlich waren sogar alle Abfahrten befahrbar (wenn auch nicht alle offen). Um 13.30 meinte mich mal wieder ein Liftler von wegen &#8220;Rucksack vorne tragen&#8221; nerven zu m\u00fcssen. Als ob ich die letzten Stunden nicht x Mal runterrgefahren w\u00e4re. Und wie sich das die Liftler immer vorstellen, wie ich das bei meinem riesigen Rucksack sonst machen soll, ist mir ein R\u00e4tsel. Sp\u00e4ter hab ich mir vorgenommen, so einem italienischen oder franz\u00f6sischen Liftler das n\u00e4chste Mal einfach in deutsch o.\u00e4. zu beschimpfen, versteht er ja eh nicht (&#8220;Vielen Dank f\u00fcr diesen informativen Hinweis, da w\u00e4re ich alleine nie draufgekommen, Sie Holzkopf&#8221;). Kurz vor 14 Uhr wollte ich ein kombiniertes Mittag-Abendessen zu mir nehmen, aber das einzige (winzige) Restaurant im Skigebiet, am Gipfel, hatte leider keine Selbstbedienung und zudem gerade volkst\u00fcmliche Livemusik, also schnell gefl\u00fcchtet. Die Grillbar darunter verkaufte nur Hotdog und Chicken Nuggets, keine Salsiccia, somit auch keine Lust gehabt. An der Mittelstation gab&#8217;s wohl mal was, aber das ist abgebrannt und es gab einen kleinen Stand, aber die hatten heute eh den ganzen Tag laute Musik. Am Parkplatz der Talstation hatte ich nicht geschaut. Immerhin war keine Abfahrt wg. Rennen oder Training gesperrt.<\/p>\n<p><em>Abschweifung: Was mir schon \u00f6fters augefallen ist, dass es Regionen gibt, wo es mehrere \u00e4hnlich klingende Ortsnamen bzw. ein geh\u00e4uftes Vorkommen an Ortsnamen mit dem gleichen Anfangsbuchstaben gibt und wo man dann sehr aufpassen muss, diese nicht durcheinander zu bringen. Wenn man durch Vorarlberg f\u00e4hrt, fallen einem z.B. schnell mehrere Orte\/St\u00e4dte mit B auf: Bludenz, Bregenz (, B\u00fcrs), im Wallis z.B. Sion und Sierre (, Susten) und talausw\u00e4rts zum Genfersee Martigny, Montreux, Monthey; im Tessin Lugano und Locarno; in S\u00fcdtirol Bruneck, Brixen, Bozen und in der Lombardei Bergamo und Brescia und skigebietsm\u00e4\u00dfig relevanter Barzio, Bobbio, Brembana, Bormio (nicht mit Bormeo zu verwechseln), Borno und in dessen N\u00e4he die Nicht-Skiorte Breno und Boario Terme! Und fr\u00e4nggisch bedrachded midd&#8217;n haddn Be gschriebm aa no (Monde) Boro und Basso Bressolana &#8211; allm\u00e4chdna, da w\u00e4rd ma fei v\u00f6llich badscherd, w\u00e4rgli! (Also schau mer uns etz an Bonno an? H\u00e4, nedd? Bonno midd an weichen Be? Was issna des etzadla widder f\u00fcr a Gschmarri?)<\/em><\/p>\n<p>(Fotos anklicken zum Vergr\u00f6\u00dfern)<\/p>\n<p><a href='http:\/\/ski.inmontanis.info\/d\/259619-2\/DSC03074.jpg'><img src=http:\/\/ski.inmontanis.info\/d\/259618-3\/DSC03074.jpg \/><\/a><br \/>\n^ Campo Scuola<\/p>\n<p><a href='http:\/\/ski.inmontanis.info\/d\/259623-2\/DSC03076.jpg'><img src=http:\/\/ski.inmontanis.info\/d\/259622-3\/DSC03076.jpg \/><\/a><br \/>\n^ Parkplatz<\/p>\n<p><a href='http:\/\/ski.inmontanis.info\/d\/259627-2\/DSC03078.jpg'><img src=http:\/\/ski.inmontanis.info\/d\/259626-3\/DSC03078.jpg \/><\/a><br \/>\n^ 4SB Ogne 1, firnte sp\u00e4ter als erstes auf. Da dies unterhalb des Hauptparkplatzes liegt, definiere ich das mal als Sektion -1 ;-)<\/p>\n<p><a href='http:\/\/ski.inmontanis.info\/d\/259631-2\/DSC03081.jpg'><img src=http:\/\/ski.inmontanis.info\/d\/259630-3\/DSC03081.jpg \/><\/a><br \/>\n^ 4SB Sektion 1 Ogne-Play. Links die Bergstation der zum Gondellift parallen DSB, diese endete hier und man konnte die Talabfahrt direkt fahren. Dies ist mit der 4SB nicht mehr m\u00f6glich, man erreicht die Talabfahrt nur von der oberen Sektion aus.<\/p>\n<p><a href='http:\/\/ski.inmontanis.info\/d\/259635-2\/DSC03084.jpg'><img src=http:\/\/ski.inmontanis.info\/d\/259634-3\/DSC03084.jpg \/><\/a><br \/>\n^ Unten im Tal war die ehemalige  Mittelstation des Gondellifts. Die 4SB Sektion 1 geht nun noch ein St\u00fcck weiter hinauf. Links dahinter die 4SB Sektion 2<\/p>\n<p><a href='http:\/\/ski.inmontanis.info\/d\/259639-2\/DSC03090.jpg'><img src=http:\/\/ski.inmontanis.info\/d\/259638-3\/DSC03090.jpg \/><\/a><br \/>\n^ 4SB Sektion 2 Play-Monte Altissimo, rechts der neue SL Pagherola<\/p>\n<p><a href='http:\/\/ski.inmontanis.info\/d\/259643-2\/DSC03093.jpg'><img src=http:\/\/ski.inmontanis.info\/d\/259642-3\/DSC03093.jpg \/><\/a><br \/>\n^ Blick zur Bergstation SL Pagherola<\/p>\n<p><a href='http:\/\/ski.inmontanis.info\/d\/259647-2\/DSC03097.jpg'><img src=http:\/\/ski.inmontanis.info\/d\/259646-3\/DSC03097.jpg \/><\/a><br \/>\n^ 4SB Sektion 2<\/p>\n<p><a href='http:\/\/ski.inmontanis.info\/d\/259651-2\/DSC03102.jpg'><img src=http:\/\/ski.inmontanis.info\/d\/259650-3\/DSC03102.jpg \/><\/a><br \/>\n^ Abfahrt rechts des SL Pagherola (D)<\/p>\n<p><a href='http:\/\/ski.inmontanis.info\/d\/259655-2\/DSC03104.jpg'><img src=http:\/\/ski.inmontanis.info\/d\/259654-3\/DSC03104.jpg \/><\/a><br \/>\n^ Abfahrt rechts des SL Pagherola (F)<\/p>\n<p><a href='http:\/\/ski.inmontanis.info\/d\/259659-2\/DSC03105.jpg'><img src=http:\/\/ski.inmontanis.info\/d\/259658-3\/DSC03105.jpg \/><\/a><br \/>\n^ Variante rechts des SL Pagherola (E)<\/p>\n<p><a href='http:\/\/ski.inmontanis.info\/d\/259663-2\/DSC03106.jpg'><img src=http:\/\/ski.inmontanis.info\/d\/259662-3\/DSC03106.jpg \/><\/a><br \/>\n^ R\u00fcckseiten-Pano und Tiefblick ins Tal bzw. ins Skigebiet Montecampione<\/p>\n<p><a href='http:\/\/ski.inmontanis.info\/d\/259667-2\/DSC03107.jpg'><img src=http:\/\/ski.inmontanis.info\/d\/259666-3\/DSC03107.jpg \/><\/a><br \/>\n^ Abfahrt A, ganz links der 4SB, im mittleren Teil. Weiter oben leider stark modelliert, aber den oberen Teil kann man mit interessanteren Abfahrten umfahren<\/p>\n<p><a href='http:\/\/ski.inmontanis.info\/d\/259671-2\/DSC03109.jpg'><img src=http:\/\/ski.inmontanis.info\/d\/259670-3\/DSC03109.jpg \/><\/a><br \/>\n^ Abfahrt A im unteren Teil<\/p>\n<p><a href='http:\/\/ski.inmontanis.info\/d\/259675-2\/DSC03111.jpg'><img src=http:\/\/ski.inmontanis.info\/d\/259674-3\/DSC03111.jpg \/><\/a><br \/>\n^ Die nette Abfahrt B rechts der 4SB wurde kaum befahren und hatte nachmittags auch den besten Schnee. Das St\u00fcck geradeaus weiter war nicht mehr pr\u00e4pariert &#8230;<\/p>\n<p><a href='http:\/\/ski.inmontanis.info\/d\/259679-2\/DSC03112.jpg'><img src=http:\/\/ski.inmontanis.info\/d\/259678-3\/DSC03112.jpg \/><\/a><br \/>\n^ .. ging aber auch gut zu fahren<\/p>\n<p><a href='http:\/\/ski.inmontanis.info\/d\/259683-2\/DSC03114.jpg'><img src=http:\/\/ski.inmontanis.info\/d\/259682-3\/DSC03114.jpg \/><\/a><br \/>\n^ Unterer Verbindungsweg zur Talabfahrt; der obere Weg war wg. schneemangels gesperrt.<\/p>\n<p><a href='http:\/\/ski.inmontanis.info\/d\/259687-2\/DSC03115.jpg'><img src=http:\/\/ski.inmontanis.info\/d\/259686-3\/DSC03115.jpg \/><\/a><br \/>\n^ Ex-DSB-Bergstation<\/p>\n<p><a href='http:\/\/ski.inmontanis.info\/d\/259691-2\/DSC03117.jpg'><img src=http:\/\/ski.inmontanis.info\/d\/259690-3\/DSC03117.jpg \/><\/a><br \/>\n^ Na, da ist wohl was abgebrannt<\/p>\n<p><a href='http:\/\/ski.inmontanis.info\/d\/259695-2\/DSC03118.jpg'><img src=http:\/\/ski.inmontanis.info\/d\/259694-3\/DSC03118.jpg \/><\/a><br \/>\n^ Ex-DSB-Bergstation (Sacif)<\/p>\n<p><a href='http:\/\/ski.inmontanis.info\/d\/259699-2\/DSC03119.jpg'><img src=http:\/\/ski.inmontanis.info\/d\/259698-3\/DSC03119.jpg \/><\/a><br \/>\n^ Links der \u00dcbungs-4SB unten scheint es evtl. von der Vorg\u00e4ngeranlage eine stillgelegte Abfahrt zu geben?<\/p>\n<p><a href='http:\/\/ski.inmontanis.info\/d\/259703-2\/DSC03122.jpg'><img src=http:\/\/ski.inmontanis.info\/d\/259702-3\/DSC03122.jpg \/><\/a><br \/>\n^ Abfahrt D\/E rechts des SL Pagherola, bzw. bin ich schon auf der Variante E<\/p>\n<p><a href='http:\/\/ski.inmontanis.info\/d\/259707-2\/DSC03124.jpg'><img src=http:\/\/ski.inmontanis.info\/d\/259706-3\/DSC03124.jpg \/><\/a><br \/>\n^ Abfahrt E rechts des SL Pagherola, ging auch gut zu fahren (offiziell wohl nicht mehr offen)<\/p>\n<p><a href='http:\/\/ski.inmontanis.info\/d\/259711-2\/DSC03126.jpg'><img src=http:\/\/ski.inmontanis.info\/d\/259710-3\/DSC03126.jpg \/><\/a><br \/>\n^ Talabfahrt nett aufgefirnt<\/p>\n<p><a href='http:\/\/ski.inmontanis.info\/d\/259715-2\/DSC03127.jpg'><img src=http:\/\/ski.inmontanis.info\/d\/259714-3\/DSC03127.jpg \/><\/a><br \/>\n^ Talabfahrt nett aufgefirnt (und auch sonst recht nett), leider nicht direkt wiederholbar, man muss erst ganz rauf.<\/p>\n<p><a href='http:\/\/ski.inmontanis.info\/d\/259719-2\/DSC03128.jpg'><img src=http:\/\/ski.inmontanis.info\/d\/259718-3\/DSC03128.jpg \/><\/a><br \/>\n^ Hier (oder ein St\u00fcck weiter oben) war bei meinem letzten Besuch ein Portalst\u00fctzen-SL gestanden, der ja damals schon gek\u00fcrzt war<\/p>\n<p>Anno 2013 sah das so aus:<br \/>\n<a href='http:\/\/ski.inmontanis.info\/d\/154974-3\/DSC00431.jpg'><img src=http:\/\/ski.inmontanis.info\/d\/154973-4\/DSC00431.jpg \/><\/a><br \/>\n^ SL Altissimo 2013<\/p>\n<p><a href='http:\/\/ski.inmontanis.info\/d\/66248-3\/P1300023.JPG'><img src=http:\/\/ski.inmontanis.info\/d\/66247-4\/P1300023.JPG \/><\/a><br \/>\n^ Alter Plan vor den 4SB<\/p>\n<p>&#8212;<\/p>\n<p><a href='http:\/\/ski.inmontanis.info\/d\/259723-2\/DSC03131.jpg'><img src=http:\/\/ski.inmontanis.info\/d\/259722-3\/DSC03131.jpg \/><\/a><br \/>\n^ Neuer oder wohl eher gebrauchter SL Pagherola, der hier sehr gut hinpasst<\/p>\n<p>Anno 2013 sah das hier so aus:<br \/>\n<a href='http:\/\/ski.inmontanis.info\/d\/154950-3\/DSC00418.jpg'><img src=http:\/\/ski.inmontanis.info\/d\/154949-4\/DSC00418.jpg \/><\/a><br \/>\n^ Ex-SL Pagherola Talstation (2013)<\/p>\n<p><a href='http:\/\/ski.inmontanis.info\/d\/154958-3\/DSC00501.jpg'><img src=http:\/\/ski.inmontanis.info\/d\/154957-4\/DSC00501.jpg \/><\/a><br \/>\n^ Ex-SL Pagherola Talstation (2013)<\/p>\n<p>&#8212;<\/p>\n<p><a href='http:\/\/ski.inmontanis.info\/d\/259727-2\/DSC03132.jpg'><img src=http:\/\/ski.inmontanis.info\/d\/259726-3\/DSC03132.jpg \/><\/a><br \/>\n^ Schwarze Abfahrt C an der 4SB Sektion 2 unterhalb des SL Pagherola<\/p>\n<p><a href='http:\/\/ski.inmontanis.info\/d\/259731-2\/DSC03134.jpg'><img src=http:\/\/ski.inmontanis.info\/d\/259730-3\/DSC03134.jpg \/><\/a><br \/>\n^ SL Pagherola<\/p>\n<p><a href='http:\/\/ski.inmontanis.info\/d\/259735-2\/DSC03136.jpg'><img src=http:\/\/ski.inmontanis.info\/d\/259734-3\/DSC03136.jpg \/><\/a><br \/>\n^ Abfahrt D ganz rechts an der 4SB, offiziell gesperrt<\/p>\n<p><a href='http:\/\/ski.inmontanis.info\/d\/259739-2\/DSC03137.jpg'><img src=http:\/\/ski.inmontanis.info\/d\/259738-3\/DSC03137.jpg \/><\/a><br \/>\n^ .. hier oben allerdings toller Firn<\/p>\n<p><a href='http:\/\/ski.inmontanis.info\/d\/259743-2\/DSC03138.jpg'><img src=http:\/\/ski.inmontanis.info\/d\/259742-3\/DSC03138.jpg \/><\/a><br \/>\n^ .. weiter unten dann der Grund, warum die Abfahrt gesperrt ist.<\/p>\n<p><a href='http:\/\/ski.inmontanis.info\/d\/259747-2\/DSC03139.jpg'><img src=http:\/\/ski.inmontanis.info\/d\/259746-3\/DSC03139.jpg \/><\/a><br \/>\n^ Schwarze Abfahrt C an der 4SB Sektion 2 unterhalb des SL Pagherola, auch recht nett.<\/p>\n<p><a href='http:\/\/ski.inmontanis.info\/d\/259751-2\/DSC03143.jpg'><img src=http:\/\/ski.inmontanis.info\/d\/259750-3\/DSC03143.jpg \/><\/a><br \/>\n^ Ex-SL-Trasse, bin ich auch gefahren<\/p>\n<p><a href='http:\/\/ski.inmontanis.info\/d\/259755-2\/DSC03144.jpg'><img src=http:\/\/ski.inmontanis.info\/d\/259754-3\/DSC03144.jpg \/><\/a><br \/>\n^ SL Pagherola<\/p>\n<p><a href='http:\/\/ski.inmontanis.info\/d\/259759-2\/DSC03145.jpg'><img src=http:\/\/ski.inmontanis.info\/d\/259758-3\/DSC03145.jpg \/><\/a><br \/>\n^ R\u00fcckseitenpano andere Seite<\/p>\n<p><a href='http:\/\/ski.inmontanis.info\/d\/259763-2\/DSC03147.jpg'><img src=http:\/\/ski.inmontanis.info\/d\/259762-3\/DSC03147.jpg \/><\/a><br \/>\n^ Oberer Verbindungsweg zur Talabfahrt, stellenweise aper (auch etwas l\u00e4nger)<\/p>\n<p><a href='http:\/\/ski.inmontanis.info\/d\/259767-2\/DSC03149.jpg'><img src=http:\/\/ski.inmontanis.info\/d\/259766-3\/DSC03149.jpg \/><\/a><br \/>\n^ Oberer Verbindungsweg zur Talabfahrt<\/p>\n<p><a href='http:\/\/ski.inmontanis.info\/d\/259771-2\/DSC03151.jpg'><img src=http:\/\/ski.inmontanis.info\/d\/259770-3\/DSC03151.jpg \/><\/a><br \/>\n^ .. daf\u00fcr bekommt man dann dieses nette H\u00e4ngchen, heute allerdings seeehr eisig. Am Ende zu sehen die Ex-DSB-Bergstation.<\/p>\n<p><a href='http:\/\/ski.inmontanis.info\/d\/259775-3\/ge20190310a.jpg'><img src=http:\/\/ski.inmontanis.info\/d\/259774-4\/ge20190310a.jpg \/><\/a><br \/>\n^ GPS-Track 10.3.2019 in Gelb und vorheriger Besuch in Blau. Noch zu fahren: Unterer Teil SL-Trasse links der oberen 4SB, Gondellfittrasse rechts der oberen 4SB, evtl. 2. Talabfahrt (scheint eine Schneise im Sat-Bild rechts zu sein)<\/p>\n<p>Gegen 15 Uhr bin ich alles oft genug gefahren (mit einer Saisonkarte h\u00e4tte man ab 14 Uhr noch sinnvoll wechseln k\u00f6nnen) und fuhr wieder \u00fcber Aprica und Bernina heim, denn:<\/p>\n<p><a href='http:\/\/ski.inmontanis.info\/d\/259779-3\/DSC03152.jpg'><img src=http:\/\/ski.inmontanis.info\/d\/259778-4\/DSC03152.jpg \/><\/a><br \/>\n^ Die Fahrt \u00fcber den Bernina dauer zwar l\u00e4nger, ist aber k\u00fcrzer, wesentlich g\u00fcnstiger (keine Maut) und im Hochwinter hat man vmtl. wesentlich weniger Verkehr. Ok. man k\u00f6nnte nat\u00fcrlich auch noch \u00fcber den Tonale richtung Brenner fahren, das w\u00fcrde ich machen, wenn das Engadin (Bernina oder Maloja oder Martina) nach starkem Schneefall gesperrt (und der Brenner noch offen) w\u00e4re.<\/p>\n<p>Trincerones Bericht von 2005, als der Gondellift noch fuhr:<br \/>\n<a href='https:\/\/www.alpinforum.com\/forum\/viewtopic.php?f=48&#038;t=9624'>https:\/\/www.alpinforum.com\/forum\/viewtopic.php?f=48&#038;t=9624<\/a><\/p>\n<p>Irgendwann im Laufe des Tages kam ich aber noch auf eine Idee. Dass es f\u00fcr die Lombardei eine gro\u00dfe Saisonkarte gibt, wusste ich schon l\u00e4nger, kam aber auch deshalb nicht in Frage, weil sie immer verh\u00e4ltnism\u00e4\u00dfig teuer war (ich glaub schon immer teurer als die TSC) &#8211; und die Tageskarte in den netten Skigebieten doch eh so g\u00fcnstig sind. Ich checkte mal kurz im Web, ob es diese Karte noch gibt &#8211; heuer zumindest schon. Das Thema lies mich nicht mehr los und sollte es die Karte n\u00e4chste Saison wieder geben und nicht allzuviel passiert sein (d.h. hoffentlich m\u00f6glichst wenig von den interessanten Liften ersetzt und von den Skigebieten geschlossen) werde ich mir die n\u00e4chstes Jahr wohl kaufen:<\/p>\n<p><a href='http:\/\/www.anefskilombardia.it\/'>http:\/\/www.anefskilombardia.it\/<\/a><br \/>\n&#8211; teuer: 2018\/19 kostete sie 770,- \u20ac im Vorverkauf bis Ende Oktober (sonst 820,-), g\u00fcltig vom 23.11.2018-30.4.2019 (also nicht 100% die komplette Saison)<br \/>\n&#8211; damit ich die Karte mehr als nur reinfahre, ohne zu h\u00e4ufig die teuren gro\u00dfen Skigebiete besuchen zu m\u00fcssen, werde ich kaum &#8220;fremdgehen&#8221; d\u00fcrfen<br \/>\n&#8211; die letzten Jahre waren sehr schneearm in den Bergamasker Alpen (aber die n\u00f6rdlicheren Skigebiete hatten immer genug)<br \/>\n&#8211; etliche Skigebiete sind immer wieder mal stillgelegt<br \/>\n-+ Anfahrt ist km-m\u00e4\u00dfig wesentlich k\u00fcrzer als Magicpass, zeitm\u00e4\u00dfig f\u00e4hrt man aber auch meist 4-5h (3-6,5h), gibt allerdings mehrere Varianten \u00fcber Maloja, Bernina, Brenner oder den Tunnel nach Livigno<br \/>\n+ mir gefallen die Bergamasker Alpen, man kann hier und da in die Po-Ebene, auf einen See oder zum Appennin schauen<br \/>\n+ die Gegend ist oftmals recht sonnig, im Fr\u00fchjahr hat man bald Firn und bei Firn ist alles sch\u00f6n, auch eine modellierte Kunstschneepiste<br \/>\n+ und nat\u00fcrlich das wichtigste: es gibt viele nette Skigebiete, sowie ein paar mir unbekannte<\/p>\n<p>2018\/19 waren lt. Homepage folgende Skigebiete inkludiert:<br \/>\n+ Alpe Teglio (alte DSB + SL, ganz nett f\u00fcr ein paar Stunden)<br \/>\n+ Aprica (siehe gestern, Agudio-6EUB und Marchisio-DSB\/SL, immer nett und lange Saison)<br \/>\n&#8211; Artavaggio (SL ja inzwischen alle abgebaut, also wohl unn\u00f6tig)<br \/>\n+ Bormio (wollt ich eh schon lang mal im Winter hin und den Rest fahren, den ich noch nicht kenne)<br \/>\n+ Borno (fand ich heute ja recht nett)<br \/>\n+- Chiesa Valmalenco (war auch nicht so \u00fcbel)<br \/>\n+ Colere (die DSB Sektion 1 und die Talabfahrt sind nett, DSB wird hoffentlich erst 2020 ersetzt)<br \/>\n-+ Foppolo\/Carona (durch die neuen Lifte wohl eher nicht mehr mein Fall, aber vielleicht geht ja die Nascivera-Zubringer-DSB noch)<br \/>\n+- Livigno (zwar keine besonderen Lifte mehr, aber lange Saison)<br \/>\n+ Lizzola (insb. die R\u00fcckseite fand ich nett)<br \/>\n-+ Madesimo (an den WE immer voll, alles modelliert, br\u00e4ucht ich nicht unbedingt)<br \/>\n+ Maniva (hoffe auf Nascivera-DSB und SL; die obere DSB ist zudem auch nett)<br \/>\n+ Montecampione (wollte ich eh nochmals fahren)<br \/>\n+ Monte Pora (wenn die alte DSB noch geht, gef\u00e4llt es mir dort)<br \/>\n+ Oga\/Valdidentro (eh genial mit den vielen SL oben)<br \/>\n-+ Piani di Bobbio (seit dem Wegfall des ESL war ich nicht mehr dort, die Talabfahrt k\u00f6nnte vielleicht noch brauchbar sein)<br \/>\n-+ Piazzatorre (war ich noch nie, hab ich wenig Erwartung, aber anschauen kann man sich&#8217;s ja mal)<br \/>\n-+ Ponte di Legno \/ Temu (war ich noch nie, hab ich wenig Erwartung, aber anschauen kann man sich&#8217;s ja mal)<br \/>\n+- Passo Tonale (die neue EUB wollt ich ja eh mal fahren, zudem lange Saison, leider nicht komplett abgedeckt mit der Karte)<br \/>\n+ Passo Presolana (gefiel mir recht gut)<br \/>\n+ Santa Caterina Valfurva (wollte ich auch schon lang mal wieder hin, lange Saison)<br \/>\n+- Selvino (die neue DSB kenn ich noch nicht)<br \/>\n+- Spiazzi di Gromo (war auch OK)<br \/>\n+ Val Gerola\/Pescegallo (Graffer-DSB &#038; Marchisio-SL, fand ich letztes Mal recht nett)<br \/>\n&#8211; Val Palot (langewilig + hat mich letztes Mal genervt)<\/p>\n<p>Inkludiert w\u00e4ren, wenn nicht geschlossen:<br \/>\n&#8211; Gaver (wohl derzeit keine \u00c4nderung zu erwarten)<br \/>\n&#8211; San Simone (vielleicht ja n\u00e4chstes Jahr wieder offen, w\u00fcrd ich mal wieder hin wollen)<br \/>\n&#8211; Schilpario (oder l\u00e4uft da wieder was)<\/p>\n<p>Nicht inkludiert sind anscheinend z.B.:<br \/>\n&#8211; Alpe Giumello (schade)<br \/>\n&#8211; Aviatico (der Gondellift)<br \/>\n&#8211; Esino Lario (falls da noch was geht)<br \/>\n&#8211; Oltre il Colle &#038; Umgebung, falls da noch ein SL l\u00e4uft<br \/>\n&#8211; Pian delle Betulle (falls die noch Skibetrieb haben)<br \/>\n&#8211; San Primo (falls da noch was geht)<\/p>\n","protected":false},"excerpt":{"rendered":"<p>So, 10.3.2019 &#8211; Borno \/ Monte Altissimo<\/p>\n<p>Das Fr\u00fchst\u00fccksbuffet war recht gro\u00df, inkl. verschiedenen Semmeln und Toasts und Croissants; Schinken, K\u00e4se, Wurst, R\u00fchrei und Speck (!) und die sonst \u00fcblichen Sachen.<\/p>\n<p>Eigentlich wollte ich ja heute den ganzen Tag Montecampione fahren, die Tageskarte kostet momentan wohl nur 25,- lt. Website, weil die Verbindung zwischen den <a href=\"http:\/\/blog.inmontanis.info\/?p=5559\">[&#8230;]<\/a><\/p>\n","protected":false},"author":1,"featured_media":0,"comment_status":"closed","ping_status":"closed","sticky":false,"template":"","format":"standard","meta":{"footnotes":""},"categories":[521,15,27,81],"tags":[49,78,47],"class_list":["post-5559","post","type-post","status-publish","format-standard","hentry","category-borno","category-italienitaly","category-skifahren-winterskiing-winter","category-kurztrips","tag-4sb","tag-restschnee","tag-sl","odd"],"_links":{"self":[{"href":"http:\/\/blog.inmontanis.info\/index.php?rest_route=\/wp\/v2\/posts\/5559","targetHints":{"allow":["GET"]}}],"collection":[{"href":"http:\/\/blog.inmontanis.info\/index.php?rest_route=\/wp\/v2\/posts"}],"about":[{"href":"http:\/\/blog.inmontanis.info\/index.php?rest_route=\/wp\/v2\/types\/post"}],"author":[{"embeddable":true,"href":"http:\/\/blog.inmontanis.info\/index.php?rest_route=\/wp\/v2\/users\/1"}],"replies":[{"embeddable":true,"href":"http:\/\/blog.inmontanis.info\/index.php?rest_route=%2Fwp%2Fv2%2Fcomments&post=5559"}],"version-history":[{"count":3,"href":"http:\/\/blog.inmontanis.info\/index.php?rest_route=\/wp\/v2\/posts\/5559\/revisions"}],"predecessor-version":[{"id":5562,"href":"http:\/\/blog.inmontanis.info\/index.php?rest_route=\/wp\/v2\/posts\/5559\/revisions\/5562"}],"wp:attachment":[{"href":"http:\/\/blog.inmontanis.info\/index.php?rest_route=%2Fwp%2Fv2%2Fmedia&parent=5559"}],"wp:term":[{"taxonomy":"category","embeddable":true,"href":"http:\/\/blog.inmontanis.info\/index.php?rest_route=%2Fwp%2Fv2%2Fcategories&post=5559"},{"taxonomy":"post_tag","embeddable":true,"href":"http:\/\/blog.inmontanis.info\/index.php?rest_route=%2Fwp%2Fv2%2Ftags&post=5559"}],"curies":[{"name":"wp","href":"https:\/\/api.w.org\/{rel}","templated":true}]}}