{"id":5556,"date":"2019-03-09T18:46:40","date_gmt":"2019-03-09T17:46:40","guid":{"rendered":"http:\/\/blog.inmontanis.info\/?p=5556"},"modified":"2023-08-04T18:45:16","modified_gmt":"2023-08-04T16:45:16","slug":"aprica-9-3-2019","status":"publish","type":"post","link":"http:\/\/blog.inmontanis.info\/?p=5556","title":{"rendered":"Aprica, 9.3.2019"},"content":{"rendered":"<p><strong>Sa, 9.3.2019 &#8211; Aprica<\/strong><\/p>\n<p>Da das Wetter in den Magicpass-Bereichen auch nicht besser werden sollte, blieb ich daheim und wollte die 5BC-Karte ausn\u00fctzen. Da ich gestern Kampenwand war, w\u00e4re heute Wendelstein dran, aber die Westabfahrt ist logischerweise wg. schneemangels mittlerweile zu. Die Ostabfahrt und somit der Rest des Skigebiets war die letzten Tage aber auch nicht offen, weil: &#8220;Gefahr von Gleitschneelawinen auf der Ostabfahrt&#8221;. Tja, also f\u00fcr&#8217;n Wendelstein war das heuer wohl zu viel Schnee, sowohl fur den Anfang, wie auch f\u00fcr das Ende der Saison ..<\/p>\n<p>Zus\u00e4zlich meldet Bergfex f\u00fcr SA+SO in den bayr. Saisonkartenskigebieten starken Wind (50-80 km\/h), wodurch es sehr zweifelhaft sein d\u00fcrfte, dass Kampenwand und Hochfelln \u00fcberhaupt offen haben werden. Ebenso starken Wind meldet Bergfex auch f\u00fcr Disentis, so dass das ebenfalls nicht in Frage kommen wird. Da hat man 2 Saisonkarten f\u00fcr komplett unterschiedliche Teile der Alpen und wieder einmal ist in beiden Gegenden, sowohl in Bayern, wie auch um den Genfersee und im Wallis, das gleiche Wetter, Schnee und Sturm..<\/p>\n<p>W\u00e4hrenddessen waren die Wettervorhersagen f\u00fcr die Lombardei sonnig und wenig windig &#8211; was blieb mir also anderes \u00fcbrig und ich entschied mich f\u00fcr Aprica am Samstag und Montecampione am Sonntag, in Oga\/Bormio wurde weniger Sonne gemeldet. Aprica (Betonung auf &#8220;i&#8221;, wie mir mittlerweile gesagt wurde, nicht wie Paprika) mit seiner Agudio-EUB und Marchisio-SL&#038;DSB ist sowieso immer nett, wenn man die teils extrem modellierten und verfangz\u00e4unten Pisten ausblendet\/vermeidet. <\/p>\n<p>Die Tageskarte in Aprica kostet mittlerweile auch 40,- \u20ac, allerdings samstags nur noch heute, danach Nachsaison (au\u00dfer eben sonntags). Die letzten Jahre war ich in Aprica ja meist nur ca. 2-3h, weil ich auch in Teglio fuhr, aber da lag heute zu wenig Schnee und etliche Pisten bereits geschlossen &#8211; lt. gestrigem Status auf der Website. Oder ich bin hier zu den verg\u00fcnstigten Skip\u00e4ssen am Anfang oder Ende der Saison, wo auch mal nur Magnolta geht. Heute dagegen das komplette Skigebiet ge\u00f6ffnet.<\/p>\n<p>Nach der Anfahrt \u00fcber den Berninapass war ich um 10 Uhr an der 6EUB und es gab doch eine d\u00fcnne Schleierbew\u00f6lkung, die aber dann d\u00fcnner wurde. Im Prinzip war&#8217;s den ganzen Tag sonnig, erst zum Schluss war es etwas bew\u00f6lkter. Fremde Keycards werden akzeptiert und lt. Preisliste sogar noch die Swatch-Uhren! Italientypisch war es vormittags recht voll und ab 12h schlagartig leerer, Wartezeiten gab es z.B. an der linken 4KSB an Tal- und Mittelstation, aber auch am obersten SL.<\/p>\n<p>(Fotos anklicken zum Vergr\u00f6\u00dfern)<\/p>\n<p><a href='http:\/\/ski.inmontanis.info\/d\/259447-2\/DSC02950.jpg'><img src=http:\/\/ski.inmontanis.info\/d\/259446-3\/DSC02950.jpg \/><\/a><br \/>\n^ Agudio-6EUB Magnolta<\/p>\n<p><a href='http:\/\/ski.inmontanis.info\/d\/259451-2\/DSC02960.jpg'><img src=http:\/\/ski.inmontanis.info\/d\/259450-3\/DSC02960.jpg \/><\/a><br \/>\n^ Marchisio-DSB Piana Galli<\/p>\n<p><a href='http:\/\/ski.inmontanis.info\/d\/259455-2\/DSC02966.jpg'><img src=http:\/\/ski.inmontanis.info\/d\/259454-3\/DSC02966.jpg \/><\/a><br \/>\n^ SL Salina, wie \u00fcblich ist der obere Teil leider nicht offen :-(<\/p>\n<p><a href='http:\/\/ski.inmontanis.info\/d\/259459-2\/DSC02969.jpg'><img src=http:\/\/ski.inmontanis.info\/d\/259458-3\/DSC02969.jpg \/><\/a><br \/>\n^ Abfahrt G, offiziell geschlossen. K\u00f6nnte auch generell geschlossen sein.<\/p>\n<p><a href='http:\/\/ski.inmontanis.info\/d\/259463-2\/DSC02971.jpg'><img src=http:\/\/ski.inmontanis.info\/d\/259462-3\/DSC02971.jpg \/><\/a><br \/>\n^ \u00dcbungslifte<\/p>\n<p><a href='http:\/\/ski.inmontanis.info\/d\/259467-2\/DSC02978.jpg'><img src=http:\/\/ski.inmontanis.info\/d\/259466-3\/DSC02978.jpg \/><\/a><br \/>\n^ Abfahrt V+W im oberen Bereich der linken 4KSB Baradello<\/p>\n<p><a href='http:\/\/ski.inmontanis.info\/d\/259471-2\/DSC02982.jpg'><img src=http:\/\/ski.inmontanis.info\/d\/259470-3\/DSC02982.jpg \/><\/a><br \/>\n^ 4KSB Baradello, Mittelstation<\/p>\n<p><a href='http:\/\/ski.inmontanis.info\/d\/259475-2\/DSC02984.jpg'><img src=http:\/\/ski.inmontanis.info\/d\/259474-3\/DSC02984.jpg \/><\/a><br \/>\n^ geschlossene Abfahrt U von der Mittelstation 4KSB Baradello. Konnte man ohne Abschnallen fahren<\/p>\n<p><a href='http:\/\/ski.inmontanis.info\/d\/259479-2\/DSC02991.jpg'><img src=http:\/\/ski.inmontanis.info\/d\/259478-3\/DSC02991.jpg \/><\/a><br \/>\n^ \u00dcbungslifte und Kinder-Motorschlitten<\/p>\n<p><a href='http:\/\/ski.inmontanis.info\/d\/259483-2\/DSC02992.jpg'><img src=http:\/\/ski.inmontanis.info\/d\/259482-3\/DSC02992.jpg \/><\/a><br \/>\n^ Vom \u00dcbungsgel\u00e4nde zur 6EUB Palabione<\/p>\n<p><a href='http:\/\/ski.inmontanis.info\/d\/259487-2\/DSC02994.jpg'><img src=http:\/\/ski.inmontanis.info\/d\/259486-3\/DSC02994.jpg \/><\/a><br \/>\n^ 6EUB Palabione, Skik\u00f6cher zu schmal f\u00fcr meine Ski, daher in die Snowboardhalterung<\/p>\n<p><a href='http:\/\/ski.inmontanis.info\/d\/259491-2\/DSC02995.jpg'><img src=http:\/\/ski.inmontanis.info\/d\/259490-3\/DSC02995.jpg \/><\/a><br \/>\n^ 6EUB Palabione, 4SB Quadrifoglio<\/p>\n<p><a href='http:\/\/ski.inmontanis.info\/d\/259495-2\/DSC02996.jpg'><img src=http:\/\/ski.inmontanis.info\/d\/259494-3\/DSC02996.jpg \/><\/a><br \/>\n^ 4SB Quadrifoglio, die DSB daneben ist mittlerweile auch aus dem Pistenplan verschwunden. Schade, w\u00e4r lieber mit dieser gefahren.<\/p>\n<p><a href='http:\/\/ski.inmontanis.info\/d\/259499-2\/DSC03001.jpg'><img src=http:\/\/ski.inmontanis.info\/d\/259498-3\/DSC03001.jpg \/><\/a><br \/>\n^ Bergstation 4SB Quadrifoglio und DSB<\/p>\n<p><a href='http:\/\/ski.inmontanis.info\/d\/259503-2\/DSC03004.jpg'><img src=http:\/\/ski.inmontanis.info\/d\/259502-3\/DSC03004.jpg \/><\/a><br \/>\n^ Ex-SL-Bergstation auf der Linie der 4SB Quadrifoglio<\/p>\n<p><a href='http:\/\/ski.inmontanis.info\/d\/259507-2\/DSC03010.jpg'><img src=http:\/\/ski.inmontanis.info\/d\/259506-3\/DSC03010.jpg \/><\/a><br \/>\n^ Abfahrt F am SL Dosso Pas\u00f2, zum Gl\u00fcck gibts auf der anderen SL-Seite eine nettere Piste.<\/p>\n<p><a href='http:\/\/ski.inmontanis.info\/d\/259511-2\/DSC03011.jpg'><img src=http:\/\/ski.inmontanis.info\/d\/259510-3\/DSC03011.jpg \/><\/a><br \/>\n^ SL Dosso Pas\u00f2, der Vorg\u00e4ngerlift ging fr\u00fcher ja auch mal weiter rauf<\/p>\n<p><a href='http:\/\/ski.inmontanis.info\/d\/259515-2\/DSC03015.jpg'><img src=http:\/\/ski.inmontanis.info\/d\/259514-3\/DSC03015.jpg \/><\/a><br \/>\n^ Abfahrt G am SL Dosso Pas\u00f2<\/p>\n<p><a href='http:\/\/ski.inmontanis.info\/d\/259519-2\/DSC03019.jpg'><img src=http:\/\/ski.inmontanis.info\/d\/259518-3\/DSC03019.jpg \/><\/a><br \/>\n^ Abfahrt N hat nun eine Abzweigung geradeaus namens N1 erhalten. Rechts die alte Abfahrt N<\/p>\n<p><a href='http:\/\/ski.inmontanis.info\/d\/259523-2\/DSC03020.jpg'><img src=http:\/\/ski.inmontanis.info\/d\/259522-3\/DSC03020.jpg \/><\/a><br \/>\n^ Scheint so, als w\u00e4re der untere Teil der Abfahrt N auch generell geschlossen<\/p>\n<p><a href='http:\/\/ski.inmontanis.info\/d\/259527-2\/DSC03021.jpg'><img src=http:\/\/ski.inmontanis.info\/d\/259526-3\/DSC03021.jpg \/><\/a><br \/>\n^ .. und nat\u00fcrlich erst recht der noch weiter unten befindliche im Plan noch Schwarz eingezeichnete abzweigende Hang der Abfahrt N<\/p>\n<p><a href='http:\/\/ski.inmontanis.info\/d\/259531-2\/DSC03025.jpg'><img src=http:\/\/ski.inmontanis.info\/d\/259530-3\/DSC03025.jpg \/><\/a><br \/>\n^ Abfahrt M war im oberen Teil auch schon geschlossen, ging aber sehr gut zu fahren. Gegen\u00fcber Abfahrt C an der Agudio-6EUB<\/p>\n<p><a href='http:\/\/ski.inmontanis.info\/d\/259535-2\/DSC03027.jpg'><img src=http:\/\/ski.inmontanis.info\/d\/259534-3\/DSC03027.jpg \/><\/a><br \/>\n^ Agudio-6EUB Magnolta<\/p>\n<p><a href='http:\/\/ski.inmontanis.info\/d\/259539-2\/DSC03030.jpg'><img src=http:\/\/ski.inmontanis.info\/d\/259538-3\/DSC03030.jpg \/><\/a><br \/>\n^ Agudio-6EUB Magnolta<\/p>\n<p><a href='http:\/\/ski.inmontanis.info\/d\/259543-2\/DSC03035.jpg'><img src=http:\/\/ski.inmontanis.info\/d\/259542-3\/DSC03035.jpg \/><\/a><br \/>\n^ Agudio-6EUB Magnolta, die Ski sind leider zu breit f\u00fcr die Skik\u00f6cher.<\/p>\n<p><a href='http:\/\/ski.inmontanis.info\/d\/259547-2\/DSC03037.jpg'><img src=http:\/\/ski.inmontanis.info\/d\/259546-3\/DSC03037.jpg \/><\/a><br \/>\n^ Agudio-6EUB Magnolta, Bergstation<\/p>\n<p><a href='http:\/\/ski.inmontanis.info\/d\/259551-2\/DSC03038.jpg'><img src=http:\/\/ski.inmontanis.info\/d\/259550-3\/DSC03038.jpg \/><\/a><br \/>\n^ Agudio-6EUB Magnolta, Bergstation<\/p>\n<p><a href='http:\/\/ski.inmontanis.info\/d\/259555-2\/DSC03040.jpg'><img src=http:\/\/ski.inmontanis.info\/d\/259554-3\/DSC03040.jpg \/><\/a><br \/>\n^ Vom unteren Teil der Abfahrt M gab es fr\u00fcher wohl noch eine Abzweigung zur Magnolta-6EUB, diese ist mittlerweile im Plan auch nicht mehr eingezeichnet<\/p>\n<p><a href='http:\/\/ski.inmontanis.info\/d\/259559-2\/DSC03042.jpg'><img src=http:\/\/ski.inmontanis.info\/d\/259558-3\/DSC03042.jpg \/><\/a><br \/>\n^ Ehemalige Verbindung zur Magnolta-6EUB. K\u00f6nnte man bei mehr Schnee mal schauen, ob man durchkommt und vmtl. kommt man an der einen oder anderen SL-Leiche vorbei<\/p>\n<p><a href='http:\/\/ski.inmontanis.info\/d\/259563-2\/DSC03043.jpg'><img src=http:\/\/ski.inmontanis.info\/d\/259562-3\/DSC03043.jpg \/><\/a><br \/>\n^ .. denn SL-Leichen gibt es hier im Tal noch genug. Als Pass-Skigebiet wimmelte es hier wohl fr\u00fcher von parallelen SL<\/p>\n<p><a href='http:\/\/ski.inmontanis.info\/d\/259567-2\/DSC03044.jpg'><img src=http:\/\/ski.inmontanis.info\/d\/259566-3\/DSC03044.jpg \/><\/a><br \/>\n^ Ex-SL<\/p>\n<p><a href='http:\/\/ski.inmontanis.info\/d\/259571-2\/DSC03045.jpg'><img src=http:\/\/ski.inmontanis.info\/d\/259570-3\/DSC03045.jpg \/><\/a><br \/>\n^ Eine weitere SL-Leiche<\/p>\n<p><a href='http:\/\/ski.inmontanis.info\/d\/259575-2\/DSC03046.jpg'><img src=http:\/\/ski.inmontanis.info\/d\/259574-3\/DSC03046.jpg \/><\/a><br \/>\n^ 6EUB Palabione, links eine ehemalige SL-Station<\/p>\n<p><a href='http:\/\/ski.inmontanis.info\/d\/259579-2\/DSC03047.jpg'><img src=http:\/\/ski.inmontanis.info\/d\/259578-3\/DSC03047.jpg \/><\/a><br \/>\n^ Der schon vorhin angesprochene geschlossene schwarze Hang der Abfahrt N. Schnee war auf der roten schon kompletter Bruchharsch, daher nicht gefahren<\/p>\n<p><a href='http:\/\/ski.inmontanis.info\/d\/259583-2\/DSC03048.jpg'><img src=http:\/\/ski.inmontanis.info\/d\/259582-3\/DSC03048.jpg \/><\/a><br \/>\n^ Das Salsiccia-Panino, das ich mir an der Bergstation der Magnolta-6EUB gekauft hab, wird nun in der Palabione-6EUB verspeist ;-)<\/p>\n<p><a href='http:\/\/ski.inmontanis.info\/d\/259587-2\/DSC03051.jpg'><img src=http:\/\/ski.inmontanis.info\/d\/259586-3\/DSC03051.jpg \/><\/a><br \/>\n^ SL Dosso Pas\u00f2, hier staute es sich auch nachmittags etwas<\/p>\n<p><a href='http:\/\/ski.inmontanis.info\/d\/259591-2\/DSC03053.jpg'><img src=http:\/\/ski.inmontanis.info\/d\/259590-3\/DSC03053.jpg \/><\/a><br \/>\n^ Marchisio-SL Puncera und Agudio-6EUB<\/p>\n<p><a href='http:\/\/ski.inmontanis.info\/d\/259595-2\/DSC03059.jpg'><img src=http:\/\/ski.inmontanis.info\/d\/259594-3\/DSC03059.jpg \/><\/a><br \/>\n^ DSB Piana Galli und Panorama<\/p>\n<p><a href='http:\/\/ski.inmontanis.info\/d\/259599-2\/DSC03063.jpg'><img src=http:\/\/ski.inmontanis.info\/d\/259598-3\/DSC03063.jpg \/><\/a><br \/>\n^ Panorama an der DSB Piana Galli<\/p>\n<p><a href='http:\/\/ski.inmontanis.info\/d\/259603-2\/DSC03065.jpg'><img src=http:\/\/ski.inmontanis.info\/d\/259602-3\/DSC03065.jpg \/><\/a><br \/>\n^ Die nette (schon geschlossene) Abfahrt M, immer noch guter Schnee<\/p>\n<p><a href='http:\/\/ski.inmontanis.info\/d\/259607-2\/DSC03066.jpg'><img src=http:\/\/ski.inmontanis.info\/d\/259606-3\/DSC03066.jpg \/><\/a><br \/>\n^ Agudio-6EUB Magnolta<\/p>\n<p>Um 16.25 fuhr ich nochmals die Agudio-6EUB rauf, aber die schwarze Abfahrt hier gef\u00e4llt mir sp\u00e4ter in der Saison auf Restschnee auch besser, war doch tw. recht hart.<\/p>\n<p><a href='http:\/\/ski.inmontanis.info\/d\/259615-2\/ge20190309a.jpg'><img src=http:\/\/ski.inmontanis.info\/d\/259614-3\/ge20190309a.jpg \/><\/a><br \/>\n^ GPS-Track 9.3.2019 in Gelb und vorherige Besuche in Blau. <\/p>\n<p>Fazit: wieder einmal sehr nett gewesen hier. Dank Agudio-EUB und den beiden Marchisoliften, den geschlossenen Restschneeabfahrten, dem teils netten Schnee, oben pulvrig, unten firnig und sulzig und den stillgelegten Liften und Abfahrtsh\u00e4ngen, denen man nachgehen kann (und da ist noch viel \u00fcbrig, lt. Sat-Bild sollte es noch die eine oder andere ehemalige Abfahrtsschneise geben&#8230;). <\/p>\n<p><a href='http:\/\/ski.inmontanis.info\/d\/259611-2\/DSC03071.jpg'><img src=http:\/\/ski.inmontanis.info\/d\/259610-3\/DSC03071.jpg \/><\/a><br \/>\n^ Ex-SL etwas links der 6EUB Magnolta<\/p>\n<p>\u00dcbernachtet wird in Breno, mit Fr\u00fchst\u00fcck 38,- \u20ac oder so, Fr\u00fchst\u00fcck ab 7 Uhr, laute Nachbarn, zumindest kam irgendwo laute Musik her (und im Restaurant gab es keine Musik), lautes St\u00fchler\u00fccken vmtl. vom Restaurant, WLAN ging mit iPhone nicht, aber mit Android. L\u00e4rm h\u00f6rte dann zum Gl\u00fcck um 22h auf.<\/p>\n<p><a href='http:\/\/extra.inmontanis.info\/d\/52693-2\/DSC03072.jpg'><img src=http:\/\/extra.inmontanis.info\/d\/52692-3\/DSC03072.jpg \/><\/a><br \/>\n^ Hotelzimmer<\/p>\n<p>Beim Abendessen machte ich leider einen Fehler. Ich las die gro\u00dfe Karte durch und entschied mich schlie\u00dflich f\u00fcr das Men\u00fc um 30,-, wo es quasi bei jedem Gang was mit Tr\u00fcffel gab. Danach hie\u00df es aber, dass man die Men\u00fcs samstags nur ab 2 Personen mache. Dann entschied ich mich f\u00fcr 2 Vorspeisen, die leider so &#8220;schwer&#8221; waren, dass ich nach der ersten schon satt war. Gedauert hat das auch ewig, obwohl die meisten hier Pizza a\u00dfen (somit die andere K\u00fcche doch recht wenig zu tun hatte?). H\u00e4tte ich doch irgendeine Pizza gegessen (aber ich hatte ja erst gestern eine).<\/p>\n<p><a href='http:\/\/extra.inmontanis.info\/d\/52697-2\/IMG_20190309_194158.jpg'><img src=http:\/\/extra.inmontanis.info\/d\/52696-3\/IMG_20190309_194158.jpg \/><\/a><br \/>\n^ Sowohl in der Karte, wie auch am Kassenbeleg wird das als 1 Liter verkauft!!<\/p>\n<p><a href='http:\/\/extra.inmontanis.info\/d\/52701-2\/IMG_20190309_19490099_full_2x1.jpg'><img src=http:\/\/extra.inmontanis.info\/d\/52700-3\/IMG_20190309_19490099_full_2x1.jpg \/><\/a><br \/>\n^ Pasta 1<\/p>\n<p><a href='http:\/\/extra.inmontanis.info\/d\/52705-2\/IMG_20190309_20081994_full_2x1.jpg'><img src=http:\/\/extra.inmontanis.info\/d\/52704-3\/IMG_20190309_20081994_full_2x1.jpg \/><\/a><br \/>\n^ Pasta 2<\/p>\n<p>(Fortsetzung folgt.)<\/p>\n","protected":false},"excerpt":{"rendered":"<p>Sa, 9.3.2019 &#8211; Aprica<\/p>\n<p>Da das Wetter in den Magicpass-Bereichen auch nicht besser werden sollte, blieb ich daheim und wollte die 5BC-Karte ausn\u00fctzen. Da ich gestern Kampenwand war, w\u00e4re heute Wendelstein dran, aber die Westabfahrt ist logischerweise wg. schneemangels mittlerweile zu. Die Ostabfahrt und somit der Rest des Skigebiets war die letzten Tage aber auch <a href=\"http:\/\/blog.inmontanis.info\/?p=5556\">[&#8230;]<\/a><\/p>\n","protected":false},"author":1,"featured_media":0,"comment_status":"closed","ping_status":"closed","sticky":false,"template":"","format":"standard","meta":{"footnotes":""},"categories":[531,15,59,27,32,81],"tags":[49,39,79,38,80,78,47],"class_list":["post-5556","post","type-post","status-publish","format-standard","hentry","category-aprica","category-italienitaly","category-nostalgie","category-skifahren-winterskiing-winter","category-lostplaces","category-kurztrips","tag-4sb","tag-6eub","tag-agudio","tag-dsb","tag-marchisio","tag-restschnee","tag-sl","odd"],"_links":{"self":[{"href":"http:\/\/blog.inmontanis.info\/index.php?rest_route=\/wp\/v2\/posts\/5556","targetHints":{"allow":["GET"]}}],"collection":[{"href":"http:\/\/blog.inmontanis.info\/index.php?rest_route=\/wp\/v2\/posts"}],"about":[{"href":"http:\/\/blog.inmontanis.info\/index.php?rest_route=\/wp\/v2\/types\/post"}],"author":[{"embeddable":true,"href":"http:\/\/blog.inmontanis.info\/index.php?rest_route=\/wp\/v2\/users\/1"}],"replies":[{"embeddable":true,"href":"http:\/\/blog.inmontanis.info\/index.php?rest_route=%2Fwp%2Fv2%2Fcomments&post=5556"}],"version-history":[{"count":3,"href":"http:\/\/blog.inmontanis.info\/index.php?rest_route=\/wp\/v2\/posts\/5556\/revisions"}],"predecessor-version":[{"id":9060,"href":"http:\/\/blog.inmontanis.info\/index.php?rest_route=\/wp\/v2\/posts\/5556\/revisions\/9060"}],"wp:attachment":[{"href":"http:\/\/blog.inmontanis.info\/index.php?rest_route=%2Fwp%2Fv2%2Fmedia&parent=5556"}],"wp:term":[{"taxonomy":"category","embeddable":true,"href":"http:\/\/blog.inmontanis.info\/index.php?rest_route=%2Fwp%2Fv2%2Fcategories&post=5556"},{"taxonomy":"post_tag","embeddable":true,"href":"http:\/\/blog.inmontanis.info\/index.php?rest_route=%2Fwp%2Fv2%2Ftags&post=5556"}],"curies":[{"name":"wp","href":"https:\/\/api.w.org\/{rel}","templated":true}]}}