{"id":5553,"date":"2019-03-08T20:37:09","date_gmt":"2019-03-08T19:37:09","guid":{"rendered":"http:\/\/blog.inmontanis.info\/?p=5553"},"modified":"2023-07-30T18:48:21","modified_gmt":"2023-07-30T16:48:21","slug":"kampenwandoberaudorf-8-3-2019","status":"publish","type":"post","link":"http:\/\/blog.inmontanis.info\/?p=5553","title":{"rendered":"Kampenwand+Oberaudorf, 8.3.2019"},"content":{"rendered":"<p><strong>Fr., 8.3.2019 &#8211; Kampenwand+K\u00f6ssen+Oberaudorf, 8.3.2019<\/strong><\/p>\n<p>Da es am WE schlechter werden sollte, nahm ich mir am Freitag wieder ab 12 Uhr frei. Ich verband es mit einem Termn in unseren Filialen im Unterland und war somit bereits um 13 Uhr an der Kampenwandbahn,  Talabfahrt mittlerweile offiziel geschlossen. Bergfex meldete ja sonnig und st\u00fcrmisch heute, aber als ich ankam regnete es unten bzw. eisregnete es auf der Fahrt nach oben. Entsprechend war es dann auch nicht so windig. Lt. meiner Datenbank war ich erst 8 Tage auf der 5-Berge&#038;Co-Karte (+1 50%-Tag am Schnalstaler) und hatte jetzt gerade die 299,- \u20ac Kaufpreis reingefahren. Allzuviel werd ich auf die Karte wohl nicht mehr fahren, also hatte ich sie nur knapp ausgen\u00fctzt. Abends wollte ich dann auch nochmal Nachtski in Oberaudorf mitnehmen.<\/p>\n<p>Der Wind wurde dann teilweise doch st\u00e4rker, um 14:15 hie\u00df es an der DSB Talstation, die ich heute erstmalig in dieser Saison fuhr, dass der ESL momentan windbedingt gschlossen sei. Gut, dass ich gerade vorher rauf bin. Sehr windig kam&#8217;s mir aber nicht vor. Oben an der DSB-Bergstation wurde dann gesagt, dass das Skigebiet komplett ger\u00e4umt wird wg. des Windes am ESL und man doch zum ESL fahren solle. &#8220;Oder die Talabfahrt?&#8221; &#8211; &#8220;Ja, oder das&#8221;. Also fuhr ich halt die Talabfahrt, heute leider etwas unbefriedigt hier, denn der Schnee war sch\u00f6n weich auf den oberen Pisten und toll zu fahren.<\/p>\n<p>(Fotos anklicken zum Vergr\u00f6\u00dfern)<\/p>\n<p><a href='http:\/\/ski.inmontanis.info\/d\/259411-2\/DSC02888.jpg'><img src=http:\/\/ski.inmontanis.info\/d\/259410-3\/DSC02888.jpg \/><\/a><br \/>\n^ Zwischen Sachrang und Aschau liegt noch viel Schnee<\/p>\n<p><a href='http:\/\/ski.inmontanis.info\/d\/259415-2\/DSC02894.jpg'><img src=http:\/\/ski.inmontanis.info\/d\/259414-3\/DSC02894.jpg \/><\/a><br \/>\n^ Die Talabfahrt dagegen pfeift aus dem letzten Loch<\/p>\n<p><a href='http:\/\/ski.inmontanis.info\/d\/259419-2\/DSC02899.jpg'><img src=http:\/\/ski.inmontanis.info\/d\/259418-3\/DSC02899.jpg \/><\/a><br \/>\n^ Heute also nur eine Fahrt mit der 4ZUB<\/p>\n<p><a href='http:\/\/ski.inmontanis.info\/d\/259423-2\/DSC02905.jpg'><img src=http:\/\/ski.inmontanis.info\/d\/259422-3\/DSC02905.jpg \/><\/a><br \/>\n^ Abfahrt am ESL<\/p>\n<p><a href='http:\/\/ski.inmontanis.info\/d\/259427-2\/DSC02908.jpg'><img src=http:\/\/ski.inmontanis.info\/d\/259426-3\/DSC02908.jpg \/><\/a><br \/>\n^ Pano ESL Bergstation zum Chiemsee<\/p>\n<p><a href='http:\/\/ski.inmontanis.info\/d\/259431-2\/DSC02909.jpg'><img src=http:\/\/ski.inmontanis.info\/d\/259430-3\/DSC02909.jpg \/><\/a><br \/>\n^ Im Wald war Skifahren heute zu vergessen<\/p>\n<p><a href='http:\/\/ski.inmontanis.info\/d\/259435-2\/DSC02911.jpg'><img src=http:\/\/ski.inmontanis.info\/d\/259434-3\/DSC02911.jpg \/><\/a><br \/>\n^ Erstmals diese Saison fuhr ich die DSB &#8211; oha, leckere Rinne hier &#8230;<\/p>\n<p><a href='http:\/\/ski.inmontanis.info\/d\/259439-2\/DSC02914.jpg'><img src=http:\/\/ski.inmontanis.info\/d\/259438-3\/DSC02914.jpg \/><\/a><br \/>\n^ .. die fahr ich doch gleich mal ;-) Ging auch ganz gut.<\/p>\n<p><a href='http:\/\/ski.inmontanis.info\/d\/259443-2\/DSC02916.jpg'><img src=http:\/\/ski.inmontanis.info\/d\/259442-3\/DSC02916.jpg \/><\/a><br \/>\n^ Talabfahrt, oben noch gut, weiter unten dann etwas aper<\/p>\n<p>Urspr\u00fcnglich hatte ich geplant, in Prien im McD ein McRib zu kaufen, daraus wurde dann nichts, weil ich doch lieber noch nach K\u00f6ssen fuhr, wo ich um 15.20 ankam. Lifte fahren bis 16 Uhr, also ging sich noch 2x die Gondel und die beiden unteren SL aus. Die beiden DSB oben liess ich heute aus. Fotos gibt es keine.<\/p>\n<p>Auf dem Weg nach Oberaudorf an einem Imbiss gehalten, so musste ich leider die Skischuhe ausziehen (McD mit Drive-Through h\u00e4tt ich sie anlassen k\u00f6nnen). Zudem war die Fahrt nach Oberaudorf so kurz, dass ich eine knappe Stunde zu fr\u00fch am Lift war ..<\/p>\n<p>.. aber bis man dann isst, die Schuhe anzieht, aufs Klo geht und weil der Lift schon etwas fr\u00fcher fuhr, war die Zeit auch schnell vorbei. Los war heute am vmtl. vorletzten Nachtskitag der Saison etwas weniger, Schnee war besser als letztes Mal (insg. war ich heuer 3 Mal), daf\u00fcr waren die Abfahrtsvarianten oben nicht mehr pr\u00e4pariert, weil etwas schneearm.<\/p>\n<p><a href='http:\/\/ski.inmontanis.info\/d\/259375-2\/DSC02922.jpg'><img src=http:\/\/ski.inmontanis.info\/d\/259374-3\/DSC02922.jpg \/><\/a><br \/>\n^ Nachtskistart um kurz vor 18:30<\/p>\n<p><a href='http:\/\/ski.inmontanis.info\/d\/259379-2\/DSC02923.jpg'><img src=http:\/\/ski.inmontanis.info\/d\/259378-3\/DSC02923.jpg \/><\/a><\/p>\n<p><a href='http:\/\/ski.inmontanis.info\/d\/259383-2\/DSC02927.jpg'><img src=http:\/\/ski.inmontanis.info\/d\/259382-3\/DSC02927.jpg \/><\/a><\/p>\n<p><a href='http:\/\/ski.inmontanis.info\/d\/259387-2\/DSC02930.jpg'><img src=http:\/\/ski.inmontanis.info\/d\/259386-3\/DSC02930.jpg \/><\/a><br \/>\n^ Die Varianten oben waren schon etwas schneearm, konnte man aber noch fahren<\/p>\n<p><a href='http:\/\/ski.inmontanis.info\/d\/259391-2\/DSC02936.jpg'><img src=http:\/\/ski.inmontanis.info\/d\/259390-3\/DSC02936.jpg \/><\/a><br \/>\n^ Nur noch der obere der beiden SL war heute Abend in Betrieb<\/p>\n<p><a href='http:\/\/ski.inmontanis.info\/d\/259395-2\/DSC02941.jpg'><img src=http:\/\/ski.inmontanis.info\/d\/259394-3\/DSC02941.jpg \/><\/a><br \/>\n^ Daf\u00fcr war&#8217;s auch am oberen SL heute nicht mehr so voll.<\/p>\n<p><a href='http:\/\/ski.inmontanis.info\/d\/259399-2\/DSC02942.jpg'><img src=http:\/\/ski.inmontanis.info\/d\/259398-3\/DSC02942.jpg \/><\/a><br \/>\n^ Ging noch.<\/p>\n<p><a href='http:\/\/ski.inmontanis.info\/d\/259403-2\/DSC02944.jpg'><img src=http:\/\/ski.inmontanis.info\/d\/259402-3\/DSC02944.jpg \/><\/a><br \/>\n^ Altes Werbesujet nahe der WCs. Gab es hier mal einen Korblift? Irgendwo soll es in Bayern unweit von Tirol mal einen Korblift gegeben haben ..<\/p>\n<p><a href='http:\/\/ski.inmontanis.info\/d\/259407-2\/DSC02947.jpg'><img src=http:\/\/ski.inmontanis.info\/d\/259406-3\/DSC02947.jpg \/><\/a><br \/>\n^ 20:17 Uhr<\/p>\n","protected":false},"excerpt":{"rendered":"<p>Fr., 8.3.2019 &#8211; Kampenwand+K\u00f6ssen+Oberaudorf, 8.3.2019<\/p>\n<p>Da es am WE schlechter werden sollte, nahm ich mir am Freitag wieder ab 12 Uhr frei. Ich verband es mit einem Termn in unseren Filialen im Unterland und war somit bereits um 13 Uhr an der Kampenwandbahn, Talabfahrt mittlerweile offiziel geschlossen. Bergfex meldete ja sonnig und st\u00fcrmisch heute, aber <a href=\"http:\/\/blog.inmontanis.info\/?p=5553\">[&#8230;]<\/a><\/p>\n","protected":false},"author":1,"featured_media":0,"comment_status":"closed","ping_status":"closed","sticky":false,"template":"","format":"standard","meta":{"footnotes":""},"categories":[12,268,274,25,27],"tags":[49,60,38,65,45,47],"class_list":["post-5553","post","type-post","status-publish","format-standard","hentry","category-germany","category-kampenwand","category-oberaudorf","category-noreport","category-skifahren-winterskiing-winter","tag-4sb","tag-4zub","tag-dsb","tag-nachtski","tag-see","tag-sl","odd"],"_links":{"self":[{"href":"http:\/\/blog.inmontanis.info\/index.php?rest_route=\/wp\/v2\/posts\/5553","targetHints":{"allow":["GET"]}}],"collection":[{"href":"http:\/\/blog.inmontanis.info\/index.php?rest_route=\/wp\/v2\/posts"}],"about":[{"href":"http:\/\/blog.inmontanis.info\/index.php?rest_route=\/wp\/v2\/types\/post"}],"author":[{"embeddable":true,"href":"http:\/\/blog.inmontanis.info\/index.php?rest_route=\/wp\/v2\/users\/1"}],"replies":[{"embeddable":true,"href":"http:\/\/blog.inmontanis.info\/index.php?rest_route=%2Fwp%2Fv2%2Fcomments&post=5553"}],"version-history":[{"count":3,"href":"http:\/\/blog.inmontanis.info\/index.php?rest_route=\/wp\/v2\/posts\/5553\/revisions"}],"predecessor-version":[{"id":8893,"href":"http:\/\/blog.inmontanis.info\/index.php?rest_route=\/wp\/v2\/posts\/5553\/revisions\/8893"}],"wp:attachment":[{"href":"http:\/\/blog.inmontanis.info\/index.php?rest_route=%2Fwp%2Fv2%2Fmedia&parent=5553"}],"wp:term":[{"taxonomy":"category","embeddable":true,"href":"http:\/\/blog.inmontanis.info\/index.php?rest_route=%2Fwp%2Fv2%2Fcategories&post=5553"},{"taxonomy":"post_tag","embeddable":true,"href":"http:\/\/blog.inmontanis.info\/index.php?rest_route=%2Fwp%2Fv2%2Ftags&post=5553"}],"curies":[{"name":"wp","href":"https:\/\/api.w.org\/{rel}","templated":true}]}}