{"id":5549,"date":"2019-03-05T18:52:10","date_gmt":"2019-03-05T17:52:10","guid":{"rendered":"http:\/\/blog.inmontanis.info\/?p=5549"},"modified":"2023-02-26T20:54:16","modified_gmt":"2023-02-26T19:54:16","slug":"abetone-5-3-2019","status":"publish","type":"post","link":"http:\/\/blog.inmontanis.info\/?p=5549","title":{"rendered":"Abetone, 5.3.2019"},"content":{"rendered":"<p><strong>Di, 5.3.2019 &#8211; MiniAppenniniTour Tag 4: Abetone<\/strong><\/p>\n<p>Immerhin war das Fr\u00fchst\u00fccksbuffet brauchbar, auch wenn das aufgeschnittene Baguette geschmacklich zu w\u00fcnschen \u00fcbrig lie\u00df. Zudem Mortadella und K\u00e4se, Croissants, Kuchen und neben Cornflakes auch M\u00fcsli f\u00fcrs Joghurt (oder Milch, auch nicht allt\u00e4glich).<\/p>\n<p>Um 7:45 Uhr ging&#8217;s los in Richtung Norden, bis in die Ebene, um dann sp\u00e4ter wieder von Norden in den Appennin reinzufahren. Schneebericht gab es leider kein Update aus Cerreto Laghi, aber die Webcam zeigte die obere 3SB und die r\u00fchrte sich kein bisschen. Ok, dann nicht. Also ging&#8217;s halt doch nach Abetone, wo ich um 12 Uhr p\u00fcnktlich f\u00fcr die Halbtageskarte ankam. Da ich mir vom letzten Mal merkte, dass die Kasse an der ersten 4KSB (gratis Parkpl\u00e4tze!) fr\u00fch schloss (so dass man die Keycard nicht zur\u00fcckgeben kann, fremde gehen wohl leider nicht), fuhr ich erst mal weiter zur Gondel. <\/p>\n<p>Dort war ein Parkplatz als geb\u00fchrenpflichtig mit Automat ausgeschrieben (1 Tag 6,- \u20ac!), beim anderen Parkplatz gegen\u00fcber war das Geb\u00fchrenpflicht-Schild verdeckt. Also gratis, nahm ich an, und stellte mich hin. Aber wer morgens kommt, muss wohl doch zahlen, haben die anderen Autos doch so kleine Zettel hinter der Windschutzscheibe liegen. Na, ob da nicht jemand in seine eigene Kasse wirtschaftet?<\/p>\n<p>Die Halbtageskarte war heute unter der Woche um g\u00fcnstige 24,- \u20ac zu haben, daf\u00fcr bekommt man hier sogar Vollbetrieb &#8211; falls genug Schnee und nicht zu viel Wind.<\/p>\n<p>(Fotos anklicken zum Vergr\u00f6\u00dfern)<\/p>\n<p><a href='http:\/\/extra.inmontanis.info\/d\/52341-2\/ge20190302-05a.jpg'><img src=http:\/\/extra.inmontanis.info\/d\/52340-3\/ge20190302-05a.jpg \/><\/a><br \/>\nE: Abetone<br \/>\nHellblau (nicht mit T\u00fcrkis verwechseln): Fahrstrecke 5.3.2019<\/p>\n<p><a href='http:\/\/ski.inmontanis.info\/d\/259171-2\/DSC02775.jpg'><img src=http:\/\/ski.inmontanis.info\/d\/259170-3\/DSC02775.jpg \/><\/a><br \/>\n^ Parkplatz unter der EUB, das vmtl. Kostenpflicht-Schild unter dem P rechts wurde abgedeckt.. also gratis?<\/p>\n<p><a href='http:\/\/ski.inmontanis.info\/d\/259175-2\/DSC02777.jpg'><img src=http:\/\/ski.inmontanis.info\/d\/259174-3\/DSC02777.jpg \/><\/a><br \/>\n^ SL Zeno 3, war jetzt um 12:15 noch in Betrieb, aber nicht mehr, als ich ihn dann um 13:50 fahren wollte :-(<\/p>\n<p><a href='http:\/\/ski.inmontanis.info\/d\/259179-2\/DSC02784.jpg'><img src=http:\/\/ski.inmontanis.info\/d\/259178-3\/DSC02784.jpg \/><\/a><br \/>\n^ Abfahrt zum SL Monte Gomito, der heuer nicht in Betrieb ist.<\/p>\n<p><a href='http:\/\/ski.inmontanis.info\/d\/259183-2\/DSC02789.jpg'><img src=http:\/\/ski.inmontanis.info\/d\/259182-3\/DSC02789.jpg \/><\/a><br \/>\n^ DSB Villa Imperatori &#8211; Selletta, die gef\u00e4llt mir wegen ihrer schmalen Pisten; da rechts vom Haus mitten im Wald k\u00f6nnte auch mal eine Abfahrt gewesen sein? Leider zu wenig Schnee.<\/p>\n<p><a href='http:\/\/ski.inmontanis.info\/d\/259187-2\/DSC02792.jpg'><img src=http:\/\/ski.inmontanis.info\/d\/259186-3\/DSC02792.jpg \/><\/a><br \/>\n^ DSB Villa Imperatori &#8211; Selletta<\/p>\n<p><a href='http:\/\/ski.inmontanis.info\/d\/259191-2\/DSC02795.jpg'><img src=http:\/\/ski.inmontanis.info\/d\/259190-3\/DSC02795.jpg \/><\/a><br \/>\n^ DSB Abetone-Selletta von Nascivera ist nat\u00fcrlich das momentane Nostalgie-Highlight<\/p>\n<p><a href='http:\/\/ski.inmontanis.info\/d\/259195-2\/DSC02796.jpg'><img src=http:\/\/ski.inmontanis.info\/d\/259194-3\/DSC02796.jpg \/><\/a><br \/>\n^ Die Abfahrt an der Nascivera-DSB ist oben zwar interessant, dann folgt aber ein sehr breites, langes und flaches St\u00fcck, das heut leider bremsig war<\/p>\n<p><a href='http:\/\/ski.inmontanis.info\/d\/259199-2\/DSC02803.jpg'><img src=http:\/\/ski.inmontanis.info\/d\/259198-3\/DSC02803.jpg \/><\/a><br \/>\n^ DSB Abetone-Selletta<\/p>\n<p><a href='http:\/\/ski.inmontanis.info\/d\/259203-2\/DSC02805.jpg'><img src=http:\/\/ski.inmontanis.info\/d\/259202-3\/DSC02805.jpg \/><\/a><br \/>\n^ DSB Abetone-Selletta<\/p>\n<p><a href='http:\/\/ski.inmontanis.info\/d\/259207-2\/DSC02814.jpg'><img src=http:\/\/ski.inmontanis.info\/d\/259206-3\/DSC02814.jpg \/><\/a><br \/>\n^ DSB Abetone-Selletta (Nascivera )<\/p>\n<p>Die Nascivera-Sessel sind aber wohl auch nur f\u00fcr <em>zwei kleine Italiener<\/em> oder Ski ohne Bindungsplatte gemacht :-) <\/p>\n<p><a href='http:\/\/ski.inmontanis.info\/d\/259211-2\/DSC02817.jpg'><img src=http:\/\/ski.inmontanis.info\/d\/259210-3\/DSC02817.jpg \/><\/a><br \/>\n^ Die 4KSB Le Regine war schneemangelsbedingt leider geschlossen; den oberen Teil der Abfahrt kann man von der Nascivera-DSB Abetone-Selletta fahren<\/p>\n<p><a href='http:\/\/ski.inmontanis.info\/d\/259215-2\/DSC02818.jpg'><img src=http:\/\/ski.inmontanis.info\/d\/259214-3\/DSC02818.jpg \/><\/a><br \/>\n^ Ex-Korblift Selletta und ehemaliger Zubringer zum hinteren linken Skigebietsteil<\/p>\n<p><a href='http:\/\/ski.inmontanis.info\/d\/259219-2\/DSC02819.jpg'><img src=http:\/\/ski.inmontanis.info\/d\/259218-3\/DSC02819.jpg \/><\/a><br \/>\n^ Ex-Korblift Selletta (Graffer)<\/p>\n<p><a href='http:\/\/ski.inmontanis.info\/d\/259223-2\/DSC02821.jpg'><img src=http:\/\/ski.inmontanis.info\/d\/259222-3\/DSC02821.jpg \/><\/a><br \/>\n^ DSB Abetone-Selletta (Nascivera )<\/p>\n<p><a href='http:\/\/ski.inmontanis.info\/d\/259227-2\/DSC02823.jpg'><img src=http:\/\/ski.inmontanis.info\/d\/259226-3\/DSC02823.jpg \/><\/a><br \/>\n^ DSB Abetone-Selletta (Nascivera )<\/p>\n<p><a href='http:\/\/ski.inmontanis.info\/d\/259231-2\/DSC02827.jpg'><img src=http:\/\/ski.inmontanis.info\/d\/259230-3\/DSC02827.jpg \/><\/a><br \/>\n^ DSB Abetone-Selletta (Nascivera )<\/p>\n<p><a href='http:\/\/ski.inmontanis.info\/d\/259235-2\/DSC02831.jpg'><img src=http:\/\/ski.inmontanis.info\/d\/259234-3\/DSC02831.jpg \/><\/a><br \/>\n^ DSB Abetone-Selletta (Nascivera )<\/p>\n<p>Bei meiner zweiten Auffahrt mit der Nascivera-DSB wollte ich oben ein Foto der Bergstation vor dem Ausstieg machen. Also \u00f6ffnete ich besonders fr\u00fch den B\u00fcgel, um mich vorzubereiten. N\u00fctzte leider nichts, einer meiner Rucksackpendelschliessdinger war wie ein Widerhaken links zwischen Sitz und Rand eingeklemmt und es war chancenlos, das rauszubekommen. Der Liftler sah meine Bem\u00fchungen und stellte den Lift langsamer und sagte, ich solle den Rucksack auf dem Sessel lassen, er w\u00fcrde ihn losmachen. Dazu musste ich nat\u00fcrlich erst mal aus den Stecken ausf\u00e4deln. Der Liftler hat dann den Sitz angehoben und konnte den Rucksack so befreien.. Aus dem Foto wurde so nat\u00fcrlich nix :-(<\/p>\n<p><a href='http:\/\/ski.inmontanis.info\/d\/259239-2\/DSC02832.jpg'><img src=http:\/\/ski.inmontanis.info\/d\/259238-3\/DSC02832.jpg \/><\/a><br \/>\n^ DSB Abetone-Selletta (Nascivera )<\/p>\n<p><a href='http:\/\/ski.inmontanis.info\/d\/259243-2\/DSC02835.jpg'><img src=http:\/\/ski.inmontanis.info\/d\/259242-3\/DSC02835.jpg \/><\/a><br \/>\n^ Selletta<\/p>\n<p><a href='http:\/\/ski.inmontanis.info\/d\/259247-2\/DSC02836.jpg'><img src=http:\/\/ski.inmontanis.info\/d\/259246-3\/DSC02836.jpg \/><\/a><br \/>\n^ Die nette Abfahrt Foresto an der DSB Villa Imperatori &#8211; Selletta<\/p>\n<p><a href='http:\/\/ski.inmontanis.info\/d\/259251-2\/DSC02837.jpg'><img src=http:\/\/ski.inmontanis.info\/d\/259250-3\/DSC02837.jpg \/><\/a><br \/>\n^ F\u00f6rderband Selletta. So ein F\u00f6rderband, wo zwei parallel stehen k\u00f6nnen, gibts doch recht selten.<\/p>\n<p><a href='http:\/\/ski.inmontanis.info\/d\/259255-2\/DSC02838.jpg'><img src=http:\/\/ski.inmontanis.info\/d\/259254-3\/DSC02838.jpg \/><\/a><br \/>\n^ An der Bergstation des F\u00f6rderbands wartet eine historische Besonderheit: Ein Schlitten der ehemaligen Slittovia\/Schlittenlifts!<\/p>\n<p><a href='http:\/\/ski.inmontanis.info\/d\/259259-2\/DSC02839.jpg'><img src=http:\/\/ski.inmontanis.info\/d\/259258-3\/DSC02839.jpg \/><\/a><br \/>\n^ Ex-Slittovia Villa Imperatori &#8211; Selletta<\/p>\n<p><a href='http:\/\/ski.inmontanis.info\/d\/259263-2\/DSC02840.jpg'><img src=http:\/\/ski.inmontanis.info\/d\/259262-3\/DSC02840.jpg \/><\/a><br \/>\n^ Lenkung und Bremse<\/p>\n<p><a href='http:\/\/ski.inmontanis.info\/d\/259267-2\/DSC02841.jpg'><img src=http:\/\/ski.inmontanis.info\/d\/259266-3\/DSC02841.jpg \/><\/a><br \/>\n^ Lenkung<\/p>\n<p><a href='http:\/\/ski.inmontanis.info\/d\/259271-2\/DSC02843.jpg'><img src=http:\/\/ski.inmontanis.info\/d\/259270-3\/DSC02843.jpg \/><\/a><br \/>\n^ Die Sitzfl\u00e4che ist recht kurz und gekr\u00fcmmt<\/p>\n<p><a href='http:\/\/ski.inmontanis.info\/d\/259275-2\/DSC02844.jpg'><img src=http:\/\/ski.inmontanis.info\/d\/259274-3\/DSC02844.jpg \/><\/a><br \/>\n^ Die andere Seite<\/p>\n<p><a href='http:\/\/ski.inmontanis.info\/d\/259279-2\/DSC02845.jpg'><img src=http:\/\/ski.inmontanis.info\/d\/259278-3\/DSC02845.jpg \/><\/a><br \/>\n^ Aha, so sah das aus, wenn man in so einem Slittovia-Schlitten sitzt.<\/p>\n<p><a href='http:\/\/ski.inmontanis.info\/d\/259283-2\/DSC02846.jpg'><img src=http:\/\/ski.inmontanis.info\/d\/259282-3\/DSC02846.jpg \/><\/a><br \/>\n^ Scheint ja recht komplett zu sein<\/p>\n<p><a href='http:\/\/ski.inmontanis.info\/d\/259287-2\/DSC02847.jpg'><img src=http:\/\/ski.inmontanis.info\/d\/259286-3\/DSC02847.jpg \/><\/a><br \/>\n^ .. sogar die Kufen sind noch montiert!<\/p>\n<p><a href='http:\/\/ski.inmontanis.info\/d\/259291-2\/DSC02849.jpg'><img src=http:\/\/ski.inmontanis.info\/d\/259290-3\/DSC02849.jpg \/><\/a><br \/>\n^ Da h\u00e4tte man sich fast etwas weniger Schnee gew\u00fcnscht ;-)<\/p>\n<p><a href='http:\/\/ski.inmontanis.info\/d\/259295-2\/DSC02850.jpg'><img src=http:\/\/ski.inmontanis.info\/d\/259294-3\/DSC02850.jpg \/><\/a><br \/>\n^ Die nervigen Widerhaken von meinem Rucksack wollten den Schlitten auch nicht mehr loslassen. Das war auch nicht einfach zu befreien.<\/p>\n<p><a href='http:\/\/ski.inmontanis.info\/d\/259299-2\/DSC02851.jpg'><img src=http:\/\/ski.inmontanis.info\/d\/259298-3\/DSC02851.jpg \/><\/a><br \/>\n^ SL Monte Gomito, der schon l\u00e4nger stillgelegte<\/p>\n<p><a href='http:\/\/ski.inmontanis.info\/d\/259303-2\/DSC02852.jpg'><img src=http:\/\/ski.inmontanis.info\/d\/259302-3\/DSC02852.jpg \/><\/a><br \/>\n^ SL Monte Gomito, der heuer auch nicht in Betrieb befindliche<\/p>\n<p>Als ich dann nach einer ausgiebigen Fotosession an dem Ex-Slittovia-Slittone um 13:50 wieder an der Gondel war und den SL Zeno 3 fahren wollte, war der leider schon eingestellt. Mist, h\u00e4tt ich ihn doch vorhin fahren sollen, als die Rennfahrer noch runtergefahren sind. Falls man ihn dann als Nichtrennfahrer \u00fcberhaupt h\u00e4tte fahren d\u00fcrfen. Der Schnee w\u00e4re jedenfalls unten angenehm weich gewesen, oben war er noch etwas hart. Also ging&#8217;s halt ins Val di Luce, wo das Wetter nun auch langsam besser wurde. Aber weder vom Wetter noch vom Schnee her war&#8217;s hier sonderlich einladend. An der Kannibalen-3SB hatte ich schon wieder eine Rucksackverklemmung, konnte mich diesmal aber selbst befreien.<\/p>\n<p><a href='http:\/\/ski.inmontanis.info\/d\/259307-2\/DSC02855.jpg'><img src=http:\/\/ski.inmontanis.info\/d\/259306-3\/DSC02855.jpg \/><\/a><br \/>\n^ 8EUB<\/p>\n<p><a href='http:\/\/ski.inmontanis.info\/d\/259311-2\/DSC02856.jpg'><img src=http:\/\/ski.inmontanis.info\/d\/259310-3\/DSC02856.jpg \/><\/a><br \/>\n^ Hinter der Bergstation der 8EUB, die 4SB Val di Luce &#8211; Monte Gomito<\/p>\n<p><a href='http:\/\/ski.inmontanis.info\/d\/259315-2\/DSC02857.jpg'><img src=http:\/\/ski.inmontanis.info\/d\/259314-3\/DSC02857.jpg \/><\/a><br \/>\n^ Gratabfahrt vom Monte Gomito zum rechten Skigebietsteil Pulicchio, fuhr ich aber erst sp\u00e4ter.<\/p>\n<p><a href='http:\/\/ski.inmontanis.info\/d\/259319-2\/DSC03812.jpg'><img src=http:\/\/ski.inmontanis.info\/d\/259318-3\/DSC03812.jpg \/><\/a><br \/>\n^ Mit der IR-Cam waren am Horizont auch die Alpen zu erkennen<\/p>\n<p><a href='http:\/\/ski.inmontanis.info\/d\/259323-2\/DSC02858.jpg'><img src=http:\/\/ski.inmontanis.info\/d\/259322-3\/DSC02858.jpg \/><\/a><br \/>\n^ 4SB Val di Luce &#8211; Monte Gomito<\/p>\n<p><a href='http:\/\/ski.inmontanis.info\/d\/259327-2\/DSC02861.jpg'><img src=http:\/\/ski.inmontanis.info\/d\/259326-3\/DSC02861.jpg \/><\/a><br \/>\n^ 3SB Passo d&#8217;Annibale (ach, nicht Kannibale)<\/p>\n<p><a href='http:\/\/ski.inmontanis.info\/d\/259331-2\/DSC02863.jpg'><img src=http:\/\/ski.inmontanis.info\/d\/259330-3\/DSC02863.jpg \/><\/a><br \/>\n^ 3SB Passo d&#8217;Annibale<\/p>\n<p><a href='http:\/\/ski.inmontanis.info\/d\/259335-2\/DSC02865.jpg'><img src=http:\/\/ski.inmontanis.info\/d\/259334-3\/DSC02865.jpg \/><\/a><br \/>\n^ 3SB Passo d&#8217;Annibale Mittelstation am Rifugio<\/p>\n<p><a href='http:\/\/ski.inmontanis.info\/d\/259339-2\/DSC02866.jpg'><img src=http:\/\/ski.inmontanis.info\/d\/259338-3\/DSC02866.jpg \/><\/a><br \/>\n^ .. wie ein gestrandetes Schiff<\/p>\n<p><a href='http:\/\/ski.inmontanis.info\/d\/259343-2\/DSC02868.jpg'><img src=http:\/\/ski.inmontanis.info\/d\/259342-3\/DSC02868.jpg \/><\/a><br \/>\n^ 3SB Passo d&#8217;Annibale, Abfahrten oben leider angefroren aufgeweicht mies zu fahren<\/p>\n<p><a href='http:\/\/ski.inmontanis.info\/d\/259347-2\/DSC02875.jpg'><img src=http:\/\/ski.inmontanis.info\/d\/259346-3\/DSC02875.jpg \/><\/a><br \/>\n^ SL Abetina, um wenigstens einen SL heute gefahren zu sein :-(<\/p>\n<p>Um 15h war es auch an der Gondel weniger sonnig und in der oberen H\u00e4lfte der Schnee giftig angefroren. An der vorderen 4KSB blieben Wetter und Schnee noch ganz gut, tw. sch\u00f6n weich und noch kaum Spuren, so dass ich die 3 Abfahrten fuhr.<\/p>\n<p><a href='http:\/\/ski.inmontanis.info\/d\/259351-2\/DSC02878.jpg'><img src=http:\/\/ski.inmontanis.info\/d\/259350-3\/DSC02878.jpg \/><\/a><br \/>\n^ 4KSB Pulicchio; die Abfahrtsvariante vorne schien mir im Plan auch nicht eingezeichnet, will ich gleich mal fahren.<\/p>\n<p><a href='http:\/\/ski.inmontanis.info\/d\/259355-2\/DSC02881.jpg'><img src=http:\/\/ski.inmontanis.info\/d\/259354-3\/DSC02881.jpg \/><\/a><br \/>\n^ 4KSB Pulicchio<\/p>\n<p><a href='http:\/\/ski.inmontanis.info\/d\/259359-2\/DSC02882.jpg'><img src=http:\/\/ski.inmontanis.info\/d\/259358-3\/DSC02882.jpg \/><\/a><br \/>\n^ 4KSB Pulicchio, genialer Firn auf den Pisten<\/p>\n<p><a href='http:\/\/ski.inmontanis.info\/d\/259363-2\/DSC02885.jpg'><img src=http:\/\/ski.inmontanis.info\/d\/259362-3\/DSC02885.jpg \/><\/a><br \/>\n^ Noch eine wohl eher stillgelegte Abfahrtsvariante an der 4KSB Pulicchio<\/p>\n<p><a href='http:\/\/ski.inmontanis.info\/d\/259367-2\/DSC02886.jpg'><img src=http:\/\/ski.inmontanis.info\/d\/259366-3\/DSC02886.jpg \/><\/a><br \/>\n^ Noch eine wohl eher stillgelegte Abfahrtsvariante an der 4KSB Pulicchio<\/p>\n<p><a href='http:\/\/ski.inmontanis.info\/d\/259371-2\/ge20190305a.jpg'><img src=http:\/\/ski.inmontanis.info\/d\/259370-3\/ge20190305a.jpg \/><\/a><br \/>\n^ GPS-Track 5.3.2019 in Gelb, vorheriger Besuch in Blau; und Rot die ehemaligen Lifte, soweit sie mir vor einige Jahren bekannt waren (nicht upgedated\/\u00fcberpr\u00fcft, vmtl. nicht vollst\u00e4ndig)<\/p>\n<p>Nachdem die Abfahrt zur\u00fcck zur 8EUB wieder giftig und deren Bergstation in Wolken war, h\u00f6rte ich um 16 Uhr auf und verzichtete auf die letzten 1-2 Fahrten und fuhr heim.<\/p>\n<p>Fazit: Teilweise ist Abetone schon noch ganz nett, meine Stimmung war auch wieder etwas besser als gestern Abend. N\u00e4chstes Mal w\u00e4r ich hier aber lieber mit &#8220;Kaliningrad&#8221;, der kennt sich hier besser aus und kann mir sicher ein paar stillgelegte Abfahrten zeigen ;-)<\/p>\n<p>Dashcam-Zusammenschnitt von heute, eher uninteressant und: Achtung, diesmal lange, ungeschnittene, kurvenreiche Appennin-Stra\u00dfen = m\u00f6gliche \u00dcbelkeit beim Ansehen ;-)<\/p>\n<p><object style=\"height: 500px; width: 900px\"><param name=\"movie\" value=\"http:\/\/www.youtube.com\/v\/tNYyr4-fsDM\"><\/param><param name=\"wmode\" value=\"transparent\"><\/param><embed src=\"http:\/\/www.youtube.com\/v\/tNYyr4-fsDM\" type=\"application\/x-shockwave-flash\" wmode=\"transparent\"  width=\"900\" height=\"480\"><\/embed><\/object><\/p>\n<p>## Ende der MiniAppenniniTour 2019 ##<\/p>\n","protected":false},"excerpt":{"rendered":"<p>Di, 5.3.2019 &#8211; MiniAppenniniTour Tag 4: Abetone<\/p>\n<p>Immerhin war das Fr\u00fchst\u00fccksbuffet brauchbar, auch wenn das aufgeschnittene Baguette geschmacklich zu w\u00fcnschen \u00fcbrig lie\u00df. Zudem Mortadella und K\u00e4se, Croissants, Kuchen und neben Cornflakes auch M\u00fcsli f\u00fcrs Joghurt (oder Milch, auch nicht allt\u00e4glich).<\/p>\n<p>Um 7:45 Uhr ging&#8217;s los in Richtung Norden, bis in die Ebene, um dann sp\u00e4ter <a href=\"http:\/\/blog.inmontanis.info\/?p=5549\">[&#8230;]<\/a><\/p>\n","protected":false},"author":1,"featured_media":0,"comment_status":"closed","ping_status":"closed","sticky":false,"template":"","format":"standard","meta":{"footnotes":""},"categories":[175,234,15,59,27],"tags":[],"class_list":["post-5549","post","type-post","status-publish","format-standard","hentry","category-2019-03-appennin","category-abetone","category-italienitaly","category-nostalgie","category-skifahren-winterskiing-winter","odd"],"_links":{"self":[{"href":"http:\/\/blog.inmontanis.info\/index.php?rest_route=\/wp\/v2\/posts\/5549","targetHints":{"allow":["GET"]}}],"collection":[{"href":"http:\/\/blog.inmontanis.info\/index.php?rest_route=\/wp\/v2\/posts"}],"about":[{"href":"http:\/\/blog.inmontanis.info\/index.php?rest_route=\/wp\/v2\/types\/post"}],"author":[{"embeddable":true,"href":"http:\/\/blog.inmontanis.info\/index.php?rest_route=\/wp\/v2\/users\/1"}],"replies":[{"embeddable":true,"href":"http:\/\/blog.inmontanis.info\/index.php?rest_route=%2Fwp%2Fv2%2Fcomments&post=5549"}],"version-history":[{"count":4,"href":"http:\/\/blog.inmontanis.info\/index.php?rest_route=\/wp\/v2\/posts\/5549\/revisions"}],"predecessor-version":[{"id":8584,"href":"http:\/\/blog.inmontanis.info\/index.php?rest_route=\/wp\/v2\/posts\/5549\/revisions\/8584"}],"wp:attachment":[{"href":"http:\/\/blog.inmontanis.info\/index.php?rest_route=%2Fwp%2Fv2%2Fmedia&parent=5549"}],"wp:term":[{"taxonomy":"category","embeddable":true,"href":"http:\/\/blog.inmontanis.info\/index.php?rest_route=%2Fwp%2Fv2%2Fcategories&post=5549"},{"taxonomy":"post_tag","embeddable":true,"href":"http:\/\/blog.inmontanis.info\/index.php?rest_route=%2Fwp%2Fv2%2Ftags&post=5549"}],"curies":[{"name":"wp","href":"https:\/\/api.w.org\/{rel}","templated":true}]}}