{"id":5546,"date":"2019-03-04T20:02:13","date_gmt":"2019-03-04T19:02:13","guid":{"rendered":"http:\/\/blog.inmontanis.info\/?p=5546"},"modified":"2023-08-04T18:17:46","modified_gmt":"2023-08-04T16:17:46","slug":"campo-staffi-4-3-2019","status":"publish","type":"post","link":"http:\/\/blog.inmontanis.info\/?p=5546","title":{"rendered":"Campo Staffi, 4.3.2019"},"content":{"rendered":"<p><strong>Mo, 4.3.2019 &#8211; MiniAppenniniTour Tag 3 Teil 2: Campo Staffi<\/strong><\/p>\n<p>Nach dem Besuch am Korblift in Tagliacozzo wollte ich also mal wieder zum Skifahren nach Campo Staffi. In der Vergangenheit hatte ich mich die Ostseite des Passes mal nicht fahren trauen, mit der Bef\u00fcrchtung, sie k\u00f6nne geschlossen sein. War sie damals aber nicht. Heute allerdings schon, nach dem letzten Ort stand ein Schild, dass die Strasse ab km 13 (von 17) gesperrt sei. Na nerv. Hab angehalten und im Internet gesucht (google.it auf italienisch), nach der Stra\u00dfennummer, nach den Ortschaften, nichts gefunden. Auch in Google Maps war die Stra\u00dfensperre nicht drin. Hab&#8217;s noch ein wenig probiert, vielleicht wurde ja nur vergessen, das Schild weg zu tun? Aber als die Schneefelder immer mehr wurden, hab ich&#8217;s eingesehen, dass das nichts mehr werden wird. Nun, was jetzt? Anderes Skigebiet bis 12-13h erreichen oder Campo Staffi bis 13.20-13.30?<\/p>\n<p>Ich blieb dann doch beim urspr\u00fcnglichen Plan und \u00e4rgerte mich, nicht gleich in Tagliacozzo die Fahrzeit f\u00fcr die westliche Anfahrt \u00fcberpr\u00fcft zu haben, falls es nur ein geringer Zeitverlust gewesen w\u00e4re, w\u00e4re ich vielleicht gleich so gefahren ..<\/p>\n<p>Um 13:20 war ich in\/am\/aufdem Campo Staffi, wo doch ein ziemlicher Wind wehte, aber die 3SB und die 2010 gebaute DSB in Betrieb war, neben 6 Liftleichen. Tages- oder Nachmittagskarte kostete 15,- \u20ac, los war jetzt nachmittags kaum noch was. Offpiste teilweise sehr hart, nur die kurzen H\u00e4nge gegen\u00fcber sch\u00f6n weich. Ab 15:30 waren die aufgeweichten Pisten schon wieder unangenehm angefroren, so dass ich um 15.40 meine letzte Bergfahrt machte.<\/p>\n<p>(Fotos anklicken zum Vergr\u00f6\u00dfern)<\/p>\n<p><a href='http:\/\/extra.inmontanis.info\/d\/52341-2\/ge20190302-05a.jpg'><img src=http:\/\/extra.inmontanis.info\/d\/52340-3\/ge20190302-05a.jpg \/><\/a><br \/>\nD: Campo Staffi<\/p>\n<p><a href='http:\/\/ski.inmontanis.info\/d\/259043-2\/DSC02674.jpg'><img src=http:\/\/ski.inmontanis.info\/d\/259042-3\/DSC02674.jpg \/><\/a><br \/>\n^ Ok, hat wohl keinen Sinn mehr, die Stra\u00dfe vom Osten nach Campo Staffi wird irgendwann wohl unpassierbar sein.<\/p>\n<p><a href='http:\/\/ski.inmontanis.info\/d\/259047-2\/DSC02677.jpg'><img src=http:\/\/ski.inmontanis.info\/d\/259046-3\/DSC02677.jpg \/><\/a><br \/>\n^ Die schon lange stillgelete Zemella-DSB mit den ovalen Rundrohrst\u00fctzen steht auch noch<\/p>\n<p><a href='http:\/\/ski.inmontanis.info\/d\/259051-2\/DSC02678.jpg'><img src=http:\/\/ski.inmontanis.info\/d\/259050-3\/DSC02678.jpg \/><\/a><br \/>\n^ Da vorne ist die gesperrte Stra\u00dfe, die auch schon mal im Winter offen war. <\/p>\n<p><a href='http:\/\/ski.inmontanis.info\/d\/259055-2\/DSC02680.jpg'><img src=http:\/\/ski.inmontanis.info\/d\/259054-3\/DSC02680.jpg \/><\/a><br \/>\n^ Blick zur 3SB und der davon linken schwarzen Abfahrt, die man einst mittels einer Abzweigung richtung ehemaliger DSB-Mittelstation verl\u00e4ngern konnte<\/p>\n<p><a href='http:\/\/ski.inmontanis.info\/d\/259059-2\/DSC02682.jpg'><img src=http:\/\/ski.inmontanis.info\/d\/259058-3\/DSC02682.jpg \/><\/a><br \/>\n^ Vorne: DSB+SL+SL = aufgelassen, dahinter 3SB ge\u00f6ffnet, rechts Doppel-SL=aufgelassen, ganz rechts oben= neue DSB, offen<\/p>\n<p><a href='http:\/\/ski.inmontanis.info\/d\/259063-2\/DSC02684.jpg'><img src=http:\/\/ski.inmontanis.info\/d\/259062-3\/DSC02684.jpg \/><\/a><br \/>\n^ Der Zemella-Doppel-SL mit den netten St\u00fctzen ist leider auch nicht mehr in Betrieb. Mit dem F\u00f6rderband kommt man zur neuen DSB rechts. Skip\u00e4sse gibts momentan in der kleinen Bar unten am Ex-SL<\/p>\n<p><a href='http:\/\/ski.inmontanis.info\/d\/259067-2\/DSC02686.jpg'><img src=http:\/\/ski.inmontanis.info\/d\/259066-3\/DSC02686.jpg \/><\/a><br \/>\n^ Ex-SL und Blick zur 3SB<\/p>\n<p><a href='http:\/\/ski.inmontanis.info\/d\/259071-2\/DSC02688.jpg'><img src=http:\/\/ski.inmontanis.info\/d\/259070-3\/DSC02688.jpg \/><\/a><br \/>\n^ Abfahrt vom F\u00f6rderband zur neuen DSB<\/p>\n<p><a href='http:\/\/ski.inmontanis.info\/d\/259075-2\/DSC02691.jpg'><img src=http:\/\/ski.inmontanis.info\/d\/259074-3\/DSC02691.jpg \/><\/a><br \/>\n^ Neue DSB<\/p>\n<p><a href='http:\/\/ski.inmontanis.info\/d\/259079-2\/DSC02693.jpg'><img src=http:\/\/ski.inmontanis.info\/d\/259078-3\/DSC02693.jpg \/><\/a><br \/>\n^ Die neue DSB geht etwas weiter hinauf als der Vorg\u00e4nger-SL, so dass man auch die rechte Abfahrt direkt fahren kann<\/p>\n<p><a href='http:\/\/ski.inmontanis.info\/d\/259083-2\/DSC02694.jpg'><img src=http:\/\/ski.inmontanis.info\/d\/259082-3\/DSC02694.jpg \/><\/a><br \/>\n^ Die Abfahrten sind recht nett<\/p>\n<p><a href='http:\/\/ski.inmontanis.info\/d\/259087-2\/DSC02698.jpg'><img src=http:\/\/ski.inmontanis.info\/d\/259086-3\/DSC02698.jpg \/><\/a><br \/>\n^ DSB-Bergstation, dahinter die drei geschlossenen SL und die 3SB<\/p>\n<p><a href='http:\/\/ski.inmontanis.info\/d\/259091-2\/DSC02699.jpg'><img src=http:\/\/ski.inmontanis.info\/d\/259090-3\/DSC02699.jpg \/><\/a><br \/>\n^ Rechte DSB-Abfahrt<\/p>\n<p><a href='http:\/\/ski.inmontanis.info\/d\/259095-2\/DSC02700.jpg'><img src=http:\/\/ski.inmontanis.info\/d\/259094-3\/DSC02700.jpg \/><\/a><br \/>\n^ Rechte DSB-Abfahrt<\/p>\n<p><a href='http:\/\/ski.inmontanis.info\/d\/259099-2\/DSC02702.jpg'><img src=http:\/\/ski.inmontanis.info\/d\/259098-3\/DSC02702.jpg \/><\/a><br \/>\n^ Mittelere DSB-Abfahrt, recht flach, aber immerhin nicht platt modelliert und die B\u00e4ume sind auch noch ungepolstert<\/p>\n<p><a href='http:\/\/ski.inmontanis.info\/d\/259103-2\/DSC02703.jpg'><img src=http:\/\/ski.inmontanis.info\/d\/259102-3\/DSC02703.jpg \/><\/a><br \/>\n^ Ex-Zemella-SL<\/p>\n<p><a href='http:\/\/ski.inmontanis.info\/d\/259107-2\/DSC02708.jpg'><img src=http:\/\/ski.inmontanis.info\/d\/259106-3\/DSC02708.jpg \/><\/a><br \/>\n^ Abfahrt zur 3SB, die H\u00e4nge rechts waren nachmittags sch\u00f6n firnig<\/p>\n<p><a href='http:\/\/ski.inmontanis.info\/d\/259111-2\/DSC02709.jpg'><img src=http:\/\/ski.inmontanis.info\/d\/259110-3\/DSC02709.jpg \/><\/a><br \/>\n^ 3SB und die Ex-Talstation der beiden Vorg\u00e4nger-SL<\/p>\n<p><a href='http:\/\/ski.inmontanis.info\/d\/259115-2\/DSC02711.jpg'><img src=http:\/\/ski.inmontanis.info\/d\/259114-3\/DSC02711.jpg \/><\/a><br \/>\n^ Links der 3SB standen einst 2 SL (am Haus mit Umlenkscheibe, links daneben Betonsteher), das Bar-Haus rechts wird wohl auch mal ein SL gewesen sein, rechts daneben die aufgelassenen Lifte SL-SL-DSB<\/p>\n<p><a href='http:\/\/ski.inmontanis.info\/d\/259119-2\/DSC02713.jpg'><img src=http:\/\/ski.inmontanis.info\/d\/259118-3\/DSC02713.jpg \/><\/a><br \/>\n^ Der SL hinter der 3SB-Bergstation ist mittlerweile auch Geschichte. Bei meinem ersten Besuch war er noch wochenends in Betrieb.<\/p>\n<p><a href='http:\/\/ski.inmontanis.info\/d\/259123-2\/DSC02715.jpg'><img src=http:\/\/ski.inmontanis.info\/d\/259122-3\/DSC02715.jpg \/><\/a><br \/>\n^ Eine der 3SB-Abfahrten<\/p>\n<p><a href='http:\/\/ski.inmontanis.info\/d\/259127-2\/DSC02717.jpg'><img src=http:\/\/ski.inmontanis.info\/d\/259126-3\/DSC02717.jpg \/><\/a><br \/>\n^ Pano an der 3SB-Bergstation<\/p>\n<p><a href='http:\/\/ski.inmontanis.info\/d\/259131-2\/DSC02721.jpg'><img src=http:\/\/ski.inmontanis.info\/d\/259130-3\/DSC02721.jpg \/><\/a><br \/>\n^ Bergstation 3SB, interessanterweise gibts hier nicht nur rechts 2 Liftfundamente, sondern auch links eines ?!<\/p>\n<p><a href='http:\/\/ski.inmontanis.info\/d\/259135-2\/DSC02723.jpg'><img src=http:\/\/ski.inmontanis.info\/d\/259134-3\/DSC02723.jpg \/><\/a><br \/>\n^ Beginn der schwarzen Abfahrt links der 3SB, vmtl. geschlossen, aber Sperrschild stand auch keines da.<\/p>\n<p><a href='http:\/\/ski.inmontanis.info\/d\/259139-2\/DSC02725.jpg'><img src=http:\/\/ski.inmontanis.info\/d\/259138-3\/DSC02725.jpg \/><\/a><br \/>\n^ Beginn der schwarzen Abfahrt links der 3SB<\/p>\n<p><a href='http:\/\/ski.inmontanis.info\/d\/259143-2\/DSC02726.jpg'><img src=http:\/\/ski.inmontanis.info\/d\/259142-3\/DSC02726.jpg \/><\/a><br \/>\n^ Schwarze Abfahrt links der 3SB<\/p>\n<p><a href='http:\/\/ski.inmontanis.info\/d\/259147-2\/DSC02729.jpg'><img src=http:\/\/ski.inmontanis.info\/d\/259146-3\/DSC02729.jpg \/><\/a><br \/>\n^ Schwarze Abfahrt links der 3SB<\/p>\n<p><a href='http:\/\/ski.inmontanis.info\/d\/259151-2\/DSC02730.jpg'><img src=http:\/\/ski.inmontanis.info\/d\/259150-3\/DSC02730.jpg \/><\/a><br \/>\n^ Schwarze Abfahrt links der 3SB<\/p>\n<p><a href='http:\/\/ski.inmontanis.info\/d\/259155-2\/DSC02732.jpg'><img src=http:\/\/ski.inmontanis.info\/d\/259154-3\/DSC02732.jpg \/><\/a><br \/>\n^ Schwarze Abfahrt links der 3SB; ein bisschen musste man zur 3SB Talstation schieben<\/p>\n<p><a href='http:\/\/ski.inmontanis.info\/d\/259159-2\/DSC02738.jpg'><img src=http:\/\/ski.inmontanis.info\/d\/259158-3\/DSC02738.jpg \/><\/a><br \/>\n^ Fundament rechts der 3SB-Bergstation<\/p>\n<p><a href='http:\/\/ski.inmontanis.info\/d\/259163-2\/DSC02740.jpg'><img src=http:\/\/ski.inmontanis.info\/d\/259162-3\/DSC02740.jpg \/><\/a><br \/>\n^ Skipass (Karton)<\/p>\n<p><a href='http:\/\/ski.inmontanis.info\/d\/259167-2\/ge20190304c.jpg'><img src=http:\/\/ski.inmontanis.info\/d\/259166-3\/ge20190304c.jpg \/><\/a><br \/>\n^ GPS-Track 4.3.2019 in Gelb, vorherige Besuche in Blau, stillgelegte Lifte in Rot, soweit mir bekannt. Besonders schmerzt der Verlust der unteren, linken DSB mit der Waldabfahrt zu ihrer Mittelstation.<\/p>\n<p>Fazit: Irgendwie schon ganz nett, aber halber Tag reicht hier eh. Daher hatte ich ja urspr\u00fcglich einen halben Tag Monte Livata (die neue 4SB ist mittlerweile tats\u00e4chlich in Betrieb) noch fahren wollen &#8211; wenn der Pass offen gewesen w\u00e4re und ich weniger Zeit am Korblift gebraucht h\u00e4tte und das Fr\u00fchst\u00fcck fr\u00fcher gewesen w\u00e4re ..<\/p>\n<p>Am Parkplatz checkte ich dann meine Optionen f\u00fcr morgen. Lt. Webcam (den Tag \u00fcber geschaut) war die DSB am Monte Piselli zwar offen, aber die Wettervorhersagen haben sich mittlerweile f\u00fcr morgen sehr ins Negative ge\u00e4ndert und statt sonnig soll es nun sonnenlos werden. Tja, dann h\u00e4tt ich mal besser heute oder am Samstag dorthin gesollt. Gut, dass ich gestern Abend wenigstens kein Hotel gebucht hatte. Ohne sonniges Meerpano, ohne sonniges Auffirnen der Offpisteh\u00e4nge, macht das wenig Sinn dort. Hoffentlich ist das heuer nicht die letzte Saison der DSB, sonst w\u00fcrde ich mich nat\u00fcrlich \u00e4rgern, wenn ich mich gegen Monte Piselli morgen entscheide ..<\/p>\n<p>In Abetone ist \u00fcber Nacht und bis morgen Vormittag Regen gemeldet, also auch das zu vergessen. Bis in die Westalpen ist mir die Mautzahlerei zu bl\u00f6d. Bleibt im (n\u00f6rdlichen) Appennino nur noch Cerreto Laghi, was ich mal wieder anfahren wollte, brauchbares Wetter und brauchbaren \u00d6ffnungsstatus h\u00e4tte. Oder heim.<\/p>\n<p>Ich entschied mich f\u00fcr eine mautsparende Fahrweise und fuhr wieder Rieti-Terni-Ravenna und suchte mir auf Booking ein Hotel auf dem Weg, um 44,- das teuerste von dieser kleinen Reise. Zeit f\u00fcr einen Supermarkt hatte ich somit heute Nachmittag auch keine mehr. <\/p>\n<p><a href='http:\/\/extra.inmontanis.info\/d\/52681-2\/DSC02750.jpg'><img src=http:\/\/extra.inmontanis.info\/d\/52680-3\/DSC02750.jpg \/><\/a><\/p>\n<p>Wollte auf dem Weg in eine Pizzeria, aber entweder es war nicht erkennbar, dass es ein Restaurant bzw. eine Pizzeria war (neben der Stra\u00dfe, manchmal fragt man sich schon, warum die Restaurants sich nicht besser beschildern, damit man sie im Dunkeln findet) oder alternativ f\u00fchrte mich mein Navi 3x zu irgendwelchen angeblichen Pizzerien, die es dann nicht gab oder keine Pizzeria war oder die Stra\u00dfe war unauffindbar, die ich h\u00e4tte fahren sollen. <\/p>\n<p>Danach hatte ich die Schnauze voll und fuhr ins Hotel an der mautfreien blauen Autobahn, dessen Rastst\u00e4ttenrestaurant dann um 21.30 auch schon zu hatte (obwohl an der Rezeption 22h stand) &#8211; und auf die bl\u00f6den Reste-Panini an der Autogrill-Bar hatte ich auch keine Lust. Also bekam ich heute wieder mal nix zum essen, au\u00dfer dem mittelm\u00e4\u00dfigen Fr\u00fchst\u00fcck. So viel auch zum Thema Tr\u00fcffelpizza heute. Nerv, wieso kann man nicht mal 3 Tage in diesem Land bzw. im Appennin sein, ohne dass einem irgendwas geh\u00f6rig auf den Zeiger geht?! Bin gerade wieder geheilt von meiner Italien-Sehnsucht. Fr\u00fchst\u00fcck g\u00e4be es ab 7 Uhr, alternativ fr\u00fcher an der Autogrill-Bar (vmtl. dann weniger).<\/p>\n<p><a href='http:\/\/extra.inmontanis.info\/d\/52685-2\/DSC02758.jpg'><img src=http:\/\/extra.inmontanis.info\/d\/52684-3\/DSC02758.jpg \/><\/a><br \/>\n^ Hotelzimmer<\/p>\n<p><a href='http:\/\/extra.inmontanis.info\/d\/52689-2\/DSC02759.jpg'><img src=http:\/\/extra.inmontanis.info\/d\/52688-3\/DSC02759.jpg \/><\/a><br \/>\n^ Boah, wie ich solche Duschen hasse, wo man nie wei\u00df, von wo man gleich mit eiskaltem Wasser bespritzt wird, von vorne oder von oben? Ich hab mindestens eines davon abbekommen. <\/p>\n<p>Ich ging im Zimmer nochmals alle m\u00f6glichen Skigebiete durch: W\u00e4hrend Fasching in Italien bei einigen sonst nur am  WE offenen Skigebieten ein paar zus\u00e4tzliche \u00d6ffnungstage bedeutet, scheint das im n\u00f6rdlichen Appennin keine Auswirkung zu haben, Ventasso Laghi zB. hat trotzdem nur am WE offen. Im Osten (Catria, Eremo) war wg. Schneemangel dicht, auch in Doganaccia lief nicht viel, au\u00dferdem war da ja wieder das Wetter schlechter gemeldet. Corno und Cimone, obschon sie eh auf meiner Sperrliste sind, hatten die mir wichtigen Lifte eh auch nicht offen. Prato Spilla hat nur noch ein F\u00f6rderband offen (Rest geschlossen), Febbio zickt weiterhin rum (letztes Jahr zu viel Schnee, dass sie die DSB nicht \u00f6ffnen konnten, heuer seit Wochen zu eisig, ja mei, dann pr\u00e4pariert halt paar mal vern\u00fcnftig) und Cerreto Laghi hatte heute die 3SB oben nicht offen, hoffentlich nur wg. Wind (da war in Abetone heute auch bissl was zu), denn nur f\u00fcr die untere 4SB hab ich keine Lust, den Skipass zu kaufen, selbst wenn er jetzt unter der Woche nur 18,- kostet. Gut, das kann ich auf dem Weg morgen fr\u00fch nochmal checken, aber die Alternativen sind dann wirklich d\u00fcnn, egal ob Abetone oder Cerreto Laghi, von hier aus sind&#8217;s ca. 4h Fahrt.<\/p>\n<p>Kleiner Dashcam-Zusammenschnitt von heute, evtl. etwas interessanter als die letzten 2 Tage:<br \/>\n<object style=\"height: 500px; width: 900px\"><param name=\"movie\" value=\"http:\/\/www.youtube.com\/v\/iP5d911Zhx4\"><\/param><param name=\"wmode\" value=\"transparent\"><\/param><embed src=\"http:\/\/www.youtube.com\/v\/iP5d911Zhx4\" type=\"application\/x-shockwave-flash\" wmode=\"transparent\"  width=\"900\" height=\"480\"><\/embed><\/object><\/p>\n<p>(Fortsetzung folgt.)<\/p>\n","protected":false},"excerpt":{"rendered":"<p>Mo, 4.3.2019 &#8211; MiniAppenniniTour Tag 3 Teil 2: Campo Staffi<\/p>\n<p>Nach dem Besuch am Korblift in Tagliacozzo wollte ich also mal wieder zum Skifahren nach Campo Staffi. In der Vergangenheit hatte ich mich die Ostseite des Passes mal nicht fahren trauen, mit der Bef\u00fcrchtung, sie k\u00f6nne geschlossen sein. War sie damals aber nicht. Heute allerdings <a href=\"http:\/\/blog.inmontanis.info\/?p=5546\">[&#8230;]<\/a><\/p>\n","protected":false},"author":1,"featured_media":0,"comment_status":"closed","ping_status":"closed","sticky":false,"template":"","format":"standard","meta":{"footnotes":""},"categories":[175,513,15,27],"tags":[55,38,47],"class_list":["post-5546","post","type-post","status-publish","format-standard","hentry","category-2019-03-appennin","category-campo-staffi","category-italienitaly","category-skifahren-winterskiing-winter","tag-3sb","tag-dsb","tag-sl","odd"],"_links":{"self":[{"href":"http:\/\/blog.inmontanis.info\/index.php?rest_route=\/wp\/v2\/posts\/5546","targetHints":{"allow":["GET"]}}],"collection":[{"href":"http:\/\/blog.inmontanis.info\/index.php?rest_route=\/wp\/v2\/posts"}],"about":[{"href":"http:\/\/blog.inmontanis.info\/index.php?rest_route=\/wp\/v2\/types\/post"}],"author":[{"embeddable":true,"href":"http:\/\/blog.inmontanis.info\/index.php?rest_route=\/wp\/v2\/users\/1"}],"replies":[{"embeddable":true,"href":"http:\/\/blog.inmontanis.info\/index.php?rest_route=%2Fwp%2Fv2%2Fcomments&post=5546"}],"version-history":[{"count":2,"href":"http:\/\/blog.inmontanis.info\/index.php?rest_route=\/wp\/v2\/posts\/5546\/revisions"}],"predecessor-version":[{"id":5548,"href":"http:\/\/blog.inmontanis.info\/index.php?rest_route=\/wp\/v2\/posts\/5546\/revisions\/5548"}],"wp:attachment":[{"href":"http:\/\/blog.inmontanis.info\/index.php?rest_route=%2Fwp%2Fv2%2Fmedia&parent=5546"}],"wp:term":[{"taxonomy":"category","embeddable":true,"href":"http:\/\/blog.inmontanis.info\/index.php?rest_route=%2Fwp%2Fv2%2Fcategories&post=5546"},{"taxonomy":"post_tag","embeddable":true,"href":"http:\/\/blog.inmontanis.info\/index.php?rest_route=%2Fwp%2Fv2%2Ftags&post=5546"}],"curies":[{"name":"wp","href":"https:\/\/api.w.org\/{rel}","templated":true}]}}