{"id":5543,"date":"2019-03-04T12:04:00","date_gmt":"2019-03-04T11:04:00","guid":{"rendered":"http:\/\/blog.inmontanis.info\/?p=5543"},"modified":"2019-04-29T19:14:01","modified_gmt":"2019-04-29T17:14:01","slug":"ex-cestovia-tagliacozzo-4-3-2019","status":"publish","type":"post","link":"http:\/\/blog.inmontanis.info\/?p=5543","title":{"rendered":"Ex-Cestovia Tagliacozzo, 4.3.2019"},"content":{"rendered":"<p><strong>Mo, 4.3.2019 &#8211; MiniAppenniniTour Tag 3 Teil 1: Tagliacozzo &#8211; ehemaliger Korblift &#8220;Della Pineta&#8221;<\/strong><\/p>\n<p>Das Fr\u00fchst\u00fcck war italienisch mit Kuchen, Croissants, Zwieback und Joghurt (mit Cornflakes), ungew\u00f6hlich war jedoch, dass es keine hei\u00dfe Schokolade (Kakao) gab. Im Gegensatz zu einem Kaffeetrinker, der einen Aufstand machen w\u00fcrde, wenn er seinen Morgenkaffee nicht bekommt, ist mir das aber relativ egal. Saft gab&#8217;s ja auch noch.<\/p>\n<p>Auf dem Weg zu Campo Staffi, wo ich heute mal wieder skifahren wollte,  h\u00e4tte ich gerne einen Sprung in Campo Rotondo vorbei gesehen, da wurde ein evtl. einige Zeit lang stillgelegter SL mit einer DSB ersetzt, aber lt. Homepage ist gerade ab heute wg. schneemangels die DSB nicht mehr offen. Auf dem Weg dorthin k\u00e4me man allerdings an einem stillgelegten Korblift vorbei und das ist definitiv einen Zwischenstopp wert ..<\/p>\n<p>Im Jahre 1963 wurde von Marchisio in Tagliacozzo ein Korblift aufgestellt. Dieser war angeblich nur wenige Tage oder wenige Jahre in Betrieb, genaue Informationen lassen sich hier derzeit nicht finden. Finden l\u00e4sst sich f\u00fcr Fundamentij\u00e4ger vor Ort allerdings noch viel, denn der Korblift steht fast noch wie vor 56 Jahren! Italien ist doch ber\u00fchmt f\u00fcr seine kulturhistorischen Ruinen, warum nicht auch f\u00fcr ein paar Liftleichen? This is why we love Italy! <\/p>\n<p>(Fotos anklicken zum Vergr\u00f6\u00dfern)<\/p>\n<p><a href='http:\/\/extra.inmontanis.info\/d\/52341-2\/ge20190302-05a.jpg'><img src=http:\/\/extra.inmontanis.info\/d\/52340-3\/ge20190302-05a.jpg \/><\/a><br \/>\nC: Tagliacozzo<\/p>\n<p><a href='http:\/\/extra.inmontanis.info\/d\/52501-2\/DSC02586.jpg'><img src=http:\/\/extra.inmontanis.info\/d\/52499-3\/DSC02586.jpg \/><\/a><br \/>\n^ Tagliacozzo<\/p>\n<p><a href='http:\/\/extra.inmontanis.info\/d\/52505-2\/DSC02587.jpg'><img src=http:\/\/extra.inmontanis.info\/d\/52504-3\/DSC02587.jpg \/><\/a><br \/>\n^ Talstation<\/p>\n<p><a href='http:\/\/extra.inmontanis.info\/d\/52509-2\/DSC02589.jpg'><img src=http:\/\/extra.inmontanis.info\/d\/52508-3\/DSC02589.jpg \/><\/a><br \/>\n^ Talstation<\/p>\n<p><a href='http:\/\/extra.inmontanis.info\/d\/52513-2\/DSC02590.jpg'><img src=http:\/\/extra.inmontanis.info\/d\/52512-3\/DSC02590.jpg \/><\/a><br \/>\n^ Ein rostiger Marchisio-Korb ohne T\u00fcr<\/p>\n<p><a href='http:\/\/extra.inmontanis.info\/d\/52517-2\/DSC02592.jpg'><img src=http:\/\/extra.inmontanis.info\/d\/52516-3\/DSC02592.jpg \/><\/a><br \/>\n^ Strecke unterer Teil, nach der 2. St\u00fctze kann man von hier aus keine St\u00fctze mehr erkennen (noch vorhanden? verwachsen?)<\/p>\n<p><a href='http:\/\/extra.inmontanis.info\/d\/52521-2\/DSC02593.jpg'><img src=http:\/\/extra.inmontanis.info\/d\/52520-3\/DSC02593.jpg \/><\/a><br \/>\n^ Talstation<\/p>\n<p><a href='http:\/\/extra.inmontanis.info\/d\/52525-2\/DSC02594.jpg'><img src=http:\/\/extra.inmontanis.info\/d\/52524-3\/DSC02594.jpg \/><\/a><br \/>\n^ Talstation, das Dach und der komplette 1. Stock fehlen schon komplett, liegen aber ja auch irgendwie nicht am Boden?! Oder alles unterm Gras?<\/p>\n<p><a href='http:\/\/extra.inmontanis.info\/d\/52529-2\/DSC02595.jpg'><img src=http:\/\/extra.inmontanis.info\/d\/52528-3\/DSC02595.jpg \/><\/a><br \/>\n^ Umlenkscheibe Talstation<\/p>\n<p><a href='http:\/\/extra.inmontanis.info\/d\/52533-2\/DSC02598.jpg'><img src=http:\/\/extra.inmontanis.info\/d\/52532-3\/DSC02598.jpg \/><\/a><br \/>\n^ Trasse ist noch erkennbar<\/p>\n<p><a href='http:\/\/extra.inmontanis.info\/d\/52537-2\/DSC02600.jpg'><img src=http:\/\/extra.inmontanis.info\/d\/52536-3\/DSC02600.jpg \/><\/a><br \/>\n^ St\u00fctze 1<\/p>\n<p><a href='http:\/\/extra.inmontanis.info\/d\/52541-2\/DSC02601.jpg'><img src=http:\/\/extra.inmontanis.info\/d\/52540-3\/DSC02601.jpg \/><\/a><br \/>\n^ St\u00fctze 1 und Talstation<\/p>\n<p><a href='http:\/\/extra.inmontanis.info\/d\/52545-2\/DSC02602.jpg'><img src=http:\/\/extra.inmontanis.info\/d\/52544-3\/DSC02602.jpg \/><\/a><br \/>\n^ St\u00fctze 2<\/p>\n<p><a href='http:\/\/extra.inmontanis.info\/d\/52549-2\/DSC02603.jpg'><img src=http:\/\/extra.inmontanis.info\/d\/52548-3\/DSC02603.jpg \/><\/a><br \/>\n^ St\u00fctze 2<\/p>\n<p><a href='http:\/\/extra.inmontanis.info\/d\/52553-2\/DSC02604.jpg'><img src=http:\/\/extra.inmontanis.info\/d\/52552-3\/DSC02604.jpg \/><\/a><br \/>\n^ St\u00fctze 2<\/p>\n<p><a href='http:\/\/extra.inmontanis.info\/d\/52557-2\/DSC02605.jpg'><img src=http:\/\/extra.inmontanis.info\/d\/52556-3\/DSC02605.jpg \/><\/a><br \/>\n^ St\u00fctze 2, von der Natur in Beschlag genommen.<\/p>\n<p><a href='http:\/\/extra.inmontanis.info\/d\/52561-2\/DSC02608.jpg'><img src=http:\/\/extra.inmontanis.info\/d\/52560-3\/DSC02608.jpg \/><\/a><br \/>\n^ St\u00fctze 1<\/p>\n<p><a href='http:\/\/extra.inmontanis.info\/d\/52565-2\/DSC02609.jpg'><img src=http:\/\/extra.inmontanis.info\/d\/52564-3\/DSC02609.jpg \/><\/a><br \/>\n^ Motor. Da oben ist noch ein Einersessel und ein Gaspedal? Oder Bremspedal? Das erkl\u00e4rt wohl, warum bei manchen stillgelegten Marchisio-Nicht-ESL irgendwo ein Sessel rumschwirren kann..<\/p>\n<p><a href='http:\/\/extra.inmontanis.info\/d\/52569-2\/DSC02610.jpg'><img src=http:\/\/extra.inmontanis.info\/d\/52568-3\/DSC02610.jpg \/><\/a><br \/>\n^ Seil und Klemme<\/p>\n<p><a href='http:\/\/extra.inmontanis.info\/d\/52573-2\/DSC02616.jpg'><img src=http:\/\/extra.inmontanis.info\/d\/52572-3\/DSC02616.jpg \/><\/a><br \/>\n^ M\u00fcllplatz<\/p>\n<p><a href='http:\/\/extra.inmontanis.info\/d\/52577-3\/DSC02617.jpg'><img src=http:\/\/extra.inmontanis.info\/d\/52576-3\/DSC02617.jpg \/><\/a><br \/>\n^ Aufgang zum Eingang, die Treppenstufen vorne unten sind komplett verwachsen<\/p>\n<p><a href='http:\/\/extra.inmontanis.info\/d\/52581-2\/DSC02620.jpg'><img src=http:\/\/extra.inmontanis.info\/d\/52580-3\/DSC02620.jpg \/><\/a><br \/>\n^ Talstation<\/p>\n<p><a href='http:\/\/extra.inmontanis.info\/d\/52585-2\/DSC02625.jpg'><img src=http:\/\/extra.inmontanis.info\/d\/52584-3\/DSC02625.jpg \/><\/a><br \/>\n^ Blick von der Auffahrt zum Berg r\u00fcber zur Strecke..<\/p>\n<p><a href='http:\/\/extra.inmontanis.info\/d\/52589-2\/DSC02627.jpg'><img src=http:\/\/extra.inmontanis.info\/d\/52588-3\/DSC02627.jpg \/><\/a><br \/>\n^ Zoom von der Auffahrt zum Berg r\u00fcber zur Strecke<\/p>\n<p><a href='http:\/\/extra.inmontanis.info\/d\/52593-2\/DSC02630.jpg'><img src=http:\/\/extra.inmontanis.info\/d\/52592-3\/DSC02630.jpg \/><\/a><br \/>\n^ Auffahrt zur Bergstation, es gab keinerlei Sperrschilder<\/p>\n<p><a href='http:\/\/extra.inmontanis.info\/d\/52597-2\/DSC02634.jpg'><img src=http:\/\/extra.inmontanis.info\/d\/52596-3\/DSC02634.jpg \/><\/a><br \/>\n^ Bergstation<\/p>\n<p><a href='http:\/\/extra.inmontanis.info\/d\/52601-2\/DSC02637.jpg'><img src=http:\/\/extra.inmontanis.info\/d\/52600-3\/DSC02637.jpg \/><\/a><br \/>\n^ Bergstation \/ Spannschacht<\/p>\n<p><a href='http:\/\/extra.inmontanis.info\/d\/52605-2\/DSC02638.jpg'><img src=http:\/\/extra.inmontanis.info\/d\/52604-3\/DSC02638.jpg \/><\/a><br \/>\n^ Bergstation, auch hier fehlt das Dach<\/p>\n<p><a href='http:\/\/extra.inmontanis.info\/d\/52609-2\/DSC02639.jpg'><img src=http:\/\/extra.inmontanis.info\/d\/52608-3\/DSC02639.jpg \/><\/a><br \/>\n^ Die letzten beiden St\u00fctzen<\/p>\n<p><a href='http:\/\/extra.inmontanis.info\/d\/52613-2\/DSC02641.jpg'><img src=http:\/\/extra.inmontanis.info\/d\/52612-3\/DSC02641.jpg \/><\/a><br \/>\n^ Bergstation<\/p>\n<p><a href='http:\/\/extra.inmontanis.info\/d\/52617-2\/DSC02644.jpg'><img src=http:\/\/extra.inmontanis.info\/d\/52616-3\/DSC02644.jpg \/><\/a><br \/>\n^ Vorletzte St\u00fctze, da fehlen einige Seilrollen. Warum die wohl jemand mitnahm?<\/p>\n<p><a href='http:\/\/extra.inmontanis.info\/d\/52621-2\/DSC02647.jpg'><img src=http:\/\/extra.inmontanis.info\/d\/52620-3\/DSC02647.jpg \/><\/a><br \/>\n^ Strecke und eine weitere St\u00fctze<\/p>\n<p><a href='http:\/\/extra.inmontanis.info\/d\/52625-2\/DSC02648.jpg'><img src=http:\/\/extra.inmontanis.info\/d\/52624-3\/DSC02648.jpg \/><\/a><br \/>\n^ Die K\u00f6rbe liegen einfach so herum ..<\/p>\n<p><a href='http:\/\/extra.inmontanis.info\/d\/52629-2\/DSC02650.jpg'><img src=http:\/\/extra.inmontanis.info\/d\/52628-3\/DSC02650.jpg \/><\/a><br \/>\n^ Die K\u00f6rbe liegen einfach so herum ..<\/p>\n<p><a href='http:\/\/extra.inmontanis.info\/d\/52633-2\/DSC02652.jpg'><img src=http:\/\/extra.inmontanis.info\/d\/52632-3\/DSC02652.jpg \/><\/a><br \/>\n^ .. und h\u00e4ngen teilweise noch  am Seil.<\/p>\n<p><a href='http:\/\/extra.inmontanis.info\/d\/52637-2\/DSC02654.jpg'><img src=http:\/\/extra.inmontanis.info\/d\/52636-3\/DSC02654.jpg \/><\/a><br \/>\n^ Die K\u00f6rbe hatten sogar Skik\u00f6cher! Evtl. Langlauf? Oder ein kleiner Skilift irgendwo?<\/p>\n<p><a href='http:\/\/extra.inmontanis.info\/d\/52641-2\/DSC02656.jpg'><img src=http:\/\/extra.inmontanis.info\/d\/52640-3\/DSC02656.jpg \/><\/a><br \/>\n^ Das Seil ist teilweise im Boden und \u00fcberwachsen<\/p>\n<p><a href='http:\/\/extra.inmontanis.info\/d\/52645-2\/DSC02658.jpg'><img src=http:\/\/extra.inmontanis.info\/d\/52644-3\/DSC02658.jpg \/><\/a><br \/>\n^ .. und hat vmtl. den Wuchs des Baumes dort beeinflusst<\/p>\n<p><a href='http:\/\/extra.inmontanis.info\/d\/52649-2\/DSC02660.jpg'><img src=http:\/\/extra.inmontanis.info\/d\/52648-3\/DSC02660.jpg \/><\/a><br \/>\n^ Eine weitere St\u00fctze<\/p>\n<p><a href='http:\/\/extra.inmontanis.info\/d\/52653-2\/DSC02661.jpg'><img src=http:\/\/extra.inmontanis.info\/d\/52652-3\/DSC02661.jpg \/><\/a><br \/>\n^ Ein weiterer Korb am Seil<\/p>\n<p><a href='http:\/\/extra.inmontanis.info\/d\/52657-2\/DSC02662.jpg'><img src=http:\/\/extra.inmontanis.info\/d\/52656-3\/DSC02662.jpg \/><\/a><br \/>\n^ St\u00fctze und kaum noch identifizerbares Schild<\/p>\n<p><a href='http:\/\/extra.inmontanis.info\/d\/52661-2\/DSC02663.jpg'><img src=http:\/\/extra.inmontanis.info\/d\/52660-3\/DSC02663.jpg \/><\/a><br \/>\n^ St\u00fctze. Weiter bin ich nicht runter, sonst h\u00e4tt ich ja gleich die ganze Strecke raufgehen k\u00f6nnen ;-)<\/p>\n<p><a href='http:\/\/extra.inmontanis.info\/d\/52665-2\/DSC02665.jpg'><img src=http:\/\/extra.inmontanis.info\/d\/52664-3\/DSC02665.jpg \/><\/a><br \/>\n^ Malerisches Panorama<\/p>\n<p><a href='http:\/\/extra.inmontanis.info\/d\/52669-2\/DSC02666.jpg'><img src=http:\/\/extra.inmontanis.info\/d\/52668-3\/DSC02666.jpg \/><\/a><br \/>\n^ Noch ein Korb<\/p>\n<p><a href='http:\/\/extra.inmontanis.info\/d\/52673-2\/DSC02668.jpg'><img src=http:\/\/extra.inmontanis.info\/d\/52672-3\/DSC02668.jpg \/><\/a><br \/>\n^ Auf der anderen Seite eines Stacheldrahtzauns ist das Seil entzwei. War das der Grund f\u00fcr die Betriebseinstellung? Oder erst danach gemacht?<\/p>\n<p><a href='http:\/\/extra.inmontanis.info\/d\/52677-2\/DSC02670.jpg'><img src=http:\/\/extra.inmontanis.info\/d\/52676-3\/DSC02670.jpg \/><\/a><br \/>\n^ Parkplatz (oder als sowas verwendbar) nahe der Bergstation<\/p>\n<p>Daf\u00fcr hab ich jetzt gerne auf einen halben Skitag verzichtet.<\/p>\n<p>Kris&#8217; Seite zum Korblift: <a href='http:\/\/www.retrofutur.org\/retrofutur\/app\/main?DOCID=1000115506&#038;albumMode=1000115506'>http:\/\/www.retrofutur.org\/retrofutur\/app\/main?DOCID=1000115506&#038;albumMode=1000115506<\/a><\/p>\n<p>(Fortsetzung folgt, Skifahren war ich ja auch noch an diesem Tag.)<\/p>\n","protected":false},"excerpt":{"rendered":"<p>Mo, 4.3.2019 &#8211; MiniAppenniniTour Tag 3 Teil 1: Tagliacozzo &#8211; ehemaliger Korblift &#8220;Della Pineta&#8221;<\/p>\n<p>Das Fr\u00fchst\u00fcck war italienisch mit Kuchen, Croissants, Zwieback und Joghurt (mit Cornflakes), ungew\u00f6hlich war jedoch, dass es keine hei\u00dfe Schokolade (Kakao) gab. Im Gegensatz zu einem Kaffeetrinker, der einen Aufstand machen w\u00fcrde, wenn er seinen Morgenkaffee nicht bekommt, ist mir das <a href=\"http:\/\/blog.inmontanis.info\/?p=5543\">[&#8230;]<\/a><\/p>\n","protected":false},"author":1,"featured_media":0,"comment_status":"closed","ping_status":"closed","sticky":false,"template":"","format":"standard","meta":{"footnotes":""},"categories":[175,15,32],"tags":[63,80],"class_list":["post-5543","post","type-post","status-publish","format-standard","hentry","category-2019-03-appennin","category-italienitaly","category-lostplaces","tag-korblift","tag-marchisio","odd"],"_links":{"self":[{"href":"http:\/\/blog.inmontanis.info\/index.php?rest_route=\/wp\/v2\/posts\/5543","targetHints":{"allow":["GET"]}}],"collection":[{"href":"http:\/\/blog.inmontanis.info\/index.php?rest_route=\/wp\/v2\/posts"}],"about":[{"href":"http:\/\/blog.inmontanis.info\/index.php?rest_route=\/wp\/v2\/types\/post"}],"author":[{"embeddable":true,"href":"http:\/\/blog.inmontanis.info\/index.php?rest_route=\/wp\/v2\/users\/1"}],"replies":[{"embeddable":true,"href":"http:\/\/blog.inmontanis.info\/index.php?rest_route=%2Fwp%2Fv2%2Fcomments&post=5543"}],"version-history":[{"count":2,"href":"http:\/\/blog.inmontanis.info\/index.php?rest_route=\/wp\/v2\/posts\/5543\/revisions"}],"predecessor-version":[{"id":5545,"href":"http:\/\/blog.inmontanis.info\/index.php?rest_route=\/wp\/v2\/posts\/5543\/revisions\/5545"}],"wp:attachment":[{"href":"http:\/\/blog.inmontanis.info\/index.php?rest_route=%2Fwp%2Fv2%2Fmedia&parent=5543"}],"wp:term":[{"taxonomy":"category","embeddable":true,"href":"http:\/\/blog.inmontanis.info\/index.php?rest_route=%2Fwp%2Fv2%2Fcategories&post=5543"},{"taxonomy":"post_tag","embeddable":true,"href":"http:\/\/blog.inmontanis.info\/index.php?rest_route=%2Fwp%2Fv2%2Ftags&post=5543"}],"curies":[{"name":"wp","href":"https:\/\/api.w.org\/{rel}","templated":true}]}}