{"id":5539,"date":"2019-03-03T18:06:05","date_gmt":"2019-03-03T17:06:05","guid":{"rendered":"http:\/\/blog.inmontanis.info\/?p=5539"},"modified":"2023-07-31T20:12:58","modified_gmt":"2023-07-31T18:12:58","slug":"scanno-passo-godi-3-3-2019","status":"publish","type":"post","link":"http:\/\/blog.inmontanis.info\/?p=5539","title":{"rendered":"Scanno &#038; Passo Godi, 3.3.2019"},"content":{"rendered":"<p><strong>So, 3.3.2019 &#8211; MiniAppenniniTour Tag 2 Teil 2: Scanno &#038; Passo Godi<\/strong><\/p>\n<p>Nach dem Skifahren in Campo di Giove, auf dem Weg zum Hotel, entschied ich mich f\u00fcr einen kleinen Umweg an Scanno vorbei zum Passo Godi, wo ich bisher weder skifahren noch sonstswie vorbei gekommen bin. Naja, wohl nix verpasst, selbst wenn noch alle 3 SL laufen w\u00fcrden. Scanno selbst war jedenfalls auch geschlossen, keine Ahnung ob die heuer \u00fcberhaupt offen hatten. Da w\u00e4re auch einiges ungenutztes Potential .. Landschaftlich war der Umweg aber ganz nett.<\/p>\n<p>(Fotos anklicken zum Vergr\u00f6\u00dfern)<\/p>\n<p><a href='http:\/\/extra.inmontanis.info\/d\/52341-2\/ge20190302-05a.jpg'><img src=http:\/\/extra.inmontanis.info\/d\/52340-3\/ge20190302-05a.jpg \/><\/a><br \/>\nDunkelblau: Fahrstrecke 3.3.2019<\/p>\n<p><a href='http:\/\/ski.inmontanis.info\/d\/258963-2\/DSC02516.jpg'><img src=http:\/\/ski.inmontanis.info\/d\/258962-3\/DSC02516.jpg \/><\/a><br \/>\n^ Stra\u00dfe richtung Scanno<\/p>\n<p><a href='http:\/\/ski.inmontanis.info\/d\/258967-2\/DSC02518.jpg'><img src=http:\/\/ski.inmontanis.info\/d\/258966-3\/DSC02518.jpg \/><\/a><br \/>\n^ Stra\u00dfe richtung Scanno<\/p>\n<p><a href='http:\/\/ski.inmontanis.info\/d\/258971-2\/DSC02519.jpg'><img src=http:\/\/ski.inmontanis.info\/d\/258970-3\/DSC02519.jpg \/><\/a><br \/>\n^ Stra\u00dfe richtung Scanno<\/p>\n<p><a href='http:\/\/ski.inmontanis.info\/d\/258975-2\/DSC02528.jpg'><img src=http:\/\/ski.inmontanis.info\/d\/258974-3\/DSC02528.jpg \/><\/a><br \/>\n^ Kleiner Stausee vor Scanno<\/p>\n<p><a href='http:\/\/ski.inmontanis.info\/d\/258979-2\/DSC02531.jpg'><img src=http:\/\/ski.inmontanis.info\/d\/258978-3\/DSC02531.jpg \/><\/a><br \/>\n^ Kleiner Stausee vor Scanno<\/p>\n<p><a href='http:\/\/ski.inmontanis.info\/d\/258983-2\/DSC02538.jpg'><img src=http:\/\/ski.inmontanis.info\/d\/258982-3\/DSC02538.jpg \/><\/a><br \/>\n^ Lago di Scanno<\/p>\n<p><a href='http:\/\/ski.inmontanis.info\/d\/258987-2\/DSC02544.jpg'><img src=http:\/\/ski.inmontanis.info\/d\/258986-3\/DSC02544.jpg \/><\/a><br \/>\n^ Scanno<\/p>\n<p><a href='http:\/\/ski.inmontanis.info\/d\/258991-2\/DSC02547.jpg'><img src=http:\/\/ski.inmontanis.info\/d\/258990-3\/DSC02547.jpg \/><\/a><br \/>\n^ DSB in Scanno<\/p>\n<p><a href='http:\/\/ski.inmontanis.info\/d\/258995-2\/DSC02548.jpg'><img src=http:\/\/ski.inmontanis.info\/d\/258994-3\/DSC02548.jpg \/><\/a><br \/>\n^ Talstation<\/p>\n<p><a href='http:\/\/ski.inmontanis.info\/d\/258999-2\/DSC02549.jpg'><img src=http:\/\/ski.inmontanis.info\/d\/258998-3\/DSC02549.jpg \/><\/a><br \/>\n^ Talstation<\/p>\n<p><a href='http:\/\/ski.inmontanis.info\/d\/259003-2\/DSC02550.jpg'><img src=http:\/\/ski.inmontanis.info\/d\/259002-3\/DSC02550.jpg \/><\/a><br \/>\n^ Pistenplan, aus den projektierten Lifte wurde leider nichts und Nr. 4 stand bei meinem Besuch damals ja auch nicht<\/p>\n<p><a href='http:\/\/ski.inmontanis.info\/d\/259007-2\/DSC02551.jpg'><img src=http:\/\/ski.inmontanis.info\/d\/259006-3\/DSC02551.jpg \/><\/a><br \/>\n^ Ob die heuer wohl \u00fcberhaupt offen hatten ..<\/p>\n<p><a href='http:\/\/ski.inmontanis.info\/d\/259011-2\/DSC02559.jpg'><img src=http:\/\/ski.inmontanis.info\/d\/259010-3\/DSC02559.jpg \/><\/a><br \/>\n^ Blick zur 4SB von der Stra\u00dfe richtung Passo Godi<\/p>\n<p><a href='http:\/\/ski.inmontanis.info\/d\/259015-2\/DSC02554.jpg'><img src=http:\/\/ski.inmontanis.info\/d\/259014-3\/DSC02554.jpg \/><\/a><br \/>\n^ Auffahrt Passo Godi<\/p>\n<p><a href='http:\/\/ski.inmontanis.info\/d\/259019-2\/DSC02556.jpg'><img src=http:\/\/ski.inmontanis.info\/d\/259018-3\/DSC02556.jpg \/><\/a><br \/>\n^ Auffahrt Passo Godi<\/p>\n<p><a href='http:\/\/ski.inmontanis.info\/d\/259023-2\/DSC02566.jpg'><img src=http:\/\/ski.inmontanis.info\/d\/259022-3\/DSC02566.jpg \/><\/a><br \/>\n^ Passo Godi<\/p>\n<p><a href='http:\/\/ski.inmontanis.info\/d\/259027-2\/DSC02567.jpg'><img src=http:\/\/ski.inmontanis.info\/d\/259026-3\/DSC02567.jpg \/><\/a><br \/>\n^ Der kurze SL ist stillgelegt, ein F\u00f6rderband und Seillift scheinen in Betrieb<\/p>\n<p><a href='http:\/\/ski.inmontanis.info\/d\/259031-2\/DSC02568.jpg'><img src=http:\/\/ski.inmontanis.info\/d\/259030-3\/DSC02568.jpg \/><\/a><br \/>\n^ Der kurze SL auf der anderen Seite scheint auch noch in Betrieb zu sein<\/p>\n<p><a href='http:\/\/ski.inmontanis.info\/d\/259039-2\/DSC02572.jpg'><img src=http:\/\/ski.inmontanis.info\/d\/259038-3\/DSC02572.jpg \/><\/a><br \/>\n^ In Bildmitte gab es noch ein paar St\u00fctzen einer 2. Sektion, ob der SL noch in Betrieb ist, war nicht zu erkennen.<\/p>\n<p><a href='http:\/\/ski.inmontanis.info\/d\/259035-2\/DSC02576.jpg'><img src=http:\/\/ski.inmontanis.info\/d\/259034-3\/DSC02576.jpg \/><\/a><br \/>\n^ Passo Godi, Weiterfahrt richtung S\u00fcden<\/p>\n<p>\u00dcbernachtet wird in der N\u00e4he von Avezzano in einem kleinen Hotel. Wollte abends wieder etwas mit Tr\u00fcffel essen, also blieb es halt wieder bei Nudeln (Fettucine) und danach, naja, halt wieder Salsciccia genommen, andere gegrillte Sachen bekomt man ja auch anderswo. Aber das reicht jetzt mit dem Salsiccia-Geschmack. Fr\u00fchst\u00fcck gibt&#8217;s leider erst ab 8 Uhr, morgen w\u00e4r ich gern etwas fr\u00fcher los. Zimmer mit 19-20\u00b0 etwas kalt, Fernbedienung f\u00fcr Klimaanlage aber nicht vorhanden.<\/p>\n<p>Ein Zimmer f\u00fcr morgen Abend werde ich noch nicht buchen, m\u00f6chte tags\u00fcber erst mal abwarten, ob Piselli am morgigen Montag in Betrieb ist lt. Webcam, dann stehen die Chancen f\u00fcr DI auch gut. Tendenziell schaut&#8217;s mit einer nahen Alternative n\u00e4mlich etwas schlecht dort aus&#8230;<\/p>\n<p><a href='http:\/\/extra.inmontanis.info\/d\/52487-2\/DSC02578.jpg'><img src=http:\/\/extra.inmontanis.info\/d\/52486-3\/DSC02578.jpg \/><\/a><br \/>\n^ Hotelzimmer<\/p>\n<p><a href='http:\/\/extra.inmontanis.info\/d\/52491-2\/IMG_20190303_20281717_full_2x1.jpg'><img src=http:\/\/extra.inmontanis.info\/d\/52490-3\/IMG_20190303_20281717_full_2x1.jpg \/><\/a><br \/>\n^ Nudel mit Tr\u00fcffel<\/p>\n<p><a href='http:\/\/extra.inmontanis.info\/d\/52495-2\/IMG_20190303_20442858_full_2x1.jpg'><img src=http:\/\/extra.inmontanis.info\/d\/52494-3\/IMG_20190303_20442858_full_2x1.jpg \/><\/a><br \/>\n^ Salsciccia<\/p>\n<p>Kleiner Dashcam-Zusammenschnitt von heute:<br \/>\n<object style=\"height: 500px; width: 900px\"><param name=\"movie\" value=\"http:\/\/www.youtube.com\/v\/D8jAQIk3bOQ\"><\/param><param name=\"wmode\" value=\"transparent\"><\/param><embed src=\"http:\/\/www.youtube.com\/v\/D8jAQIk3bOQ\" type=\"application\/x-shockwave-flash\" wmode=\"transparent\"  width=\"900\" height=\"480\"><\/embed><\/object><\/p>\n<p>(Fortsetzung folgt.)<\/p>\n","protected":false},"excerpt":{"rendered":"<p>So, 3.3.2019 &#8211; MiniAppenniniTour Tag 2 Teil 2: Scanno &#038; Passo Godi<\/p>\n<p>Nach dem Skifahren in Campo di Giove, auf dem Weg zum Hotel, entschied ich mich f\u00fcr einen kleinen Umweg an Scanno vorbei zum Passo Godi, wo ich bisher weder skifahren noch sonstswie vorbei gekommen bin. Naja, wohl nix verpasst, selbst wenn noch alle <a href=\"http:\/\/blog.inmontanis.info\/?p=5539\">[&#8230;]<\/a><\/p>\n","protected":false},"author":1,"featured_media":0,"comment_status":"closed","ping_status":"closed","sticky":false,"template":"","format":"standard","meta":{"footnotes":""},"categories":[175,15,399],"tags":[38,45,47],"class_list":["post-5539","post","type-post","status-publish","format-standard","hentry","category-2019-03-appennin","category-italienitaly","category-scanno","tag-dsb","tag-see","tag-sl","odd"],"_links":{"self":[{"href":"http:\/\/blog.inmontanis.info\/index.php?rest_route=\/wp\/v2\/posts\/5539","targetHints":{"allow":["GET"]}}],"collection":[{"href":"http:\/\/blog.inmontanis.info\/index.php?rest_route=\/wp\/v2\/posts"}],"about":[{"href":"http:\/\/blog.inmontanis.info\/index.php?rest_route=\/wp\/v2\/types\/post"}],"author":[{"embeddable":true,"href":"http:\/\/blog.inmontanis.info\/index.php?rest_route=\/wp\/v2\/users\/1"}],"replies":[{"embeddable":true,"href":"http:\/\/blog.inmontanis.info\/index.php?rest_route=%2Fwp%2Fv2%2Fcomments&post=5539"}],"version-history":[{"count":3,"href":"http:\/\/blog.inmontanis.info\/index.php?rest_route=\/wp\/v2\/posts\/5539\/revisions"}],"predecessor-version":[{"id":5542,"href":"http:\/\/blog.inmontanis.info\/index.php?rest_route=\/wp\/v2\/posts\/5539\/revisions\/5542"}],"wp:attachment":[{"href":"http:\/\/blog.inmontanis.info\/index.php?rest_route=%2Fwp%2Fv2%2Fmedia&parent=5539"}],"wp:term":[{"taxonomy":"category","embeddable":true,"href":"http:\/\/blog.inmontanis.info\/index.php?rest_route=%2Fwp%2Fv2%2Fcategories&post=5539"},{"taxonomy":"post_tag","embeddable":true,"href":"http:\/\/blog.inmontanis.info\/index.php?rest_route=%2Fwp%2Fv2%2Ftags&post=5539"}],"curies":[{"name":"wp","href":"https:\/\/api.w.org\/{rel}","templated":true}]}}