{"id":5536,"date":"2019-03-03T15:24:12","date_gmt":"2019-03-03T14:24:12","guid":{"rendered":"http:\/\/blog.inmontanis.info\/?p=5536"},"modified":"2023-08-04T18:20:42","modified_gmt":"2023-08-04T16:20:42","slug":"campo-di-giove-3-3-2019","status":"publish","type":"post","link":"http:\/\/blog.inmontanis.info\/?p=5536","title":{"rendered":"Campo di Giove, 3.3.2019"},"content":{"rendered":"<p><strong>So, 3.3.2019 &#8211; MiniAppenniniTour Tag 2 Teil 1: Campo di Giove<\/strong><\/p>\n<p>Piselli und Giove waren zwei der kleinen Appennin-Skigebiete, die meiner Erinnerung nach auch unter der Woche alles offen hatten. Fasching ist auch, also sollte das die n\u00e4chsten beiden Tage  hoffentlich auch so sein, aber sicher wei\u00df man das ja nie. Da mir Campo di Giove einen Tick wichtiger war (trotz des besseren Meerpanos und der alten DSB am Monte Piselli), ging es heute am Sonntag eben nach Campo di Giove. Beide Skigebiete hatte ich zuletzt vor 2 Jahren auf dem Weg zum \u00c4tna besucht.<\/p>\n<p>An der Kasse in Campo di Giove (die ist jedes Mal wo anders) 30,- \u20ac f\u00fcr die Tageskarte abgedr\u00fcckt .. ok, letztes mal war ich auch unter der Woche da, wohl deshalb g\u00fcnstiger. Zudem stand ein Schild, dass eine Abfahrt geschlossen sei, war mir dann aber erst nicht ganz klar, welche geschlossen sein soll. Beide Talabfahrten waren pr\u00e4pariert mit Ausnahme eines der beiden Starth\u00e4nge der roten DSB-Abfahrt, aber auch am oberen SL hat&#8217;s normalweise 2-3 Abfahrten, wo nur eine frisch pr\u00e4pariert war, auf der zweiten lag wie offpiste etwas Neuschnee mit leider leichtem Bruchharsch. Generell recht wenig Schnee zu meinen bisherigen Besuchen.<\/p>\n<p>Wegen der vielen Fu\u00dfg\u00e4nger fuhr die DSB abschnittsweise recht langsam und statt aufzufirnen wurde die schwarze Abfahrt eher pappig. Auch der Rest war gegen 13h fast alles pappig, am SL ging es dann offpiste gut und 1,5h sp\u00e4ter war auch die schwarze wieder etwas angenehmer zu fahren&#8230; zumindest einmal.<\/p>\n<p>(Fotos anklicken zum Vergr\u00f6\u00dfern)<\/p>\n<p><a href='http:\/\/extra.inmontanis.info\/d\/52341-2\/ge20190302-05a.jpg'><img src=http:\/\/extra.inmontanis.info\/d\/52340-3\/ge20190302-05a.jpg \/><\/a><br \/>\nB) Campo di Giove<\/p>\n<p><a href='http:\/\/ski.inmontanis.info\/d\/258795-2\/DSC02413.jpg'><img src=http:\/\/ski.inmontanis.info\/d\/258794-3\/DSC02413.jpg \/><\/a><br \/>\n^ Majella<\/p>\n<p><a href='http:\/\/ski.inmontanis.info\/d\/258799-2\/DSC02414.jpg'><img src=http:\/\/ski.inmontanis.info\/d\/258798-3\/DSC02414.jpg \/><\/a><br \/>\n^ Fahrt richtung Campo di Giove<\/p>\n<p><a href='http:\/\/ski.inmontanis.info\/d\/258803-2\/DSC02415.jpg'><img src=http:\/\/ski.inmontanis.info\/d\/258802-3\/DSC02415.jpg \/><\/a><br \/>\n^ Majella<\/p>\n<p><a href='http:\/\/ski.inmontanis.info\/d\/258807-2\/DSC02420.jpg'><img src=http:\/\/ski.inmontanis.info\/d\/258806-3\/DSC02420.jpg \/><\/a><br \/>\n^ DSB. Landschaftlich doch mal ein Kontrast zur heurigen schweizer Saisonkarte<\/p>\n<p><a href='http:\/\/ski.inmontanis.info\/d\/258811-2\/DSC02422.jpg'><img src=http:\/\/ski.inmontanis.info\/d\/258810-3\/DSC02422.jpg \/><\/a><br \/>\n^ DSB<\/p>\n<p><a href='http:\/\/ski.inmontanis.info\/d\/258815-2\/DSC02425.jpg'><img src=http:\/\/ski.inmontanis.info\/d\/258814-3\/DSC02425.jpg \/><\/a><br \/>\n^ Die rote Abfahrt an der DSB links war dann vmtl. die offiziell gesperrte Abfahrt, war aber pr\u00e4pariert.<\/p>\n<p><a href='http:\/\/ski.inmontanis.info\/d\/258819-2\/DSC02427.jpg'><img src=http:\/\/ski.inmontanis.info\/d\/258818-3\/DSC02427.jpg \/><\/a><br \/>\n^ SL Serra Campanile<\/p>\n<p><a href='http:\/\/ski.inmontanis.info\/d\/258823-2\/DSC02429.jpg'><img src=http:\/\/ski.inmontanis.info\/d\/258822-3\/DSC02429.jpg \/><\/a><br \/>\n^ SL Serra Campanile<\/p>\n<p><a href='http:\/\/ski.inmontanis.info\/d\/258827-2\/DSC02430.jpg'><img src=http:\/\/ski.inmontanis.info\/d\/258826-3\/DSC02430.jpg \/><\/a><br \/>\n^ Vordere Abfahrt am SL Serra Campanile<\/p>\n<p><a href='http:\/\/ski.inmontanis.info\/d\/258831-2\/DSC02431.jpg'><img src=http:\/\/ski.inmontanis.info\/d\/258830-3\/DSC02431.jpg \/><\/a><br \/>\n^ Offpiste am SL, es gab leichten Bruchharsch, so dass man etwas aufpassen musste<\/p>\n<p><a href='http:\/\/ski.inmontanis.info\/d\/258835-2\/DSC02433.jpg'><img src=http:\/\/ski.inmontanis.info\/d\/258834-3\/DSC02433.jpg \/><\/a><br \/>\n^ Die r\u00fcckseitige, schwarze Talabfahrt vom SL zur DSB<\/p>\n<p><a href='http:\/\/ski.inmontanis.info\/d\/258839-2\/DSC02435.jpg'><img src=http:\/\/ski.inmontanis.info\/d\/258838-3\/DSC02435.jpg \/><\/a><br \/>\n^ Die r\u00fcckseitige, schwarze Talabfahrt vom SL zur DSB, hier der kurze, nette S\u00fcdhang<\/p>\n<p><a href='http:\/\/ski.inmontanis.info\/d\/258843-2\/DSC02436.jpg'><img src=http:\/\/ski.inmontanis.info\/d\/258842-3\/DSC02436.jpg \/><\/a><br \/>\n^ Die schwarze Talabfahrt, blieb leider etwas lang hart heute<\/p>\n<p><a href='http:\/\/ski.inmontanis.info\/d\/258847-2\/DSC02437.jpg'><img src=http:\/\/ski.inmontanis.info\/d\/258846-3\/DSC02437.jpg \/><\/a><br \/>\n^ schwarze Talabfahrt<\/p>\n<p><a href='http:\/\/ski.inmontanis.info\/d\/258851-2\/DSC02439.jpg'><img src=http:\/\/ski.inmontanis.info\/d\/258850-3\/DSC02439.jpg \/><\/a><br \/>\n^ SL Quartarana<\/p>\n<p><a href='http:\/\/ski.inmontanis.info\/d\/258855-2\/DSC02444.jpg'><img src=http:\/\/ski.inmontanis.info\/d\/258854-3\/DSC02444.jpg \/><\/a><br \/>\n^ SL Quartarana. Erschlie\u00dft keine eigenen Pisten, nur f\u00fcr die Anf\u00e4nger den leichteren, unteren Teil<\/p>\n<p><a href='http:\/\/ski.inmontanis.info\/d\/258859-2\/DSC02447.jpg'><img src=http:\/\/ski.inmontanis.info\/d\/258858-3\/DSC02447.jpg \/><\/a><br \/>\n^ Die rote DSB-Abfahrt war doch etwas steinig<\/p>\n<p><a href='http:\/\/ski.inmontanis.info\/d\/258863-2\/DSC02448.jpg'><img src=http:\/\/ski.inmontanis.info\/d\/258862-3\/DSC02448.jpg \/><\/a><br \/>\n^ .. also lieber \u00f6fters die schwarze fahren<\/p>\n<p><a href='http:\/\/ski.inmontanis.info\/d\/258867-2\/DSC02450.jpg'><img src=http:\/\/ski.inmontanis.info\/d\/258866-3\/DSC02450.jpg \/><\/a><br \/>\n^ .. allerdings kann man an der roten DSB-Abfahrt etwas offpiste fahren und es gab sch\u00f6neren Firn.<\/p>\n<p><a href='http:\/\/ski.inmontanis.info\/d\/258871-2\/DSC02454.jpg'><img src=http:\/\/ski.inmontanis.info\/d\/258870-3\/DSC02454.jpg \/><\/a><br \/>\n^ .. aber auf dem Weg man musste mit den Steinen schon sehr aufpassen<\/p>\n<p><a href='http:\/\/ski.inmontanis.info\/d\/258875-2\/DSC02455.jpg'><img src=http:\/\/ski.inmontanis.info\/d\/258874-3\/DSC02455.jpg \/><\/a><br \/>\n^ Die Grafferleiche steht auch noch<\/p>\n<p><a href='http:\/\/ski.inmontanis.info\/d\/258879-2\/DSC02456.jpg'><img src=http:\/\/ski.inmontanis.info\/d\/258878-3\/DSC02456.jpg \/><\/a><br \/>\n^ Ex-Korblift-Fundament<\/p>\n<p><a href='http:\/\/ski.inmontanis.info\/d\/258883-2\/DSC02458.jpg'><img src=http:\/\/ski.inmontanis.info\/d\/258882-3\/DSC02458.jpg \/><\/a><br \/>\n^ Einstieg DSB (F\u00f6rderband lief nicht) &#8211; das Korblift-Schild passt auch nicht mehr.<\/p>\n<p><a href='http:\/\/ski.inmontanis.info\/d\/258887-2\/DSC02460.jpg'><img src=http:\/\/ski.inmontanis.info\/d\/258886-3\/DSC02460.jpg \/><\/a><br \/>\n^ Auffahrt mit der DSB<\/p>\n<p><a href='http:\/\/ski.inmontanis.info\/d\/258891-2\/DSC02464.jpg'><img src=http:\/\/ski.inmontanis.info\/d\/258890-3\/DSC02464.jpg \/><\/a><br \/>\n^ DSB-Bergstation links, die Bergstation der geschlossenen, r\u00fcckseitige Gruppen-DSB rechts  oberhalb der Talstation des offenen SL rechts und der leider geschlossene SL in der Mitte. H\u00e4tte man Lifte in allen 4 Himmelsrichtungen<\/p>\n<p><a href='http:\/\/ski.inmontanis.info\/d\/258895-2\/DSC02467.jpg'><img src=http:\/\/ski.inmontanis.info\/d\/258894-3\/DSC02467.jpg \/><\/a><br \/>\n^ Offpiste am oberen SL<\/p>\n<p><a href='http:\/\/ski.inmontanis.info\/d\/258899-2\/DSC02470.jpg'><img src=http:\/\/ski.inmontanis.info\/d\/258898-3\/DSC02470.jpg \/><\/a><br \/>\n^ Offpiste am oberen SL, auf dieser Seite blieb es aber leider zu hart<\/p>\n<p><a href='http:\/\/ski.inmontanis.info\/d\/258903-2\/DSC02471.jpg'><img src=http:\/\/ski.inmontanis.info\/d\/258902-3\/DSC02471.jpg \/><\/a><br \/>\n^ SL Serra Campanile Offpiste links<\/p>\n<p><a href='http:\/\/ski.inmontanis.info\/d\/258907-2\/DSC02472.jpg'><img src=http:\/\/ski.inmontanis.info\/d\/258906-3\/DSC02472.jpg \/><\/a><br \/>\n^ SL Serra Campanile<\/p>\n<p><a href='http:\/\/ski.inmontanis.info\/d\/258911-2\/DSC02477.jpg'><img src=http:\/\/ski.inmontanis.info\/d\/258910-3\/DSC02477.jpg \/><\/a><br \/>\n^ Steiles Talpano<\/p>\n<p><a href='http:\/\/ski.inmontanis.info\/d\/258915-2\/DSC02480.jpg'><img src=http:\/\/ski.inmontanis.info\/d\/258914-3\/DSC02480.jpg \/><\/a><br \/>\n^ Offpiste am SL Serra Campanile, bis auf wenige Spuren links waren die Spuren neben der Piste von mir. Alles abgegrast.<\/p>\n<p><a href='http:\/\/ski.inmontanis.info\/d\/258919-2\/DSC02484.jpg'><img src=http:\/\/ski.inmontanis.info\/d\/258918-3\/DSC02484.jpg \/><\/a><br \/>\n^ Das F\u00f6rderband l\u00e4uft wohl maximal im Sommer (Tubing auf Matten) + wehm\u00fctiger Blick auf den stillgelegten SL<\/p>\n<p><a href='http:\/\/ski.inmontanis.info\/d\/258923-2\/DSC02485.jpg'><img src=http:\/\/ski.inmontanis.info\/d\/258922-3\/DSC02485.jpg \/><\/a><br \/>\n^ Wehm\u00fctiger Blick auf die beiden stillgelegten SL<\/p>\n<p><a href='http:\/\/ski.inmontanis.info\/d\/258927-2\/DSC03807.jpg'><img src=http:\/\/ski.inmontanis.info\/d\/258926-3\/DSC03807.jpg \/><\/a><br \/>\n^ Das Meer war heute eher schlecht zu sehen, hier in Infrarot<\/p>\n<p><a href='http:\/\/ski.inmontanis.info\/d\/258931-2\/DSC03811.jpg'><img src=http:\/\/ski.inmontanis.info\/d\/258930-3\/DSC03811.jpg \/><\/a><br \/>\n^ Wehm\u00fctiger Blick auf die beiden stillgelegten SL in IR<\/p>\n<p><a href='http:\/\/ski.inmontanis.info\/d\/258935-2\/DSC02493.jpg'><img src=http:\/\/ski.inmontanis.info\/d\/258934-3\/DSC02493.jpg \/><\/a><br \/>\n^ Weil ich das Teleobjektiv gerade drauf hatte ..<\/p>\n<p><a href='http:\/\/ski.inmontanis.info\/d\/258939-2\/DSC02495.jpg'><img src=http:\/\/ski.inmontanis.info\/d\/258938-3\/DSC02495.jpg \/><\/a><br \/>\n^ Noch wehm\u00fctigerer Blick auf den stillgelegten oberen SL. S\u00fcdhang, vmtl. toller Firn und ein weiter Hang.<\/p>\n<p><a href='http:\/\/ski.inmontanis.info\/d\/258943-2\/DSC02496.jpg'><img src=http:\/\/ski.inmontanis.info\/d\/258942-3\/DSC02496.jpg \/><\/a><br \/>\n^ Panorama von der schwarzen Abfahrt<\/p>\n<p><a href='http:\/\/ski.inmontanis.info\/d\/258947-2\/DSC02498.jpg'><img src=http:\/\/ski.inmontanis.info\/d\/258946-3\/DSC02498.jpg \/><\/a><br \/>\n^ Schwarze Abfahrt, nachmittags weicher. Wenig Schnee heuer.<\/p>\n<p><a href='http:\/\/ski.inmontanis.info\/d\/258951-2\/DSC02504.jpg'><img src=http:\/\/ski.inmontanis.info\/d\/258950-3\/DSC02504.jpg \/><\/a><br \/>\n^ Links die DSB, rechts die schwarze Abfahrt<\/p>\n<p><a href='http:\/\/ski.inmontanis.info\/d\/258955-2\/DSC02505.jpg'><img src=http:\/\/ski.inmontanis.info\/d\/258954-3\/DSC02505.jpg \/><\/a><br \/>\n^ Abfahrt bis zum Auto :-)<\/p>\n<p><a href='http:\/\/ski.inmontanis.info\/d\/258959-2\/ge20190303b.jpg'><img src=http:\/\/ski.inmontanis.info\/d\/258958-3\/ge20190303b.jpg \/><\/a><br \/>\n^ GPS-Track 3.3.2019 in Gelb, vorherige Besuche in Blau und die stillgelegten Lifte in Rot (SL) + Magenta (DSB)<\/p>\n<p>Auch wenn der Schnee nicht \u00fcberall ganz so gut wie sonst war, gefiel es mir trotzdem wieder recht gut. <\/p>\n<p>(Fortsetzung vom Sp\u00e4tnachmittag folgt.)<\/p>\n","protected":false},"excerpt":{"rendered":"<p>So, 3.3.2019 &#8211; MiniAppenniniTour Tag 2 Teil 1: Campo di Giove<\/p>\n<p>Piselli und Giove waren zwei der kleinen Appennin-Skigebiete, die meiner Erinnerung nach auch unter der Woche alles offen hatten. Fasching ist auch, also sollte das die n\u00e4chsten beiden Tage hoffentlich auch so sein, aber sicher wei\u00df man das ja nie. Da mir Campo di <a href=\"http:\/\/blog.inmontanis.info\/?p=5536\">[&#8230;]<\/a><\/p>\n","protected":false},"author":1,"featured_media":0,"comment_status":"closed","ping_status":"closed","sticky":false,"template":"","format":"standard","meta":{"footnotes":""},"categories":[175,516,15,27,32],"tags":[38,91,90,37,47],"class_list":["post-5536","post","type-post","status-publish","format-standard","hentry","category-2019-03-appennin","category-campo-di-giove","category-italienitaly","category-skifahren-winterskiing-winter","category-lostplaces","tag-dsb","tag-graffer","tag-infrarot","tag-meer","tag-sl","odd"],"_links":{"self":[{"href":"http:\/\/blog.inmontanis.info\/index.php?rest_route=\/wp\/v2\/posts\/5536","targetHints":{"allow":["GET"]}}],"collection":[{"href":"http:\/\/blog.inmontanis.info\/index.php?rest_route=\/wp\/v2\/posts"}],"about":[{"href":"http:\/\/blog.inmontanis.info\/index.php?rest_route=\/wp\/v2\/types\/post"}],"author":[{"embeddable":true,"href":"http:\/\/blog.inmontanis.info\/index.php?rest_route=\/wp\/v2\/users\/1"}],"replies":[{"embeddable":true,"href":"http:\/\/blog.inmontanis.info\/index.php?rest_route=%2Fwp%2Fv2%2Fcomments&post=5536"}],"version-history":[{"count":2,"href":"http:\/\/blog.inmontanis.info\/index.php?rest_route=\/wp\/v2\/posts\/5536\/revisions"}],"predecessor-version":[{"id":5538,"href":"http:\/\/blog.inmontanis.info\/index.php?rest_route=\/wp\/v2\/posts\/5536\/revisions\/5538"}],"wp:attachment":[{"href":"http:\/\/blog.inmontanis.info\/index.php?rest_route=%2Fwp%2Fv2%2Fmedia&parent=5536"}],"wp:term":[{"taxonomy":"category","embeddable":true,"href":"http:\/\/blog.inmontanis.info\/index.php?rest_route=%2Fwp%2Fv2%2Fcategories&post=5536"},{"taxonomy":"post_tag","embeddable":true,"href":"http:\/\/blog.inmontanis.info\/index.php?rest_route=%2Fwp%2Fv2%2Ftags&post=5536"}],"curies":[{"name":"wp","href":"https:\/\/api.w.org\/{rel}","templated":true}]}}