{"id":5531,"date":"2019-04-12T12:00:48","date_gmt":"2019-04-12T10:00:48","guid":{"rendered":"http:\/\/blog.inmontanis.info\/?p=5531"},"modified":"2019-05-29T20:39:45","modified_gmt":"2019-05-29T18:39:45","slug":"skandinavien-12-4-23-4-2019-bestof","status":"publish","type":"post","link":"http:\/\/blog.inmontanis.info\/?p=5531","title":{"rendered":"Skandinavien 12.4.-23.4.2019 &#8211; Intro\/BestOf"},"content":{"rendered":"<p>F\u00fcr 11,5 Tage ging es zur Abwechslung mal vor und \u00fcber Ostern nach Skandinavien. Grund f\u00fcr diesen Zeitraum w\u00e4re die Begleitung von Trincerone gewesen, der dann aber doch was anderes vor hatte &#8211; also bin ich halt alleine gefahren. Vorteil an diesem Zeitraum ist, dass es in Skandinavien Ferien hat und viele Skigebiete, die sonst nur am WE  untertags oder \u00fcberhaupt offen haben, auch die Woche vor Ostern ge\u00f6ffnet sind.<\/p>\n<p>Als Schwerpunkt wollte ich mir dann diesmal Schweden setzen &#8211; und im Allgemeinen m\u00f6glichst &#8220;unverdorbene Skigebiete&#8221; besuchen. Geworden sind es dann 5 Skitage in Schweden, 2 Skitage in Norwegen und 2 Skitage in Finnland. Die Fahrstrecke war &#8211; jenach z\u00e4hlweise &#8211; ca. 7.400-7.600 km. Die &#8220;Unverdorbenheit&#8221; ist auch in der Anzahl der gefahrenen Lifte zu erkennen:<\/p>\n<p>1x 8EUB<br \/>\n1x 4KSB<br \/>\n1x KSSL (leider nur 1 Fahrt, dann defekt und wurde noch mit 1 H\u00f6llenritt am Seil am Schneemobil ersetzt)<br \/>\nca. 40x SL<\/p>\n<p>.. und wenn man die 2 Tage in Yll\u00e4s abzieht, bleiben f\u00fcr die restlichen 7 Tage: 1 KSSL  + 20 SL<\/p>\n<p>Bis auf einen regnerischeren Tag und einen etwas wolkigeren Tag hatte ich fast nur Sonnenschein, zudem war es fr\u00fchlingshaft warm &#8211; am Ende der Reise gefror es nicht mal mehr in der Nacht, so dass auch der Schnee recht fr\u00fchlingshaft war. Ich hatte jedenfalls k\u00e4ltere Temperaturen bef\u00fcrchtet und zu viele warme Pullover dabei.<\/p>\n<p>Hier ein erstes kleines Best-Of, die Detailberichte werden vermutlich erst im Juni kommen. So viel aber sei schon gesagt: Es war sehr genial und ich kann mir gut vorstellen, \u00f6fters mal zu dieser Jahreszeit nach Skandinavien zu fahren.<\/p>\n<p>(Fotos anklicken zum Vergr\u00f6\u00dfern.)<\/p>\n<p><a href='http:\/\/extra.inmontanis.info\/d\/52757-2\/geScn2019i.jpg'><img src=http:\/\/extra.inmontanis.info\/d\/52756-3\/geScn2019i.jpg \/><\/a><br \/>\n^ Strecke und POI 12.-23.4.2019<\/p>\n<p><a href='http:\/\/extra.inmontanis.info\/d\/52387-2\/DSC03891.jpg'><img src=http:\/\/extra.inmontanis.info\/d\/52385-3\/DSC03891.jpg \/><\/a><br \/>\n^<\/p>\n<p><a href='http:\/\/extra.inmontanis.info\/d\/52391-2\/DSC04000.jpg'><img src=http:\/\/extra.inmontanis.info\/d\/52390-3\/DSC04000.jpg \/><\/a><br \/>\n^<\/p>\n<p><a href='http:\/\/extra.inmontanis.info\/d\/52395-2\/DSC04013.jpg'><img src=http:\/\/extra.inmontanis.info\/d\/52394-3\/DSC04013.jpg \/><\/a><br \/>\n^ wozu Gummi, ohne rasselt&#8217;s viel sch\u00f6ner ;-)<\/p>\n<p><a href='http:\/\/extra.inmontanis.info\/d\/52399-2\/DSC04047.jpg'><img src=http:\/\/extra.inmontanis.info\/d\/52398-3\/DSC04047.jpg \/><\/a><br \/>\n^ Schneebedecke Stra\u00dfen gab es nur selten<\/p>\n<p><a href='http:\/\/extra.inmontanis.info\/d\/52403-2\/DSC04092.jpg'><img src=http:\/\/extra.inmontanis.info\/d\/52402-3\/DSC04092.jpg \/><\/a><br \/>\n^<\/p>\n<p><a href='http:\/\/extra.inmontanis.info\/d\/52407-2\/DSC04319.jpg'><img src=http:\/\/extra.inmontanis.info\/d\/52406-3\/DSC04319.jpg \/><\/a><br \/>\n^ die verrostetsten Graffer-Lifte stehen in Skandinavien ;-)<\/p>\n<p><a href='http:\/\/extra.inmontanis.info\/d\/52411-2\/DSC04339.jpg'><img src=http:\/\/extra.inmontanis.info\/d\/52410-3\/DSC04339.jpg \/><\/a><br \/>\n^<\/p>\n<p><a href='http:\/\/extra.inmontanis.info\/d\/52415-2\/DSC04368.jpg'><img src=http:\/\/extra.inmontanis.info\/d\/52414-3\/DSC04368.jpg \/><\/a><br \/>\n^<\/p>\n<p><a href='http:\/\/extra.inmontanis.info\/d\/52419-2\/DSC04405.jpg'><img src=http:\/\/extra.inmontanis.info\/d\/52418-3\/DSC04405.jpg \/><\/a><br \/>\n^<\/p>\n<p><a href='http:\/\/extra.inmontanis.info\/d\/52423-2\/DSC04543.jpg'><img src=http:\/\/extra.inmontanis.info\/d\/52422-3\/DSC04543.jpg \/><\/a><br \/>\n^<\/p>\n<p><a href='http:\/\/extra.inmontanis.info\/d\/52427-2\/DSC04549.jpg'><img src=http:\/\/extra.inmontanis.info\/d\/52426-3\/DSC04549.jpg \/><\/a><br \/>\n^<\/p>\n<p><a href='http:\/\/extra.inmontanis.info\/d\/52431-2\/DSC04647.jpg'><img src=http:\/\/extra.inmontanis.info\/d\/52430-3\/DSC04647.jpg \/><\/a><br \/>\n^<\/p>\n<p><a href='http:\/\/extra.inmontanis.info\/d\/52435-2\/DSC04724.jpg'><img src=http:\/\/extra.inmontanis.info\/d\/52434-3\/DSC04724.jpg \/><\/a><br \/>\n^<\/p>\n<p><a href='http:\/\/extra.inmontanis.info\/d\/52439-2\/DSC04737.jpg'><img src=http:\/\/extra.inmontanis.info\/d\/52438-3\/DSC04737.jpg \/><\/a><br \/>\n^<\/p>\n<p><a href='http:\/\/extra.inmontanis.info\/d\/52443-2\/DSC04824.jpg'><img src=http:\/\/extra.inmontanis.info\/d\/52442-3\/DSC04824.jpg \/><\/a><br \/>\n^<\/p>\n<p><a href='http:\/\/extra.inmontanis.info\/d\/52447-2\/DSC04859.jpg'><img src=http:\/\/extra.inmontanis.info\/d\/52446-3\/DSC04859.jpg \/><\/a><br \/>\n^<\/p>\n<p><a href='http:\/\/extra.inmontanis.info\/d\/52451-2\/DSC05035.jpg'><img src=http:\/\/extra.inmontanis.info\/d\/52450-3\/DSC05035.jpg \/><\/a><br \/>\n^ kein Schimmel- sondern Lakritzeis<\/p>\n<p><a href='http:\/\/extra.inmontanis.info\/d\/52455-2\/DSC05050.jpg'><img src=http:\/\/extra.inmontanis.info\/d\/52454-3\/DSC05050.jpg \/><\/a><br \/>\n^ Hatte einige nette Zimmer um 80-90 \u20ac mit Fr\u00fchst\u00fcck.<\/p>\n<p><a href='http:\/\/extra.inmontanis.info\/d\/52459-2\/DSC05183.jpg'><img src=http:\/\/extra.inmontanis.info\/d\/52458-3\/DSC05183.jpg \/><\/a><br \/>\n^<\/p>\n<p><a href='http:\/\/extra.inmontanis.info\/d\/52463-2\/DSC05214.jpg'><img src=http:\/\/extra.inmontanis.info\/d\/52462-3\/DSC05214.jpg \/><\/a><br \/>\n^<\/p>\n<p><a href='http:\/\/extra.inmontanis.info\/d\/52467-2\/DSC05238.jpg'><img src=http:\/\/extra.inmontanis.info\/d\/52466-3\/DSC05238.jpg \/><\/a><br \/>\n^ Nicht-asphaltierte Stra\u00dfen hatte ich einige zu fahren<\/p>\n<p><a href='http:\/\/extra.inmontanis.info\/d\/52471-2\/DSC05331.jpg'><img src=http:\/\/extra.inmontanis.info\/d\/52470-3\/DSC05331.jpg \/><\/a><br \/>\n^<\/p>\n<p><a href='http:\/\/extra.inmontanis.info\/d\/52475-2\/DSC05371.jpg'><img src=http:\/\/extra.inmontanis.info\/d\/52474-3\/DSC05371.jpg \/><\/a><br \/>\n^<\/p>\n<p><a href='http:\/\/extra.inmontanis.info\/d\/52479-2\/DSC05500.jpg'><img src=http:\/\/extra.inmontanis.info\/d\/52478-3\/DSC05500.jpg \/><\/a><br \/>\n^<\/p>\n<p><a href='http:\/\/extra.inmontanis.info\/d\/52483-2\/DSC05509.jpg'><img src=http:\/\/extra.inmontanis.info\/d\/52482-3\/DSC05509.jpg \/><\/a><br \/>\n^<\/p>\n<p>(Fortsetzung folgt.)<\/p>\n","protected":false},"excerpt":{"rendered":"<p>F\u00fcr 11,5 Tage ging es zur Abwechslung mal vor und \u00fcber Ostern nach Skandinavien. Grund f\u00fcr diesen Zeitraum w\u00e4re die Begleitung von Trincerone gewesen, der dann aber doch was anderes vor hatte &#8211; also bin ich halt alleine gefahren. Vorteil an diesem Zeitraum ist, dass es in Skandinavien Ferien hat und viele Skigebiete, die sonst <a href=\"http:\/\/blog.inmontanis.info\/?p=5531\">[&#8230;]<\/a><\/p>\n","protected":false},"author":1,"featured_media":0,"comment_status":"closed","ping_status":"closed","sticky":false,"template":"","format":"standard","meta":{"footnotes":""},"categories":[176,20,18,19,27],"tags":[],"class_list":["post-5531","post","type-post","status-publish","format-standard","hentry","category-2019-04-skandinavien","category-finnlandfinland","category-norwegennorway","category-schwedensweden","category-skifahren-winterskiing-winter","odd"],"_links":{"self":[{"href":"http:\/\/blog.inmontanis.info\/index.php?rest_route=\/wp\/v2\/posts\/5531","targetHints":{"allow":["GET"]}}],"collection":[{"href":"http:\/\/blog.inmontanis.info\/index.php?rest_route=\/wp\/v2\/posts"}],"about":[{"href":"http:\/\/blog.inmontanis.info\/index.php?rest_route=\/wp\/v2\/types\/post"}],"author":[{"embeddable":true,"href":"http:\/\/blog.inmontanis.info\/index.php?rest_route=\/wp\/v2\/users\/1"}],"replies":[{"embeddable":true,"href":"http:\/\/blog.inmontanis.info\/index.php?rest_route=%2Fwp%2Fv2%2Fcomments&post=5531"}],"version-history":[{"count":6,"href":"http:\/\/blog.inmontanis.info\/index.php?rest_route=\/wp\/v2\/posts\/5531\/revisions"}],"predecessor-version":[{"id":5616,"href":"http:\/\/blog.inmontanis.info\/index.php?rest_route=\/wp\/v2\/posts\/5531\/revisions\/5616"}],"wp:attachment":[{"href":"http:\/\/blog.inmontanis.info\/index.php?rest_route=%2Fwp%2Fv2%2Fmedia&parent=5531"}],"wp:term":[{"taxonomy":"category","embeddable":true,"href":"http:\/\/blog.inmontanis.info\/index.php?rest_route=%2Fwp%2Fv2%2Fcategories&post=5531"},{"taxonomy":"post_tag","embeddable":true,"href":"http:\/\/blog.inmontanis.info\/index.php?rest_route=%2Fwp%2Fv2%2Ftags&post=5531"}],"curies":[{"name":"wp","href":"https:\/\/api.w.org\/{rel}","templated":true}]}}