{"id":5524,"date":"2019-03-02T18:30:27","date_gmt":"2019-03-02T17:30:27","guid":{"rendered":"http:\/\/blog.inmontanis.info\/?p=5524"},"modified":"2023-08-03T22:31:10","modified_gmt":"2023-08-03T20:31:10","slug":"campostella-campo-stella-2-3-2019","status":"publish","type":"post","link":"http:\/\/blog.inmontanis.info\/?p=5524","title":{"rendered":"Campostella \/ Campo Stella, 2.3.2019"},"content":{"rendered":"<p><strong>Sa, 2.3.2019 &#8211; MiniAppenniniTour Tag 1: Campo Stella \/ Campostella<\/strong><\/p>\n<p>Nach einer recht stressigen Arbeitswoche mit vielen \u00dcberstunden (abendliche Druckerumstellungen an 3 Abenden bis 20:30\/21.30 Uhr) wollte ich mir dieses WE wieder 3 Tage freinehmen. Das Wetter in den Saisonkartengebieten war eher mittelm\u00e4\u00dfig bis schlecht und ab MO noch schlechter vorhergesagt. Vor 2 Wochen hatte ich mir ja vorgenommen, mal nach Italien zu fahren und meine lieblingspiemonteser Skigebiete zu besuchen. Leider wurde in Frabosa der Moro-ESL bereits vor dem letzten WE eingestellt, so dass eine Fahrt dorthin nur halb so nett werden w\u00fcrde&#8230;<\/p>\n<p>Ich checkte nat\u00fcrlich auch die Schneeberichte im Appennin, wobei es im Norden recht unterschiedlich war &#8211; Febbio jedenfalls hatte 3SB+DSB zu, Abetone alles offen. Monte Catria hatte letztes WE noch offen (gestern Abend dann aber die 3SB geschlossen gemeldet, daher heute umdisponiert) und weiter s\u00fcdlich in und um die Abruzzen sah es generell etwas besser aus, meine Lieblingsgebiete Campo di Giove und Monte Piselli meldeten alles ge\u00f6ffnet. Bolognola hatte am oberen SL keinen Schnee (sah man auf der Webcam), den Rest offen, Campitello Matese h\u00e4tte auch alles offen, Majelletta liegt auch gut Schnee. Bei einigen (auch nicht aufgef\u00fchrten, alternativen) Skigebieten las ich, dass man auf Keycard umgestellt hat, teils deutlich, dass man sie kaufen muss, generell aber im Unklaren, ob fremde Keycards akzeptiert werden. Ich mag aber keine zus\u00e4tzlichen Karten mehr kaufen.<\/p>\n<p>Einige andere Skigebiete sind auch noch vom Erdbeben von vor einigen Jahren geschlossen (Ussita-Frontignano, Monte Prata &#8211; letztere evtl. eher, weil die Strasse zerst\u00f6rt ist), einige andere Gebiete wurden in den letzten 10 Jahren generell geschlossen oder haben weniger Lifte offen oder wurden modernisiert. Alles in Allem viel Nerviges dabei. Am \u00c4tna ging auch nur Etna Nord (dort alles), Etna S\u00fcd wg. zu wenig Schnee gar nix. Sonst w\u00e4r ich nat\u00fcrlich auch bis Sizilien gefahren :)<\/p>\n<p>Schlussendlich entschied ich mich aber doch dazu, in die Gegend zu fahren &#8211; sonnig gemeldet war auch und ich nahm mir noch den Dienstag frei, somit ich also 4 Tage h\u00e4tte, mit Campo di Giove am Sonntag und sonst mal schauen. Nach einigem Z\u00f6gern fiel die heutige Wahl auf Campostella, das ich seit dem Ersatz des ESL mit einer 4SB (und dem legend\u00e4ren Waldskitag mit Trincerone 2012) nicht mehr besucht hatte.  Mein erster Besuch war 2008, damals notierte ich noch &#8220;retro maximal&#8221; &#8211; ein alter Marchisio-ESL, ein alter Graffer-SL und ein alter Leitner-SL. Leider l\u00e4uft hier schon lange kein SL mehr, die Grafferleiche steht aber noch rum. Der vor einigen Jahren pr\u00e4sentierte projektierte Zusammenschluss mit Terminillo l\u00e4sst wohl auch auf sich warten.<\/p>\n<p>Um 2:30 Uhr stand ich auf, um 3 ging&#8217;s los, \u00fcber die Brennerbundesstrasse (weil heuer ja keine Jahresmaut) und dann die Autobahn bis Fiorli oder so (knapp 32 \u20ac Maut) und weiter auf der mautfreien blauen Autobahn SS3bis und \u00fcber einen Pass nach Leonessa, so war ich bereits um 11:15 an der Talstation. Die Tageskarte kostete 20,- \u20ac und fremde Skidata-Karten werden akzeptiert. <\/p>\n<p>Bei der Auffahrt mit der 4SB wird man mit Musik berieselt und die Talabfahrt ist wohl seit heute zu und unten recht steinig, au\u00dferdem wurde die auch verbreitert. Bin sie gegen 13 Uhr mal gefahren, aber dann erst wieder ganz zum Schluss. Die 4SB hat auch keine Mittelstation mehr, was auch schade ist, da das St\u00fcck Abfahrt recht nett war, so hat man halt jetzt nur noch die DSB. Die DSB-Afahrten sind aber noch nett, waren mittags tw. noch hart, tw. weich und tw. sch\u00f6n firnig.<\/p>\n<p>Um 13:45 hatte ich&#8217;s mal im Wald probiert, war aber eher nass-weich, wo es nicht noch hart war. Also nicht so genial firnig wie damals. Das Salsiccia-Panino mittags um 3,50 war zwar recht g\u00fcnstig, aber die Salsiccia nicht so typisch vom Geschmack her wie sonst gewohnt.<\/p>\n<p>(Fotos anklicken zum Vergr\u00f6\u00dfern)<\/p>\n<p><a href='http:\/\/extra.inmontanis.info\/d\/52341-2\/ge20190302-05a.jpg'><img src=http:\/\/extra.inmontanis.info\/d\/52340-3\/ge20190302-05a.jpg \/><\/a><br \/>\n^ Rot: Fahrstrecke 2.3.2019, von Innsbruck bis kurz vor B<br \/>\nA) Campostella<\/p>\n<p><a href='http:\/\/extra.inmontanis.info\/d\/52345-2\/DSC02321.jpg'><img src=http:\/\/extra.inmontanis.info\/d\/52344-3\/DSC02321.jpg \/><\/a><br \/>\n^ Italienische Autobahnen in der Poebene haben bei Stellen mit h\u00e4ufigem Nebel mittlerweile bei Bedarf beleuchtbare Pfosten, sehr angenehm zu fahren.<\/p>\n<p><a href='http:\/\/extra.inmontanis.info\/d\/52349-2\/DSC02324.jpg'><img src=http:\/\/extra.inmontanis.info\/d\/52348-3\/DSC02324.jpg \/><\/a><br \/>\n^ Morgend\u00e4mmerung mit Mond<\/p>\n<p><a href='http:\/\/extra.inmontanis.info\/d\/52353-2\/DSC02328.jpg'><img src=http:\/\/extra.inmontanis.info\/d\/52352-3\/DSC02328.jpg \/><\/a><br \/>\n^ Sonnenaufgang<\/p>\n<p><a href='http:\/\/extra.inmontanis.info\/d\/52357-2\/DSC02334.jpg'><img src=http:\/\/extra.inmontanis.info\/d\/52356-3\/DSC02334.jpg \/><\/a><br \/>\n^ SP471 Spoleto-Monteleone<\/p>\n<p><a href='http:\/\/extra.inmontanis.info\/d\/52361-2\/DSC02341.jpg'><img src=http:\/\/extra.inmontanis.info\/d\/52360-3\/DSC02341.jpg \/><\/a><br \/>\n^ SP471 Spoleto-Monteleone<\/p>\n<p><a href='http:\/\/extra.inmontanis.info\/d\/52365-2\/DSC02344.jpg'><img src=http:\/\/extra.inmontanis.info\/d\/52364-3\/DSC02344.jpg \/><\/a><br \/>\n^ Vor Leonessa<\/p>\n<p><a href='http:\/\/ski.inmontanis.info\/d\/258675-2\/DSC02348.jpg'><img src=http:\/\/ski.inmontanis.info\/d\/258674-3\/DSC02348.jpg \/><\/a><br \/>\n^ Leonessa &#8211; Monte Tilia, die gebrauchte DSB aus Auronzo als Ersatz des Korblifts ist mittlerweile im Sommer in Betrieb!<\/p>\n<p><a href='http:\/\/ski.inmontanis.info\/d\/258679-2\/DSC02352.jpg'><img src=http:\/\/ski.inmontanis.info\/d\/258678-3\/DSC02352.jpg \/><\/a><br \/>\n^ Talstation der 4SB, der Pistenplan links am Haus ist weg<\/p>\n<p><a href='http:\/\/ski.inmontanis.info\/d\/258683-2\/DSC02353.jpg'><img src=http:\/\/ski.inmontanis.info\/d\/258682-3\/DSC02353.jpg \/><\/a><br \/>\n^ Talabfahrt, vmtl. vor 1-2 Tagen noch offiziell offen, heute grenzwertig<\/p>\n<p><a href='http:\/\/ski.inmontanis.info\/d\/258687-2\/DSC02355.jpg'><img src=http:\/\/ski.inmontanis.info\/d\/258686-3\/DSC02355.jpg \/><\/a><br \/>\n^ Die 4er Sessel haben leider die nervigen Kindersicherungen, zudem Skik\u00f6cher<\/p>\n<p><a href='http:\/\/ski.inmontanis.info\/d\/258691-2\/DSC02356.jpg'><img src=http:\/\/ski.inmontanis.info\/d\/258690-3\/DSC02356.jpg \/><\/a><br \/>\n^ Talabfahrt, hier unten wars doch etwas steinig<\/p>\n<p><a href='http:\/\/ski.inmontanis.info\/d\/258695-2\/DSC02358.jpg'><img src=http:\/\/ski.inmontanis.info\/d\/258694-3\/DSC02358.jpg \/><\/a><br \/>\n^ Die ehemalige ESL-Mittelstation wurde aufgelassen, dadurch f\u00e4llt die nette, leichte Abfahrt links weg, sofern man nicht bis ins Tal fahren kann.<\/p>\n<p><a href='http:\/\/ski.inmontanis.info\/d\/258699-2\/DSC02359.jpg'><img src=http:\/\/ski.inmontanis.info\/d\/258698-3\/DSC02359.jpg \/><\/a><br \/>\n^ Daf\u00fcr gibts jetzt unter der Bergstation ein F\u00f6rderband<\/p>\n<p><a href='http:\/\/ski.inmontanis.info\/d\/258703-2\/DSC02365.jpg'><img src=http:\/\/ski.inmontanis.info\/d\/258702-3\/DSC02365.jpg \/><\/a><br \/>\n^ DSB mit der direkten schwarzen Abfahrt<\/p>\n<p><a href='http:\/\/ski.inmontanis.info\/d\/258707-2\/DSC02366.jpg'><img src=http:\/\/ski.inmontanis.info\/d\/258706-3\/DSC02366.jpg \/><\/a><br \/>\n^ DSB Bergstation<\/p>\n<p><a href='http:\/\/ski.inmontanis.info\/d\/258711-2\/DSC02367.jpg'><img src=http:\/\/ski.inmontanis.info\/d\/258710-3\/DSC02367.jpg \/><\/a><br \/>\n^ Schieben (muss man nicht nur in der Schweiz) zu den rechten DSB-Abfahrten<\/p>\n<p><a href='http:\/\/ski.inmontanis.info\/d\/258715-2\/DSC02368.jpg'><img src=http:\/\/ski.inmontanis.info\/d\/258714-3\/DSC02368.jpg \/><\/a><br \/>\n^ Rechte DSB-Abfahrten, die Varianten links waren schneem\u00e4\u00dfig heute anstrengend<\/p>\n<p><a href='http:\/\/ski.inmontanis.info\/d\/258719-2\/DSC02369.jpg'><img src=http:\/\/ski.inmontanis.info\/d\/258718-3\/DSC02369.jpg \/><\/a><br \/>\n^ Rechte DSB-Abfahrten<\/p>\n<p><a href='http:\/\/ski.inmontanis.info\/d\/258723-2\/DSC02370.jpg'><img src=http:\/\/ski.inmontanis.info\/d\/258722-3\/DSC02370.jpg \/><\/a><br \/>\n^ Linke DSB Abfahrt<\/p>\n<p><a href='http:\/\/ski.inmontanis.info\/d\/258727-2\/DSC02372.jpg'><img src=http:\/\/ski.inmontanis.info\/d\/258726-3\/DSC02372.jpg \/><\/a><br \/>\n^ Ex-Graffer-SL<\/p>\n<p><a href='http:\/\/ski.inmontanis.info\/d\/258731-2\/DSC02373.jpg'><img src=http:\/\/ski.inmontanis.info\/d\/258730-3\/DSC02373.jpg \/><\/a><br \/>\n^ Leichte linke DSB-Abfahrt zur 4SB Bergstation (wurde fr\u00fcher auch vom Graffer-SL erschlossen)<\/p>\n<p><a href='http:\/\/ski.inmontanis.info\/d\/258735-2\/DSC02374.jpg'><img src=http:\/\/ski.inmontanis.info\/d\/258734-3\/DSC02374.jpg \/><\/a><br \/>\n^ 4SB Bergstation und ehemalige ESL-Bergstation<\/p>\n<p><a href='http:\/\/ski.inmontanis.info\/d\/258739-2\/DSC02375.jpg'><img src=http:\/\/ski.inmontanis.info\/d\/258738-3\/DSC02375.jpg \/><\/a><br \/>\n^ Ex-Graffer-SL, paar Geh\u00e4nge liegen unten am Boden<\/p>\n<p><a href='http:\/\/ski.inmontanis.info\/d\/258743-2\/DSC02378.jpg'><img src=http:\/\/ski.inmontanis.info\/d\/258742-3\/DSC02378.jpg \/><\/a><br \/>\n^ Direkte schwarze Abfahrt an der DSB<\/p>\n<p><a href='http:\/\/ski.inmontanis.info\/d\/258747-2\/DSC02379.jpg'><img src=http:\/\/ski.inmontanis.info\/d\/258746-3\/DSC02379.jpg \/><\/a><br \/>\n^ Rechte Talabfahrt, unterhalb der DSB Talstation, toller Firnschnee hier<\/p>\n<p><a href='http:\/\/ski.inmontanis.info\/d\/258751-2\/DSC02380.jpg'><img src=http:\/\/ski.inmontanis.info\/d\/258750-3\/DSC02380.jpg \/><\/a><br \/>\n^ Rechte Talabfahrt; leider startet die DSB nicht ein St\u00fcck weiter unten<\/p>\n<p><a href='http:\/\/ski.inmontanis.info\/d\/258755-2\/DSC02382.jpg'><img src=http:\/\/ski.inmontanis.info\/d\/258754-3\/DSC02382.jpg \/><\/a><br \/>\n^ Das St\u00fcck der Talabfahrt wurde verbreitert und modelliert, vom rechten Hang kommt man kaum noch r\u00fcber.<\/p>\n<p><a href='http:\/\/ski.inmontanis.info\/d\/258759-2\/DSC02384.jpg'><img src=http:\/\/ski.inmontanis.info\/d\/258758-3\/DSC02384.jpg \/><\/a><br \/>\n^ Auch hier wurde die Talabfahrt etwas verbreitert. Leider viele Steine<\/p>\n<p><a href='http:\/\/ski.inmontanis.info\/d\/258763-2\/DSC02386.jpg'><img src=http:\/\/ski.inmontanis.info\/d\/258762-3\/DSC02386.jpg \/><\/a><br \/>\n^ Die legend\u00e4ren Waldvarianten (damals mit Trincerone unser Highlight) wollte ich auch probieren ..<\/p>\n<p><a href='http:\/\/ski.inmontanis.info\/d\/258767-2\/DSC02388.jpg'><img src=http:\/\/ski.inmontanis.info\/d\/258766-3\/DSC02388.jpg \/><\/a><br \/>\n^ .. aber der Schnee blieb doch recht schwer im Wald<\/p>\n<p><a href='http:\/\/ski.inmontanis.info\/d\/258771-2\/DSC02390.jpg'><img src=http:\/\/ski.inmontanis.info\/d\/258770-3\/DSC02390.jpg \/><\/a><br \/>\n^ Ex-Graffer-SL<\/p>\n<p><a href='http:\/\/ski.inmontanis.info\/d\/258775-2\/DSC02391.jpg'><img src=http:\/\/ski.inmontanis.info\/d\/258774-3\/DSC02391.jpg \/><\/a><br \/>\n^ Ex-Graffer-SL<\/p>\n<p><a href='http:\/\/ski.inmontanis.info\/d\/258779-2\/DSC02395.jpg'><img src=http:\/\/ski.inmontanis.info\/d\/258778-3\/DSC02395.jpg \/><\/a><br \/>\n^ Linke Talabfahrt bzw. Ex-Mittelstations-Abfahrt<\/p>\n<p><a href='http:\/\/ski.inmontanis.info\/d\/258783-2\/DSC02397.jpg'><img src=http:\/\/ski.inmontanis.info\/d\/258782-3\/DSC02397.jpg \/><\/a><br \/>\n^ Linke Talabfahrt, da musste ich abschnallen. W\u00e4r ich mal den Steilhang links gefahren ..<\/p>\n<p><a href='http:\/\/ski.inmontanis.info\/d\/258787-2\/DSC02399.jpg'><img src=http:\/\/ski.inmontanis.info\/d\/258786-3\/DSC02399.jpg \/><\/a><br \/>\n^ Linke Talabfahrt<\/p>\n<p><a href='http:\/\/ski.inmontanis.info\/d\/258791-2\/ge20190302b.jpg'><img src=http:\/\/ski.inmontanis.info\/d\/258790-3\/ge20190302b.jpg \/><\/a><br \/>\n^ GPS-Track 2.3.2019 in Gelb und die vorherigen Besuche 2008 und 2&#215;2012 in Blau<\/p>\n<p>Fazit: Wenn die Talabfahrt geht, ist das immer noch ein nettes Skigebiet f\u00fcr einen zumindest verk\u00fcrzten Tag. Und landschaftlich ist hier alles einfach etwas anders als in der Schweiz und den Alpen, wo ich heuer haupts\u00e4chlich unterwegs war, diese Abwechslung tut gut.<\/p>\n<p>\u00dcbernachtet wird in Popoli,  paar km vor Campo di Giove, um 36,- \u20ac mit Fr\u00fchst\u00fcck &#8211; so g\u00fcnstige Preise bin ich aufgrund der schweizer WE zuletzt nicht mehr gewohnt :) Mir kam das Bild vom Hotel auf booking.com etwas bekannt vor und meinte zu wissen, dass es an einer Kurve au\u00dferhalb des Ortes liegt. Meine beiden Navis sahen das Hotel von der Stra\u00dfe, auf der ich kam, in entgegengesetzten Richtungen, die eine Position kam mir komisch vor, also nahm ich erst mal die andere Richtung &#8211; dort lt. Navi war es aber auch nicht. Also noch 2 Kurven weiter gefahren &#8211; da war es. Witzig, kein Navi hatte das Hotel (trotz gleicher Hausnummer!) am richtigen Platz, aber meine Erinnerung tr\u00fcgte mich nicht. Ob ich hier mal a\u00df oder schlief? Letzteres wohl nicht, die Pizzeria unten kam mir unbekannt vor. Essen kostete dann 20 \u20ac (Nudeln mit Tr\u00fcffel (in den Abruzzen recht \u00fcblich + g\u00fcnstig) 8,- \u20ac , Salsicca 6,-, Pommes 3,-, 1l Mineralwasser 1,50, Gedeck 1,50.). <\/p>\n<p><a href='http:\/\/extra.inmontanis.info\/d\/52369-2\/DSC02409.jpg'><img src=http:\/\/extra.inmontanis.info\/d\/52368-3\/DSC02409.jpg \/><\/a><br \/>\n^ Leonessa-L&#8217;Auila, Gran Sasso<\/p>\n<p><a href='http:\/\/extra.inmontanis.info\/d\/52373-2\/DSC02410.jpg'><img src=http:\/\/extra.inmontanis.info\/d\/52372-3\/DSC02410.jpg \/><\/a><br \/>\n^ Hotelzimmer<\/p>\n<p><a href='http:\/\/extra.inmontanis.info\/d\/52377-2\/IMG_20190302_19314888_full_2x1.jpg'><img src=http:\/\/extra.inmontanis.info\/d\/52376-3\/IMG_20190302_19314888_full_2x1.jpg \/><\/a><br \/>\n^ Tr\u00fcffel-Nudeln<\/p>\n<p><a href='http:\/\/extra.inmontanis.info\/d\/52381-2\/IMG_20190302_19565020_full_2x1.jpg'><img src=http:\/\/extra.inmontanis.info\/d\/52380-3\/IMG_20190302_19565020_full_2x1.jpg \/><\/a><br \/>\n^ Salsiccia<\/p>\n<p>Im Zimmer gab es k\u00fcnstlichen Parf\u00fcmgeruch. Irgendwas wollen die wohl \u00fcberdecken.. Schimmel? Alter Rauch (obwohl Zimmer aktuell Nichtraucher)? Evtl. eher letzteres, weil meine Nase komplett verstopfte. Das WLAN im Restaurant war schnell, im Zimmer eher lahm und kaum zu gebrauchen. Musik vom Restaurant 3 Stockwerke tiefer h\u00f6rte man auch im Zimmer, aber die wurde vom L\u00fcfter der Heiz-Klimaanlage \u00fcbert\u00f6nt. Fr\u00fchst\u00fcck gibts morgen ab 7 Uhr &#8211; aber so fr\u00fch muss ich morgen ja egtl gar nicht weg. Das Fr\u00fchst\u00fccksbuffet war f\u00fcr italienische Verh\u00e4ltnisse recht gro\u00df, wenn auch keine Semmeln, so doch immerhin Toastbrot und auch Schinken+K\u00e4se, die \u00fcblichen Sachen und mehrere Kuchen- und Kekssorten.<\/p>\n<p>Kleiner Dashcam-Zusammenschnitt von heute:<br \/>\n<object style=\"height: 500px; width: 900px\"><param name=\"movie\" value=\"http:\/\/www.youtube.com\/v\/aD9A-mxKqLA\"><\/param><param name=\"wmode\" value=\"transparent\"><\/param><embed src=\"http:\/\/www.youtube.com\/v\/aD9A-mxKqLA\" type=\"application\/x-shockwave-flash\" wmode=\"transparent\"  width=\"900\" height=\"480\"><\/embed><\/object><\/p>\n<p>(Fortsetzung folgt.)<\/p>\n","protected":false},"excerpt":{"rendered":"<p>Sa, 2.3.2019 &#8211; MiniAppenniniTour Tag 1: Campo Stella \/ Campostella<\/p>\n<p>Nach einer recht stressigen Arbeitswoche mit vielen \u00dcberstunden (abendliche Druckerumstellungen an 3 Abenden bis 20:30\/21.30 Uhr) wollte ich mir dieses WE wieder 3 Tage freinehmen. Das Wetter in den Saisonkartengebieten war eher mittelm\u00e4\u00dfig bis schlecht und ab MO noch schlechter vorhergesagt. Vor 2 Wochen hatte <a href=\"http:\/\/blog.inmontanis.info\/?p=5524\">[&#8230;]<\/a><\/p>\n","protected":false},"author":1,"featured_media":0,"comment_status":"closed","ping_status":"closed","sticky":false,"template":"","format":"standard","meta":{"footnotes":""},"categories":[175,512,15,27],"tags":[49,38,91,47],"class_list":["post-5524","post","type-post","status-publish","format-standard","hentry","category-2019-03-appennin","category-campo-stella","category-italienitaly","category-skifahren-winterskiing-winter","tag-4sb","tag-dsb","tag-graffer","tag-sl","odd"],"_links":{"self":[{"href":"http:\/\/blog.inmontanis.info\/index.php?rest_route=\/wp\/v2\/posts\/5524","targetHints":{"allow":["GET"]}}],"collection":[{"href":"http:\/\/blog.inmontanis.info\/index.php?rest_route=\/wp\/v2\/posts"}],"about":[{"href":"http:\/\/blog.inmontanis.info\/index.php?rest_route=\/wp\/v2\/types\/post"}],"author":[{"embeddable":true,"href":"http:\/\/blog.inmontanis.info\/index.php?rest_route=\/wp\/v2\/users\/1"}],"replies":[{"embeddable":true,"href":"http:\/\/blog.inmontanis.info\/index.php?rest_route=%2Fwp%2Fv2%2Fcomments&post=5524"}],"version-history":[{"count":6,"href":"http:\/\/blog.inmontanis.info\/index.php?rest_route=\/wp\/v2\/posts\/5524\/revisions"}],"predecessor-version":[{"id":5530,"href":"http:\/\/blog.inmontanis.info\/index.php?rest_route=\/wp\/v2\/posts\/5524\/revisions\/5530"}],"wp:attachment":[{"href":"http:\/\/blog.inmontanis.info\/index.php?rest_route=%2Fwp%2Fv2%2Fmedia&parent=5524"}],"wp:term":[{"taxonomy":"category","embeddable":true,"href":"http:\/\/blog.inmontanis.info\/index.php?rest_route=%2Fwp%2Fv2%2Fcategories&post=5524"},{"taxonomy":"post_tag","embeddable":true,"href":"http:\/\/blog.inmontanis.info\/index.php?rest_route=%2Fwp%2Fv2%2Ftags&post=5524"}],"curies":[{"name":"wp","href":"https:\/\/api.w.org\/{rel}","templated":true}]}}