{"id":5517,"date":"2019-02-25T20:28:35","date_gmt":"2019-02-25T19:28:35","guid":{"rendered":"http:\/\/blog.inmontanis.info\/?p=5517"},"modified":"2023-08-05T15:40:32","modified_gmt":"2023-08-05T13:40:32","slug":"disentis-25-2-2019","status":"publish","type":"post","link":"http:\/\/blog.inmontanis.info\/?p=5517","title":{"rendered":"Disentis, 25.2.2019"},"content":{"rendered":"<p><strong>Mo, 25.2.2019: Disentis<\/strong><\/p>\n<p>Heute ging es also endlich mal f\u00fcr einen Tag nach Disentis. H\u00e4tte ich mir beim Kauf der 5-Berge&#038;Co-Karte auch nicht gedacht, dass ich den ersten der 3 freien Tage erst Ende Februar einl\u00f6sen werde. Aber im Dezember war&#8217;s hier ja auch recht schneearm und es gab keinen lohnenswerten fr\u00fcheren Saisonstart. Ob ich die restlichen 2 Tage noch unterbring, darf also bezweifelt werden, au\u00dfer heute w\u00e4re nicht alles in Betrieb. Das Skigebiet kannte ich ja schon etwas von den Himmelfahrt-\u00d6ffnungen im Mai, daher fuhr ich die beiden 4KSB nur soweit n\u00f6tig, wobei da eh einiges los war heute. Die beiden SL \u00e4rgerten mich aber, weil oben jeweils nicht vern\u00fcnftig weit hinauf erschlossen. <\/p>\n<p>Aufgrund der Ost- und S\u00fcdh\u00e4nge wurde es recht schnell sch\u00f6n weich auf den Pisten, nachmittags entsprechend tiefer aufgesulzt oder auch wieder etwas angefroren. Zu vergessen waren auch die \u00c4lplermagronen mit Schinken an der Bergstation 4KSB Lai Alv, die geh\u00f6rten eher in meine Flop-5.<\/p>\n<p>Die schwarze Talabfahrt + auch die Talskiroute, die beide schon offiziell gesperrt waren, machten mir heute am meisten Spa\u00df, gleich 2x nach dem Mittagessen gefahren. Um 14:30 hatte ich genug vom Skigebiet, der Schnee war auch gr\u00f6\u00dftenteils nervig jetzt und ich fuhr nochmals die Talabfahrt+Route, aber in den schattigen Bereichen unten wurde es doch schon recht giftig. Fuhr nochmals rauf und unten dann die &#8220;normale&#8221; schwarze Abfahrt, \u00fcber die ich fast bis zum Auto abfahren k\u00f6nnte.. aber weil die unten noch sch\u00f6n weich und restschneem\u00e4\u00dfig witzig war, fuhr ich nochmals rauf und ein bisschen anders runter.<\/p>\n<p>(Fotos anklicken zum Vergr\u00f6\u00dfern)<\/p>\n<p><a href='http:\/\/ski.inmontanis.info\/d\/258519-2\/DSC02165.jpg'><img src=http:\/\/ski.inmontanis.info\/d\/258518-3\/DSC02165.jpg \/><\/a><br \/>\n^ Vom kostenlosen Parkplatz muss man auch nicht viel weiter zur PB gehen als vom kostenpflichtigen weiter oben &#8211; und kann via Talabfahrt auch fast bis runter fahren.<\/p>\n<p><a href='http:\/\/ski.inmontanis.info\/d\/258523-2\/DSC02167.jpg'><img src=http:\/\/ski.inmontanis.info\/d\/258522-3\/DSC02167.jpg \/><\/a><br \/>\n^ Pistenplan<\/p>\n<p><a href='http:\/\/ski.inmontanis.info\/d\/258527-2\/DSC02171.jpg'><img src=http:\/\/ski.inmontanis.info\/d\/258526-3\/DSC02171.jpg \/><\/a><br \/>\n^ PB &#8211; war nicht fr\u00fcher der Parkplatz hier irgendwo?<\/p>\n<p><a href='http:\/\/ski.inmontanis.info\/d\/258531-2\/DSC02179.jpg'><img src=http:\/\/ski.inmontanis.info\/d\/258530-3\/DSC02179.jpg \/><\/a><br \/>\n^ Talskiroute (2 Varianten, ich hab nur die rechte genommen)<\/p>\n<p><a href='http:\/\/ski.inmontanis.info\/d\/258535-2\/DSC02185.jpg'><img src=http:\/\/ski.inmontanis.info\/d\/258534-3\/DSC02185.jpg \/><\/a><br \/>\n^ Schwarze Talabfahrt (nicht pr\u00e4pariert, da offiziell zu)<\/p>\n<p><a href='http:\/\/ski.inmontanis.info\/d\/258539-2\/DSC02210.jpg'><img src=http:\/\/ski.inmontanis.info\/d\/258538-3\/DSC02210.jpg \/><\/a><br \/>\n^ Sektion 2 4KSB Gendusas<\/p>\n<p><a href='http:\/\/ski.inmontanis.info\/d\/258543-2\/DSC02219.jpg'><img src=http:\/\/ski.inmontanis.info\/d\/258542-3\/DSC02219.jpg \/><\/a><br \/>\n^ Blick r\u00fcber zur nett trassierten 3SB Parlets<\/p>\n<p><a href='http:\/\/ski.inmontanis.info\/d\/258547-2\/DSC02225.jpg'><img src=http:\/\/ski.inmontanis.info\/d\/258546-3\/DSC02225.jpg \/><\/a><br \/>\n^ Sektion 2-3 4KSB Gendusas + Lai Alv<\/p>\n<p><a href='http:\/\/ski.inmontanis.info\/d\/258551-2\/DSC02230.jpg'><img src=http:\/\/ski.inmontanis.info\/d\/258550-3\/DSC02230.jpg \/><\/a><br \/>\n^ SL Pez Ault, auch rech flach<\/p>\n<p><a href='http:\/\/ski.inmontanis.info\/d\/258555-2\/DSC02233.jpg'><img src=http:\/\/ski.inmontanis.info\/d\/258554-3\/DSC02233.jpg \/><\/a><br \/>\n^ SL Pez Ault, da \u00e4rger ich mich auch jedes Mal, dass diese nette Scharte weiter hinauf nicht erschlossen ist.<\/p>\n<p><a href='http:\/\/ski.inmontanis.info\/d\/258559-2\/DSC02238.jpg'><img src=http:\/\/ski.inmontanis.info\/d\/258558-3\/DSC02238.jpg \/><\/a><br \/>\n^ SL Dadens, da ist es allerdings noch extremer\/\u00e4rgerlicher, der Ausstieg des SL ist einen H\u00fcgel unter der Bergstation und der H\u00fcgel dar\u00fcber w\u00e4re eigentlich w\u00fcnschenswert als Ausstieg.<\/p>\n<p><a href='http:\/\/ski.inmontanis.info\/d\/258563-2\/DSC02249.jpg'><img src=http:\/\/ski.inmontanis.info\/d\/258562-3\/DSC02249.jpg \/><\/a><br \/>\n^ SL Dadens; was bleibt ist ein kurzer interessanter Hang, danach muss man in Schuss fahren, dass man das Flachst\u00fcck mit anschlie\u00dfender Steigung \u00fcbersteht. Schwach.<\/p>\n<p><a href='http:\/\/ski.inmontanis.info\/d\/258567-2\/DSC02250.jpg'><img src=http:\/\/ski.inmontanis.info\/d\/258566-3\/DSC02250.jpg \/><\/a><br \/>\n^ SL Dadens. Einzig optisch nett.<\/p>\n<p><a href='http:\/\/ski.inmontanis.info\/d\/258571-2\/DSC02252.jpg'><img src=http:\/\/ski.inmontanis.info\/d\/258570-3\/DSC02252.jpg \/><\/a><br \/>\n^ Verbindungsabfahrt zur 3SB Parlets<\/p>\n<p><a href='http:\/\/ski.inmontanis.info\/d\/258575-2\/DSC02255.jpg'><img src=http:\/\/ski.inmontanis.info\/d\/258574-3\/DSC02255.jpg \/><\/a><br \/>\n^ Abfahrt 3SB Parlets. Leider hat&#8217;s hier nur 1 Abfahrt.<\/p>\n<p><a href='http:\/\/ski.inmontanis.info\/d\/258579-2\/DSC02256.jpg'><img src=http:\/\/ski.inmontanis.info\/d\/258578-3\/DSC02256.jpg \/><\/a><br \/>\n^ 3SB Parlets<\/p>\n<p><a href='http:\/\/ski.inmontanis.info\/d\/258583-2\/DSC02258.jpg'><img src=http:\/\/ski.inmontanis.info\/d\/258582-3\/DSC02258.jpg \/><\/a><br \/>\n^ SL Dadens. Schaut von hier aus ja gar nicht so flach aus, aber 2\/3 der linken Abfahrt sind leider zu flach zum Kurvenfahren, u.a. weil man im Mittelteil in Schuss fahren muss, dass man den Gegenanstieg schafft.<\/p>\n<p><a href='http:\/\/ski.inmontanis.info\/d\/258587-2\/DSC02260.jpg'><img src=http:\/\/ski.inmontanis.info\/d\/258586-3\/DSC02260.jpg \/><\/a><br \/>\n^ 3SB Parlets und die neue PB aus Sedrun, die noch nicht in Betrieb ist.<\/p>\n<p><a href='http:\/\/ski.inmontanis.info\/d\/258591-2\/DSC02261.jpg'><img src=http:\/\/ski.inmontanis.info\/d\/258590-3\/DSC02261.jpg \/><\/a><br \/>\n^ PB von Sedrun, neuer Zubgringer ins Skigebiet<\/p>\n<p><a href='http:\/\/ski.inmontanis.info\/d\/258595-2\/IMG_20190225_11205050_full_2x1.jpg'><img src=http:\/\/ski.inmontanis.info\/d\/258594-3\/IMG_20190225_11205050_full_2x1.jpg \/><\/a><br \/>\n^ Die \u00c4lplermaccaroni waren leider auch zu vergessen.<\/p>\n<p><a href='http:\/\/ski.inmontanis.info\/d\/258599-2\/DSC02264.jpg'><img src=http:\/\/ski.inmontanis.info\/d\/258598-3\/DSC02264.jpg \/><\/a><br \/>\n^ Talabfahrt an der PB, das einzige, was mir heute den Tag gerettet hat<\/p>\n<p><a href='http:\/\/ski.inmontanis.info\/d\/258603-2\/DSC02265.jpg'><img src=http:\/\/ski.inmontanis.info\/d\/258602-3\/DSC02265.jpg \/><\/a><br \/>\n^ Talabfahrt an der PB<\/p>\n<p><a href='http:\/\/ski.inmontanis.info\/d\/258607-2\/DSC02267.jpg'><img src=http:\/\/ski.inmontanis.info\/d\/258606-3\/DSC02267.jpg \/><\/a><br \/>\n^ Talabfahrt an der PB, nett trassiert, schmal, Gratabfahrt, ..<\/p>\n<p><a href='http:\/\/ski.inmontanis.info\/d\/258611-2\/DSC02270.jpg'><img src=http:\/\/ski.inmontanis.info\/d\/258610-3\/DSC02270.jpg \/><\/a><br \/>\n^ Na gut, das St\u00fcck der Talabfahrt war etwas nerviger. Umfahrung rechts via Skiweg m\u00f6glich<\/p>\n<p><a href='http:\/\/ski.inmontanis.info\/d\/258615-2\/DSC02274.jpg'><img src=http:\/\/ski.inmontanis.info\/d\/258614-3\/DSC02274.jpg \/><\/a><br \/>\n^ Talskiroute (die zweigt im unteren Bereich auf der rechten Seite ab)<\/p>\n<p><a href='http:\/\/ski.inmontanis.info\/d\/258619-2\/DSC02278.jpg'><img src=http:\/\/ski.inmontanis.info\/d\/258618-3\/DSC02278.jpg \/><\/a><br \/>\n^ PB und Talabfahrt<\/p>\n<p><a href='http:\/\/ski.inmontanis.info\/d\/258623-2\/DSC02281.jpg'><img src=http:\/\/ski.inmontanis.info\/d\/258622-3\/DSC02281.jpg \/><\/a><br \/>\n^ Talskiroute, alternativer Einstieg (man kann auch einfach noch eine Kehre auf dem Weg fahren, aber das hier macht mehr Spa\u00df)<\/p>\n<p><a href='http:\/\/ski.inmontanis.info\/d\/258627-2\/DSC02282.jpg'><img src=http:\/\/ski.inmontanis.info\/d\/258626-3\/DSC02282.jpg \/><\/a><br \/>\n^ Talskiroute, spa\u00dfig<\/p>\n<p><a href='http:\/\/ski.inmontanis.info\/d\/258631-2\/DSC02285.jpg'><img src=http:\/\/ski.inmontanis.info\/d\/258630-3\/DSC02285.jpg \/><\/a><br \/>\n^ Ende der Talabfahrt, man konnte noch bis zur Br\u00fccke fahren. Danch \u00fcber selbige laufen und mit dem Aufzug zur PB rauf.<\/p>\n<p><a href='http:\/\/ski.inmontanis.info\/d\/258635-2\/DSC02289.jpg'><img src=http:\/\/ski.inmontanis.info\/d\/258634-3\/DSC02289.jpg \/><\/a><br \/>\n^ PB und neuer Parkplatz<\/p>\n<p><a href='http:\/\/ski.inmontanis.info\/d\/258639-2\/DSC02293.jpg'><img src=http:\/\/ski.inmontanis.info\/d\/258638-3\/DSC02293.jpg \/><\/a><br \/>\n^ PB<\/p>\n<p><a href='http:\/\/ski.inmontanis.info\/d\/258643-2\/DSC02300.jpg'><img src=http:\/\/ski.inmontanis.info\/d\/258642-3\/DSC02300.jpg \/><\/a><br \/>\n^ 3SB Parlets. Etwas, was mich in der Schweiz heuer auch sehr oft genervt hat: Dass man vom Ausstieg einer Sesselbahn zur Piste so h\u00e4ufig erst mal schieben muss. Und leider keine Schr\u00e4gfahrten hier, weil Zaun<\/p>\n<p><a href='http:\/\/ski.inmontanis.info\/d\/258647-2\/DSC02302.jpg'><img src=http:\/\/ski.inmontanis.info\/d\/258646-3\/DSC02302.jpg \/><\/a><br \/>\n^ Gratvariante Offpiste an der 3SB Parlets, auch nett.<\/p>\n<p><a href='http:\/\/ski.inmontanis.info\/d\/258651-2\/DSC02305.jpg'><img src=http:\/\/ski.inmontanis.info\/d\/258650-3\/DSC02305.jpg \/><\/a><br \/>\n^ 3SB Parlets &#8211; ist das irgendeine Kunstinstallation, eine Protestaktion oder warum hat man den armen Stoffb\u00e4ren hier festgebunden? Soll man das irgendwie lustig finden? Ok, besser als auf der M\u00fcllhalde.<\/p>\n<p><a href='http:\/\/ski.inmontanis.info\/d\/258655-2\/DSC02307.jpg'><img src=http:\/\/ski.inmontanis.info\/d\/258654-3\/DSC02307.jpg \/><\/a><br \/>\n^ Nein, kein Hochspannungsmast, sondern die PB-St\u00fctze, unter der man hier wahlfrei offpiste fahren kann ;-)<\/p>\n<p><a href='http:\/\/ski.inmontanis.info\/d\/258659-2\/DSC02309.jpg'><img src=http:\/\/ski.inmontanis.info\/d\/258658-3\/DSC02309.jpg \/><\/a><br \/>\n^ Die offizielle Talabfahrt (ja, war nat\u00fcrlich gesperrt), gibt 2 M\u00f6glichkeiten zum Queren, hier unten oder oben der Weg. Hier unten wars dann besser, oben war mal ein St\u00fcck aper.<\/p>\n<p><a href='http:\/\/ski.inmontanis.info\/d\/258663-2\/DSC02311.jpg'><img src=http:\/\/ski.inmontanis.info\/d\/258662-3\/DSC02311.jpg \/><\/a><br \/>\n^ Talabfahrt, Starli-Style-Restschnee, gef\u00e4llt.<\/p>\n<p><a href='http:\/\/ski.inmontanis.info\/d\/258667-2\/DSC02316.jpg'><img src=http:\/\/ski.inmontanis.info\/d\/258666-3\/DSC02316.jpg \/><\/a><br \/>\n^ Mit etwas Schauen konnte man bis zum unteren Parkplatz fahren.<\/p>\n<p><a href='http:\/\/ski.inmontanis.info\/d\/258671-2\/ge20190225e.jpg'><img src=http:\/\/ski.inmontanis.info\/d\/258670-3\/ge20190225e.jpg \/><\/a><br \/>\n^ GPS-Track 25.2.2019 in Orange und die beiden vorherigen Mai-Besuche in Blau.<\/p>\n<p>Fazit: Chur gestern gefiel mir besser und auf die zwei anderen freien Tage hier werde ich verzichten. Da fahr ich lieber stattdessen nochmal in Bayern oder dann mit dem Magicpass ins Wallis. Aber n\u00e4chste Woche brauch ich erst mal eine Dosis Bella Italia, Piemonte o Appennino.<\/p>\n","protected":false},"excerpt":{"rendered":"<p>Mo, 25.2.2019: Disentis<\/p>\n<p>Heute ging es also endlich mal f\u00fcr einen Tag nach Disentis. H\u00e4tte ich mir beim Kauf der 5-Berge&#038;Co-Karte auch nicht gedacht, dass ich den ersten der 3 freien Tage erst Ende Februar einl\u00f6sen werde. Aber im Dezember war&#8217;s hier ja auch recht schneearm und es gab keinen lohnenswerten fr\u00fcheren Saisonstart. Ob ich <a href=\"http:\/\/blog.inmontanis.info\/?p=5517\">[&#8230;]<\/a><\/p>\n","protected":false},"author":1,"featured_media":0,"comment_status":"closed","ping_status":"closed","sticky":false,"template":"","format":"standard","meta":{"footnotes":""},"categories":[747,14,27,81],"tags":[55,49,52,78,47],"class_list":["post-5517","post","type-post","status-publish","format-standard","hentry","category-disentis","category-swiss","category-skifahren-winterskiing-winter","category-kurztrips","tag-3sb","tag-4sb","tag-pb","tag-restschnee","tag-sl","odd"],"_links":{"self":[{"href":"http:\/\/blog.inmontanis.info\/index.php?rest_route=\/wp\/v2\/posts\/5517","targetHints":{"allow":["GET"]}}],"collection":[{"href":"http:\/\/blog.inmontanis.info\/index.php?rest_route=\/wp\/v2\/posts"}],"about":[{"href":"http:\/\/blog.inmontanis.info\/index.php?rest_route=\/wp\/v2\/types\/post"}],"author":[{"embeddable":true,"href":"http:\/\/blog.inmontanis.info\/index.php?rest_route=\/wp\/v2\/users\/1"}],"replies":[{"embeddable":true,"href":"http:\/\/blog.inmontanis.info\/index.php?rest_route=%2Fwp%2Fv2%2Fcomments&post=5517"}],"version-history":[{"count":3,"href":"http:\/\/blog.inmontanis.info\/index.php?rest_route=\/wp\/v2\/posts\/5517\/revisions"}],"predecessor-version":[{"id":9156,"href":"http:\/\/blog.inmontanis.info\/index.php?rest_route=\/wp\/v2\/posts\/5517\/revisions\/9156"}],"wp:attachment":[{"href":"http:\/\/blog.inmontanis.info\/index.php?rest_route=%2Fwp%2Fv2%2Fmedia&parent=5517"}],"wp:term":[{"taxonomy":"category","embeddable":true,"href":"http:\/\/blog.inmontanis.info\/index.php?rest_route=%2Fwp%2Fv2%2Fcategories&post=5517"},{"taxonomy":"post_tag","embeddable":true,"href":"http:\/\/blog.inmontanis.info\/index.php?rest_route=%2Fwp%2Fv2%2Ftags&post=5517"}],"curies":[{"name":"wp","href":"https:\/\/api.w.org\/{rel}","templated":true}]}}