{"id":5509,"date":"2019-02-23T20:54:50","date_gmt":"2019-02-23T19:54:50","guid":{"rendered":"http:\/\/blog.inmontanis.info\/?p=5509"},"modified":"2023-08-05T22:09:29","modified_gmt":"2023-08-05T20:09:29","slug":"kossen-wendelstein-23-2-2019","status":"publish","type":"post","link":"http:\/\/blog.inmontanis.info\/?p=5509","title":{"rendered":"K\u00f6ssen &#038; Wendelstein, 23.2.2019"},"content":{"rendered":"<p><strong>Sa, 23.2.2019: K\u00f6ssen &#038; Wendelstein<\/strong><\/p>\n<p>Dieses WE nahm ich mir wieder am Montag frei, wollte aber nicht schon wieder zum Genfersee fahren. Piemont evtl. n\u00e4chstes WE und somit dieses WE ein bisschen auf die 5-Berge-Karte. Weil evtl. weniger los, w\u00e4re Montag der Wendelstein dran, SA+SO einen Tag Disentis (ja 3 freie Tage) und der andere Tag .. irgendwas in der Lombardei oder Schweiz. Beim Durchgehen der Gebiete fiel mir ein, dass ich ja heuer nach Chur wollte, falls die den Skibetrieb einstellen oder zumindet die 4EUB in K\u00fcrze ersetzen sollten. Leider gab es keine sinnvolle Unterkunfstsschnittmenge aus Preis, Bewertung, Ausstattung und N\u00e4he von SA auf SO. Zimmer mit Etagen-DU\/WC zwischen 35 und 65,- gab es zwar einige, aber dann passte wieder der Rest (zB manche Bewertung, laut und Rauch vom Barbereich etc.) nicht. Spa\u00dfeshalber suchte ich noch von SO auf MO und tats\u00e4chlich war da ein EZ miz DU\/WC unter 50,- in Sedrun mit recht guter Bewertung. Ok, d.h. dann also SO Chur und MO Disentis. Und eben am SA was in Deutschland.<\/p>\n<p>Samstag ginge auch Hochfelln (die haben nur FR\/SA\/SO offen), also wollte ich dort hin, und je nachdem wie lang ich es aushalte, mit Kampenwand oder K\u00f6ssen verbinden. Da ich etwas sp\u00e4ter dran war und zum Betriebsbeginn in K\u00f6ssen sein w\u00fcrde, fuhr ich erst dort hin. Leider sehr eisig harte Pisten, im Sessel kalt, bin nicht lang geblieben.<\/p>\n<p>(Fotos anklicken zum Vergr\u00f6\u00dfern)<\/p>\n<p><a href='http:\/\/ski.inmontanis.info\/d\/258143-2\/DSC01880.jpg'><img src=http:\/\/ski.inmontanis.info\/d\/258142-3\/DSC01880.jpg \/><\/a><br \/>\n^ Nebelmeer<\/p>\n<p><a href='http:\/\/ski.inmontanis.info\/d\/258147-2\/DSC01886.jpg'><img src=http:\/\/ski.inmontanis.info\/d\/258146-3\/DSC01886.jpg \/><\/a><br \/>\n^ Nebelmeer<\/p>\n<p>Also weiter zum Hochfelln, wo ich um 10:45 ankam. Dort 2,- Parkgeb\u00fchren f\u00fcr den ganzen Tag bezahlt und zur PB gehechtet, die in 10min fahren sollte. Skipass soll man hier austauschen lassen. Vor der Kasse dann die Tafel der offenen Pisten: Abfahrten und Routen an der PB oben gesperrt. Was zum?? Nachgefragt an der Kasse, ja, die &#8220;Hauptabfahrt ist jetzt geschlossen&#8221;. Nur f\u00fcr den SL an der Mittelstation wollt ich jedenfalls nicht rauf und somit die 2,- \u20ac Parkgeb\u00fchren sinnloserweise bezahlt. Boah, \u00e4rgerlich!! <\/p>\n<p>Sodann weiter zu .. hm, Wendelstein, sollte ich um 11:35 dort sein und die ZRB um 12 Uhr fahren k\u00f6nnen. Kurz beim McD gehalten und im McDrive was mitgenommen und am Inntaldreieck ab der A93 Stau gehabt. Um 11:55 war ich am nicht sonderlich vollen Parkplatz und hab gerade so problemlos die ZRB um 12 Uhr geschafft. Puh.<\/p>\n<p>Die Schneeverh\u00e4ltnisse waren recht unterschiedlich, weich an den S\u00fcd- und Westpisten, Offpiste zwischen den SL und rechts vom Lacher-SL, auch im sonnigeren Teil der Ostabfahrt, aber eisig hart in den unteren Ostabfahrtsteilen. Aipl bin ich zum Schluss auch nicht gefahren, da ich dachte, es w\u00e4r zu eisig, sind aber doch etliche eingestiegen. H\u00e4tt&#8217;s vielleicht doch probieren sollen? Los war heute jedenfalls sehr wenig, trotz Samstag.<\/p>\n<p><a href='http:\/\/ski.inmontanis.info\/d\/258151-2\/DSC01893.jpg'><img src=http:\/\/ski.inmontanis.info\/d\/258150-3\/DSC01893.jpg \/><\/a><br \/>\n^ S\u00fcdpano<\/p>\n<p><a href='http:\/\/ski.inmontanis.info\/d\/258155-2\/DSC01895.jpg'><img src=http:\/\/ski.inmontanis.info\/d\/258154-3\/DSC01895.jpg \/><\/a><br \/>\n^ SL Bockstein<\/p>\n<p><a href='http:\/\/ski.inmontanis.info\/d\/258159-2\/DSC01898.jpg'><img src=http:\/\/ski.inmontanis.info\/d\/258158-3\/DSC01898.jpg \/><\/a><br \/>\n^ Wendelstein-Gipfel<\/p>\n<p><a href='http:\/\/ski.inmontanis.info\/d\/258163-2\/DSC01900.jpg'><img src=http:\/\/ski.inmontanis.info\/d\/258162-3\/DSC01900.jpg \/><\/a><br \/>\n^ Ostabfahrt<\/p>\n<p><a href='http:\/\/ski.inmontanis.info\/d\/258167-2\/DSC01901.jpg'><img src=http:\/\/ski.inmontanis.info\/d\/258166-3\/DSC01901.jpg \/><\/a><br \/>\n^ Ostabfahrt<\/p>\n<p><a href='http:\/\/ski.inmontanis.info\/d\/258171-2\/DSC01904.jpg'><img src=http:\/\/ski.inmontanis.info\/d\/258170-3\/DSC01904.jpg \/><\/a><br \/>\n^ Ostabfahrt<\/p>\n<p><a href='http:\/\/ski.inmontanis.info\/d\/258175-2\/DSC01905.jpg'><img src=http:\/\/ski.inmontanis.info\/d\/258174-3\/DSC01905.jpg \/><\/a><br \/>\n^ Ostabfahrt, hier sehr eisig hart<\/p>\n<p><a href='http:\/\/ski.inmontanis.info\/d\/258179-2\/DSC01911.jpg'><img src=http:\/\/ski.inmontanis.info\/d\/258178-3\/DSC01911.jpg \/><\/a><br \/>\n^ Auffahrt Zahnradbahn<\/p>\n<p><a href='http:\/\/ski.inmontanis.info\/d\/258183-2\/DSC01914.jpg'><img src=http:\/\/ski.inmontanis.info\/d\/258182-3\/DSC01914.jpg \/><\/a><br \/>\n^ 2 eingeschneite H\u00e4user<\/p>\n<p><a href='http:\/\/ski.inmontanis.info\/d\/258187-2\/DSC01921.jpg'><img src=http:\/\/ski.inmontanis.info\/d\/258186-3\/DSC01921.jpg \/><\/a><br \/>\n^ Auffahrt Zahnradbahn<\/p>\n<p><a href='http:\/\/ski.inmontanis.info\/d\/258191-2\/DSC01924.jpg'><img src=http:\/\/ski.inmontanis.info\/d\/258190-3\/DSC01924.jpg \/><\/a><br \/>\n^ SL Lacher<\/p>\n<p><a href='http:\/\/ski.inmontanis.info\/d\/258195-2\/DSC01925.jpg'><img src=http:\/\/ski.inmontanis.info\/d\/258194-3\/DSC01925.jpg \/><\/a><br \/>\n^ Offpiste SL Lacher<\/p>\n<p><a href='http:\/\/ski.inmontanis.info\/d\/258199-2\/DSC01927.jpg'><img src=http:\/\/ski.inmontanis.info\/d\/258198-3\/DSC01927.jpg \/><\/a><br \/>\n^ SL Lacher<\/p>\n<p><a href='http:\/\/ski.inmontanis.info\/d\/258203-2\/DSC01928.jpg'><img src=http:\/\/ski.inmontanis.info\/d\/258202-3\/DSC01928.jpg \/><\/a><br \/>\n^ Westabfahrt zur PB<\/p>\n<p><a href='http:\/\/ski.inmontanis.info\/d\/258207-2\/DSC01933.jpg'><img src=http:\/\/ski.inmontanis.info\/d\/258206-3\/DSC01933.jpg \/><\/a><br \/>\n^ Westabfahrt zur PB, im Tal liegt auch noch genug Schnee<\/p>\n<p><a href='http:\/\/ski.inmontanis.info\/d\/258211-2\/DSC01936.jpg'><img src=http:\/\/ski.inmontanis.info\/d\/258210-3\/DSC01936.jpg \/><\/a><br \/>\n^ SL Lacher<\/p>\n<p><a href='http:\/\/ski.inmontanis.info\/d\/258215-2\/DSC01939.jpg'><img src=http:\/\/ski.inmontanis.info\/d\/258214-3\/DSC01939.jpg \/><\/a><br \/>\n^ PB<\/p>\n<p><a href='http:\/\/ski.inmontanis.info\/d\/258219-2\/DSC01940.jpg'><img src=http:\/\/ski.inmontanis.info\/d\/258218-3\/DSC01940.jpg \/><\/a><br \/>\n^ St\u00fctze und Spannfeld<\/p>\n<p><a href='http:\/\/ski.inmontanis.info\/d\/258223-2\/DSC01943.jpg'><img src=http:\/\/ski.inmontanis.info\/d\/258222-3\/DSC01943.jpg \/><\/a><br \/>\n^ PB-Bergstation (und SL Bockstein rechts unten)<\/p>\n<p><a href='http:\/\/ski.inmontanis.info\/d\/258227-2\/DSC01945.jpg'><img src=http:\/\/ski.inmontanis.info\/d\/258226-3\/DSC01945.jpg \/><\/a><br \/>\n^ Beide SL<\/p>\n<p><a href='http:\/\/ski.inmontanis.info\/d\/258231-2\/DSC01947.jpg'><img src=http:\/\/ski.inmontanis.info\/d\/258230-3\/DSC01947.jpg \/><\/a><br \/>\n^ Da f\u00e4hrt noch kurz vorm Zug jemand \u00fcber die Gleise<\/p>\n<p><a href='http:\/\/ski.inmontanis.info\/d\/258235-2\/DSC01949.jpg'><img src=http:\/\/ski.inmontanis.info\/d\/258234-3\/DSC01949.jpg \/><\/a><br \/>\n^ Haltestelle Mitteralm. Auch das St\u00fcck rechts blieb heute sehr eisig<\/p>\n<p><a href='http:\/\/ski.inmontanis.info\/d\/258239-2\/ge20190223d.jpg'><img src=http:\/\/ski.inmontanis.info\/d\/258238-3\/ge20190223d.jpg \/><\/a><br \/>\n^ GPS-Track oberer Teil, Gelb 23.2.2019, Orange 2.2.2019, Blau vorherige Besuche<\/p>\n<p>Wie sich herausstellen sollte, war es eine gute Idee, heute Wendelstein zu fahren, denn im M\u00e4rz hab ichs dann leider nicht mehr hier hin geschafft &#8211; ab Anfang M\u00e4rz war dann immer die Ostabfahrt wg. Lawinengefahr gesperrt, und somit auch das komplette Skigebiet, da die Westabfahrt zur PB wg. Schneemangels zu war. Somit war die Skisaison am Wendelstein auch heuer wieder recht kurz &#8211; insb. im Vgl. zu Kampenwand und Hochfelln &#8211; wenn auch nicht wg. zu wenig, sondern wg. zu viel Schnee :-(<\/p>\n<p>(Fortsetzung folgt.)<\/p>\n","protected":false},"excerpt":{"rendered":"<p>Sa, 23.2.2019: K\u00f6ssen &#038; Wendelstein<\/p>\n<p>Dieses WE nahm ich mir wieder am Montag frei, wollte aber nicht schon wieder zum Genfersee fahren. Piemont evtl. n\u00e4chstes WE und somit dieses WE ein bisschen auf die 5-Berge-Karte. Weil evtl. weniger los, w\u00e4re Montag der Wendelstein dran, SA+SO einen Tag Disentis (ja 3 freie Tage) und der andere <a href=\"http:\/\/blog.inmontanis.info\/?p=5509\">[&#8230;]<\/a><\/p>\n","protected":false},"author":1,"featured_media":0,"comment_status":"closed","ping_status":"closed","sticky":false,"template":"","format":"standard","meta":{"footnotes":""},"categories":[12,862,59,13,27,280,81],"tags":[77,47,41],"class_list":["post-5509","post","type-post","status-publish","format-standard","hentry","category-germany","category-kossen","category-nostalgie","category-austria","category-skifahren-winterskiing-winter","category-wendelstein","category-kurztrips","tag-nebelmeer","tag-sl","tag-zahnradbahn","odd"],"_links":{"self":[{"href":"http:\/\/blog.inmontanis.info\/index.php?rest_route=\/wp\/v2\/posts\/5509","targetHints":{"allow":["GET"]}}],"collection":[{"href":"http:\/\/blog.inmontanis.info\/index.php?rest_route=\/wp\/v2\/posts"}],"about":[{"href":"http:\/\/blog.inmontanis.info\/index.php?rest_route=\/wp\/v2\/types\/post"}],"author":[{"embeddable":true,"href":"http:\/\/blog.inmontanis.info\/index.php?rest_route=\/wp\/v2\/users\/1"}],"replies":[{"embeddable":true,"href":"http:\/\/blog.inmontanis.info\/index.php?rest_route=%2Fwp%2Fv2%2Fcomments&post=5509"}],"version-history":[{"count":5,"href":"http:\/\/blog.inmontanis.info\/index.php?rest_route=\/wp\/v2\/posts\/5509\/revisions"}],"predecessor-version":[{"id":8901,"href":"http:\/\/blog.inmontanis.info\/index.php?rest_route=\/wp\/v2\/posts\/5509\/revisions\/8901"}],"wp:attachment":[{"href":"http:\/\/blog.inmontanis.info\/index.php?rest_route=%2Fwp%2Fv2%2Fmedia&parent=5509"}],"wp:term":[{"taxonomy":"category","embeddable":true,"href":"http:\/\/blog.inmontanis.info\/index.php?rest_route=%2Fwp%2Fv2%2Fcategories&post=5509"},{"taxonomy":"post_tag","embeddable":true,"href":"http:\/\/blog.inmontanis.info\/index.php?rest_route=%2Fwp%2Fv2%2Ftags&post=5509"}],"curies":[{"name":"wp","href":"https:\/\/api.w.org\/{rel}","templated":true}]}}