{"id":5503,"date":"2019-02-17T23:38:46","date_gmt":"2019-02-17T22:38:46","guid":{"rendered":"http:\/\/blog.inmontanis.info\/?p=5503"},"modified":"2023-08-05T14:45:14","modified_gmt":"2023-08-05T12:45:14","slug":"rochers-de-naye-17-2-2019-sonne-see","status":"publish","type":"post","link":"http:\/\/blog.inmontanis.info\/?p=5503","title":{"rendered":"Rochers de Naye, 17.2.2019 \/ Sonne + See"},"content":{"rendered":"<p><strong>So, 17.2.2019: Rochers de Naye<\/strong><\/p>\n<p>Die Nacht verlief etwas unruhig, da mich die orange leuchtenden Schalter der seitlichen Wand-Bettlampen gest\u00f6rt haben (kann man ja nicht den Strom abdrehen wie bei TV-Ger\u00e4ten oder verstellen bzw. was davorstellen wie bei Receivern). Auch die Bettzudecke war im Ibis angenehmer (weil &#8220;mittel\/nordeurop\u00e4isch&#8221;, hier &#8220;italienisch&#8221;, wobei das in Frankreich ja nicht un\u00fcblich ist). WLan war aber gut.<\/p>\n<p>Die Autoscheiben waren morgens gefroren, bei -1\u00b0 oder so &#8211; und zwar so fest, dass ich sie weder mit dem Eiskratzer, noch mit dem Scheibenenteiser frei bekam&#8230; also halb blind nach gegen\u00fcber zur Tankstelle gefahren, wo ich den Motor w\u00e4hrend des Tankens laufen lie\u00df &#8211; ja, darf man offiziell nicht, aber die Scheiben waren danach frei. <\/p>\n<p>Diesmal ging&#8217;s ohne Stau nach Haut-de-Caux, wo ich mit der Zahnradbahn erst mal bis rauf fuhr. Und wenn schon mal Sonne und kein Nebel ist, ging ich nach der ersten Fahrt mit dem KSSL (ich war vor der Liftlerin unten und musste kurz warten, obwohl der Lift an sich schon fuhr) zum Gipfel rauf und machte ein paar Fotos.<\/p>\n<p>(Fotos anklicken zum Vergr\u00f6\u00dfern)<\/p>\n<p><a href='http:\/\/extra.inmontanis.info\/d\/52313-2\/DSC01527.jpg'><img src=http:\/\/extra.inmontanis.info\/d\/52312-3\/DSC01527.jpg \/><\/a><br \/>\n^ Fahrt in die Alpen zur Morgend\u00e4mmerung<\/p>\n<p><a href='http:\/\/ski.inmontanis.info\/d\/257555-2\/DSC01529.jpg'><img src=http:\/\/ski.inmontanis.info\/d\/257554-3\/DSC01529.jpg \/><\/a><br \/>\n^ Standseilbahn \u00fcber die Autobahn; rechts oberhalb des alleinstehenden Baumes: Die Rochers de Naye und auch die Tal-Skiroute sieht man (das wei\u00dfe &#8220;A&#8221; mit dem herzf\u00f6rmigen Wald darunter)<\/p>\n<p><a href='http:\/\/ski.inmontanis.info\/d\/257559-2\/DSC01530.jpg'><img src=http:\/\/ski.inmontanis.info\/d\/257558-3\/DSC01530.jpg \/><\/a><br \/>\n^ Genfersee bei der Auffahrt nach Caux. Sollte ich heute tats\u00e4chlich endlich mal einen sonnigen Tag ohne Nebel \u00fcber den Genfersee erwischen?<\/p>\n<p><a href='http:\/\/ski.inmontanis.info\/d\/257563-2\/DSC01538.jpg'><img src=http:\/\/ski.inmontanis.info\/d\/257562-3\/DSC01538.jpg \/><\/a><br \/>\n^ Die oberen Lifte; die Abfahrt links ist leider heuer nicht offen, wohl zu wenig Schnee?<\/p>\n<p><a href='http:\/\/ski.inmontanis.info\/d\/257567-2\/DSC01540.jpg'><img src=http:\/\/ski.inmontanis.info\/d\/257566-3\/DSC01540.jpg \/><\/a><br \/>\n^ Talstation KSSL<\/p>\n<p><a href='http:\/\/ski.inmontanis.info\/d\/257571-2\/DSC01544.jpg'><img src=http:\/\/ski.inmontanis.info\/d\/257570-3\/DSC01544.jpg \/><\/a><br \/>\n^ Der obere B\u00fcgel-SL und Bergbahnhof der Zahnradbahn<\/p>\n<p><a href='http:\/\/ski.inmontanis.info\/d\/257575-2\/DSC01547.jpg'><img src=http:\/\/ski.inmontanis.info\/d\/257574-3\/DSC01547.jpg \/><\/a><br \/>\n^ Blick zum Genfersee vom Gipfel (nach einem kurzen Aufstieg)<\/p>\n<p><a href='http:\/\/ski.inmontanis.info\/d\/257579-2\/DSC01548.jpg'><img src=http:\/\/ski.inmontanis.info\/d\/257578-3\/DSC01548.jpg \/><\/a><br \/>\n^ Gipfel-Pano<\/p>\n<p><a href='http:\/\/ski.inmontanis.info\/d\/257583-2\/DSC01550.jpg'><img src=http:\/\/ski.inmontanis.info\/d\/257582-3\/DSC01550.jpg \/><\/a><br \/>\n^ Gipfel-Pano<\/p>\n<p><a href='http:\/\/ski.inmontanis.info\/d\/257587-2\/DSC01553.jpg'><img src=http:\/\/ski.inmontanis.info\/d\/257586-3\/DSC01553.jpg \/><\/a><br \/>\n^ Gipfel-Pano; rechts die Zahnradbahn, Station Perche und Start der Tal-Skiroute Diable<\/p>\n<p><a href='http:\/\/ski.inmontanis.info\/d\/257591-2\/DSC03765.jpg'><img src=http:\/\/ski.inmontanis.info\/d\/257590-3\/DSC03765.jpg \/><\/a><br \/>\n^ Genfersee in IR<\/p>\n<p><a href='http:\/\/ski.inmontanis.info\/d\/257595-2\/DSC03768.jpg'><img src=http:\/\/ski.inmontanis.info\/d\/257594-3\/DSC03768.jpg \/><\/a><br \/>\n^ IR-Pano mit Genfersee und Jura<\/p>\n<p><a href='http:\/\/ski.inmontanis.info\/d\/257599-2\/DSC03770.jpg'><img src=http:\/\/ski.inmontanis.info\/d\/257598-3\/DSC03770.jpg \/><\/a><br \/>\n^ Genfersee in IR<\/p>\n<p><a href='http:\/\/ski.inmontanis.info\/d\/257603-2\/DSC01554.jpg'><img src=http:\/\/ski.inmontanis.info\/d\/257602-3\/DSC01554.jpg \/><\/a><br \/>\n^ Zoom runter nach Caux<\/p>\n<p><a href='http:\/\/ski.inmontanis.info\/d\/257607-2\/DSC01555.jpg'><img src=http:\/\/ski.inmontanis.info\/d\/257606-3\/DSC01555.jpg \/><\/a><br \/>\n^ Montreux<\/p>\n<p><a href='http:\/\/ski.inmontanis.info\/d\/257611-2\/DSC01556.jpg'><img src=http:\/\/ski.inmontanis.info\/d\/257610-3\/DSC01556.jpg \/><\/a><br \/>\n^ Lausanne<\/p>\n<p><a href='http:\/\/ski.inmontanis.info\/d\/257615-2\/DSC01560.jpg'><img src=http:\/\/ski.inmontanis.info\/d\/257614-3\/DSC01560.jpg \/><\/a><br \/>\n^ Genfersee, sch\u00f6n blau<\/p>\n<p><a href='http:\/\/ski.inmontanis.info\/d\/257619-2\/DSC01561.jpg'><img src=http:\/\/ski.inmontanis.info\/d\/257618-3\/DSC01561.jpg \/><\/a><br \/>\n^ Oberer Skigebietsteil; der gefr\u00e4ste Weg mittig f\u00fchrt dann egtl. noch zu einer Abfahrt zum KSSL, aber der Weg endet und ist auch mit einem breiten Zaun abgesperrt.<\/p>\n<p><a href='http:\/\/ski.inmontanis.info\/d\/257623-2\/DSC01562.jpg'><img src=http:\/\/ski.inmontanis.info\/d\/257622-3\/DSC01562.jpg \/><\/a><br \/>\n^ Gipfel-Pano<\/p>\n<p><a href='http:\/\/ski.inmontanis.info\/d\/257627-2\/DSC01563.jpg'><img src=http:\/\/ski.inmontanis.info\/d\/257626-3\/DSC01563.jpg \/><\/a><br \/>\n^ Gipfel-Pano<\/p>\n<p><a href='http:\/\/ski.inmontanis.info\/d\/257631-2\/DSC01567.jpg'><img src=http:\/\/ski.inmontanis.info\/d\/257630-3\/DSC01567.jpg \/><\/a><br \/>\n^ Gipfel-Pano (Retro-Look)<\/p>\n<p><a href='http:\/\/ski.inmontanis.info\/d\/257635-2\/DSC01568.jpg'><img src=http:\/\/ski.inmontanis.info\/d\/257634-3\/DSC01568.jpg \/><\/a><br \/>\n^ Gipfel-Pano und die oberen Lifte<\/p>\n<p><a href='http:\/\/ski.inmontanis.info\/d\/257639-2\/DSC01572.jpg'><img src=http:\/\/ski.inmontanis.info\/d\/257638-3\/DSC01572.jpg \/><\/a><br \/>\n^ Gipfel-Pano<\/p>\n<p>Paar mal SL\/KSSL gefahren, n\u00e4chster talw\u00e4rtsfahrender Zug um 10:11 Uhr versp\u00e4tete sich, wie es dann den ganzen Tag bleiben sollte, da immer 2 Z\u00fcge fuhren. N\u00e4chster Halt Perche stieg ich aus, fuhr die Perche-Abfahrt, 2x SL Jaman, wieder mit dem Zug nach Perche, Abfahrt Perche und 3x SL Jaman, mit dem Zug nach Perche und die Talskiroute (12 Uhr).<\/p>\n<p><a href='http:\/\/ski.inmontanis.info\/d\/257643-2\/DSC01575.jpg'><img src=http:\/\/ski.inmontanis.info\/d\/257642-3\/DSC01575.jpg \/><\/a><br \/>\n^ Weg und Restaurant auf der anderen Seite des Felsens ist momentan im Winter wohl gesperrt.<\/p>\n<p><a href='http:\/\/ski.inmontanis.info\/d\/257647-2\/DSC01579.jpg'><img src=http:\/\/ski.inmontanis.info\/d\/257646-3\/DSC01579.jpg \/><\/a><br \/>\n^ Es verkehrten heute immer zwei Z\u00fcge hintereinander<\/p>\n<p><a href='http:\/\/ski.inmontanis.info\/d\/257651-2\/DSC01584.jpg'><img src=http:\/\/ski.inmontanis.info\/d\/257650-3\/DSC01584.jpg \/><\/a><br \/>\n^ Start der Skiroute Diable &#8211; heute mit Genferseeblick, aber noch wirds wohl zu hart sein.<\/p>\n<p><a href='http:\/\/ski.inmontanis.info\/d\/257655-2\/DSC01585.jpg'><img src=http:\/\/ski.inmontanis.info\/d\/257654-3\/DSC01585.jpg \/><\/a><br \/>\n^ .. also lieber die diagonale Perche-Abfahrt<\/p>\n<p><a href='http:\/\/ski.inmontanis.info\/d\/257659-2\/DSC01588.jpg'><img src=http:\/\/ski.inmontanis.info\/d\/257658-3\/DSC01588.jpg \/><\/a><br \/>\n^ Station Perche<\/p>\n<p><a href='http:\/\/ski.inmontanis.info\/d\/257663-2\/DSC01590.jpg'><img src=http:\/\/ski.inmontanis.info\/d\/257662-3\/DSC01590.jpg \/><\/a><br \/>\n^ Die diagonale Perche-Abfahrt zum Jaman-SL. Da schattig + wenig befahren, hat&#8217;s hier immer tollen Schnee.<\/p>\n<p><a href='http:\/\/ski.inmontanis.info\/d\/257667-2\/DSC01595.jpg'><img src=http:\/\/ski.inmontanis.info\/d\/257666-3\/DSC01595.jpg \/><\/a><br \/>\n^ Buvette de Jaman, warten auf den n\u00e4chsten Zug<\/p>\n<p><a href='http:\/\/ski.inmontanis.info\/d\/257671-2\/DSC01597.jpg'><img src=http:\/\/ski.inmontanis.info\/d\/257670-3\/DSC01597.jpg \/><\/a><br \/>\n^ Hinten der SL Jaman, der \u00fcber den Tunnel des Zugs f\u00e4hrt<\/p>\n<p><a href='http:\/\/ski.inmontanis.info\/d\/257675-2\/DSC01599.jpg'><img src=http:\/\/ski.inmontanis.info\/d\/257674-3\/DSC01599.jpg \/><\/a><br \/>\n^ Abseits der Perche-Abfahrt gabs sogar noch etwas Pulver &#8211; je nach Hangrichtung<\/p>\n<p><a href='http:\/\/ski.inmontanis.info\/d\/257679-2\/DSC01602.jpg'><img src=http:\/\/ski.inmontanis.info\/d\/257678-3\/DSC01602.jpg \/><\/a><br \/>\n^ Bahnhof Jaman, links die Perche-Abfahrt, in Bildmitte ca. die Haltestelle Perche<\/p>\n<p><a href='http:\/\/ski.inmontanis.info\/d\/257683-2\/DSC01606.jpg'><img src=http:\/\/ski.inmontanis.info\/d\/257682-3\/DSC01606.jpg \/><\/a><br \/>\n^ Haltestelle Perche und Start der Diable-Talskiroute. Jetzt wird sie gefahren.<\/p>\n<p>Der Steilhang oben war noch grauenhaft gefroren, auch der Rest der Abfahrt war noch viel zu hart. <\/p>\n<p><a href='http:\/\/ski.inmontanis.info\/d\/257687-2\/DSC03782.jpg'><img src=http:\/\/ski.inmontanis.info\/d\/257686-3\/DSC03782.jpg \/><\/a><br \/>\n^ Querung Diable-Skiroute mit Tiefblick zum Genfersee in IR<\/p>\n<p><a href='http:\/\/ski.inmontanis.info\/d\/257691-2\/DSC01608.jpg'><img src=http:\/\/ski.inmontanis.info\/d\/257690-3\/DSC01608.jpg \/><\/a><br \/>\n^ Diable-Skiroute mit Tiefblick zum Genfersee (ca. 1400m tiefer) (um 12:15 Uhr)<\/p>\n<p><a href='http:\/\/ski.inmontanis.info\/d\/257695-2\/DSC01609.jpg'><img src=http:\/\/ski.inmontanis.info\/d\/257694-3\/DSC01609.jpg \/><\/a><br \/>\n^ Steilhang der Diable-Skiroute, geh\u00f6rt zu den steilsten Skirouten &#8211; und heute mit tollem Seepano<\/p>\n<p><a href='http:\/\/ski.inmontanis.info\/d\/257699-2\/DSC01612.jpg'><img src=http:\/\/ski.inmontanis.info\/d\/257698-3\/DSC01612.jpg \/><\/a><br \/>\n^ Diable-Skiroute und Genfersee<\/p>\n<p><a href='http:\/\/ski.inmontanis.info\/d\/257703-2\/DSC01613.jpg'><img src=http:\/\/ski.inmontanis.info\/d\/257702-3\/DSC01613.jpg \/><\/a><br \/>\n^ Der H\u00f6cker-Grat, mein Lieblingsst\u00fcck der Skiroute. K\u00f6nnte man auch rechts vor und mit einem kleinen Weg durch den Wald umfahren<\/p>\n<p><a href='http:\/\/ski.inmontanis.info\/d\/257707-2\/DSC03784.jpg'><img src=http:\/\/ski.inmontanis.info\/d\/257706-3\/DSC03784.jpg \/><\/a><br \/>\n^ Der H\u00f6cker-Grat in IR<\/p>\n<p><a href='http:\/\/ski.inmontanis.info\/d\/257711-2\/DSC01615.jpg'><img src=http:\/\/ski.inmontanis.info\/d\/257710-3\/DSC01615.jpg \/><\/a><br \/>\n^ Mein Lieblingsst\u00fcck, weil man so auf den See zuf\u00e4hrt ohne den n\u00e4chsten Hang zu sehen<\/p>\n<p><a href='http:\/\/ski.inmontanis.info\/d\/257715-2\/DSC03787.jpg'><img src=http:\/\/ski.inmontanis.info\/d\/257714-3\/DSC03787.jpg \/><\/a><br \/>\n^ .. und nochmals in IR<\/p>\n<p><a href='http:\/\/ski.inmontanis.info\/d\/257719-2\/DSC01617.jpg'><img src=http:\/\/ski.inmontanis.info\/d\/257718-3\/DSC01617.jpg \/><\/a><br \/>\n^ Skiroute weiter unten<\/p>\n<p><a href='http:\/\/ski.inmontanis.info\/d\/257723-2\/DSC01618.jpg'><img src=http:\/\/ski.inmontanis.info\/d\/257722-3\/DSC01618.jpg \/><\/a><br \/>\n^ Da muss es ordentlich gest\u00fcrmt haben.<\/p>\n<p><a href='http:\/\/ski.inmontanis.info\/d\/257727-2\/DSC01619.jpg'><img src=http:\/\/ski.inmontanis.info\/d\/257726-3\/DSC01619.jpg \/><\/a><br \/>\n^ Der letzte und f\u00fcr gew\u00f6hnlich aufgeweichteste Hang<\/p>\n<p><a href='http:\/\/ski.inmontanis.info\/d\/257731-2\/DSC01620.jpg'><img src=http:\/\/ski.inmontanis.info\/d\/257730-3\/DSC01620.jpg \/><\/a><br \/>\n^ Den \u00dcbungslift in Haut-de-Caux bin ich heuer gar nicht gefahren, aber auch hier: Seepano.<\/p>\n<p><a href='http:\/\/ski.inmontanis.info\/d\/257735-2\/DSC01623.jpg'><img src=http:\/\/ski.inmontanis.info\/d\/257734-3\/DSC01623.jpg \/><\/a><br \/>\n^ W\u00e4hrend die H+R-Fahrt \u00fcber 50,- CH kostet, gibts den Tagesskipass f\u00fcr sehr g\u00fcnstige 35,- CHF &#8211; mehr Skigebiet f\u00fcr weniger Geld kann man in der Schweiz wohl nicht bekommen. Das beste Skigebiet der Schweiz hat also auch noch das beste Preis-Leistungsverh\u00e4ltnis.<\/p>\n<p>N\u00e4chste Bergfahrt ab Haut-de-Caux um 12:45 (bzw. wieder etwas sp\u00e4ter, um 12:45 kam erst noch der zweite Zug runter). Wieder rauf bis Perche und erst mal noch ein paar mal SL Jaman gefahren.<\/p>\n<p><a href='http:\/\/ski.inmontanis.info\/d\/257739-2\/DSC01624.jpg'><img src=http:\/\/ski.inmontanis.info\/d\/257738-3\/DSC01624.jpg \/><\/a><br \/>\n^ Doppel-Kurven-SL Jaman mit dem Endst\u00fcck der Perche-Abfahrt gleich neben der Lifttrasse<\/p>\n<p><a href='http:\/\/ski.inmontanis.info\/d\/257743-2\/DSC01626.jpg'><img src=http:\/\/ski.inmontanis.info\/d\/257742-3\/DSC01626.jpg \/><\/a><br \/>\n^ Doppel-Kurven-SL Jaman mit dem Endst\u00fcck der Perche-Abfahrt links, oben sieht man, wie die Trasse \u00fcber die Gallerie des Zugs geht<\/p>\n<p>N\u00e4chster Zug bergw\u00e4rts ab Jaman um 14 Uhr gesteckt voll und der zweite vmtl. komplett leer &#8211; versteh nicht, warum da der Fahrer oder Schaffner nicht was sagt, das ein zweiter kommt. Die Talskiroute jetzt oben immer noch etwas zu hart, weiter unten besser.<\/p>\n<p><a href='http:\/\/ski.inmontanis.info\/d\/257747-2\/DSC01627.jpg'><img src=http:\/\/ski.inmontanis.info\/d\/257746-3\/DSC01627.jpg \/><\/a><br \/>\n^ Is halt bl\u00f6d, wenn man nicht 100%ig wei\u00df, dass noch ein zweiter Zug kommt &#8211; und kein Bediensteter was sagt. So ist der erste Zug extrem voll (inkl. den G\u00e4ngen) und der zweite oft fast komplett leer.<\/p>\n<p><a href='http:\/\/ski.inmontanis.info\/d\/257751-2\/DSC01628.jpg'><img src=http:\/\/ski.inmontanis.info\/d\/257750-3\/DSC01628.jpg \/><\/a><br \/>\n^ Diable-Skiroute mit Genfersee um 14:15 Uhr<\/p>\n<p><a href='http:\/\/ski.inmontanis.info\/d\/257755-2\/DSC01629.jpg'><img src=http:\/\/ski.inmontanis.info\/d\/257754-3\/DSC01629.jpg \/><\/a><br \/>\n^ Weiter unten gabs sogar noch etwas Pulverschnee &#8211; auf einem schattigeren Nordhang<\/p>\n<p><a href='http:\/\/ski.inmontanis.info\/d\/257759-2\/DSC01630.jpg'><img src=http:\/\/ski.inmontanis.info\/d\/257758-3\/DSC01630.jpg \/><\/a><br \/>\n^ Und immer wieder der Genfersee<\/p>\n<p><a href='http:\/\/ski.inmontanis.info\/d\/257763-2\/DSC01631.jpg'><img src=http:\/\/ski.inmontanis.info\/d\/257762-3\/DSC01631.jpg \/><\/a><br \/>\n^ Finaler Hang der Diable-Skiroute, bevor es auf einem Weg durch den Wald nach Haut-de-Caux geht.<\/p>\n<p>Um 14.45 wieder rauf, nochmal die Route, mittlerweile toll weich und gut zu fahren, in den nordseitigeren H\u00e4ngen immer noch pulvrig.<\/p>\n<p><a href='http:\/\/ski.inmontanis.info\/d\/257767-2\/DSC01633.jpg'><img src=http:\/\/ski.inmontanis.info\/d\/257766-3\/DSC01633.jpg \/><\/a><br \/>\n^ 15:15 Uhr, die n\u00e4chste Fahrt auf der teuflischen Skiroute<\/p>\n<p><a href='http:\/\/ski.inmontanis.info\/d\/257771-2\/DSC01634.jpg'><img src=http:\/\/ski.inmontanis.info\/d\/257770-3\/DSC01634.jpg \/><\/a><br \/>\n^ Auch andere Skifahrer sind ob des Panoramas begeistert; hier folgt dann der krasse Steilhang<\/p>\n<p><a href='http:\/\/ski.inmontanis.info\/d\/257775-2\/DSC01635.jpg'><img src=http:\/\/ski.inmontanis.info\/d\/257774-3\/DSC01635.jpg \/><\/a><br \/>\n^ Und wieder am H\u00f6cker-Grat<\/p>\n<p><a href='http:\/\/ski.inmontanis.info\/d\/257779-2\/DSC01637.jpg'><img src=http:\/\/ski.inmontanis.info\/d\/257778-3\/DSC01637.jpg \/><\/a><br \/>\n^ .. und weiter unten wieder auf dem nordseitigen Pulverhang ..<\/p>\n<p>Um 15:35 war ich wieder unten und wollte probieren, nochmals raufzufahren (war mir nicht sicher, meinte fr\u00fcher mal gelesen zu haben, dass die Talskiroute ab 15:xx geschlossen wird). Ich war mal nicht der einzige, der auf noch eine Bergfahrt wartete, wobei dann erst mal 2 Z\u00fcge talw\u00e4rts fuhren, 15:47 der zweite, diesmal auch voll. Der Zug rauf war nat\u00fcrlich recht leer, aber am Jaman stiegen noch etliche ein.<\/p>\n<p><a href='http:\/\/ski.inmontanis.info\/d\/257783-2\/DSC01639.jpg'><img src=http:\/\/ski.inmontanis.info\/d\/257782-3\/DSC01639.jpg \/><\/a><br \/>\n^ 16:15 Uhr, ein letztes Mal die Diable-Route.<\/p>\n<p><a href='http:\/\/ski.inmontanis.info\/d\/257787-2\/DSC01641.jpg'><img src=http:\/\/ski.inmontanis.info\/d\/257786-3\/DSC01641.jpg \/><\/a><br \/>\n^ Die Sonne spiegelt sich nun langsam im Genfersee<\/p>\n<p><a href='http:\/\/ski.inmontanis.info\/d\/257791-2\/DSC01644.jpg'><img src=http:\/\/ski.inmontanis.info\/d\/257790-3\/DSC01644.jpg \/><\/a><br \/>\n^ Blick zum Gipfel; einige Skifahrer fahren auch Offpiste diesen Hang runter<\/p>\n<p><a href='http:\/\/ski.inmontanis.info\/d\/257795-2\/DSC01647.jpg'><img src=http:\/\/ski.inmontanis.info\/d\/257794-3\/DSC01647.jpg \/><\/a><br \/>\n^ Diable und See um 16:22 Uhr<\/p>\n<p><a href='http:\/\/ski.inmontanis.info\/d\/257799-2\/DSC01648.jpg'><img src=http:\/\/ski.inmontanis.info\/d\/257798-3\/DSC01648.jpg \/><\/a><br \/>\n^ Im Steilhang, ich fahr diesmal dort unten rechts statt links weiter<\/p>\n<p><a href='http:\/\/ski.inmontanis.info\/d\/257803-2\/DSC01653.jpg'><img src=http:\/\/ski.inmontanis.info\/d\/257802-3\/DSC01653.jpg \/><\/a><br \/>\n^ Steilhang und Genfersee<\/p>\n<p><a href='http:\/\/ski.inmontanis.info\/d\/257807-2\/DSC01656.jpg'><img src=http:\/\/ski.inmontanis.info\/d\/257806-3\/DSC01656.jpg \/><\/a><br \/>\n^ Start des Steilhangs, schon ziemlich steil<\/p>\n<p><a href='http:\/\/ski.inmontanis.info\/d\/257811-2\/DSC01657.jpg'><img src=http:\/\/ski.inmontanis.info\/d\/257810-3\/DSC01657.jpg \/><\/a><br \/>\n^ Variante<\/p>\n<p><a href='http:\/\/ski.inmontanis.info\/d\/257815-2\/DSC01658.jpg'><img src=http:\/\/ski.inmontanis.info\/d\/257814-3\/DSC01658.jpg \/><\/a><br \/>\n^ Variante; links der H\u00f6cker-Grat<\/p>\n<p><a href='http:\/\/ski.inmontanis.info\/d\/257819-2\/DSC01659.jpg'><img src=http:\/\/ski.inmontanis.info\/d\/257818-3\/DSC01659.jpg \/><\/a><br \/>\n^ Offpiste, Blick retour den Steilhang hinauf (links)<\/p>\n<p><a href='http:\/\/ski.inmontanis.info\/d\/257823-2\/DSC01661.jpg'><img src=http:\/\/ski.inmontanis.info\/d\/257822-3\/DSC01661.jpg \/><\/a><br \/>\n^ Variante und Genfersee<\/p>\n<p><a href='http:\/\/ski.inmontanis.info\/d\/257827-2\/DSC01664.jpg'><img src=http:\/\/ski.inmontanis.info\/d\/257826-3\/DSC01664.jpg \/><\/a><br \/>\n^ Station Paccot, hier k\u00f6nnte man auch in den Zug einsteigen<\/p>\n<p><a href='http:\/\/ski.inmontanis.info\/d\/257831-2\/DSC01666.jpg'><img src=http:\/\/ski.inmontanis.info\/d\/257830-3\/DSC01666.jpg \/><\/a><br \/>\n^ .. oder man f\u00e4hrt einfach mit Schuss links vorbei und steigt etwas auf (aber wirklich nur wenig, man kommt recht weit)<\/p>\n<p><a href='http:\/\/ski.inmontanis.info\/d\/257835-2\/DSC01667.jpg'><img src=http:\/\/ski.inmontanis.info\/d\/257834-3\/DSC01667.jpg \/><\/a><br \/>\n^ Die letzten Schw\u00fcnge mit Blick zum spiegelnden Genfersee<\/p>\n<p><a href='http:\/\/ski.inmontanis.info\/d\/257839-2\/DSC01670.jpg'><img src=http:\/\/ski.inmontanis.info\/d\/257838-3\/DSC01670.jpg \/><\/a><br \/>\n^ Zahnradbahnquerung. Ich hab heute jedes Mal abgeschnallt.<\/p>\n<p><a href='http:\/\/ski.inmontanis.info\/d\/257843-2\/ge20190217b.jpg'><img src=http:\/\/ski.inmontanis.info\/d\/257842-3\/ge20190217b.jpg \/><\/a><br \/>\n^ GPS-Track des mittleren und oberen Skigebiets mit den 3 SL; Gelb 17.2.2019, Orange letzte Woche, Blau vorherige Jahre<\/p>\n<p><a href='http:\/\/ski.inmontanis.info\/d\/257847-2\/ge20190217c.jpg'><img src=http:\/\/ski.inmontanis.info\/d\/257846-3\/ge20190217c.jpg \/><\/a><br \/>\n^ GPS-Track der Tal-Skiroute; Gelb 17.2.2019, Orange letzte Woche, Blau vorherige Jahre<\/p>\n<p>Um 17 Uhr war ich wieder am Auto, kurz zuvor fuhr nochmals ein Zug (au\u00dferplanm\u00e4\u00dfig) rauf, anscheinend mussten einige zuvor warten, weil beide Z\u00fcge voll waren?<\/p>\n<p>Heute war so ein Tag, da m\u00f6chte man fast mit dem Skifahren aufh\u00f6ren. Wie soll ich denn den Rest der Saison rumbringen, kann doch nur jeder Tag schlechter sein? Wie soll man sich mit anderen Skigebieten begn\u00fcgen, wenn man das hier haben kann? An solchen Tagen k\u00f6nnte Rochers de Naye glatt Frabosa\/Mondole vom 2. Platz meiner Lieblingsskigebiete verdr\u00e4ngen, in den Top 5 ist es eh schon lange. (Aber Etna auf Platz 1 ist schon nochmal eine andere Liga ;) )<\/p>\n<p>Warum Rochers de Naye f\u00fcr mich das beste Skigebiet der Schweiz und eines meiner Lieblingsgebiete ist?<\/p>\n<p>&#8211; die Tatsache, dass das Skigebiet sehr nostalgisch, nur mit Zahnradbahn und 3 SL, erschlossen ist (darunter ein Kurven-KSSL und ein Doppelkurven-SL)<br \/>\n&#8211; die 3 unterschiedlichen Gel\u00e4ndekammern (Gipfel-Bereich, Jaman-Bereich, Talskiroute) bieten viel Abwechslung<br \/>\n&#8211; die tolle, steile, abwechslungsreiche Diable-Talskiroute mit dauerndem Tiefblick zum Genfersee und ihren Varianten, die man maximal 1x pro Stunde fahren kann (weil der Zug nur alle Stunde f\u00e4hrt) &#8211; f\u00fcr mich die beste Abfahrt der Alpen<br \/>\n&#8211; die tolle, diagonale Perche-Abfahrt samt Varianten, die man maximal 1x pro Stunde fahren kann (weil der Zug nur alle Stunde f\u00e4hrt)<br \/>\n&#8211; das geniale Panorama zum Genfersee (wobei das Skigebiet auch ohne Seeblick toll ist, da hat man dann eben das Nebelmeer)<\/p>\n<p><a href='http:\/\/extra.inmontanis.info\/d\/52317-2\/DSC01674.jpg'><img src=http:\/\/extra.inmontanis.info\/d\/52316-3\/DSC01674.jpg \/><\/a><br \/>\n^ Abends am Genfersee spiegelt sich die Sonne in den Glasfl\u00e4chen mancher H\u00e4user, was sich wiederum auf dem See spiegelt<\/p>\n<p><a href='http:\/\/extra.inmontanis.info\/d\/52321-2\/DSC01678.jpg'><img src=http:\/\/extra.inmontanis.info\/d\/52320-3\/DSC01678.jpg \/><\/a><br \/>\n^ Abendd\u00e4mmerung am Genfersee<\/p>\n<p>\u00dcbernachtet wird mal wieder im Ibis Budget in Thonon, wg. Abendessen im Buffalo und dem fr\u00fchen Fr\u00fchst\u00fcck morgen und weil&#8217;s wieder etwas g\u00fcnstiger war, als es hier gestern gewesen w\u00e4re<\/p>\n<p><a href='http:\/\/extra.inmontanis.info\/d\/52325-2\/IMG_20190217_19373340_full_2x1.jpg'><img src=http:\/\/extra.inmontanis.info\/d\/52324-3\/IMG_20190217_19373340_full_2x1.jpg \/><\/a><br \/>\n^ Assiette Trappeur, heute wesentlich besser als im Sommer in Luxembourg<\/p>\n<p><a href='http:\/\/extra.inmontanis.info\/d\/52329-2\/DSC01680.jpg'><img src=http:\/\/extra.inmontanis.info\/d\/52328-3\/DSC01680.jpg \/><\/a><br \/>\n^ Da fotografier ich das einmal und dann geht die Beleuchtung nicht richtig.. wobei, jetzt schauts aus wie ein Ski ;-)<\/p>\n<p>(Fortsetzung folgt.)<\/p>\n","protected":false},"excerpt":{"rendered":"<p>So, 17.2.2019: Rochers de Naye<\/p>\n<p>Die Nacht verlief etwas unruhig, da mich die orange leuchtenden Schalter der seitlichen Wand-Bettlampen gest\u00f6rt haben (kann man ja nicht den Strom abdrehen wie bei TV-Ger\u00e4ten oder verstellen bzw. was davorstellen wie bei Receivern). Auch die Bettzudecke war im Ibis angenehmer (weil &#8220;mittel\/nordeurop\u00e4isch&#8221;, hier &#8220;italienisch&#8221;, wobei das in Frankreich ja <a href=\"http:\/\/blog.inmontanis.info\/?p=5503\">[&#8230;]<\/a><\/p>\n","protected":false},"author":1,"featured_media":0,"comment_status":"closed","ping_status":"closed","sticky":false,"template":"","format":"standard","meta":{"footnotes":""},"categories":[16,59,714,14,27,81],"tags":[90,48,45,47,46,41],"class_list":["post-5503","post","type-post","status-publish","format-standard","hentry","category-france","category-nostalgie","category-rochers-de-naye","category-swiss","category-skifahren-winterskiing-winter","category-kurztrips","tag-infrarot","tag-kssl","tag-see","tag-sl","tag-ssb","tag-zahnradbahn","odd"],"_links":{"self":[{"href":"http:\/\/blog.inmontanis.info\/index.php?rest_route=\/wp\/v2\/posts\/5503","targetHints":{"allow":["GET"]}}],"collection":[{"href":"http:\/\/blog.inmontanis.info\/index.php?rest_route=\/wp\/v2\/posts"}],"about":[{"href":"http:\/\/blog.inmontanis.info\/index.php?rest_route=\/wp\/v2\/types\/post"}],"author":[{"embeddable":true,"href":"http:\/\/blog.inmontanis.info\/index.php?rest_route=\/wp\/v2\/users\/1"}],"replies":[{"embeddable":true,"href":"http:\/\/blog.inmontanis.info\/index.php?rest_route=%2Fwp%2Fv2%2Fcomments&post=5503"}],"version-history":[{"count":2,"href":"http:\/\/blog.inmontanis.info\/index.php?rest_route=\/wp\/v2\/posts\/5503\/revisions"}],"predecessor-version":[{"id":5505,"href":"http:\/\/blog.inmontanis.info\/index.php?rest_route=\/wp\/v2\/posts\/5503\/revisions\/5505"}],"wp:attachment":[{"href":"http:\/\/blog.inmontanis.info\/index.php?rest_route=%2Fwp%2Fv2%2Fmedia&parent=5503"}],"wp:term":[{"taxonomy":"category","embeddable":true,"href":"http:\/\/blog.inmontanis.info\/index.php?rest_route=%2Fwp%2Fv2%2Fcategories&post=5503"},{"taxonomy":"post_tag","embeddable":true,"href":"http:\/\/blog.inmontanis.info\/index.php?rest_route=%2Fwp%2Fv2%2Ftags&post=5503"}],"curies":[{"name":"wp","href":"https:\/\/api.w.org\/{rel}","templated":true}]}}