{"id":5500,"date":"2019-02-16T19:46:04","date_gmt":"2019-02-16T18:46:04","guid":{"rendered":"http:\/\/blog.inmontanis.info\/?p=5500"},"modified":"2023-08-05T14:33:09","modified_gmt":"2023-08-05T12:33:09","slug":"vallee-de-joux-16-2-2019","status":"publish","type":"post","link":"http:\/\/blog.inmontanis.info\/?p=5500","title":{"rendered":"Vall\u00e9e de Joux, 16.2.2019"},"content":{"rendered":"<p><strong>Sa, 16.2.2019: Vall\u00e9e de Joux<\/strong><\/p>\n<p>Um kurz vor 4 Uhr stand ich auf, um kurz vor 4:30 kam ich weg und um kurz nach 10 Uhr kam ich an meinem heutigen Ziel an. Nachdem so warm gemeldet wurde, sollte man die Tage ja evtl. die Skigebiete anfahren, die tiefer liegen und\/oder nicht mehr viel Schnee haben. Ich hatt mir die letzten Wochen mehrfach \u00fcberlegt, ob ich die 3 Magicpass-Skigebiete im n\u00f6rdlicheren Jura besuchen sollte (Tramelan, Bugnenets, etc.), aber im Vergleich mit den Alpen sah mir das doch alles recht langweilig aus. Im s\u00fcdlichen Teil gibt es mit dem Vall\u00e9e de Joux auch 3 kleine Skigebiete, die ich jedoch eher besuchen wollte, zumindest sollte es ja da ein paar KSSL geben. Aktuell ist zumindest am WE noch alles offen, also fuhr ich heute mal dort hin.<\/p>\n<p>Gestartet bin ich in L&#8217;Abbaye, weil es von der Fahrt her als erstes kam. 3 KSSL, wobei der untere ganz nett war und viele nette Abfahrten, sowie ein nettes Seepano erschloss. Die oberen waren doch eher flach und hatten kaum Abfahrten.<\/p>\n<p>(Fotos anklicken zum Vergr\u00f6\u00dfern)<\/p>\n<p><a href='http:\/\/ski.inmontanis.info\/d\/257419-2\/DSC01416.jpg'><img src=http:\/\/ski.inmontanis.info\/d\/257417-3\/DSC01416.jpg \/><\/a><br \/>\n^ Flache + bewaldete Berge, gefrorener See .. k\u00f6nnte auch in Schweden sein.<\/p>\n<p><a href='http:\/\/ski.inmontanis.info\/d\/257423-2\/DSC01418.jpg'><img src=http:\/\/ski.inmontanis.info\/d\/257422-3\/DSC01418.jpg \/><\/a><br \/>\n^ Pistenplan L&#8217;Abbaye<\/p>\n<p><a href='http:\/\/ski.inmontanis.info\/d\/257427-2\/DSC01419.jpg'><img src=http:\/\/ski.inmontanis.info\/d\/257426-3\/DSC01419.jpg \/><\/a><br \/>\n^ L&#8217;Abbaye, Wartezeiten am unteren KSSL<\/p>\n<p><a href='http:\/\/ski.inmontanis.info\/d\/257431-2\/DSC01421.jpg'><img src=http:\/\/ski.inmontanis.info\/d\/257430-3\/DSC01421.jpg \/><\/a><br \/>\n^ Unterer KSSL, gleich mal mit Steilhang und Kurve ..<\/p>\n<p><a href='http:\/\/ski.inmontanis.info\/d\/257435-2\/DSC01424.jpg'><img src=http:\/\/ski.inmontanis.info\/d\/257434-3\/DSC01424.jpg \/><\/a><br \/>\n^ .. da haut&#8217;s so manchen raus :)<\/p>\n<p><a href='http:\/\/ski.inmontanis.info\/d\/257439-2\/DSC01427.jpg'><img src=http:\/\/ski.inmontanis.info\/d\/257438-3\/DSC01427.jpg \/><\/a><br \/>\n^ Verbindung zum oberen KSSL in L&#8217;Abbaye<\/p>\n<p><a href='http:\/\/ski.inmontanis.info\/d\/257443-2\/DSC01429.jpg'><img src=http:\/\/ski.inmontanis.info\/d\/257442-3\/DSC01429.jpg \/><\/a><br \/>\n^ Der R\u00fcckbringer-KSSL<\/p>\n<p><a href='http:\/\/ski.inmontanis.info\/d\/257447-2\/DSC01431.jpg'><img src=http:\/\/ski.inmontanis.info\/d\/257446-3\/DSC01431.jpg \/><\/a><br \/>\n^ Ein KSSL mit sehr ungew\u00f6hnlichen Klemmen<\/p>\n<p><a href='http:\/\/ski.inmontanis.info\/d\/257451-2\/DSC01436.jpg'><img src=http:\/\/ski.inmontanis.info\/d\/257450-3\/DSC01436.jpg \/><\/a><br \/>\n^ Oberer KSSL in L&#8217;Abbaye<\/p>\n<p><a href='http:\/\/ski.inmontanis.info\/d\/257455-2\/DSC01438.jpg'><img src=http:\/\/ski.inmontanis.info\/d\/257454-3\/DSC01438.jpg \/><\/a><br \/>\n^ Oberer KSSL in L&#8217;Abbaye<\/p>\n<p><a href='http:\/\/ski.inmontanis.info\/d\/257459-2\/DSC01440.jpg'><img src=http:\/\/ski.inmontanis.info\/d\/257458-3\/DSC01440.jpg \/><\/a><br \/>\n^ R\u00fcckseitenpano richtung Alpen<\/p>\n<p><a href='http:\/\/ski.inmontanis.info\/d\/257463-2\/DSC01444.jpg'><img src=http:\/\/ski.inmontanis.info\/d\/257462-3\/DSC01444.jpg \/><\/a><br \/>\n^ Interessanter sind in L&#8217;Abbaye die H\u00e4nge am unteren KSSL<\/p>\n<p><a href='http:\/\/ski.inmontanis.info\/d\/257467-2\/DSC01451.jpg'><img src=http:\/\/ski.inmontanis.info\/d\/257466-3\/DSC01451.jpg \/><\/a><br \/>\n^ Den \u00dcbungs-SSL bin ich nicht gefahren.<\/p>\n<p><a href='http:\/\/ski.inmontanis.info\/d\/257471-2\/DSC01454.jpg'><img src=http:\/\/ski.inmontanis.info\/d\/257470-3\/DSC01454.jpg \/><\/a><br \/>\n^ Abzweigung der 4 (5) Abfahrten am unteren KSSL<\/p>\n<p><a href='http:\/\/ski.inmontanis.info\/d\/257475-2\/DSC01457.jpg'><img src=http:\/\/ski.inmontanis.info\/d\/257474-3\/DSC01457.jpg \/><\/a><br \/>\n^ Einige der Abfahrten sind sehr nett<\/p>\n<p><a href='http:\/\/ski.inmontanis.info\/d\/257479-2\/DSC01458.jpg'><img src=http:\/\/ski.inmontanis.info\/d\/257478-3\/DSC01458.jpg \/><\/a><br \/>\n^ Andere gl\u00e4nzen mit See-Pano<\/p>\n<p><a href='http:\/\/ski.inmontanis.info\/d\/257483-2\/DSC01465.jpg'><img src=http:\/\/ski.inmontanis.info\/d\/257482-3\/DSC01465.jpg \/><\/a><br \/>\n^ Noch so eine nette Pistenvariante<\/p>\n<p><a href='http:\/\/ski.inmontanis.info\/d\/257487-2\/DSC01466.jpg'><img src=http:\/\/ski.inmontanis.info\/d\/257486-3\/DSC01466.jpg \/><\/a><br \/>\n^ .. und im unteren Teil<\/p>\n<p>Kurz nach 12 Uhr hatte ich alles gefahren und bin zum zweiten Skigebiet, L&#8217;Orient. Hier wurde leider 2016 der alte KSSL, oder was hier stand, mit einem neuen Tellerlift ersetzt, dabei aber bl\u00f6derweise die Talstation trotzdem nicht tiefer gesetzt. Die 3 Abfahrten + eine vierte, unpr\u00e4parierte, hatten zudem oben Schiebest\u00fccke, somit mich das Gebiet nicht wirklich \u00fcberzeugte.<\/p>\n<p><a href='http:\/\/ski.inmontanis.info\/d\/257491-2\/DSC01471.jpg'><img src=http:\/\/ski.inmontanis.info\/d\/257490-3\/DSC01471.jpg \/><\/a><br \/>\n^ SL L&#8217;Orient. Da ersetzt man den Lift mit einem neuen SL und &#8211; l\u00e4sst ihn weiterhin so bl\u00f6d da oben starten, anstatt ihn nach unten zu verl\u00e4ngern??<\/p>\n<p><a href='http:\/\/ski.inmontanis.info\/d\/257495-2\/DSC01472.jpg'><img src=http:\/\/ski.inmontanis.info\/d\/257494-3\/DSC01472.jpg \/><\/a><br \/>\n^ L&#8217;Orient \/ Pistenplan. Den linken, k\u00fcrzeren Kurven-KSSL gibts nicht mehr; daf\u00fcr hat der SL nun einen Zwischenausstieg<\/p>\n<p><a href='http:\/\/ski.inmontanis.info\/d\/257499-2\/DSC01473.jpg'><img src=http:\/\/ski.inmontanis.info\/d\/257498-3\/DSC01473.jpg \/><\/a><br \/>\n^ Der einzige Lift in L&#8217;Orient<\/p>\n<p><a href='http:\/\/ski.inmontanis.info\/d\/257503-2\/DSC01475.jpg'><img src=http:\/\/ski.inmontanis.info\/d\/257502-3\/DSC01475.jpg \/><\/a><br \/>\n^ Die Bergstation ist suboptimal gew\u00e4hlt, muss man doch in jede Richtung etwas schieben.<\/p>\n<p><a href='http:\/\/ski.inmontanis.info\/d\/257507-2\/DSC01480.jpg'><img src=http:\/\/ski.inmontanis.info\/d\/257506-3\/DSC01480.jpg \/><\/a><br \/>\n^ Die Abfahrten sind abschnittsweise nett<\/p>\n<p><a href='http:\/\/ski.inmontanis.info\/d\/257511-2\/DSC01481.jpg'><img src=http:\/\/ski.inmontanis.info\/d\/257510-3\/DSC01481.jpg \/><\/a><br \/>\n^ <\/p>\n<p><a href='http:\/\/ski.inmontanis.info\/d\/257515-2\/DSC01485.jpg'><img src=http:\/\/ski.inmontanis.info\/d\/257514-3\/DSC01485.jpg \/><\/a><br \/>\n^ .. und einen unpr\u00e4parierten Hang gibts auch.<\/p>\n<p><a href='http:\/\/ski.inmontanis.info\/d\/257519-2\/DSC01489.jpg'><img src=http:\/\/ski.inmontanis.info\/d\/257518-3\/DSC01489.jpg \/><\/a><br \/>\n^ L&#8217;Orient \/ Parkplatz<\/p>\n<p>Vor 14 Uhr fuhr ich dann ins dritte Skigebiet, Le Brassus, wo leider ebenfalls der untere KSSL mit einem Kurventellerlift ersetzt wurde. Der Hauptlift ist aber eh der obere B\u00fcgel-SL, an beiden gab es Wartezeiten.<\/p>\n<p><a href='http:\/\/ski.inmontanis.info\/d\/257523-2\/DSC01490.jpg'><img src=http:\/\/ski.inmontanis.info\/d\/257522-3\/DSC01490.jpg \/><\/a><br \/>\n^ Le Brassus, der untere Kurven-SL ist f\u00fcr die Anf\u00e4nger und recht voll<\/p>\n<p><a href='http:\/\/ski.inmontanis.info\/d\/257527-2\/DSC01492.jpg'><img src=http:\/\/ski.inmontanis.info\/d\/257526-3\/DSC01492.jpg \/><\/a><br \/>\n^ Der obere SL<\/p>\n<p><a href='http:\/\/ski.inmontanis.info\/d\/257531-2\/DSC01494.jpg'><img src=http:\/\/ski.inmontanis.info\/d\/257530-3\/DSC01494.jpg \/><\/a><br \/>\n^ .. ist leider auch sehr voll<\/p>\n<p><a href='http:\/\/ski.inmontanis.info\/d\/257535-2\/DSC01496.jpg'><img src=http:\/\/ski.inmontanis.info\/d\/257534-3\/DSC01496.jpg \/><\/a><br \/>\n^ Abfahrt am oberen SL, h\u00e4lt sich auch in Grenzen<\/p>\n<p>Da ich keine Lust hatte, noch 2 Stunden hier zu bleiben (zumindest die Tallifte fahren jeweils bis 17 Uhr), fuhr ich nochmals nach L&#8217;Abbaye zur\u00fcck und fuhr dort nochmal fast alles, war aber jetzt nicht mehr so spannend wie heute morgen. Um 16:15 hatte ich keine Lust mehr und h\u00f6rte auf. (Beim Wechseln der Skigebiete fahr ich mit angezogenen Skischuhen Auto, was mittlerweile ganz gut funktioniert &#8211; auch ohne Automatik.)<\/p>\n<p><a href='http:\/\/ski.inmontanis.info\/d\/257539-2\/DSC03761.jpg'><img src=http:\/\/ski.inmontanis.info\/d\/257538-3\/DSC03761.jpg \/><\/a><br \/>\n^ Wieder in L&#8217;Abbaye, IR-Pano mit Mond<\/p>\n<p><a href='http:\/\/ski.inmontanis.info\/d\/257543-2\/DSC03763.jpg'><img src=http:\/\/ski.inmontanis.info\/d\/257542-3\/DSC03763.jpg \/><\/a><br \/>\n^ L&#8217;Abbaye, R\u00fcckseitenpano in IR<\/p>\n<p><a href='http:\/\/ski.inmontanis.info\/d\/257547-2\/DSC01506.jpg'><img src=http:\/\/ski.inmontanis.info\/d\/257546-3\/DSC01506.jpg \/><\/a><br \/>\n^ L&#8217;Abbaye, untere Querung zum KSSL<\/p>\n<p><a href='http:\/\/ski.inmontanis.info\/d\/257551-2\/ge20190216a.jpg'><img src=http:\/\/ski.inmontanis.info\/d\/257550-3\/ge20190216a.jpg \/><\/a><br \/>\n^ GPS-Track 16.2.2019<\/p>\n<p>Fazit: KSSL und Seeblick machen solche Tallifte\/Mittelgebirgsskigebiete zwar etwas interessanter, aber verpassen tut man zumindest hier auch nichts. Ob ich mich so zu den noch nicht gefahrenen 4 freiburger Alpenrand-Gebieten \u00fcberreden kann, wird sich zeigen. Aktuell \u00e4u\u00dfert sich ein gewisses Italien-Verlangen bei mir, dass ich in den n\u00e4chsten Wochenenden mal stillen sollte :-)<\/p>\n<p>\u00dcbernachtet wird heute im Premiere Class im gleichen Ort in Frankreich nahe Genf\/Cern\/Flughafen, wo ich letzte Woche im Ibis Budget war. Preis war gleich, aber hier hat es einen Schreibtisch im Zimmer, also nahm ich mal das. Fr\u00fchst\u00fcck wie im IB letzte Woche am Wochenende erst ab 7 Uhr, so dass ich diesmal verzichtete, um eine Stunde fr\u00fcher als letzten Samstag an den Rochers de Naye zu sein.<\/p>\n<p><a href='http:\/\/extra.inmontanis.info\/d\/52301-2\/DSC01520.jpg'><img src=http:\/\/extra.inmontanis.info\/d\/52300-3\/DSC01520.jpg \/><\/a><br \/>\n^ Genfersee<\/p>\n<p><a href='http:\/\/extra.inmontanis.info\/d\/52305-2\/DSC01523.jpg'><img src=http:\/\/extra.inmontanis.info\/d\/52304-3\/DSC01523.jpg \/><\/a><br \/>\n^ Hotelzimmer<\/p>\n<p>Gegen\u00fcber vom Hotel ist ein Intermarch\u00e9, also kaufte ich schnell noch bisschen was ein, am anderen Ende des Parkplatzes gab es einen Pizza-Wagen, wo ich mir eine Montagnard (12,-) kaufte &#8211; Teig besser als bei der Pizza von letzter Woche, aber die Montagnard schmeckt mir auf Tomatensauce-Basis glaub ich besser als auf &#8220;Cr\u00e8me&#8221;-Basis, wenn ich das richtig in Erinnerung hab. (Den Rest hob ich mir wieder f\u00fcr morgen auf, nehm ich zum Skifahren mit.)<\/p>\n<p><a href='http:\/\/extra.inmontanis.info\/d\/52309-2\/IMG_20190216_18542376_full_2x1.jpg'><img src=http:\/\/extra.inmontanis.info\/d\/52308-3\/IMG_20190216_18542376_full_2x1.jpg \/><\/a><br \/>\n^ frz. Pizza Montagnard<\/p>\n<p>(Fortsetzung folgt.)<\/p>\n","protected":false},"excerpt":{"rendered":"<p>Sa, 16.2.2019: Vall\u00e9e de Joux<\/p>\n<p>Um kurz vor 4 Uhr stand ich auf, um kurz vor 4:30 kam ich weg und um kurz nach 10 Uhr kam ich an meinem heutigen Ziel an. Nachdem so warm gemeldet wurde, sollte man die Tage ja evtl. die Skigebiete anfahren, die tiefer liegen und\/oder nicht mehr viel Schnee <a href=\"http:\/\/blog.inmontanis.info\/?p=5500\">[&#8230;]<\/a><\/p>\n","protected":false},"author":1,"featured_media":0,"comment_status":"closed","ping_status":"closed","sticky":false,"template":"","format":"standard","meta":{"footnotes":""},"categories":[14,27,702,81],"tags":[90,48,45,47],"class_list":["post-5500","post","type-post","status-publish","format-standard","hentry","category-swiss","category-skifahren-winterskiing-winter","category-valle-de-joux","category-kurztrips","tag-infrarot","tag-kssl","tag-see","tag-sl","odd"],"_links":{"self":[{"href":"http:\/\/blog.inmontanis.info\/index.php?rest_route=\/wp\/v2\/posts\/5500","targetHints":{"allow":["GET"]}}],"collection":[{"href":"http:\/\/blog.inmontanis.info\/index.php?rest_route=\/wp\/v2\/posts"}],"about":[{"href":"http:\/\/blog.inmontanis.info\/index.php?rest_route=\/wp\/v2\/types\/post"}],"author":[{"embeddable":true,"href":"http:\/\/blog.inmontanis.info\/index.php?rest_route=\/wp\/v2\/users\/1"}],"replies":[{"embeddable":true,"href":"http:\/\/blog.inmontanis.info\/index.php?rest_route=%2Fwp%2Fv2%2Fcomments&post=5500"}],"version-history":[{"count":3,"href":"http:\/\/blog.inmontanis.info\/index.php?rest_route=\/wp\/v2\/posts\/5500\/revisions"}],"predecessor-version":[{"id":9141,"href":"http:\/\/blog.inmontanis.info\/index.php?rest_route=\/wp\/v2\/posts\/5500\/revisions\/9141"}],"wp:attachment":[{"href":"http:\/\/blog.inmontanis.info\/index.php?rest_route=%2Fwp%2Fv2%2Fmedia&parent=5500"}],"wp:term":[{"taxonomy":"category","embeddable":true,"href":"http:\/\/blog.inmontanis.info\/index.php?rest_route=%2Fwp%2Fv2%2Fcategories&post=5500"},{"taxonomy":"post_tag","embeddable":true,"href":"http:\/\/blog.inmontanis.info\/index.php?rest_route=%2Fwp%2Fv2%2Ftags&post=5500"}],"curies":[{"name":"wp","href":"https:\/\/api.w.org\/{rel}","templated":true}]}}