{"id":5497,"date":"2019-02-15T21:11:24","date_gmt":"2019-02-15T20:11:24","guid":{"rendered":"http:\/\/blog.inmontanis.info\/?p=5497"},"modified":"2023-07-30T18:34:20","modified_gmt":"2023-07-30T16:34:20","slug":"kampenwand-15-2-2019","status":"publish","type":"post","link":"http:\/\/blog.inmontanis.info\/?p=5497","title":{"rendered":"Kampenwand, 15.2.2019"},"content":{"rendered":"<p><strong>Fr, 15.2.2019: Kampenwand<\/strong><\/p>\n<p>Heute nahm ich mir mal wieder ab 12 Uhr frei (das sind freitags ja nur 2,5h) und fuhr zur Kampenwand. GMaps zeigte Stau schon vor Kufstein, auch in und durch Kufstein, so dass ich mal \u00fcber Langkampfen gefahren bin (was ich in den n\u00e4chsten Wochen noch \u00f6fters machen sollte).<\/p>\n<p>An der Kampenwand gab&#8217;s heute super Fernsicht &#8211; und zumindest eine mir bisher unbekannte Variante am ESL bin ich auch noch gefahren. So ein Freitag Nachmittag auf der Kampenwand ist schon nett.<\/p>\n<p>(Fotos anklicken zum Vergr\u00f6\u00dfern)<\/p>\n<p><a href='http:\/\/ski.inmontanis.info\/d\/257337-2\/DSC03735.jpg'><img src=http:\/\/ski.inmontanis.info\/d\/257336-3\/DSC03735.jpg \/><\/a><br \/>\n^ IR-Pano nach M\u00fcnchen<\/p>\n<p><a href='http:\/\/ski.inmontanis.info\/d\/257341-2\/DSC03739.jpg'><img src=http:\/\/ski.inmontanis.info\/d\/257340-3\/DSC03739.jpg \/><\/a><br \/>\n^ IR-Zoom nach M\u00fcnchen<\/p>\n<p><a href='http:\/\/ski.inmontanis.info\/d\/257345-2\/DSC03738.jpg'><img src=http:\/\/ski.inmontanis.info\/d\/257344-3\/DSC03738.jpg \/><\/a><br \/>\n^ IR-Zoom nach M\u00fcnchen<\/p>\n<p><a href='http:\/\/ski.inmontanis.info\/d\/257349-2\/DSC03737.jpg'><img src=http:\/\/ski.inmontanis.info\/d\/257348-3\/DSC03737.jpg \/><\/a><br \/>\n^ IR-Zoom nach M\u00fcnchen<\/p>\n<p><a href='http:\/\/ski.inmontanis.info\/d\/257353-2\/DSC01378.jpg'><img src=http:\/\/ski.inmontanis.info\/d\/257352-3\/DSC01378.jpg \/><\/a><br \/>\n^ ESL und Chiemsee<\/p>\n<p><a href='http:\/\/ski.inmontanis.info\/d\/257357-2\/DSC01380.jpg'><img src=http:\/\/ski.inmontanis.info\/d\/257356-3\/DSC01380.jpg \/><\/a><br \/>\n^ SL<\/p>\n<p><a href='http:\/\/ski.inmontanis.info\/d\/257361-2\/DSC01381.jpg'><img src=http:\/\/ski.inmontanis.info\/d\/257360-3\/DSC01381.jpg \/><\/a><br \/>\n^ ESL, doch noch recht schattig Mitte Februar um 14 Uhr<\/p>\n<p><a href='http:\/\/ski.inmontanis.info\/d\/257365-2\/DSC03749.jpg'><img src=http:\/\/ski.inmontanis.info\/d\/257364-3\/DSC03749.jpg \/><\/a><br \/>\n^ IR-Foto mit ESL<\/p>\n<p><a href='http:\/\/ski.inmontanis.info\/d\/257369-2\/DSC01385.jpg'><img src=http:\/\/ski.inmontanis.info\/d\/257368-3\/DSC01385.jpg \/><\/a><br \/>\n^ ESL und Chiemsee und Start der schwarzen, unpr\u00e4parierten Abfahrt<\/p>\n<p><a href='http:\/\/ski.inmontanis.info\/d\/257373-2\/DSC03750.jpg'><img src=http:\/\/ski.inmontanis.info\/d\/257372-3\/DSC03750.jpg \/><\/a><br \/>\n^ IR-Foto zum Chiemsee<\/p>\n<p><a href='http:\/\/ski.inmontanis.info\/d\/257377-2\/DSC01387.jpg'><img src=http:\/\/ski.inmontanis.info\/d\/257376-3\/DSC01387.jpg \/><\/a><br \/>\n^ Die Abfahrt am ESL wurde tats\u00e4chlich mal abschnittsweise pr\u00e4pariert<\/p>\n<p><a href='http:\/\/ski.inmontanis.info\/d\/257381-2\/DSC01390.jpg'><img src=http:\/\/ski.inmontanis.info\/d\/257380-3\/DSC01390.jpg \/><\/a><br \/>\n^ Lawinensprengvorrichtung? am ESL-Hang<\/p>\n<p><a href='http:\/\/ski.inmontanis.info\/d\/257385-2\/DSC01391.jpg'><img src=http:\/\/ski.inmontanis.info\/d\/257384-3\/DSC01391.jpg \/><\/a><br \/>\n^ Gratabfahrt am ESL<\/p>\n<p><a href='http:\/\/ski.inmontanis.info\/d\/257389-2\/DSC01394.jpg'><img src=http:\/\/ski.inmontanis.info\/d\/257388-3\/DSC01394.jpg \/><\/a><br \/>\n^ Skiblick zum Chiemsee<\/p>\n<p><a href='http:\/\/ski.inmontanis.info\/d\/257393-2\/DSC01396.jpg'><img src=http:\/\/ski.inmontanis.info\/d\/257392-3\/DSC01396.jpg \/><\/a><br \/>\n^ Variante am ESL<\/p>\n<p><a href='http:\/\/ski.inmontanis.info\/d\/257397-2\/DSC01397.jpg'><img src=http:\/\/ski.inmontanis.info\/d\/257396-3\/DSC01397.jpg \/><\/a><br \/>\n^ Variante am ESL<\/p>\n<p><a href='http:\/\/ski.inmontanis.info\/d\/257401-2\/DSC01399.jpg'><img src=http:\/\/ski.inmontanis.info\/d\/257400-3\/DSC01399.jpg \/><\/a><br \/>\n^ Variante am ESL<\/p>\n<p><a href='http:\/\/ski.inmontanis.info\/d\/257405-2\/DSC01402.jpg'><img src=http:\/\/ski.inmontanis.info\/d\/257404-3\/DSC01402.jpg \/><\/a><br \/>\n^ Variante am ESL<\/p>\n<p><a href='http:\/\/ski.inmontanis.info\/d\/257409-2\/DSC01404.jpg'><img src=http:\/\/ski.inmontanis.info\/d\/257408-3\/DSC01404.jpg \/><\/a><br \/>\n^ Variante am ESL<\/p>\n<p><a href='http:\/\/ski.inmontanis.info\/d\/257413-2\/DSC03754.jpg'><img src=http:\/\/ski.inmontanis.info\/d\/257412-3\/DSC03754.jpg \/><\/a><br \/>\n^ IR-Zoom zum Chiemsee und dr\u00fcber hinaus<\/p>\n<p>Aufgrund der sonnigen Vorhersagen ging&#8217;s wie letztes WE in die Schweiz zu meiner anderen Saisonkarte und zus\u00e4tzlich nahm ich mir noch am Montag frei. Die Hotels hab ich heute Abend auch noch gebucht &#8211; nahe Genf und in Thonon.<\/p>\n<p>(Fortsetzung folgt.)<\/p>\n","protected":false},"excerpt":{"rendered":"<p>Fr, 15.2.2019: Kampenwand<\/p>\n<p>Heute nahm ich mir mal wieder ab 12 Uhr frei (das sind freitags ja nur 2,5h) und fuhr zur Kampenwand. GMaps zeigte Stau schon vor Kufstein, auch in und durch Kufstein, so dass ich mal \u00fcber Langkampfen gefahren bin (was ich in den n\u00e4chsten Wochen noch \u00f6fters machen sollte).<\/p>\n<p>An der Kampenwand <a href=\"http:\/\/blog.inmontanis.info\/?p=5497\">[&#8230;]<\/a><\/p>\n","protected":false},"author":1,"featured_media":0,"comment_status":"closed","ping_status":"closed","sticky":false,"template":"","format":"standard","meta":{"footnotes":""},"categories":[12,268,59,27,81],"tags":[35,90,45],"class_list":["post-5497","post","type-post","status-publish","format-standard","hentry","category-germany","category-kampenwand","category-nostalgie","category-skifahren-winterskiing-winter","category-kurztrips","tag-esl","tag-infrarot","tag-see","odd"],"_links":{"self":[{"href":"http:\/\/blog.inmontanis.info\/index.php?rest_route=\/wp\/v2\/posts\/5497","targetHints":{"allow":["GET"]}}],"collection":[{"href":"http:\/\/blog.inmontanis.info\/index.php?rest_route=\/wp\/v2\/posts"}],"about":[{"href":"http:\/\/blog.inmontanis.info\/index.php?rest_route=\/wp\/v2\/types\/post"}],"author":[{"embeddable":true,"href":"http:\/\/blog.inmontanis.info\/index.php?rest_route=\/wp\/v2\/users\/1"}],"replies":[{"embeddable":true,"href":"http:\/\/blog.inmontanis.info\/index.php?rest_route=%2Fwp%2Fv2%2Fcomments&post=5497"}],"version-history":[{"count":3,"href":"http:\/\/blog.inmontanis.info\/index.php?rest_route=\/wp\/v2\/posts\/5497\/revisions"}],"predecessor-version":[{"id":8894,"href":"http:\/\/blog.inmontanis.info\/index.php?rest_route=\/wp\/v2\/posts\/5497\/revisions\/8894"}],"wp:attachment":[{"href":"http:\/\/blog.inmontanis.info\/index.php?rest_route=%2Fwp%2Fv2%2Fmedia&parent=5497"}],"wp:term":[{"taxonomy":"category","embeddable":true,"href":"http:\/\/blog.inmontanis.info\/index.php?rest_route=%2Fwp%2Fv2%2Fcategories&post=5497"},{"taxonomy":"post_tag","embeddable":true,"href":"http:\/\/blog.inmontanis.info\/index.php?rest_route=%2Fwp%2Fv2%2Ftags&post=5497"}],"curies":[{"name":"wp","href":"https:\/\/api.w.org\/{rel}","templated":true}]}}