{"id":5494,"date":"2019-02-10T19:34:50","date_gmt":"2019-02-10T18:34:50","guid":{"rendered":"http:\/\/blog.inmontanis.info\/?p=5494"},"modified":"2023-08-05T14:31:52","modified_gmt":"2023-08-05T12:31:52","slug":"vercorin-10-2-2019","status":"publish","type":"post","link":"http:\/\/blog.inmontanis.info\/?p=5494","title":{"rendered":"Vercorin, 10.2.2019"},"content":{"rendered":"<p><strong>So, 10.2.2019: Vercorin<\/strong><\/p>\n<p>Heute standen zur Auswahl: Anzere, Evolene, Nax, Vercorin. Anderswo waren die Windvorhersagen lt. Bergfex zu extrem (bis zu 100 km\/h nachmittags) ..<\/p>\n<p>Anzere war ich noch nie, d\u00fcrfte aber bei besserem Wetter sicherlich sinnvoller sein (allein von der Ausrichtung), au\u00dferdem, falls der Wind doch st\u00e4rker sein sollte und ein Verbindungslift ausfallen sollte&#8230; Evolene war ich letztes Jahr schon bei nebligem wetter, w\u00e4re bei Sonne auch mal sch\u00f6ner. Nax w\u00e4re f\u00fcr einen halben Tag gut, h\u00e4tte mit seinen mehreren Sektionen auch seinen Vorteil, allerdings mit den 3x 4SB als Hauptbahn eher eine geringere Priorit\u00e4t. Vercorin war ich heuer schon mal bei Schlechtwetter, damals aber ohne die SL\/KSSL, die ich heuer auch nochmals fahren wollte, bevor da demn\u00e4chst eine KSB steht. KSSL-fahren macht ja auch viel mehr Spa\u00df als 4SB-fahren. (Ich sagte Spa\u00df, ich sag nicht, dass es bequemer w\u00e4re. Aber nicht alles, was Spa\u00df macht, muss auch bequem sein. Und nicht alles, was bequem ist, muss Spa\u00df machen. Unbequem ist manchmal eben spa\u00dfiger.)<\/p>\n<p>Ich entschied mich also f\u00fcr Vercorin, auch wenn die Rechtsau\u00dfenrumtalabfahrt (noch?) nicht offen ist, auch da die Webcams  oben keinen Nebel zeigten. Ich stieg diesmal aber direkt im Tal bei der kleinen PB ein, die f\u00fcr Skifahrer gratis ist, ebenso der Parkplatz und der Skibus dann oben. Und die Rauffahrerei spart man sich auch noch.<\/p>\n<p>(Fotos anklicken zum Vergr\u00f6\u00dfern)<\/p>\n<p><a href='http:\/\/ski.inmontanis.info\/d\/257125-2\/DSC01245.jpg'><img src=http:\/\/ski.inmontanis.info\/d\/257124-3\/DSC01245.jpg \/><\/a><br \/>\n^ Die kleine PB aus dem Rh\u00f4ne-Tal, mit gratis Parkplatz<\/p>\n<p><a href='http:\/\/ski.inmontanis.info\/d\/257129-2\/DSC01246.jpg'><img src=http:\/\/ski.inmontanis.info\/d\/257128-3\/DSC01246.jpg \/><\/a><br \/>\n^ PB nach Vercorin<\/p>\n<p><a href='http:\/\/ski.inmontanis.info\/d\/257133-2\/DSC01251.jpg'><img src=http:\/\/ski.inmontanis.info\/d\/257132-3\/DSC01251.jpg \/><\/a><br \/>\n^ Steile Abfahrt am KSSL Mont Major, dem Mittleren<\/p>\n<p><a href='http:\/\/ski.inmontanis.info\/d\/257137-2\/DSC01253.jpg'><img src=http:\/\/ski.inmontanis.info\/d\/257136-3\/DSC01253.jpg \/><\/a><br \/>\n^ Abfahrt zum unteren KSSL Tracuit<\/p>\n<p><a href='http:\/\/ski.inmontanis.info\/d\/257141-2\/DSC01254.jpg'><img src=http:\/\/ski.inmontanis.info\/d\/257140-3\/DSC01254.jpg \/><\/a><br \/>\n^ KSSL Tracuit, der soll ja leider mit einer 6KSB auf unten verk\u00fcrzter, anderer Trasse ersetzt werden.<\/p>\n<p><a href='http:\/\/ski.inmontanis.info\/d\/257145-2\/DSC01256.jpg'><img src=http:\/\/ski.inmontanis.info\/d\/257144-3\/DSC01256.jpg \/><\/a><br \/>\n^ KSSL Tracuit; diese Varianten werden dann z.B. auch wegfallen<\/p>\n<p><a href='http:\/\/ski.inmontanis.info\/d\/257149-2\/DSC01260.jpg'><img src=http:\/\/ski.inmontanis.info\/d\/257148-3\/DSC01260.jpg \/><\/a><br \/>\n^ KSSL Tracuit<\/p>\n<p><a href='http:\/\/ski.inmontanis.info\/d\/257153-2\/DSC01262.jpg'><img src=http:\/\/ski.inmontanis.info\/d\/257152-3\/DSC01262.jpg \/><\/a><br \/>\n^ KSSL Tracuit<\/p>\n<p><a href='http:\/\/ski.inmontanis.info\/d\/257157-2\/DSC01269.jpg'><img src=http:\/\/ski.inmontanis.info\/d\/257156-3\/DSC01269.jpg \/><\/a><br \/>\n^ KSSL Cabanon, der Linke<\/p>\n<p><a href='http:\/\/ski.inmontanis.info\/d\/257161-2\/DSC01272.jpg'><img src=http:\/\/ski.inmontanis.info\/d\/257160-3\/DSC01272.jpg \/><\/a><br \/>\n^ Die 3 KSSL Cabanon (links), Tracuit und Mont Major (rechts)<\/p>\n<p><a href='http:\/\/ski.inmontanis.info\/d\/257165-2\/DSC01274.jpg'><img src=http:\/\/ski.inmontanis.info\/d\/257164-3\/DSC01274.jpg \/><\/a><br \/>\n^ KSSL Cabanon, der Linke<\/p>\n<p><a href='http:\/\/ski.inmontanis.info\/d\/257169-2\/DSC01277.jpg'><img src=http:\/\/ski.inmontanis.info\/d\/257168-3\/DSC01277.jpg \/><\/a><br \/>\n^ KSSL Cabanon, der Linke<\/p>\n<p><a href='http:\/\/ski.inmontanis.info\/d\/257173-2\/DSC01278.jpg'><img src=http:\/\/ski.inmontanis.info\/d\/257172-3\/DSC01278.jpg \/><\/a><br \/>\n^ KSSL Cabanon, der Linke<\/p>\n<p><a href='http:\/\/ski.inmontanis.info\/d\/257177-2\/DSC01279.jpg'><img src=http:\/\/ski.inmontanis.info\/d\/257176-3\/DSC01279.jpg \/><\/a><br \/>\n^ KSSL Cabanon, Bergstation und Start der kleinen Hintenrumabfahrt<\/p>\n<p><a href='http:\/\/ski.inmontanis.info\/d\/257181-2\/DSC01282.jpg'><img src=http:\/\/ski.inmontanis.info\/d\/257180-3\/DSC01282.jpg \/><\/a><br \/>\n^ KSSL Cabanon, der Linke<\/p>\n<p><a href='http:\/\/ski.inmontanis.info\/d\/257185-2\/DSC01285.jpg'><img src=http:\/\/ski.inmontanis.info\/d\/257184-3\/DSC01285.jpg \/><\/a><br \/>\n^ Abfahrt zum KSSL Tracuit, im unteren Bereich gabs ein paar Waldvarianten<\/p>\n<p><a href='http:\/\/ski.inmontanis.info\/d\/257189-2\/DSC01287.jpg'><img src=http:\/\/ski.inmontanis.info\/d\/257188-3\/DSC01287.jpg \/><\/a><br \/>\n^ KSSL Tracuit<\/p>\n<p><a href='http:\/\/ski.inmontanis.info\/d\/257193-2\/DSC01289.jpg'><img src=http:\/\/ski.inmontanis.info\/d\/257192-3\/DSC01289.jpg \/><\/a><br \/>\n^ Seitenpano am KSSL Tracuit<\/p>\n<p><a href='http:\/\/ski.inmontanis.info\/d\/257197-2\/DSC01291.jpg'><img src=http:\/\/ski.inmontanis.info\/d\/257196-3\/DSC01291.jpg \/><\/a><br \/>\n^ KSSL Mont Major, der mittlere Lift an diesem Berg (weiter rechts ist ja noch der kurze SL Chardons)<\/p>\n<p><a href='http:\/\/ski.inmontanis.info\/d\/257201-2\/DSC01293.jpg'><img src=http:\/\/ski.inmontanis.info\/d\/257200-3\/DSC01293.jpg \/><\/a><br \/>\n^ Kleine, aber nette Hintenrumabfahrt am Mont Major<\/p>\n<p><a href='http:\/\/ski.inmontanis.info\/d\/257205-2\/DSC01296.jpg'><img src=http:\/\/ski.inmontanis.info\/d\/257204-3\/DSC01296.jpg \/><\/a><br \/>\n^ SL Chardons und dahinter KSSL Cr\u00eat, sowie Bergstation EUB<\/p>\n<p><a href='http:\/\/ski.inmontanis.info\/d\/257209-2\/DSC01297.jpg'><img src=http:\/\/ski.inmontanis.info\/d\/257208-3\/DSC01297.jpg \/><\/a><br \/>\n^ Kleine, aber nette Hintenrumabfahrt am Mont Major<\/p>\n<p><a href='http:\/\/ski.inmontanis.info\/d\/257329-2\/DSC01299.jpg'><img src=http:\/\/ski.inmontanis.info\/d\/257328-3\/DSC01299.jpg \/><\/a><br \/>\n^ Blick nach Chandolin-St.Luc von Vercorin<\/p>\n<p><a href='http:\/\/ski.inmontanis.info\/d\/257333-2\/DSC01300.jpg'><img src=http:\/\/ski.inmontanis.info\/d\/257332-3\/DSC01300.jpg \/><\/a><br \/>\n^ Blick nach Chandolin-St.Luc von Vercorin<\/p>\n<p><a href='http:\/\/ski.inmontanis.info\/d\/257213-2\/DSC01301.jpg'><img src=http:\/\/ski.inmontanis.info\/d\/257212-3\/DSC01301.jpg \/><\/a><br \/>\n^ Gel\u00e4nde abseits des KSSL Cabanon<\/p>\n<p><a href='http:\/\/ski.inmontanis.info\/d\/257217-2\/DSC01305.jpg'><img src=http:\/\/ski.inmontanis.info\/d\/257216-3\/DSC01305.jpg \/><\/a><br \/>\n^ Ex-KSSL Sigeroulaz<\/p>\n<p><a href='http:\/\/ski.inmontanis.info\/d\/257221-2\/DSC01308.jpg'><img src=http:\/\/ski.inmontanis.info\/d\/257220-3\/DSC01308.jpg \/><\/a><br \/>\n^ Talabfahrt zur EUB<\/p>\n<p><a href='http:\/\/ski.inmontanis.info\/d\/257225-2\/DSC01309.jpg'><img src=http:\/\/ski.inmontanis.info\/d\/257224-3\/DSC01309.jpg \/><\/a><br \/>\n^ EUB-Talstation<\/p>\n<p><a href='http:\/\/ski.inmontanis.info\/d\/257229-2\/DSC01303.jpg'><img src=http:\/\/ski.inmontanis.info\/d\/257228-3\/DSC01303.jpg \/><\/a><br \/>\n^ Start der Abfahrt Bisse. Sah dann einfach doch zu nett aus, genug gefahren sind wohl auch irgendwann. Und lt. Pistenplan sollte es ja eine Querung zur EUB-Talstation geben. Also konnte ich nicht anders ..<\/p>\n<p><a href='http:\/\/ski.inmontanis.info\/d\/257233-2\/DSC01310.jpg'><img src=http:\/\/ski.inmontanis.info\/d\/257232-3\/DSC01310.jpg \/><\/a><br \/>\n^ Abfahrt Bisse<\/p>\n<p><a href='http:\/\/ski.inmontanis.info\/d\/257237-2\/DSC01312.jpg'><img src=http:\/\/ski.inmontanis.info\/d\/257236-3\/DSC01312.jpg \/><\/a><br \/>\n^ Abfahrt Bisse<\/p>\n<p><a href='http:\/\/ski.inmontanis.info\/d\/257241-2\/DSC01313.jpg'><img src=http:\/\/ski.inmontanis.info\/d\/257240-3\/DSC01313.jpg \/><\/a><br \/>\n^ Abfahrt Bisse<\/p>\n<p><a href='http:\/\/ski.inmontanis.info\/d\/257245-2\/DSC01314.jpg'><img src=http:\/\/ski.inmontanis.info\/d\/257244-3\/DSC01314.jpg \/><\/a><br \/>\n^ Abfahrt Bisse. Stellenweise ist sie schon ganz nett<\/p>\n<p><a href='http:\/\/ski.inmontanis.info\/d\/257249-2\/DSC01316.jpg'><img src=http:\/\/ski.inmontanis.info\/d\/257248-3\/DSC01316.jpg \/><\/a><br \/>\n^ Abfahrt Bisse<\/p>\n<p><a href='http:\/\/ski.inmontanis.info\/d\/257253-2\/DSC01317.jpg'><img src=http:\/\/ski.inmontanis.info\/d\/257252-3\/DSC01317.jpg \/><\/a><br \/>\n^ Abfahrt Bisse. Stellenweise ist sie schon ganz nett, da k\u00f6nnte man doch einen der abgebauten KSSL aufstellen?<\/p>\n<p><a href='http:\/\/ski.inmontanis.info\/d\/257257-2\/DSC01322.jpg'><img src=http:\/\/ski.inmontanis.info\/d\/257256-3\/DSC01322.jpg \/><\/a><br \/>\n^ Abfahrt Bisse, am Weg muss man dann etwas schieben ..<\/p>\n<p><a href='http:\/\/ski.inmontanis.info\/d\/257261-2\/DSC01323.jpg'><img src=http:\/\/ski.inmontanis.info\/d\/257260-3\/DSC01323.jpg \/><\/a><br \/>\n^ .. und kommt dan hier raus, wo, zumindest wenn die Abfahrt offen ist, ein Pendelbus verkehrt. Lt. Plan soll es ja auch eine Verbindungsabfahrt geben .. aber wieder einmal nichts ausgeschildert. <\/p>\n<p>Also fuhr ich &#8211; f\u00e4lschlicherweise &#8211; erst mal etwas die Stra\u00dfe ab und checkte dann anhand GPS-Track und dem dort eingezeichneten Pistenverlauf meinen Standort &#8211; ich war zu tief. Also h\u00e4tte ich vorhin am Parkplatz wohl den Weg bergauf gehen m\u00fcssen. Nun, ich zog die Skier aus und ging etwas sp\u00e4ter zum Weg hinauf, der dann aber auch wieder nicht der richtige zu sein schien und nach einer kurzen St\u00fcck Fahrt stieg ich nochmals hinauf zum n\u00e4chsten Weg, dazwischen kam ich an diesem St\u00fcck vorbei:<\/p>\n<p><a href='http:\/\/ski.inmontanis.info\/d\/257265-2\/DSC01327.jpg'><img src=http:\/\/ski.inmontanis.info\/d\/257264-3\/DSC01327.jpg \/><\/a><br \/>\n^ Das sah mir auch nicht nach der Abfahrt aus, also ging ich nochmals ein St\u00fcck hinauf &#8211; und musste sp\u00e4ter wieder runter, es scheint wohl tats\u00e4chlich dieser Weg die Skiabfahrt gewesen sein ..<\/p>\n<p><a href='http:\/\/ski.inmontanis.info\/d\/257269-2\/DSC01328.jpg'><img src=http:\/\/ski.inmontanis.info\/d\/257268-3\/DSC01328.jpg \/><\/a><br \/>\n^ Ich ging also ein St\u00fcck diesen Weg hinauf, aber der ging immer weiter hinauf. Irgendwann kehrte ich um, weil ich im GPS-Track auch mal wieder merkte, dass ich nun zu weit oben war.<\/p>\n<p><a href='http:\/\/ski.inmontanis.info\/d\/257273-2\/DSC01332.jpg'><img src=http:\/\/ski.inmontanis.info\/d\/257272-3\/DSC01332.jpg \/><\/a><br \/>\n^ Also fuhr ich die Aufstiegstrasse der Tourenskigeher ab.<\/p>\n<p><a href='http:\/\/ski.inmontanis.info\/d\/257277-2\/DSC01336.jpg'><img src=http:\/\/ski.inmontanis.info\/d\/257276-3\/DSC01336.jpg \/><\/a><br \/>\n^ Irgendwann kam ich dann auch wieder auf klarere Wegverh\u00e4ltnisse<\/p>\n<p><a href='http:\/\/ski.inmontanis.info\/d\/257281-2\/DSC01338.jpg'><img src=http:\/\/ski.inmontanis.info\/d\/257280-3\/DSC01338.jpg \/><\/a><br \/>\n^ Hier allerdings war der Hang links die offizielle Verbindungsabfahrt<\/p>\n<p><a href='http:\/\/ski.inmontanis.info\/d\/257285-2\/DSC01341.jpg'><img src=http:\/\/ski.inmontanis.info\/d\/257284-3\/DSC01341.jpg \/><\/a><br \/>\n^ Danach gings wieder logisch weiter<\/p>\n<p><a href='http:\/\/ski.inmontanis.info\/d\/257289-2\/DSC01342.jpg'><img src=http:\/\/ski.inmontanis.info\/d\/257288-3\/DSC01342.jpg \/><\/a><br \/>\n^ Auch hier, einfach der Schneise folgen<\/p>\n<p><a href='http:\/\/ski.inmontanis.info\/d\/257293-2\/DSC01343.jpg'><img src=http:\/\/ski.inmontanis.info\/d\/257292-3\/DSC01343.jpg \/><\/a><br \/>\n^ .. und wichtig: Oberhalb des \u00dcbungsareals bleiben.<\/p>\n<p><a href='http:\/\/ski.inmontanis.info\/d\/257297-2\/DSC01348.jpg'><img src=http:\/\/ski.inmontanis.info\/d\/257296-3\/DSC01348.jpg \/><\/a><br \/>\n^ KSSL Cr\u00eat<\/p>\n<p><a href='http:\/\/ski.inmontanis.info\/d\/257301-2\/DSC01350.jpg'><img src=http:\/\/ski.inmontanis.info\/d\/257300-3\/DSC01350.jpg \/><\/a><br \/>\n^ Ex-KSSL Sigeroulaz, dessen Trasse man auch abschnittsweise fahren konnte ;-)<\/p>\n<p>Um 14:15 hatte es oben angefangen zu schneien, so dass ich aufh\u00f6ren wollte, um 14:35 war ich an der Bushaltestelle; aber lt. Fahrplan f\u00e4hrt der Bus jetzt um die Uhrzeit nicht alle mind. 30 Minuten wie den Rest des Tages, denn von 13.30 bis 15:00 Uhr f\u00e4hrt mal gar kein Skibus?! Auch die anderen beiden Ortsskibusse fahren jede halbe Stunde, au\u00dfer zu Stunde 14:.. &#8211; echt schwachsinnig! Die anderen gingen dann zu Fu\u00df durch den Ort und als dann endlich der n\u00e4chste Skibus fuhr, war ich der einzige, der bis zur PB gefahren ist. Die Fu\u00dfgeher hatten wohl die PB um 15:00 geschafft, ich war um 15:05 an der Bergstation und musste nochmals 10min auf die n\u00e4chste Talfahrt warten. Also runterw\u00e4rts ist das mit der PB mal wieder sehr suboptimal.<\/p>\n<p><a href='http:\/\/ski.inmontanis.info\/d\/257305-2\/DSC01352.jpg'><img src=http:\/\/ski.inmontanis.info\/d\/257304-3\/DSC01352.jpg \/><\/a><br \/>\n^ Der Teufel steckt im Detail: Die Zeile mit 14 Uhr fehlt (vergessen?) &#8211; daher auch um 14:xx keinerlei Bus!! So ein Bl\u00f6dsinn. Das erwartet man ja nicht, wenn man da nur kurz draufschaut (&#8220;ah, alle 15\/30 Minuten&#8221;). Die leere 8h-Zeile h\u00e4tten sie sich dann auch sparen k\u00f6nnen.<\/p>\n<p><a href='http:\/\/ski.inmontanis.info\/d\/257309-2\/DSC01353.jpg'><img src=http:\/\/ski.inmontanis.info\/d\/257308-3\/DSC01353.jpg \/><\/a><br \/>\n^ Weg vom Pendelbus zur PB-Bergstation<\/p>\n<p><a href='http:\/\/ski.inmontanis.info\/d\/257313-2\/DSC01360.jpg'><img src=http:\/\/ski.inmontanis.info\/d\/257312-3\/DSC01360.jpg \/><\/a><br \/>\n^ PB-Trasse<\/p>\n<p><a href='http:\/\/ski.inmontanis.info\/d\/257317-2\/DSC01366.jpg'><img src=http:\/\/ski.inmontanis.info\/d\/257316-3\/DSC01366.jpg \/><\/a><br \/>\n^ PB-Mittelstation<\/p>\n<p><a href='http:\/\/ski.inmontanis.info\/d\/257321-2\/DSC01370.jpg'><img src=http:\/\/ski.inmontanis.info\/d\/257320-3\/DSC01370.jpg \/><\/a><br \/>\n^ PB-Talstation<\/p>\n<p><a href='http:\/\/ski.inmontanis.info\/d\/257325-2\/ge20190210a.jpg'><img src=http:\/\/ski.inmontanis.info\/d\/257324-3\/ge20190210a.jpg \/><\/a><br \/>\n^ GPS-Track 10.2.2019 in Gelb, 2.12.2018 in Orange und 2007 in Blau<\/p>\n<p>Fazit: Also wenn jetzt 2 KSSL mit der KSB ersetzt werden, wird Vercorin viel Flair f\u00fcr mich verlieren &#8211; ob ich dann nochmal hier rauffahren will, wohl die n\u00e4chsten Jahre eher nicht.<\/p>\n<p>Bin dann mal wieder \u00fcber Simplon und Bernardino gefahren, da nicht so viel Schnee gemeldet wurde. Der Simplon war auch relativ schneefrei, in Italien hatte ich dann lt. Navi bzw. dem italienischen TMC ein gesperrtes Val Vigezzo vor der Grenze zur Schweiz. Im Internet gesucht, SS337, Vigezzo, Ponte Ribellasca, chiusa, cantiere, .. im letzten Monat nichts gefunden &#8211; also probierte ich es und es war dann auch nix. Puh. Bernardino war etwas voller und hatte auch mehr Schnee. Warum die Leute dann aber in den Tunnels nicht 80, sondern nur 70\/75 fahren k\u00f6nnen, ich werds nicht mehr kapieren. Auf der Nordseite kein Schnee mehr auf der Stra\u00dfe und ein Italiener weiterhin mit 40 unterwegs, bis man ihn endlich \u00fcberholen konnte.<\/p>\n<p>Da ich heute mal keine \u00c4lplermaccaroni wollte, hab ich&#8217;s nach langer Zeit mal wieder in der Rastst\u00e4tte Thusis probiert und mangels besserer Alternativen eine R\u00f6sti mit Lachs gegessen. Da hat Rheintal beiderseits m.E. die bessere Auswahl, zumindest was meine Vorlieben angeht, wobei das jetzt geschmacklich schon gut war. Immerhin mit 22,90 chf vergleichsweise vertretbar (+ 4,70 f\u00fcrs Rivella). <\/p>\n","protected":false},"excerpt":{"rendered":"<p>So, 10.2.2019: Vercorin<\/p>\n<p>Heute standen zur Auswahl: Anzere, Evolene, Nax, Vercorin. Anderswo waren die Windvorhersagen lt. Bergfex zu extrem (bis zu 100 km\/h nachmittags) ..<\/p>\n<p>Anzere war ich noch nie, d\u00fcrfte aber bei besserem Wetter sicherlich sinnvoller sein (allein von der Ausrichtung), au\u00dferdem, falls der Wind doch st\u00e4rker sein sollte und ein Verbindungslift ausfallen sollte&#8230; <a href=\"http:\/\/blog.inmontanis.info\/?p=5494\">[&#8230;]<\/a><\/p>\n","protected":false},"author":1,"featured_media":0,"comment_status":"closed","ping_status":"closed","sticky":false,"template":"","format":"standard","meta":{"footnotes":""},"categories":[14,27,700,81],"tags":[48,52,47],"class_list":["post-5494","post","type-post","status-publish","format-standard","hentry","category-swiss","category-skifahren-winterskiing-winter","category-vercorin","category-kurztrips","tag-kssl","tag-pb","tag-sl","odd"],"_links":{"self":[{"href":"http:\/\/blog.inmontanis.info\/index.php?rest_route=\/wp\/v2\/posts\/5494","targetHints":{"allow":["GET"]}}],"collection":[{"href":"http:\/\/blog.inmontanis.info\/index.php?rest_route=\/wp\/v2\/posts"}],"about":[{"href":"http:\/\/blog.inmontanis.info\/index.php?rest_route=\/wp\/v2\/types\/post"}],"author":[{"embeddable":true,"href":"http:\/\/blog.inmontanis.info\/index.php?rest_route=\/wp\/v2\/users\/1"}],"replies":[{"embeddable":true,"href":"http:\/\/blog.inmontanis.info\/index.php?rest_route=%2Fwp%2Fv2%2Fcomments&post=5494"}],"version-history":[{"count":2,"href":"http:\/\/blog.inmontanis.info\/index.php?rest_route=\/wp\/v2\/posts\/5494\/revisions"}],"predecessor-version":[{"id":5496,"href":"http:\/\/blog.inmontanis.info\/index.php?rest_route=\/wp\/v2\/posts\/5494\/revisions\/5496"}],"wp:attachment":[{"href":"http:\/\/blog.inmontanis.info\/index.php?rest_route=%2Fwp%2Fv2%2Fmedia&parent=5494"}],"wp:term":[{"taxonomy":"category","embeddable":true,"href":"http:\/\/blog.inmontanis.info\/index.php?rest_route=%2Fwp%2Fv2%2Fcategories&post=5494"},{"taxonomy":"post_tag","embeddable":true,"href":"http:\/\/blog.inmontanis.info\/index.php?rest_route=%2Fwp%2Fv2%2Ftags&post=5494"}],"curies":[{"name":"wp","href":"https:\/\/api.w.org\/{rel}","templated":true}]}}