{"id":5491,"date":"2019-02-09T20:35:35","date_gmt":"2019-02-09T19:35:35","guid":{"rendered":"http:\/\/blog.inmontanis.info\/?p=5491"},"modified":"2023-08-05T14:44:51","modified_gmt":"2023-08-05T12:44:51","slug":"rochers-de-naye-9-2-2019","status":"publish","type":"post","link":"http:\/\/blog.inmontanis.info\/?p=5491","title":{"rendered":"Rochers-de-Naye, 9.2.2019"},"content":{"rendered":"<p><strong>Sa. 9.2.2019: Rochers-de-Naye<\/strong><\/p>\n<p>Das Fr\u00fchst\u00fccksbuffet in diesem Ibis Budget war nicht nur etwas sp\u00e4ter, sondern auch etwas kleiner als in Thonon, wobei es gleich nach 7 Uhr noch ging, denn ab 8 Uhr wurde es arg voll. <\/p>\n<p>Etwas Stau gab es um Vevey, hab&#8217;s aber zur (st\u00fcndlichen) Abfahrt der Zahnradbahn um 9:45 nach Haut-de-Caux geschafft. Da die Webcams oben Nebel zeigten, stieg ich Perche aus und fuhr erst mal die Perche-Abfahrt und 2x den SL Jaman &#8211; allerdings bei etwas Nebel und nassem Schneefall. Danach auf die ZRB um 10:56 gewartet, wieder nach Perche und die steile Talskiroute, heute endlich mit tollem, wenn auch nicht wolkenlosem, Genferseepano. Der Schnee war durch den Neuschnee sehr pappig, beim Stehenbleiben hatte man eine dicke Schicht unterm Ski, die man erst mal wieder abfahren musste..<\/p>\n<p>Um 11:45 ging&#8217;s ab Haut-de-Caux wieder nach Perche + Abfahrt Perche zum Jaman-SL, bevor es auch hier zu pappig wird .. Nach 2x SL Jaman hab ich schon wieder auf den n\u00e4chsten Zug um 12:56 gewartet &#8211; es war einfach zu pappig im unteren Bereich. Mittlerweile fing es auch wieder zu schneeregnen an und der Nebel sank wieder abschinttsweise rein. Ich fuhr daher zum Gipfel, evtl. gibts da oben ja jetzt etwas Sonne? Nein, aber zumindest etwas besseren Schnee, ansonsten viel Wind und auch Nebel mal mehr, mal weniger.<\/p>\n<p>&#8220;Leider&#8221; war der Schnee auf der Talabfahrt bei meiner letzten Abfahrt  besser als heute Vormittag und w\u00e4re gut genug gewesen, dass ich die Abfahrt doch ein drittes Mal h\u00e4tte fahren k\u00f6nnen. H\u00e4tte ich das mal gemacht statt des Gipfels&#8230;<\/p>\n<p>Da ich eine Woche sp\u00e4ter bei noch besserem Wetter und noch besserem See-Pano nochmals hier war, hab ich im heutigen Bericht nur wenig Bilder drin gelassen.<\/p>\n<p>(Fotos anklicken zum Vergr\u00f6\u00dfern)<\/p>\n<p><a href='http:\/\/ski.inmontanis.info\/d\/257057-2\/DSC01178.jpg'><img src=http:\/\/ski.inmontanis.info\/d\/257056-3\/DSC01178.jpg \/><\/a><br \/>\n^ Einstieg Bahnhof Haut-de-Caux, oberhalb des kleines Parkplatzes<\/p>\n<p><a href='http:\/\/ski.inmontanis.info\/d\/257061-2\/DSC01188_001.jpg'><img src=http:\/\/ski.inmontanis.info\/d\/257060-3\/DSC01188_001.jpg \/><\/a><br \/>\n^ Talskiroute mit Genfersee-Blick<\/p>\n<p><a href='http:\/\/ski.inmontanis.info\/d\/257065-2\/DSC01191.jpg'><img src=http:\/\/ski.inmontanis.info\/d\/257064-3\/DSC01191.jpg \/><\/a><br \/>\n^ Diese H\u00f6cker find ich immer am besten<\/p>\n<p><a href='http:\/\/ski.inmontanis.info\/d\/257069-2\/DSC01194.jpg'><img src=http:\/\/ski.inmontanis.info\/d\/257068-3\/DSC01194.jpg \/><\/a><br \/>\n^ Talskiroute mit Genfersee-Blick<\/p>\n<p><a href='http:\/\/ski.inmontanis.info\/d\/257073-2\/DSC01205_001.jpg'><img src=http:\/\/ski.inmontanis.info\/d\/257072-3\/DSC01205_001.jpg \/><\/a><br \/>\n^ Die nette Perche-Abfahrt zum Jaman-SL<\/p>\n<p><a href='http:\/\/ski.inmontanis.info\/d\/257077-2\/DSC01210.jpg'><img src=http:\/\/ski.inmontanis.info\/d\/257076-3\/DSC01210.jpg \/><\/a><br \/>\n^ SL Jaman, hier war das linke St\u00fcck Abfahrt nun wg. Lawinengefahr gesperrt, also war ein St\u00fcck Buckelpistensteilhang rechts daneben ausgesteckt<\/p>\n<p><a href='http:\/\/ski.inmontanis.info\/d\/257081-2\/DSC01212.jpg'><img src=http:\/\/ski.inmontanis.info\/d\/257080-3\/DSC01212.jpg \/><\/a><br \/>\n^ Am Bf. Jaman; evtl. Wassertransport f\u00fcr die H\u00fctte rechts<\/p>\n<p><a href='http:\/\/ski.inmontanis.info\/d\/257085-2\/DSC01213.jpg'><img src=http:\/\/ski.inmontanis.info\/d\/257084-3\/DSC01213.jpg \/><\/a><br \/>\n^ Der Schneer\u00e4umzug fuhr heut vor jedem Zug<\/p>\n<p><a href='http:\/\/ski.inmontanis.info\/d\/257089-2\/DSC01215.jpg'><img src=http:\/\/ski.inmontanis.info\/d\/257088-3\/DSC01215.jpg \/><\/a><br \/>\n^ Hier geht&#8217;s immer ziemlich knapp zu<\/p>\n<p><a href='http:\/\/ski.inmontanis.info\/d\/257093-2\/DSC01225.jpg'><img src=http:\/\/ski.inmontanis.info\/d\/257092-3\/DSC01225.jpg \/><\/a><br \/>\n^ Das obere Skigebiet blieb ziemlich im Nebel\/Wolken<\/p>\n<p><a href='http:\/\/ski.inmontanis.info\/d\/257097-2\/DSC01227.jpg'><img src=http:\/\/ski.inmontanis.info\/d\/257096-3\/DSC01227.jpg \/><\/a><br \/>\n^ Der KSSL<\/p>\n<p><a href='http:\/\/ski.inmontanis.info\/d\/257101-2\/DSC01229.jpg'><img src=http:\/\/ski.inmontanis.info\/d\/257100-3\/DSC01229.jpg \/><\/a><br \/>\n^ Station Perche, hier startet die Talskiroute, heute mal mit Blick zum Genfersee<\/p>\n<p><a href='http:\/\/ski.inmontanis.info\/d\/257105-2\/DSC01231_001.jpg'><img src=http:\/\/ski.inmontanis.info\/d\/257104-3\/DSC01231_001.jpg \/><\/a><br \/>\n^ Talskiroute mit Genfersee-Blick<\/p>\n<p><a href='http:\/\/ski.inmontanis.info\/d\/257109-2\/DSC01234.jpg'><img src=http:\/\/ski.inmontanis.info\/d\/257108-3\/DSC01234.jpg \/><\/a><br \/>\n^ Der erste Steilhang hat&#8217;s schon ganz sch\u00f6n in sich<\/p>\n<p><a href='http:\/\/ski.inmontanis.info\/d\/257113-2\/DSC01237.jpg'><img src=http:\/\/ski.inmontanis.info\/d\/257112-3\/DSC01237.jpg \/><\/a><br \/>\n^ Die H\u00f6cker und das St\u00fcck Gratpiste, das man auch rechts durch den Wald umfahren kann<\/p>\n<p><a href='http:\/\/ski.inmontanis.info\/d\/257117-2\/DSC01238.jpg'><img src=http:\/\/ski.inmontanis.info\/d\/257116-3\/DSC01238.jpg \/><\/a><br \/>\n^ Unterer Teil der Skiroute<\/p>\n<p><a href='http:\/\/ski.inmontanis.info\/d\/257121-2\/DSC01247.jpg'><img src=http:\/\/ski.inmontanis.info\/d\/257120-3\/DSC01247.jpg \/><\/a><br \/>\n^ Souvenir: K\u00fchlschrankmagnet mit altem Werbesujet<\/p>\n<p>Da ich heute Abend eine franz\u00f6sische Pizza wollte, ging ich doch wieder ins Ibis Budget, diesmal in Thonon, wenn auch heute etwas teurer (52+ Fr\u00fchst\u00fcck = knapp 59 \u20ac). Die Tartiflette-Pizza war dann leider auch nicht soo geil (u.a. auch recht dicker Boden), einen Teil hob ich mir wie \u00fcblich f\u00fcr morgen auf.<\/p>\n<p><a href='http:\/\/extra.inmontanis.info\/d\/52285-2\/DSC01244.jpg'><img src=http:\/\/extra.inmontanis.info\/d\/52284-3\/DSC01244.jpg \/><\/a><br \/>\n^ Die alten Ibis-Budget (Etap) &#8211; Zimmer, zwar nicht so sch\u00f6n wie die neuen, aber noch mit kleinem Schreibtisch<\/p>\n<p><a href='http:\/\/extra.inmontanis.info\/d\/52293-2\/IMG_20190209_182925.jpg'><img src=http:\/\/extra.inmontanis.info\/d\/52292-3\/IMG_20190209_182925.jpg \/><\/a><br \/>\n^ Die Auswahl an Pizzen ist in Frankreich oft sehr anders, da t\u00e4ten mich ein paar interessieren ..<\/p>\n<p><a href='http:\/\/extra.inmontanis.info\/d\/52297-2\/IMG_20190209_18384721_full_2x1.jpg'><img src=http:\/\/extra.inmontanis.info\/d\/52296-3\/IMG_20190209_18384721_full_2x1.jpg \/><\/a><br \/>\n^ Pizza Tartiflette<\/p>\n<p>(Fortsetzung folgt.)<\/p>\n","protected":false},"excerpt":{"rendered":"<p>Sa. 9.2.2019: Rochers-de-Naye<\/p>\n<p>Das Fr\u00fchst\u00fccksbuffet in diesem Ibis Budget war nicht nur etwas sp\u00e4ter, sondern auch etwas kleiner als in Thonon, wobei es gleich nach 7 Uhr noch ging, denn ab 8 Uhr wurde es arg voll. <\/p>\n<p>Etwas Stau gab es um Vevey, hab&#8217;s aber zur (st\u00fcndlichen) Abfahrt der Zahnradbahn um 9:45 nach Haut-de-Caux <a href=\"http:\/\/blog.inmontanis.info\/?p=5491\">[&#8230;]<\/a><\/p>\n","protected":false},"author":1,"featured_media":0,"comment_status":"closed","ping_status":"closed","sticky":false,"template":"","format":"standard","meta":{"footnotes":""},"categories":[59,714,14,27,81],"tags":[48,45,47,41],"class_list":["post-5491","post","type-post","status-publish","format-standard","hentry","category-nostalgie","category-rochers-de-naye","category-swiss","category-skifahren-winterskiing-winter","category-kurztrips","tag-kssl","tag-see","tag-sl","tag-zahnradbahn","odd"],"_links":{"self":[{"href":"http:\/\/blog.inmontanis.info\/index.php?rest_route=\/wp\/v2\/posts\/5491","targetHints":{"allow":["GET"]}}],"collection":[{"href":"http:\/\/blog.inmontanis.info\/index.php?rest_route=\/wp\/v2\/posts"}],"about":[{"href":"http:\/\/blog.inmontanis.info\/index.php?rest_route=\/wp\/v2\/types\/post"}],"author":[{"embeddable":true,"href":"http:\/\/blog.inmontanis.info\/index.php?rest_route=\/wp\/v2\/users\/1"}],"replies":[{"embeddable":true,"href":"http:\/\/blog.inmontanis.info\/index.php?rest_route=%2Fwp%2Fv2%2Fcomments&post=5491"}],"version-history":[{"count":2,"href":"http:\/\/blog.inmontanis.info\/index.php?rest_route=\/wp\/v2\/posts\/5491\/revisions"}],"predecessor-version":[{"id":5493,"href":"http:\/\/blog.inmontanis.info\/index.php?rest_route=\/wp\/v2\/posts\/5491\/revisions\/5493"}],"wp:attachment":[{"href":"http:\/\/blog.inmontanis.info\/index.php?rest_route=%2Fwp%2Fv2%2Fmedia&parent=5491"}],"wp:term":[{"taxonomy":"category","embeddable":true,"href":"http:\/\/blog.inmontanis.info\/index.php?rest_route=%2Fwp%2Fv2%2Fcategories&post=5491"},{"taxonomy":"post_tag","embeddable":true,"href":"http:\/\/blog.inmontanis.info\/index.php?rest_route=%2Fwp%2Fv2%2Ftags&post=5491"}],"curies":[{"name":"wp","href":"https:\/\/api.w.org\/{rel}","templated":true}]}}