{"id":5485,"date":"2019-02-08T20:18:02","date_gmt":"2019-02-08T19:18:02","guid":{"rendered":"http:\/\/blog.inmontanis.info\/?p=5485"},"modified":"2023-08-05T15:07:47","modified_gmt":"2023-08-05T13:07:47","slug":"les-pleiades-8-2-2019","status":"publish","type":"post","link":"http:\/\/blog.inmontanis.info\/?p=5485","title":{"rendered":"Les Pl\u00e9iades, 8.2.2019"},"content":{"rendered":"<p><strong>Fr. 8.2.2019 Teil 2: Les Pl\u00e9iades<\/strong><\/p>\n<p>Zweites Ziel heute war dann Les Pleiades. Vom Plan und dem Satbild konnte ich mir sehr wenig vorstellen, es war dann aber doch sehr nett, die ganzen Pistenvarianten und geschlossene Pisten zu erkunden. Die erste Stunde war ich glaub ich komplett alleine im Skigebiet, danach kamen ein paar Kinderskischulgruppen. Wenn es auch ein paar &#8220;Problemstellen&#8221; gab, aber in Summe gefiel es mir doch wesentlich besser als heute Vormittag am Moleson. Besonders der lange KSSL ist einen Besuch wert.<\/p>\n<p>(Fotos anklicken zum Vergr\u00f6\u00dfern)<\/p>\n<p><a href='http:\/\/ski.inmontanis.info\/d\/256933-2\/DSC01104.jpg'><img src=http:\/\/ski.inmontanis.info\/d\/256931-3\/DSC01104.jpg \/><\/a><br \/>\n^ Fu\u00dfweg vom Parkplatz zur 4SB<\/p>\n<p><a href='http:\/\/ski.inmontanis.info\/d\/256937-2\/DSC01107.jpg'><img src=http:\/\/ski.inmontanis.info\/d\/256936-3\/DSC01107.jpg \/><\/a><br \/>\n^ Die Bergstation der 4SB ist selten d\u00e4mlich platziert, denn ..<\/p>\n<p><a href='http:\/\/ski.inmontanis.info\/d\/256941-2\/DSC01108.jpg'><img src=http:\/\/ski.inmontanis.info\/d\/256940-3\/DSC01108.jpg \/><\/a><br \/>\n^ .. links muss man bergauf steigen zu den linken Abfahrten<\/p>\n<p><a href='http:\/\/ski.inmontanis.info\/d\/256945-2\/DSC01109.jpg'><img src=http:\/\/ski.inmontanis.info\/d\/256944-3\/DSC01109.jpg \/><\/a><br \/>\n^ .. und auch nach rechts k\u00e4me man wohl besser, wenn die Bergstation weiter links oben w\u00e4re (weil man dann evtl. mehr Schwung bek\u00e4me)<\/p>\n<p><a href='http:\/\/ski.inmontanis.info\/d\/256949-2\/DSC01111.jpg'><img src=http:\/\/ski.inmontanis.info\/d\/256948-3\/DSC01111.jpg \/><\/a><br \/>\n^ Links der lange KSSL, rechts die Bergstation des kurzen KSSL<\/p>\n<p><a href='http:\/\/ski.inmontanis.info\/d\/256953-2\/DSC01114.jpg'><img src=http:\/\/ski.inmontanis.info\/d\/256952-3\/DSC01114.jpg \/><\/a><br \/>\n^ Eine der Abfahrten am langen KSSL<\/p>\n<p><a href='http:\/\/ski.inmontanis.info\/d\/256957-2\/DSC01116.jpg'><img src=http:\/\/ski.inmontanis.info\/d\/256956-3\/DSC01116.jpg \/><\/a><br \/>\n^ Abwechslungsreiche Abfahrten am langen KSSL<\/p>\n<p><a href='http:\/\/ski.inmontanis.info\/d\/256961-2\/DSC01117.jpg'><img src=http:\/\/ski.inmontanis.info\/d\/256960-3\/DSC01117.jpg \/><\/a><br \/>\n^ Gemeinsames, unteres Abfahrtsst\u00fcck am langen KSSL<\/p>\n<p><a href='http:\/\/ski.inmontanis.info\/d\/256965-2\/DSC01118.jpg'><img src=http:\/\/ski.inmontanis.info\/d\/256964-3\/DSC01118.jpg \/><\/a><br \/>\n^ Talsatation des langen KSSL<\/p>\n<p><a href='http:\/\/ski.inmontanis.info\/d\/256969-2\/DSC01119.jpg'><img src=http:\/\/ski.inmontanis.info\/d\/256968-3\/DSC01119.jpg \/><\/a><br \/>\n^ Interessante Trasse des langen KSSL<\/p>\n<p><a href='http:\/\/ski.inmontanis.info\/d\/256973-2\/DSC01126.jpg'><img src=http:\/\/ski.inmontanis.info\/d\/256972-3\/DSC01126.jpg \/><\/a><br \/>\n^ Langer KSSL<\/p>\n<p><a href='http:\/\/ski.inmontanis.info\/d\/256977-2\/DSC01129.jpg'><img src=http:\/\/ski.inmontanis.info\/d\/256976-3\/DSC01129.jpg \/><\/a><br \/>\n^ Langer KSSL<\/p>\n<p><a href='http:\/\/ski.inmontanis.info\/d\/256981-2\/DSC01131.jpg'><img src=http:\/\/ski.inmontanis.info\/d\/256980-3\/DSC01131.jpg \/><\/a><br \/>\n^ Abwechslungsreiche Abfahrten am langen KSSL<\/p>\n<p><a href='http:\/\/ski.inmontanis.info\/d\/256985-2\/DSC01133.jpg'><img src=http:\/\/ski.inmontanis.info\/d\/256984-3\/DSC01133.jpg \/><\/a><br \/>\n^ Talsatation des langen KSSL, die Einfahrt ist absch\u00fcssig und dann schmal in der Kurve, da muss man gut aufpassen.<\/p>\n<p><a href='http:\/\/ski.inmontanis.info\/d\/256989-2\/DSC01134.jpg'><img src=http:\/\/ski.inmontanis.info\/d\/256988-3\/DSC01134.jpg \/><\/a><br \/>\n^ Links und mittig gehts zum langen KSSL, mittig und rechts zum kurzen KSSL.<\/p>\n<p><a href='http:\/\/ski.inmontanis.info\/d\/256993-2\/DSC01137.jpg'><img src=http:\/\/ski.inmontanis.info\/d\/256992-3\/DSC01137.jpg \/><\/a><br \/>\n^ Auch der kurze KSSL hat zwei Kurven: Erst rechts, dann links<\/p>\n<p><a href='http:\/\/ski.inmontanis.info\/d\/256997-2\/DSC01140.jpg'><img src=http:\/\/ski.inmontanis.info\/d\/256996-3\/DSC01140.jpg \/><\/a><br \/>\n^ Die etwas au\u00dfenrum verlaufende Abfahrt am langen KSSL<\/p>\n<p><a href='http:\/\/ski.inmontanis.info\/d\/257001-2\/DSC01141.jpg'><img src=http:\/\/ski.inmontanis.info\/d\/257000-3\/DSC01141.jpg \/><\/a><br \/>\n^ .. bei deren Einm\u00fcndung kann man zum Genfersee sehen<\/p>\n<p><a href='http:\/\/ski.inmontanis.info\/d\/257005-2\/DSC01144.jpg'><img src=http:\/\/ski.inmontanis.info\/d\/257004-3\/DSC01144.jpg \/><\/a><br \/>\n^ Die mittlere Querpiste bietet ebenfalls Genferseepano<\/p>\n<p><a href='http:\/\/ski.inmontanis.info\/d\/257009-2\/DSC01145.jpg'><img src=http:\/\/ski.inmontanis.info\/d\/257008-3\/DSC01145.jpg \/><\/a><br \/>\n^ Talsatation des langen KSSL mit sehr un\u00fcblichem Stop-Mechanismus (anstatt einer Ampel wird dieses Arm  reingeschwenkt)<\/p>\n<p><a href='http:\/\/ski.inmontanis.info\/d\/257013-2\/DSC01148.jpg'><img src=http:\/\/ski.inmontanis.info\/d\/257012-3\/DSC01148.jpg \/><\/a><br \/>\n^ Flache Verbindung von den KSSL zur 4SB<\/p>\n<p><a href='http:\/\/ski.inmontanis.info\/d\/257017-2\/DSC01150.jpg'><img src=http:\/\/ski.inmontanis.info\/d\/257016-3\/DSC01150.jpg \/><\/a><br \/>\n^ Direkt rechts der 4SB gab es noch eine geschlossene Variante ..<\/p>\n<p><a href='http:\/\/ski.inmontanis.info\/d\/257021-2\/DSC01151.jpg'><img src=http:\/\/ski.inmontanis.info\/d\/257020-3\/DSC01151.jpg \/><\/a><br \/>\n^ .. aber erst mal die linke Abfahrt von der 4SB fahren<\/p>\n<p><a href='http:\/\/ski.inmontanis.info\/d\/257025-2\/DSC01153.jpg'><img src=http:\/\/ski.inmontanis.info\/d\/257024-3\/DSC01153.jpg \/><\/a><br \/>\n^ Generell st\u00f6ren hier oben die B\u00e4ume, wenn man zum Genfersee sehen will.<\/p>\n<p><a href='http:\/\/ski.inmontanis.info\/d\/257029-2\/DSC01154.jpg'><img src=http:\/\/ski.inmontanis.info\/d\/257028-3\/DSC01154.jpg \/><\/a><br \/>\n^ Linke Abfahrt an der 4SB, in Bildmitte der \u00dcbungs-SSL, der auch zum Zahnradbahngipfelbahnhof f\u00fchrt<\/p>\n<p><a href='http:\/\/ski.inmontanis.info\/d\/257033-2\/DSC01157.jpg'><img src=http:\/\/ski.inmontanis.info\/d\/257032-3\/DSC01157.jpg \/><\/a><br \/>\n^ Die nette Variante rechts der 4SB<\/p>\n<p><a href='http:\/\/ski.inmontanis.info\/d\/257037-2\/DSC01161.jpg'><img src=http:\/\/ski.inmontanis.info\/d\/257036-3\/DSC01161.jpg \/><\/a><br \/>\n^ Die nette Variante rechts der 4SB<\/p>\n<p><a href='http:\/\/ski.inmontanis.info\/d\/257041-2\/DSC01162.jpg'><img src=http:\/\/ski.inmontanis.info\/d\/257040-3\/DSC01162.jpg \/><\/a><br \/>\n^ Die nette Variante rechts der 4SB<\/p>\n<p><a href='http:\/\/ski.inmontanis.info\/d\/257045-2\/DSC01165.jpg'><img src=http:\/\/ski.inmontanis.info\/d\/257044-3\/DSC01165.jpg \/><\/a><br \/>\n^ ZRB-Gipfelbahnhof, leider auch hier zu viel B\u00e4ume f\u00fcr ein anst\u00e4ndiges Genferseepano<\/p>\n<p><a href='http:\/\/ski.inmontanis.info\/d\/257049-2\/DSC01166.jpg'><img src=http:\/\/ski.inmontanis.info\/d\/257048-3\/DSC01166.jpg \/><\/a><br \/>\n^ Genferseepano von nahe des ZRB-Bahnhofs<\/p>\n<p><a href='http:\/\/ski.inmontanis.info\/d\/257053-2\/ge20190208d.jpg'><img src=http:\/\/ski.inmontanis.info\/d\/257052-3\/ge20190208d.jpg \/><\/a><br \/>\n^ GPS-Track 8.2.2019<\/p>\n<p><a href='http:\/\/ski.inmontanis.info\/d\/256927-2\/DSC01169.jpg'><img src=http:\/\/ski.inmontanis.info\/d\/256926-3\/DSC01169.jpg \/><\/a><br \/>\n^ Blick zu den Rochers-de-Naye von Les Pleiades (bzw. der Zufahrtsstra\u00dfe dorthin)<\/p>\n<p>Weiter ging&#8217;s relativ staufrei nach Genf, unter den Flughafen hindurch nach Frankreich und gleich in den Buffalo, wo ich heute erstmals einen Burger bestellte. Bacon-Burger mit Pommes und Getr\u00e4nk im Men\u00fc um 14,-.  Naja, die anderen Sachen schmecken mir besser &#8211; und die Burger schmecken mir irgendwie in Norwegen einfach besser. Vielleicht h\u00e4tte ich den Burger ohne K\u00e4se bestellen sollen. Diese Scheibe K\u00e4se verdirbt mir egtl. jeden guten Burger, ich wei\u00df es ja eh.<\/p>\n<p><a href='http:\/\/extra.inmontanis.info\/d\/52269-2\/DSC01173.jpg'><img src=http:\/\/extra.inmontanis.info\/d\/52268-3\/DSC01173.jpg \/><\/a><br \/>\n^ Schweiz-Franz\u00f6sische Grenze, man unterquert den Flughafen<\/p>\n<p>Danach noch auf einen Sprung in einen Leclerc zum Einkaufen, damit sich dieser mordsm\u00e4\u00dfige Umweg auch sch\u00f6n lohnt, lag auf dem Weg ins Ibis Budget. Das neue IB-Zimmer ist zwar durchaus sch\u00f6n, hat aber leider keinen Schreibtisch mehr. Bl\u00f6d. Das Fr\u00fchst\u00fcck morgen gibt&#8217;s ab 7 Uhr, geht gerad noch, daher um 7,- \u20ac dazu genommen.<\/p>\n<p><a href='http:\/\/extra.inmontanis.info\/d\/52273-2\/DSC01174.jpg'><img src=http:\/\/extra.inmontanis.info\/d\/52272-3\/DSC01174.jpg \/><\/a><br \/>\n^ Die neue Ibis-Budget-Einrichtung. Sch\u00f6n (und das Bett ist auch bequemer), aber nun leider ohne Schreibtisch<\/p>\n<p><a href='http:\/\/extra.inmontanis.info\/d\/52277-2\/DSC01175.jpg'><img src=http:\/\/extra.inmontanis.info\/d\/52276-3\/DSC01175.jpg \/><\/a><br \/>\n^ Die neue Ibis-Budget-Einrichtung. Sch\u00f6n, aber nun leider ohne Schreibtisch. Und Platz w\u00e4re ja genug ..<\/p>\n<p><a href='http:\/\/extra.inmontanis.info\/d\/52281-2\/DSC01176.jpg'><img src=http:\/\/extra.inmontanis.info\/d\/52280-3\/DSC01176.jpg \/><\/a><br \/>\n^ Auch das Badezimmer ist jetzt sch\u00f6ner<\/p>\n<p><a href='http:\/\/extra.inmontanis.info\/d\/52289-2\/IMG_20190208_18415635.jpg'><img src=http:\/\/extra.inmontanis.info\/d\/52288-3\/IMG_20190208_18415635.jpg \/><\/a><br \/>\n^ Der Bacon Burger<\/p>\n<p>(Fortsetzung folgt.)<\/p>\n","protected":false},"excerpt":{"rendered":"<p>Fr. 8.2.2019 Teil 2: Les Pl\u00e9iades<\/p>\n<p>Zweites Ziel heute war dann Les Pleiades. Vom Plan und dem Satbild konnte ich mir sehr wenig vorstellen, es war dann aber doch sehr nett, die ganzen Pistenvarianten und geschlossene Pisten zu erkunden. Die erste Stunde war ich glaub ich komplett alleine im Skigebiet, danach kamen ein paar Kinderskischulgruppen. <a href=\"http:\/\/blog.inmontanis.info\/?p=5485\">[&#8230;]<\/a><\/p>\n","protected":false},"author":1,"featured_media":0,"comment_status":"closed","ping_status":"closed","sticky":false,"template":"","format":"standard","meta":{"footnotes":""},"categories":[726,59,14,27,81],"tags":[49,48,45,41],"class_list":["post-5485","post","type-post","status-publish","format-standard","hentry","category-les-pleiades","category-nostalgie","category-swiss","category-skifahren-winterskiing-winter","category-kurztrips","tag-4sb","tag-kssl","tag-see","tag-zahnradbahn","odd"],"_links":{"self":[{"href":"http:\/\/blog.inmontanis.info\/index.php?rest_route=\/wp\/v2\/posts\/5485","targetHints":{"allow":["GET"]}}],"collection":[{"href":"http:\/\/blog.inmontanis.info\/index.php?rest_route=\/wp\/v2\/posts"}],"about":[{"href":"http:\/\/blog.inmontanis.info\/index.php?rest_route=\/wp\/v2\/types\/post"}],"author":[{"embeddable":true,"href":"http:\/\/blog.inmontanis.info\/index.php?rest_route=\/wp\/v2\/users\/1"}],"replies":[{"embeddable":true,"href":"http:\/\/blog.inmontanis.info\/index.php?rest_route=%2Fwp%2Fv2%2Fcomments&post=5485"}],"version-history":[{"count":4,"href":"http:\/\/blog.inmontanis.info\/index.php?rest_route=\/wp\/v2\/posts\/5485\/revisions"}],"predecessor-version":[{"id":5490,"href":"http:\/\/blog.inmontanis.info\/index.php?rest_route=\/wp\/v2\/posts\/5485\/revisions\/5490"}],"wp:attachment":[{"href":"http:\/\/blog.inmontanis.info\/index.php?rest_route=%2Fwp%2Fv2%2Fmedia&parent=5485"}],"wp:term":[{"taxonomy":"category","embeddable":true,"href":"http:\/\/blog.inmontanis.info\/index.php?rest_route=%2Fwp%2Fv2%2Fcategories&post=5485"},{"taxonomy":"post_tag","embeddable":true,"href":"http:\/\/blog.inmontanis.info\/index.php?rest_route=%2Fwp%2Fv2%2Ftags&post=5485"}],"curies":[{"name":"wp","href":"https:\/\/api.w.org\/{rel}","templated":true}]}}