{"id":5481,"date":"2019-02-08T12:28:45","date_gmt":"2019-02-08T11:28:45","guid":{"rendered":"http:\/\/blog.inmontanis.info\/?p=5481"},"modified":"2023-08-05T14:53:06","modified_gmt":"2023-08-05T12:53:06","slug":"moleson-8-2-2019","status":"publish","type":"post","link":"http:\/\/blog.inmontanis.info\/?p=5481","title":{"rendered":"Mol\u00e9son, 8.2.2019"},"content":{"rendered":"<p><strong>Fr. 8.2.2019 Teil 1: Mol\u00e9son<\/strong><\/p>\n<p>Dieses WE wollte ich wieder mal auf die Magicpass-Saisonkarte fahren. Nachdem die Wettervorhersagen f\u00fcr Sonntag eher mau und f\u00fcr Montag noch schlechter waren, nahm ich mir den heutigen Freitag dazu frei. Wollte ja eh noch ein paar verl\u00e4ngerte WE nehmen. Vom Schnee her h\u00e4tte man nat\u00fcrlich auch mal in den Jura fahren sollen, aber es gibt noch zu viele Prio1-Gebiete in den Alpen, die vorgehen. Brauchbare Wettervorhersagen (zumindest f\u00fcr einen halben Tag) gab es so ziemlich f\u00fcr alle Gebiete, ich entschied mich heute dann grundlegend f\u00fcr Moleson + X, wobei X entweder Charmey (weil in der N\u00e4he) oder Pleiades werde sollte, letzteres falls Genfersee sichtbar und kein Nebel.<\/p>\n<p>Das Hotelbuchen gestern Abend war wieder einmal zeitaufw\u00e4ndig, da ich mich nicht entscheiden konnte. 53,- \u20ac mit Etagen-Du\/WC n\u00e4he des vermutlich morgigen Ziels, 41,- richtung Bernardino (mit WC) oder 47,- in Frankreich n\u00e4he des genfer Flughafens mit der Option auf ein g\u00fcnstigeres Essen? Entschied mich mal f\u00fcr letzteres. Somit kam ich leider wieder etwas zu sp\u00e4t ins Bett und konnte nur noch knapp \u00fcber 5h schlafen. Um 4 Uhr fuhr ich weg und mit einem kleinen Tankstopp war ich dann um 9:20 Uhr am Parkplatz der SSB zum Mol\u00e9son. Da ich ja heute noch ein zweites Ziel ansteuern wollte, musste ich diesmal etwas fr\u00fcher dran sein.<\/p>\n<p>SSB, PB, 2 SL, Flachland- &#038; Seepano &#8211; h\u00f6rt sich fast wie Wendelstein an :-) Leider blieb das Skigebiet etwas entt\u00e4uschend &#8211; was nat\u00fcrlich auch am schlechten Schnee oben auf der Skiroute lag. Dankenswerterweise ein bisschen Neuschnee, denn darunter war&#8217;s eisig hart. Und das Anfang Februar. Hab ich mir nur 1x angetan, denn bei dem milchigen Himmel wird die Sonne heute Nachmittag das wohl nicht mehr aufweichen k\u00f6nnen. Leider b\u00f6te das Skigebiet auch nicht mehr genug Alternativen, um die Zeit \u00fcberhaupt bis zum Nachmittag h\u00e4tte totschlagen zu k\u00f6nnen, also ging&#8217;s recht bald wieder weiter zum n\u00e4chsten Skigebiet.<\/p>\n<p>(Fotos anklicken zum Vergr\u00f6\u00dfern)<\/p>\n<p><a href='http:\/\/ski.inmontanis.info\/d\/256799-2\/DSC01046.jpg'><img src=http:\/\/ski.inmontanis.info\/d\/256798-3\/DSC01046.jpg \/><\/a><br \/>\n^ Autobahn zum Moleson<\/p>\n<p><a href='http:\/\/ski.inmontanis.info\/d\/256803-2\/DSC01048.jpg'><img src=http:\/\/ski.inmontanis.info\/d\/256802-3\/DSC01048.jpg \/><\/a><br \/>\n^ Zufahrt nach Moleson<\/p>\n<p><a href='http:\/\/ski.inmontanis.info\/d\/256807-2\/DSC01049.jpg'><img src=http:\/\/ski.inmontanis.info\/d\/256806-3\/DSC01049.jpg \/><\/a><br \/>\n^ Talstation SSB<\/p>\n<p><a href='http:\/\/ski.inmontanis.info\/d\/256811-2\/DSC01050.jpg'><img src=http:\/\/ski.inmontanis.info\/d\/256810-3\/DSC01050.jpg \/><\/a><br \/>\n^ Pistenplan, das Skigebiet besteht aus 1x SSB, 1x PB, 2x SL und dem KSSL im Dorf.<\/p>\n<p><a href='http:\/\/ski.inmontanis.info\/d\/256815-2\/DSC01055.jpg'><img src=http:\/\/ski.inmontanis.info\/d\/256814-3\/DSC01055.jpg \/><\/a><br \/>\n^ Mittelstation SSB-PB, fotogen ist das hier ja schon sehr.<\/p>\n<p><a href='http:\/\/ski.inmontanis.info\/d\/256819-2\/DSC01056.jpg'><img src=http:\/\/ski.inmontanis.info\/d\/256818-3\/DSC01056.jpg \/><\/a><br \/>\n^ Schwarze Talabfahrt, leider abschnittsweise mit etwas windgepresstem Neuschnee und abgewehten Eisplatten (Regen?), somit man etwas vorsichtig fahren musste<\/p>\n<p><a href='http:\/\/ski.inmontanis.info\/d\/256823-2\/DSC01058.jpg'><img src=http:\/\/ski.inmontanis.info\/d\/256822-3\/DSC01058.jpg \/><\/a><br \/>\n^ Schwarze Talabfahrt und Blick retour zu SSB und Gipfel. Optisch schon sehr nett hier.<\/p>\n<p><a href='http:\/\/ski.inmontanis.info\/d\/256827-2\/DSC01060.jpg'><img src=http:\/\/ski.inmontanis.info\/d\/256826-3\/DSC01060.jpg \/><\/a><br \/>\n^ Blaue Talabfahrt<\/p>\n<p><a href='http:\/\/ski.inmontanis.info\/d\/256831-2\/DSC01061.jpg'><img src=http:\/\/ski.inmontanis.info\/d\/256830-3\/DSC01061.jpg \/><\/a><br \/>\n^ Unteres Flachst\u00fcck der Talabfahrt<\/p>\n<p><a href='http:\/\/ski.inmontanis.info\/d\/256835-2\/DSC01062.jpg'><img src=http:\/\/ski.inmontanis.info\/d\/256834-3\/DSC01062.jpg \/><\/a><br \/>\n^ Vor der Standseilbahn gab es eine M\u00fcller-4EUB. Das Geb\u00e4ude rechts, zumindest der linke Teil, d\u00fcrfte also die ehemalige 4EUB-Talstation sein.<\/p>\n<p><a href='http:\/\/ski.inmontanis.info\/d\/256839-2\/DSC01065.jpg'><img src=http:\/\/ski.inmontanis.info\/d\/256838-3\/DSC01065.jpg \/><\/a><br \/>\n^ Hinter der 4EUB gab es noch einen Poma-Korblift auf die Gegenseite.<\/p>\n<p><a href='http:\/\/ski.inmontanis.info\/d\/256843-2\/DSC01066.jpg'><img src=http:\/\/ski.inmontanis.info\/d\/256842-3\/DSC01066.jpg \/><\/a><br \/>\n^ Am Gegenhang, neben dem Korblift, gab es noch einen KSSL. Schade, was hier alles weggefallen ist.<\/p>\n<p><a href='http:\/\/ski.inmontanis.info\/d\/256847-2\/DSC01068.jpg'><img src=http:\/\/ski.inmontanis.info\/d\/256846-3\/DSC01068.jpg \/><\/a><br \/>\n^ Pano PB-Bergstation<\/p>\n<p><a href='http:\/\/ski.inmontanis.info\/d\/256851-2\/DSC01070.jpg'><img src=http:\/\/ski.inmontanis.info\/d\/256850-3\/DSC01070.jpg \/><\/a><br \/>\n^ Blick zum Genfersee<\/p>\n<p><a href='http:\/\/ski.inmontanis.info\/d\/256855-2\/DSC03721.jpg'><img src=http:\/\/ski.inmontanis.info\/d\/256854-3\/DSC03721.jpg \/><\/a><br \/>\n^ Falschfarb-IR-Pano zum Genfersee<\/p>\n<p><a href='http:\/\/ski.inmontanis.info\/d\/256859-2\/DSC01073.jpg'><img src=http:\/\/ski.inmontanis.info\/d\/256858-3\/DSC01073.jpg \/><\/a><br \/>\n^ Skiroute vom Gipfel<\/p>\n<p><a href='http:\/\/ski.inmontanis.info\/d\/256863-2\/DSC01074.jpg'><img src=http:\/\/ski.inmontanis.info\/d\/256862-3\/DSC01074.jpg \/><\/a><br \/>\n^ Skiroute vom Gipfel<\/p>\n<p><a href='http:\/\/ski.inmontanis.info\/d\/256867-2\/DSC01076.jpg'><img src=http:\/\/ski.inmontanis.info\/d\/256866-3\/DSC01076.jpg \/><\/a><br \/>\n^ Etwas, was ich auf Skirouten gar nicht sehen will: Riesige Fangz\u00e4une. Dann kann man auch gleich die Abfahrt pr\u00e4parieren. Und h\u00e4tte somit heute  bessere Schneeverh\u00e4ltnisse gehabt.<\/p>\n<p><a href='http:\/\/ski.inmontanis.info\/d\/256871-2\/DSC01077.jpg'><img src=http:\/\/ski.inmontanis.info\/d\/256870-3\/DSC01077.jpg \/><\/a><br \/>\n^ Oberer Teil der Skiroute bis zum Fangzaun, nett, aber nicht besonders steil. Das nun folgende St\u00fcck war eisig, steil und grauenhaft<\/p>\n<p><a href='http:\/\/ski.inmontanis.info\/d\/256875-2\/DSC01080.jpg'><img src=http:\/\/ski.inmontanis.info\/d\/256874-3\/DSC01080.jpg \/><\/a><br \/>\n^ R\u00fcckblick auf die Fangzauntraverse<\/p>\n<p><a href='http:\/\/ski.inmontanis.info\/d\/256879-2\/DSC01081.jpg'><img src=http:\/\/ski.inmontanis.info\/d\/256878-3\/DSC01081.jpg \/><\/a><br \/>\n^ Das beste Abfahrtsst\u00fcck heute und hier &#8211; leider nur von der Skiroute erreichbar, denn ..<\/p>\n<p><a href='http:\/\/ski.inmontanis.info\/d\/256883-2\/DSC01084.jpg'><img src=http:\/\/ski.inmontanis.info\/d\/256882-3\/DSC01084.jpg \/><\/a><br \/>\n^ .. der SL erschlie\u00dft leider nur den uninteressantesten, flachen, untersten Teil ..<\/p>\n<p><a href='http:\/\/ski.inmontanis.info\/d\/256887-2\/DSC01085.jpg'><img src=http:\/\/ski.inmontanis.info\/d\/256886-3\/DSC01085.jpg \/><\/a><br \/>\n^ .. anstatt weiter rauf zu gehen und auch diesen sch\u00f6nen Hang der Skiroute noch zu erschlie\u00dfen. Das hat mich hier wirklich ge\u00e4rgert heute, das sch\u00f6nste St\u00fcck Abfahrt ist nur \u00fcber das schlechteste St\u00fcck erreichbar.<\/p>\n<p><a href='http:\/\/ski.inmontanis.info\/d\/256891-2\/DSC01086.jpg'><img src=http:\/\/ski.inmontanis.info\/d\/256890-3\/DSC01086.jpg \/><\/a><br \/>\n^ Der flache SL<\/p>\n<p><a href='http:\/\/ski.inmontanis.info\/d\/256895-2\/DSC01089.jpg'><img src=http:\/\/ski.inmontanis.info\/d\/256894-3\/DSC01089.jpg \/><\/a><br \/>\n^ Der R\u00fcckbringer-SL ist etwas steiler, aber die Abfahrt auch recht kurz<\/p>\n<p><a href='http:\/\/ski.inmontanis.info\/d\/256899-2\/DSC01092.jpg'><img src=http:\/\/ski.inmontanis.info\/d\/256898-3\/DSC01092.jpg \/><\/a><br \/>\n^ R\u00fcckbringer-SL. Von dessen Ausstieg man \u00fcbrigens nur mit Fu\u00dfweg zur PB wieder rauf kommt.<\/p>\n<p><a href='http:\/\/ski.inmontanis.info\/d\/256903-2\/DSC01094.jpg'><img src=http:\/\/ski.inmontanis.info\/d\/256902-3\/DSC01094.jpg \/><\/a><br \/>\n^ Gipfel-PB<\/p>\n<p><a href='http:\/\/ski.inmontanis.info\/d\/256907-2\/DSC01095.jpg'><img src=http:\/\/ski.inmontanis.info\/d\/256906-3\/DSC01095.jpg \/><\/a><br \/>\n^ Gipfel von der blauen Abfahrt<\/p>\n<p><a href='http:\/\/ski.inmontanis.info\/d\/256911-2\/DSC01098.jpg'><img src=http:\/\/ski.inmontanis.info\/d\/256910-3\/DSC01098.jpg \/><\/a><br \/>\n^ Ex-Korblift<\/p>\n<p><a href='http:\/\/ski.inmontanis.info\/d\/256915-2\/DSC01100.jpg'><img src=http:\/\/ski.inmontanis.info\/d\/256914-3\/DSC01100.jpg \/><\/a><br \/>\n^ Dorf-KSSL, bin ich nicht gefahren<\/p>\n<p><a href='http:\/\/ski.inmontanis.info\/d\/256919-3\/DSC01101.jpg'><img src=http:\/\/ski.inmontanis.info\/d\/256918-4\/DSC01101.jpg \/><\/a><br \/>\n^ Blick zur Gegenseite: Links der stillgelegte KSSL und mittig rechts die ehemalige Korbliftschneise<\/p>\n<p><a href='http:\/\/ski.inmontanis.info\/d\/256923-3\/ge20190208a.jpg'><img src=http:\/\/ski.inmontanis.info\/d\/256922-4\/ge20190208a.jpg \/><\/a><br \/>\n^ GPS-Track 8.2.2019, in Rot eingezeichnet die stillgelegte Seite mit KSSL und Korblift. Hier ein paar alte Bilder dazu:<br \/>\n<a href='https:\/\/www.alpinforum.com\/forum\/viewtopic.php?p=303946#p303946'>https:\/\/www.alpinforum.com\/forum\/viewtopic.php?p=303946#p303946<\/a><\/p>\n<p>Weiter ging&#8217;s ins Skigebiet Les Pl\u00e9iades &#8211; Fortsetzung folgt.<\/p>\n","protected":false},"excerpt":{"rendered":"<p>Fr. 8.2.2019 Teil 1: Mol\u00e9son<\/p>\n<p>Dieses WE wollte ich wieder mal auf die Magicpass-Saisonkarte fahren. Nachdem die Wettervorhersagen f\u00fcr Sonntag eher mau und f\u00fcr Montag noch schlechter waren, nahm ich mir den heutigen Freitag dazu frei. Wollte ja eh noch ein paar verl\u00e4ngerte WE nehmen. Vom Schnee her h\u00e4tte man nat\u00fcrlich auch mal in den <a href=\"http:\/\/blog.inmontanis.info\/?p=5481\">[&#8230;]<\/a><\/p>\n","protected":false},"author":1,"featured_media":0,"comment_status":"closed","ping_status":"closed","sticky":false,"template":"","format":"standard","meta":{"footnotes":""},"categories":[721,14,27,81],"tags":[90,52,45,47,46],"class_list":["post-5481","post","type-post","status-publish","format-standard","hentry","category-moleson","category-swiss","category-skifahren-winterskiing-winter","category-kurztrips","tag-infrarot","tag-pb","tag-see","tag-sl","tag-ssb","odd"],"_links":{"self":[{"href":"http:\/\/blog.inmontanis.info\/index.php?rest_route=\/wp\/v2\/posts\/5481","targetHints":{"allow":["GET"]}}],"collection":[{"href":"http:\/\/blog.inmontanis.info\/index.php?rest_route=\/wp\/v2\/posts"}],"about":[{"href":"http:\/\/blog.inmontanis.info\/index.php?rest_route=\/wp\/v2\/types\/post"}],"author":[{"embeddable":true,"href":"http:\/\/blog.inmontanis.info\/index.php?rest_route=\/wp\/v2\/users\/1"}],"replies":[{"embeddable":true,"href":"http:\/\/blog.inmontanis.info\/index.php?rest_route=%2Fwp%2Fv2%2Fcomments&post=5481"}],"version-history":[{"count":4,"href":"http:\/\/blog.inmontanis.info\/index.php?rest_route=\/wp\/v2\/posts\/5481\/revisions"}],"predecessor-version":[{"id":9146,"href":"http:\/\/blog.inmontanis.info\/index.php?rest_route=\/wp\/v2\/posts\/5481\/revisions\/9146"}],"wp:attachment":[{"href":"http:\/\/blog.inmontanis.info\/index.php?rest_route=%2Fwp%2Fv2%2Fmedia&parent=5481"}],"wp:term":[{"taxonomy":"category","embeddable":true,"href":"http:\/\/blog.inmontanis.info\/index.php?rest_route=%2Fwp%2Fv2%2Fcategories&post=5481"},{"taxonomy":"post_tag","embeddable":true,"href":"http:\/\/blog.inmontanis.info\/index.php?rest_route=%2Fwp%2Fv2%2Ftags&post=5481"}],"curies":[{"name":"wp","href":"https:\/\/api.w.org\/{rel}","templated":true}]}}