{"id":5477,"date":"2019-01-13T18:31:11","date_gmt":"2019-01-13T17:31:11","guid":{"rendered":"http:\/\/blog.inmontanis.info\/?p=5477"},"modified":"2023-07-31T19:52:00","modified_gmt":"2023-07-31T17:52:00","slug":"tarvisio-13-1-2019","status":"publish","type":"post","link":"http:\/\/blog.inmontanis.info\/?p=5477","title":{"rendered":"Tarvisio, 13.1.2019"},"content":{"rendered":"<p><strong>Balkan-T\u00fcrkei-Kaukasus, Tag 23: So, 13.1.2019 &#8211; Tarvisio<\/strong> (km 13.633, Diff. 308 km)<\/p>\n<p>Die Heizung im Zimmer war auch morgens kalt, erst ab ca. 7:45 wurde sie wieder warm, daher meinen kleinen Heizer eingesteckt und auf das Duschen im Kalten Badezimmer verzichtet. Das Fr\u00fchst\u00fcck gab&#8217;s am Tisch (Marmeladen, K\u00e4se, Wurst\/Schinken) + R\u00fchrei, bezahlen konnte man nur bar.<\/p>\n<p>Ich fuhr dann nach Italien nach Tarvisio, weil ich da gestern im Internet sah, dass die Agudio-6EUB doch in Betrieb ist &#8211; im Alpinforum hie\u00df es, dass sie evtl. stillgelegt werden sollte. Leider passten meine Ski nicht in die Skik\u00f6cher und ich musste sie mit in die Kabine nehmen, was mit meinem verbeulten Rippchenfleisch nicht so angenehm war. Auch die Skik\u00f6cher an der 8EUB waren zu klein, aber da gibts immerhin die Snoboardk\u00f6cher .. bin die Agudio-6EUB dann 4x gefahren &#8211; wer weiss, ob ich heuer noch zu einer anderen komm, war dann jedenfalls nostalgisch ein sch\u00f6ner Abschluss der Tour.<\/p>\n<p>Bei meinem letzten Besuch fand ich die kuriose Verbindung \u00fcber den Lussariberg so witzig, dass ich freiwillig mind. 2x den Fussweg auf mich nahm &#8211; heute mit der offenen Verbindung unten rum und meiner Rippenprellung hatte ich doch weniger Lust darauf, zumal ich die untere Strecke ja auch nicht kannte.<\/p>\n<p>Die Tageskarte kostet 37,- \u20ac, ich begn\u00fcgte mich mit der 4-Stunden-Karte um 29,50.<\/p>\n<p>(Fotos anklicken zum Vergr\u00f6\u00dfern)<\/p>\n<p><a href='http:\/\/extra.inmontanis.info\/d\/51231-3\/ge_route4.jpg'><img src=http:\/\/extra.inmontanis.info\/d\/51230-4\/ge_route4.jpg \/><\/a><br \/>\n^ Z: Tarvisio<br \/>\nMagenta: Strecke 13.1.2019<\/p>\n<p><a href='http:\/\/ski.inmontanis.info\/d\/256703-2\/DSC00448.jpg'><img src=http:\/\/ski.inmontanis.info\/d\/256702-3\/DSC00448.jpg \/><\/a><br \/>\n^ Nach etwas rumfahren etschied ich mich, an der 4KSB einzusteigen<\/p>\n<p><a href='http:\/\/ski.inmontanis.info\/d\/256707-2\/DSC00450.jpg'><img src=http:\/\/ski.inmontanis.info\/d\/256706-3\/DSC00450.jpg \/><\/a><br \/>\n^ Alles offen &#8211; nur dank Beschneiung<\/p>\n<p><a href='http:\/\/ski.inmontanis.info\/d\/256711-2\/DSC00454.jpg'><img src=http:\/\/ski.inmontanis.info\/d\/256710-3\/DSC00454.jpg \/><\/a><br \/>\n^ Die beiden 4KSB<\/p>\n<p><a href='http:\/\/ski.inmontanis.info\/d\/256715-2\/DSC00455.jpg'><img src=http:\/\/ski.inmontanis.info\/d\/256714-3\/DSC00455.jpg \/><\/a><br \/>\n^ obere 4KSB<\/p>\n<p><a href='http:\/\/ski.inmontanis.info\/d\/256719-2\/DSC00457.jpg'><img src=http:\/\/ski.inmontanis.info\/d\/256718-3\/DSC00457.jpg \/><\/a><br \/>\n^ obere 4KSB<\/p>\n<p><a href='http:\/\/ski.inmontanis.info\/d\/256723-2\/DSC00460.jpg'><img src=http:\/\/ski.inmontanis.info\/d\/256722-3\/DSC00460.jpg \/><\/a><br \/>\n^ obere 4KSB<\/p>\n<p><a href='http:\/\/ski.inmontanis.info\/d\/256727-2\/DSC00465.jpg'><img src=http:\/\/ski.inmontanis.info\/d\/256726-3\/DSC00465.jpg \/><\/a><br \/>\n^ Linke Au\u00dfenrumabfahrt<\/p>\n<p><a href='http:\/\/ski.inmontanis.info\/d\/256731-2\/DSC00467.jpg'><img src=http:\/\/ski.inmontanis.info\/d\/256730-3\/DSC00467.jpg \/><\/a><br \/>\n^ \u00dcbungsgel\u00e4nde<\/p>\n<p><a href='http:\/\/ski.inmontanis.info\/d\/256735-2\/DSC00468.jpg'><img src=http:\/\/ski.inmontanis.info\/d\/256734-3\/DSC00468.jpg \/><\/a><br \/>\n^ Die linke 4SB war f\u00fcr Renntraining reserviert<\/p>\n<p><a href='http:\/\/ski.inmontanis.info\/d\/256739-2\/DSC00470.jpg'><img src=http:\/\/ski.inmontanis.info\/d\/256738-3\/DSC00470.jpg \/><\/a><br \/>\n^ Mit dem SL kommt man leider nicht hoch genug rauf, um nach rechts r\u00fcber zu kommen<\/p>\n<p><a href='http:\/\/ski.inmontanis.info\/d\/256743-2\/DSC00476.jpg'><img src=http:\/\/ski.inmontanis.info\/d\/256742-3\/DSC00476.jpg \/><\/a><br \/>\n^ Verbindungs-4SB im Tal<\/p>\n<p><a href='http:\/\/ski.inmontanis.info\/d\/256747-2\/DSC00477.jpg'><img src=http:\/\/ski.inmontanis.info\/d\/256746-3\/DSC00477.jpg \/><\/a><br \/>\n^ Verbindung zur 8EUB<\/p>\n<p><a href='http:\/\/ski.inmontanis.info\/d\/256751-2\/DSC00478.jpg'><img src=http:\/\/ski.inmontanis.info\/d\/256750-3\/DSC00478.jpg \/><\/a><br \/>\n^ Die Skik\u00f6cher der 8EUB waren zu klein, so mussten meine Ski in den Snowboardhalter..<\/p>\n<p><a href='http:\/\/ski.inmontanis.info\/d\/256755-2\/DSC00480.jpg'><img src=http:\/\/ski.inmontanis.info\/d\/256754-3\/DSC00480.jpg \/><\/a><br \/>\n^ Monte Lussari<\/p>\n<p><a href='http:\/\/ski.inmontanis.info\/d\/256759-2\/DSC00482.jpg'><img src=http:\/\/ski.inmontanis.info\/d\/256758-3\/DSC00482.jpg \/><\/a><br \/>\n^ Talpano<\/p>\n<p><a href='http:\/\/ski.inmontanis.info\/d\/256763-2\/DSC00483.jpg'><img src=http:\/\/ski.inmontanis.info\/d\/256762-3\/DSC00483.jpg \/><\/a><br \/>\n^ Abfahrt Agudio-6EUB<\/p>\n<p><a href='http:\/\/ski.inmontanis.info\/d\/256767-2\/DSC00486.jpg'><img src=http:\/\/ski.inmontanis.info\/d\/256766-3\/DSC00486.jpg \/><\/a><br \/>\n^ Agudio 6EUB<\/p>\n<p><a href='http:\/\/ski.inmontanis.info\/d\/256771-2\/DSC00494.jpg'><img src=http:\/\/ski.inmontanis.info\/d\/256770-3\/DSC00494.jpg \/><\/a><br \/>\n^ Agudio 6EUB<\/p>\n<p><a href='http:\/\/ski.inmontanis.info\/d\/256775-2\/DSC00496.jpg'><img src=http:\/\/ski.inmontanis.info\/d\/256774-3\/DSC00496.jpg \/><\/a><br \/>\n^ Agudio 6EUB Bergstation<\/p>\n<p><a href='http:\/\/ski.inmontanis.info\/d\/256779-2\/DSC00505.jpg'><img src=http:\/\/ski.inmontanis.info\/d\/256778-3\/DSC00505.jpg \/><\/a><br \/>\n^ Pano mit Agudio-6EUB<\/p>\n<p><a href='http:\/\/ski.inmontanis.info\/d\/256783-2\/DSC00518.jpg'><img src=http:\/\/ski.inmontanis.info\/d\/256782-3\/DSC00518.jpg \/><\/a><br \/>\n^ Da die Skik\u00f6cher auch hier zu klein sind (und es keinen Snowboardhalter gibt), mussten meine Ski mit in die Kabine<\/p>\n<p><a href='http:\/\/ski.inmontanis.info\/d\/256787-2\/DSC00521.jpg'><img src=http:\/\/ski.inmontanis.info\/d\/256786-3\/DSC00521.jpg \/><\/a><br \/>\n^ Die oberste 4SB, leider war die Abfahrt sehr eisig hart, so dass ich diese kein zweites Mal gefahren bin<\/p>\n<p><a href='http:\/\/ski.inmontanis.info\/d\/256791-2\/DSC00525.jpg'><img src=http:\/\/ski.inmontanis.info\/d\/256790-3\/DSC00525.jpg \/><\/a><br \/>\n^ Verbindungs-DSB<\/p>\n<p><a href='http:\/\/ski.inmontanis.info\/d\/256795-2\/ge20190113.jpg'><img src=http:\/\/ski.inmontanis.info\/d\/256794-3\/ge20190113.jpg \/><\/a><br \/>\n^ GPS-Track 13.1.2019 in Gelb und vorheriger Besuch in Blau<\/p>\n<p>Fazit: Ich glaub, das war&#8217;s jetzt f\u00fcr mich mit Tarvisio, ein drittes Mal brauch ich&#8217;s nicht mehr. Die Abfahrten sind schon arg modelliert.<\/p>\n<p>Retour gings \u00fcber Osttirol und S\u00fcdtirol, wobei es im Lesachtal ein kleines Problem mit der Stra\u00dfe gab, die war gesperrt, aber irgendwie hie\u00df es, dass man doch fahren k\u00f6nne, mit Wartezeiten. Als ich dort ankam, wo die Ampel steht, stand ein paar Meter weiter auch ein Polizeiauto und die Stra\u00dfe war wirklich gesperrt. Da ich mich jetzt gar nicht mehr auskannte, fragte ich den Polizisten, ob ich jetzt da fahren kann oder nicht. Er meinte dann, dass die Schilder eindeutig w\u00e4ren. Aber es hie\u00df doch, PKW k\u00f6nnten durch? Ja, haben Sie die Ampel nicht gesehen? Doch, eben, wo soll man dann jetzt fahren? Dann erkl\u00e4rte er mir, dass ich da vorne h\u00e4tte abzweigen sollen und mich beeilen solle, weil die Ampel gleich auf Rot umspringt. Hatte ich dann getan und bin vmtl. knapp durch Rot durch, was ich von meiner Seite aus aber nicht sehen konnte. <\/p>\n<p><a href='http:\/\/extra.inmontanis.info\/d\/52249-2\/DSC00544.jpg'><img src=http:\/\/extra.inmontanis.info\/d\/52248-3\/DSC00544.jpg \/><\/a><br \/>\n^ Ersatzstra\u00dfe<\/p>\n<p><a href='http:\/\/extra.inmontanis.info\/d\/52253-2\/DSC00546.jpg'><img src=http:\/\/extra.inmontanis.info\/d\/52252-3\/DSC00546.jpg \/><\/a><br \/>\n^ .. weil die Hauptstra\u00dfe momentan nicht befahrbar<\/p>\n<p>Ab dem Pustertal schneite es, wobei es bis zum Brenner gut ging, nur die nordtiroler Seite der Brennerbundesstra\u00dfe war schlecht ger\u00e4umt, so dass ich etwas l\u00e4nger gebraucht hatte. War aber ja fr\u00fch dran und bereits um 19:30 wieder daheim.<\/p>\n<p><a href='http:\/\/extra.inmontanis.info\/d\/52257-2\/DSC00551.jpg'><img src=http:\/\/extra.inmontanis.info\/d\/52256-3\/DSC00551.jpg \/><\/a><br \/>\n^ Am Brenner<\/p>\n<p><a href='http:\/\/extra.inmontanis.info\/d\/52261-2\/DSC00556.jpg'><img src=http:\/\/extra.inmontanis.info\/d\/52260-3\/DSC00556.jpg \/><\/a><br \/>\n^ Starker Schneefall und schlechte R\u00e4umung an der Brenner-Bundesstra\u00dfe. Da w\u00e4r ich wohl doch besser die mautpflichtige Autobahn gefahren ..<\/p>\n<p>Im \u00dcbrigen k\u00f6nnte es sein, dass ich bei dieser Reise mein 600. Skigebiete besucht hatte &#8211; und wenn nicht, werde ich das in den n\u00e4chsten Wochenenden in der Schweiz erreichen. <\/p>\n<p>Heutiger, kurzer Dashcam-Zusammenschnitt:<br \/>\n<object style=\"height: 500px; width: 900px\"><param name=\"movie\" value=\"http:\/\/www.youtube.com\/v\/cr9GPHXA1XQ\"><\/param><param name=\"wmode\" value=\"transparent\"><\/param><embed src=\"http:\/\/www.youtube.com\/v\/cr9GPHXA1XQ\" type=\"application\/x-shockwave-flash\" wmode=\"transparent\"  width=\"900\" height=\"480\"><\/embed><\/object><\/p>\n<p>.. und das obligatorische Schlussbild:<\/p>\n<p><a href='http:\/\/extra.inmontanis.info\/d\/52265-2\/DSC00682.jpg'><img src=http:\/\/extra.inmontanis.info\/d\/52264-3\/DSC00682.jpg \/><\/a><br \/>\n^ Die mitgebrachten Naschereien aus den diversen L\u00e4ndern, T\u00fcrkei, Georgien, Rum\u00e4nien, Bulgarien, etc.<\/p>\n<p>## Ende ##<\/p>\n","protected":false},"excerpt":{"rendered":"<p>Balkan-T\u00fcrkei-Kaukasus, Tag 23: So, 13.1.2019 &#8211; Tarvisio (km 13.633, Diff. 308 km)<\/p>\n<p>Die Heizung im Zimmer war auch morgens kalt, erst ab ca. 7:45 wurde sie wieder warm, daher meinen kleinen Heizer eingesteckt und auf das Duschen im Kalten Badezimmer verzichtet. Das Fr\u00fchst\u00fcck gab&#8217;s am Tisch (Marmeladen, K\u00e4se, Wurst\/Schinken) + R\u00fchrei, bezahlen konnte man nur <a href=\"http:\/\/blog.inmontanis.info\/?p=5477\">[&#8230;]<\/a><\/p>\n","protected":false},"author":1,"featured_media":0,"comment_status":"closed","ping_status":"closed","sticky":false,"template":"","format":"standard","meta":{"footnotes":""},"categories":[173,15,13,27,385],"tags":[49,39,53,79,38,47],"class_list":["post-5477","post","type-post","status-publish","format-standard","hentry","category-2019-01-balkan-turkei-kaukasus","category-italienitaly","category-austria","category-skifahren-winterskiing-winter","category-tarvisio","tag-4sb","tag-6eub","tag-8eub","tag-agudio","tag-dsb","tag-sl","odd"],"_links":{"self":[{"href":"http:\/\/blog.inmontanis.info\/index.php?rest_route=\/wp\/v2\/posts\/5477","targetHints":{"allow":["GET"]}}],"collection":[{"href":"http:\/\/blog.inmontanis.info\/index.php?rest_route=\/wp\/v2\/posts"}],"about":[{"href":"http:\/\/blog.inmontanis.info\/index.php?rest_route=\/wp\/v2\/types\/post"}],"author":[{"embeddable":true,"href":"http:\/\/blog.inmontanis.info\/index.php?rest_route=\/wp\/v2\/users\/1"}],"replies":[{"embeddable":true,"href":"http:\/\/blog.inmontanis.info\/index.php?rest_route=%2Fwp%2Fv2%2Fcomments&post=5477"}],"version-history":[{"count":3,"href":"http:\/\/blog.inmontanis.info\/index.php?rest_route=\/wp\/v2\/posts\/5477\/revisions"}],"predecessor-version":[{"id":5480,"href":"http:\/\/blog.inmontanis.info\/index.php?rest_route=\/wp\/v2\/posts\/5477\/revisions\/5480"}],"wp:attachment":[{"href":"http:\/\/blog.inmontanis.info\/index.php?rest_route=%2Fwp%2Fv2%2Fmedia&parent=5477"}],"wp:term":[{"taxonomy":"category","embeddable":true,"href":"http:\/\/blog.inmontanis.info\/index.php?rest_route=%2Fwp%2Fv2%2Fcategories&post=5477"},{"taxonomy":"post_tag","embeddable":true,"href":"http:\/\/blog.inmontanis.info\/index.php?rest_route=%2Fwp%2Fv2%2Ftags&post=5477"}],"curies":[{"name":"wp","href":"https:\/\/api.w.org\/{rel}","templated":true}]}}