{"id":5466,"date":"2019-01-11T20:34:52","date_gmt":"2019-01-11T19:34:52","guid":{"rendered":"http:\/\/blog.inmontanis.info\/?p=5466"},"modified":"2023-08-05T16:18:50","modified_gmt":"2023-08-05T14:18:50","slug":"golte-slowenien-11-1-2019","status":"publish","type":"post","link":"http:\/\/blog.inmontanis.info\/?p=5466","title":{"rendered":"Golte (Slowenien), 11.1.2019"},"content":{"rendered":"<p><strong>Balkan-T\u00fcrkei-Kaukasus, Tag 20: Do, 10.1.2019 &#8211; Rum\u00e4nien-Serbien-Kroatien-Slowenien<\/strong> (km 13.053, Diff. 707 km)<\/p>\n<p>Das Schlafen war schwierig, da mir beim Liegen nun beide Rippenseiten weh taten &#8211; so konnte ich mich auf gar keine Seite drehen, nerv. \u00dcber einen kleinen Grenz\u00fcbergang ging es von Rum\u00e4nien nach Serbien, das ging relativ schnell. In der n\u00e4chsten gro\u00dfen Stadt wurde ich beim Ortsausgang von der Polizei angehalten. Ich sei 65 km\/h gefahren. Was ich nicht glaubte, also diskutierte ich. Ich solle 5.000,- Dinar zahlen. Hatte aber gar kein serbisches Geld mehr bei mir. Irgendwann meinte er dann, ich solle 2.500,- zahlen und schickte mich mit einem Einzahlungsbeleg zur Post, die im Einkaufszentrum gegen\u00fcber samt eines Bankomatens irgendwo sein sollte. Leider machte ich mir kein Foto vom \u00dcberweisungsbeleg, denn auf dem kyrillischen Strafzettel standen weiterhin 5.000,- &#8211; hoffentlich kommt da nicht noch eine Zahlungsanweisung \u00fcber 5.000,- irgendwann per Post. <\/p>\n<p>(Fotos anklicken zum Vergr\u00f6\u00dfern)<\/p>\n<p><a href='http:\/\/extra.inmontanis.info\/d\/51231-3\/ge_route4.jpg'><img src=http:\/\/extra.inmontanis.info\/d\/51230-4\/ge_route4.jpg \/><\/a><br \/>\n^ Schwarz: Strecke 10.1.2019<\/p>\n<p><a href='http:\/\/extra.inmontanis.info\/d\/52209-2\/DSC00207.jpg'><img src=http:\/\/extra.inmontanis.info\/d\/52208-3\/DSC00207.jpg \/><\/a><br \/>\n^ Nur noch eine kurze Fahrt durch Rum\u00e4nien, bevor ich \u00fcber eine sehr einsame Grenze auf dem Land nach Serbien reise.<\/p>\n<p><a href='http:\/\/extra.inmontanis.info\/d\/52213-2\/DSC00210.jpg'><img src=http:\/\/extra.inmontanis.info\/d\/52212-3\/DSC00210.jpg \/><\/a><br \/>\n^ Teilweise recht glatte Stra\u00dfen in Serbien. Weder schwarz r\u00e4umen, noch Salz oder Sand streuen &#8211; und Spikes sind hier in der Gegend auch nirgendwo erlaubt. Teilweise musste man im Ort mit 20-30 km\/h fahren, so glatt war es. Und da red ich von geraden Strecken.<\/p>\n<p>Gegen 12:45 Uhr erreichte ich die Grenze Serbien-Kroatien. Waren lt. Schild nur 200m, ab wo die Autos standen, aber alles ging sehr langsam, 25min an der serbischen und nochmals 10-15min an der kroatischen Grenze. Durch die Zeitverz\u00f6gerungen mit dem Strafzettel und der Grenze hatte ich jedenfalls keine Zeit mehr, evtl. in BiH an dem einen Skigebiet nahe der Grenze vorbei zu schauen. Weiter nach Slowenien gings recht problemlos. Irgendwo an einem Imbiss kaufte ich mir eine Portion Cevapcici, die aber viel zu viel war (den Rest a\u00df ich dann morgen Mittag) und auch recht fettig war.<\/p>\n<p>Auch das heutige Hotel in Slowenien, wo ich um kurz vor 20h angekommen bin, war .. also warum das 3 Sterne haben soll, ist aus dem Zimmer jedenfalls nicht ersichtlich. Selten ein abgewohnteres Zimmer gesehen,  auch Sauberkeit und Freundlichkeit lie\u00dfen zu w\u00fcnschen \u00fcbrig. Immerhin warm und sowas wie ein Schreibtisch und das WLAN ist tats\u00e4chlich mal brauchbar. H\u00e4tte es einen bequemen Sessel gegeben, ich h\u00e4tte heute wohl dort geschlafen &#8211; aus dem Bett rauskommen ist mit der doppelseitigen Rippenprellung n\u00e4mlich recht schmerzhaft. <em>(\u00dcbrigens, als ich daheim war, verzichtete ich dann tats\u00e4chlich f\u00fcr ca. 3 Wochen auf das Schlafen im Bett und schlief stattdessen in einem elektrisch verstellbaren (Liege-) Sessel, wo ich wesentlich einfacher morgens aufstehen konnte.)<\/em><\/p>\n<p><a href='http:\/\/extra.inmontanis.info\/d\/52217-2\/DSC00211.jpg'><img src=http:\/\/extra.inmontanis.info\/d\/52216-3\/DSC00211.jpg \/><\/a><br \/>\n^ Hotelzimmer, schaut bei n\u00e4herer Betrachtung auch wesentlich schlechter aus.<\/p>\n<p><strong>Balkan-T\u00fcrkei-Kaukasus, Tag 21: Fr, 11.1.2019 &#8211; Golte (Slowenien)<\/strong> (km 13.191, Diff. 138 km)<\/p>\n<p>Das Fr\u00fchst\u00fccksbuffet im kalten Raum war dann auch eher rudiment\u00e4r, wenn auch mit Spiegeleier und auch Kakao konnte man sich machen. Das Wei\u00dfbrot schmeckte aber verglichen mit Semmeln oder Baguettes recht langweilig. Immerhin war das Hotel mit knapp 30,- \u20ac g\u00fcnstig.<\/p>\n<p>Nochmals n\u00e4her betrachtet, macht egtl. doch nur 1 Skitag in Slowenien Sinn, weil die anderen (interessanteren) Gebiete noch zu viel bzw. die interessanteren Sachen geschlossen haben. Ich entschied mich f\u00fcr Golte heute, weil dort bis auf ein paar Abfahrten zumindest die mir wichtigen Lifte, 2 Graffer, offen haben sollten. Um 9:45 Uhr war ich an der PB-Talstation und kaufte mir dummerweise die Tageskarte um 30,- \u20ac &#8211; eine der Stundenkarten h\u00e4tte doch auch gen\u00fcgt. Hatte ja angedacht, die geschlossenen Abfahrten auch fahren zu k\u00f6nnen &#8211; aber da lag abschnittsweise jeweils gar kein Schnee. Die paar ge\u00f6ffneten Abfahrten waren schnell abgefahren und auch recht hart, wobei es am Rand angenehmer war. Allerdings alles recht kurz und das Fahren von fixgeklemmten sesseln (und bei der K\u00fcrze) ist mit der Ripenprellung nicht so angenehm. SL sind angenehmer.<\/p>\n<p>Auf einen Skigebietswechsel zu Mittag hatte ich dann aber auch keine Lust mehr. Ich a\u00df mein halbes restliches Cevapcicibrot von gestern Abend und nutzte das gratis WLAN f\u00fcr die Planung der letzten beiden Urlaubstage. Mir schien schlechteres Wetter und besserer Schnee diesmal sinnvoller als umgekehrt. Vorzugsweise sollte ich auch SL-Gebiete ansteuern. Allerdings wird neben dem Schneefall in DE+AT auch starker Sturm gemeldt, was die m\u00f6glichen Skigebiete weiter einschr\u00e4nkte. Anders gesagt, wirklich schlau wurde ich nicht, vielleicht sollte ich doch noch im sonnigeren S\u00fcden bleiben. In Bad Kleinkirchheim wollte ich ja mal die alte 4EUB fahren.<\/p>\n<p><a href='http:\/\/extra.inmontanis.info\/d\/51231-3\/ge_route4.jpg'><img src=http:\/\/extra.inmontanis.info\/d\/51230-4\/ge_route4.jpg \/><\/a><br \/>\n^ X: Golte<br \/>\nDas kurze dunkelblaue St\u00fcck: Strecke 11.1.2019<\/p>\n<p><a href='http:\/\/ski.inmontanis.info\/d\/256377-2\/DSC00213.jpg'><img src=http:\/\/ski.inmontanis.info\/d\/256375-3\/DSC00213.jpg \/><\/a><br \/>\n^ Blick zur Zubringer-PB zum Skigebiet Golte<\/p>\n<p><a href='http:\/\/ski.inmontanis.info\/d\/256381-2\/DSC00214.jpg'><img src=http:\/\/ski.inmontanis.info\/d\/256380-3\/DSC00214.jpg \/><\/a><br \/>\n^ Talstation PB<\/p>\n<p><a href='http:\/\/ski.inmontanis.info\/d\/256385-2\/DSC00270.jpg'><img src=http:\/\/ski.inmontanis.info\/d\/256384-3\/DSC00270.jpg \/><\/a><br \/>\n^ Pistenplan<\/p>\n<p><a href='http:\/\/ski.inmontanis.info\/d\/256389-2\/DSC00217.jpg'><img src=http:\/\/ski.inmontanis.info\/d\/256388-3\/DSC00217.jpg \/><\/a><br \/>\n^ 3SB<\/p>\n<p><a href='http:\/\/ski.inmontanis.info\/d\/256393-2\/DSC00219.jpg'><img src=http:\/\/ski.inmontanis.info\/d\/256392-3\/DSC00219.jpg \/><\/a><br \/>\n^ Blick von der 3SB r\u00fcpber zur Graffer-DSB<\/p>\n<p><a href='http:\/\/ski.inmontanis.info\/d\/256397-2\/DSC00220.jpg'><img src=http:\/\/ski.inmontanis.info\/d\/256396-3\/DSC00220.jpg \/><\/a><br \/>\n^ 3SB und PB-Bergstation<\/p>\n<p><a href='http:\/\/ski.inmontanis.info\/d\/256401-2\/DSC00222.jpg'><img src=http:\/\/ski.inmontanis.info\/d\/256400-3\/DSC00222.jpg \/><\/a><br \/>\n^ Leider war an der 3SB nur eine Abfahrt offen, die direkte und wohl die langweiligste<\/p>\n<p><a href='http:\/\/ski.inmontanis.info\/d\/256405-2\/DSC00225.jpg'><img src=http:\/\/ski.inmontanis.info\/d\/256404-3\/DSC00225.jpg \/><\/a><br \/>\n^ 3SB-Abfahrt<\/p>\n<p><a href='http:\/\/ski.inmontanis.info\/d\/256409-2\/DSC00226.jpg'><img src=http:\/\/ski.inmontanis.info\/d\/256408-3\/DSC00226.jpg \/><\/a><br \/>\n^ Graffer-DSB, an dieser waren zwei Abfahrten ge\u00f6ffnet, die durchaus etwas netter waren.<\/p>\n<p><a href='http:\/\/ski.inmontanis.info\/d\/256413-2\/DSC00229.jpg'><img src=http:\/\/ski.inmontanis.info\/d\/256412-3\/DSC00229.jpg \/><\/a><br \/>\n^ Graffer-DSB<\/p>\n<p><a href='http:\/\/ski.inmontanis.info\/d\/256417-2\/DSC00233.jpg'><img src=http:\/\/ski.inmontanis.info\/d\/256416-3\/DSC00233.jpg \/><\/a><br \/>\n^ Graffer-DSB und r\u00fcckseitig ein Graffer-SL, hier gef\u00e4llts mir :-)<\/p>\n<p><a href='http:\/\/ski.inmontanis.info\/d\/256421-2\/DSC00236.jpg'><img src=http:\/\/ski.inmontanis.info\/d\/256420-3\/DSC00236.jpg \/><\/a><br \/>\n^ Unterhalb des Graffer-SL geht noch eine weitere DSB<\/p>\n<p><a href='http:\/\/ski.inmontanis.info\/d\/256425-2\/DSC00238.jpg'><img src=http:\/\/ski.inmontanis.info\/d\/256424-3\/DSC00238.jpg \/><\/a><br \/>\n^ Abfahrt zur unteren DSB. War auch recht hart.<\/p>\n<p><a href='http:\/\/ski.inmontanis.info\/d\/256429-2\/DSC00242.jpg'><img src=http:\/\/ski.inmontanis.info\/d\/256428-3\/DSC00242.jpg \/><\/a><br \/>\n^ Untere DSB und der Graffer-SL; ohne dem SL kam man zumindest heute nicht zur DSB-Abfahrt<\/p>\n<p><a href='http:\/\/ski.inmontanis.info\/d\/256433-2\/DSC00246.jpg'><img src=http:\/\/ski.inmontanis.info\/d\/256432-3\/DSC00246.jpg \/><\/a><br \/>\n^ Graffer-SL<\/p>\n<p><a href='http:\/\/ski.inmontanis.info\/d\/256437-2\/DSC00247.jpg'><img src=http:\/\/ski.inmontanis.info\/d\/256436-3\/DSC00247.jpg \/><\/a><br \/>\n^ Abfahrt an der Graffer-DSB und Blick zur 3SB<\/p>\n<p><a href='http:\/\/ski.inmontanis.info\/d\/256441-2\/DSC00249.jpg'><img src=http:\/\/ski.inmontanis.info\/d\/256440-3\/DSC00249.jpg \/><\/a><br \/>\n^ Jahrelang ist man bei WC-Sp\u00fclung nun gewohnt gewesen, dass der kleinere Taster f\u00fcr wenig, der gr\u00f6\u00dfere Taster f\u00fcr mehr Wasserverbrauch steht. Was aber, wenn beide gleich gro\u00df sind? Diese neumodische Variante ist mir in letzter Zeit h\u00e4ufiger aufgefallen, kapier ich aber nicht. Soll nun der wuchtigere Knopf rechts mit der kleineren Vertiefung oder der schlankere Knopf links mit der breiteren Vertiefung die gr\u00f6\u00dfere Wassermenge bedeuten?!<\/p>\n<p><a href='http:\/\/ski.inmontanis.info\/d\/256445-2\/DSC00250.jpg'><img src=http:\/\/ski.inmontanis.info\/d\/256444-3\/DSC00250.jpg \/><\/a><br \/>\n^ 3SB und Talblick<\/p>\n<p><a href='http:\/\/ski.inmontanis.info\/d\/256449-2\/DSC00251.jpg'><img src=http:\/\/ski.inmontanis.info\/d\/256448-3\/DSC00251.jpg \/><\/a><br \/>\n^ Graffer-SL<\/p>\n<p><a href='http:\/\/ski.inmontanis.info\/d\/256453-2\/DSC00253.jpg'><img src=http:\/\/ski.inmontanis.info\/d\/256452-3\/DSC00253.jpg \/><\/a><br \/>\n^ Graffer-SL, elegant ohne Wartungspodeste<\/p>\n<p><a href='http:\/\/ski.inmontanis.info\/d\/256457-2\/DSC00258.jpg'><img src=http:\/\/ski.inmontanis.info\/d\/256456-3\/DSC00258.jpg \/><\/a><br \/>\n^ PB-Bergstation<\/p>\n<p><a href='http:\/\/ski.inmontanis.info\/d\/256461-2\/DSC00260.jpg'><img src=http:\/\/ski.inmontanis.info\/d\/256460-3\/DSC00260.jpg \/><\/a><br \/>\n^ PB-Strecke<\/p>\n<p><a href='http:\/\/ski.inmontanis.info\/d\/256465-2\/DSC00264.jpg'><img src=http:\/\/ski.inmontanis.info\/d\/256464-3\/DSC00264.jpg \/><\/a><br \/>\n^ PB-Strecke<\/p>\n<p><a href='http:\/\/ski.inmontanis.info\/d\/256469-2\/DSC00269.jpg'><img src=http:\/\/ski.inmontanis.info\/d\/256468-3\/DSC00269.jpg \/><\/a><br \/>\n^ PB-Strecke und Parkplatz<\/p>\n<p><a href='http:\/\/ski.inmontanis.info\/d\/256473-2\/DSC00271.jpg'><img src=http:\/\/ski.inmontanis.info\/d\/256472-3\/DSC00271.jpg \/><\/a><br \/>\n^ PB-Daten<\/p>\n<p><a href='http:\/\/ski.inmontanis.info\/d\/256477-2\/ge20190111a.jpg'><img src=http:\/\/ski.inmontanis.info\/d\/256476-3\/ge20190111a.jpg \/><\/a><br \/>\n^ GPS-Track 11.1.2019, leider bei weitem nicht alle Abfahrten offen<\/p>\n<p><a href='http:\/\/ski.inmontanis.info\/d\/256481-2\/DSC00272.jpg'><img src=http:\/\/ski.inmontanis.info\/d\/256480-3\/DSC00272.jpg \/><\/a><br \/>\n^ Daf\u00fcr, dass ich auf dieser Silvesterreise so wenig auf Skiern gestanden bin, sind die L\u00f6cher der letzten Tage daf\u00fcr umso tiefer..<\/p>\n<p>Als dann zu Mittag viele mit der PB abgefahren sind, bin ich doch nochmal f\u00fcr ein paar Abfahrten auf die Piste und nahm mir vor, morgen meinen Rucksack etwas leichter zu machen, das war an den Sesselliften heute doch recht anstrengend. Im Tal hab ich ein Hotel am Rand von Klagenfurt gebucht, 50 \u20ac das EZ mit Fr\u00fchst\u00fcck, wobei ich dann ggf. ein besseres Zimmer bekam &#8211; jedenfalls war es sehr sch\u00f6n und gro\u00df, das WLAN war auch schnell und im Bad gab es sogar einen Heizstrahler.<\/p>\n<p><a href='http:\/\/ski.inmontanis.info\/d\/256485-2\/DSC00274.jpg'><img src=http:\/\/ski.inmontanis.info\/d\/256484-3\/DSC00274.jpg \/><\/a><br \/>\n^ Mein Navi meinte, mich \u00fcber eine unasphaltierte Stra\u00dfe lotsen zu m\u00fcssen. Wenn die so gut sind wie hier, hab ich ja nix dagegen.<\/p>\n<p><a href='http:\/\/extra.inmontanis.info\/d\/52221-2\/DSC00276.jpg'><img src=http:\/\/extra.inmontanis.info\/d\/52220-3\/DSC00276.jpg \/><\/a><br \/>\n^ .. nirgends liegt Schnee hier, aber auf der Stra\u00dfe.<\/p>\n<p><a href='http:\/\/extra.inmontanis.info\/d\/52225-2\/DSC00278.jpg'><img src=http:\/\/extra.inmontanis.info\/d\/52224-3\/DSC00278.jpg \/><\/a><br \/>\n^ Graffer-SL in Crna na Koroskem<\/p>\n<p><a href='http:\/\/extra.inmontanis.info\/d\/52229-2\/DSC00280.jpg'><img src=http:\/\/extra.inmontanis.info\/d\/52228-3\/DSC00280.jpg \/><\/a><br \/>\n^ Graffer-SL in Crna na Koroskem<\/p>\n<p><a href='http:\/\/extra.inmontanis.info\/d\/52233-2\/DSC00285.jpg'><img src=http:\/\/extra.inmontanis.info\/d\/52232-3\/DSC00285.jpg \/><\/a><br \/>\n^ Sehr sch\u00f6nes Hotelzimmer in K\u00e4rnten<\/p>\n<p><a href='http:\/\/extra.inmontanis.info\/d\/52237-2\/DSC00286.jpg'><img src=http:\/\/extra.inmontanis.info\/d\/52236-3\/DSC00286.jpg \/><\/a><br \/>\n^ Sehr sch\u00f6nes Hotelzimmer in K\u00e4rnten<\/p>\n<p>Das Hotelrestaurant ist zwar nicht gerade durchgehend g\u00fcnstig, hat daf\u00fcr aber auch einige gehobenere Speisen (wobei 16,- f\u00fcr Nudeln mit Tr\u00fcffel f\u00fcr au\u00dferhalb Italiens auch nicht so teuer sind) und im Vergleich zu einem Schnitzel schin mir das Men\u00fc um 22,- ein Schn\u00e4ppchen zu sein (in Italien hab ich um 20,- schon viel schlechteres gehabt) &#8211; Vorspeise Garnelen in Teigmantel mit Salat (oder alternativ Suppe), Hauptspeise Rindsfleisch (gerollter\/d\u00fcnner Rindsbraten) mit R\u00f6sti und Gem\u00fcse und Pfeffersauce und Parfaits als Nachspeise + Gedeck 1,50 (Brot, Leber- und K\u00e4sepastete) und das gro\u00dfe Mineralwasser (4,80!) und Trinkgeld &#8230; waren es dann 30 \u20ac, wobei das Bezahlen etwas umst\u00e4ndlich war, mit Rechnung im Buch und Geld reinlegen und so. Muss man das dann dem gleichen wieder geben? Keine Ahnung, der ging mehrfach vorbei. Da bin ich ja schon froh, dass man das in Italien nicht mehr so umst\u00e4ndlich machen muss (in den normalen Restaurants nicht mal mehr kann), sondern einfach beim Gehen am Ausgang zur Kasse geht und die Tischnummer sagt oder den Zettel mitnimmt.<\/p>\n<p>Kurzer Dashcam-Zusammenschnitt vom 9., 10. und 11.1.:<br \/>\n<object style=\"height: 500px; width: 900px\"><param name=\"movie\" value=\"http:\/\/www.youtube.com\/v\/9kB8D2c5y9Q\"><\/param><param name=\"wmode\" value=\"transparent\"><\/param><embed src=\"http:\/\/www.youtube.com\/v\/9kB8D2c5y9Q\" type=\"application\/x-shockwave-flash\" wmode=\"transparent\"  width=\"900\" height=\"480\"><\/embed><\/object><\/p>\n<p>(Fortsetzung folgt.)<\/p>\n","protected":false},"excerpt":{"rendered":"<p>Balkan-T\u00fcrkei-Kaukasus, Tag 20: Do, 10.1.2019 &#8211; Rum\u00e4nien-Serbien-Kroatien-Slowenien (km 13.053, Diff. 707 km)<\/p>\n<p>Das Schlafen war schwierig, da mir beim Liegen nun beide Rippenseiten weh taten &#8211; so konnte ich mich auf gar keine Seite drehen, nerv. \u00dcber einen kleinen Grenz\u00fcbergang ging es von Rum\u00e4nien nach Serbien, das ging relativ schnell. In der n\u00e4chsten gro\u00dfen Stadt <a href=\"http:\/\/blog.inmontanis.info\/?p=5466\">[&#8230;]<\/a><\/p>\n","protected":false},"author":1,"featured_media":0,"comment_status":"closed","ping_status":"closed","sticky":false,"template":"","format":"standard","meta":{"footnotes":""},"categories":[173,793,13,76,143,27,17],"tags":[55,38,52,47],"class_list":["post-5466","post","type-post","status-publish","format-standard","hentry","category-2019-01-balkan-turkei-kaukasus","category-golte","category-austria","category-romania","category-serbien","category-skifahren-winterskiing-winter","category-slowenienslovenia","tag-3sb","tag-dsb","tag-pb","tag-sl","odd"],"_links":{"self":[{"href":"http:\/\/blog.inmontanis.info\/index.php?rest_route=\/wp\/v2\/posts\/5466","targetHints":{"allow":["GET"]}}],"collection":[{"href":"http:\/\/blog.inmontanis.info\/index.php?rest_route=\/wp\/v2\/posts"}],"about":[{"href":"http:\/\/blog.inmontanis.info\/index.php?rest_route=\/wp\/v2\/types\/post"}],"author":[{"embeddable":true,"href":"http:\/\/blog.inmontanis.info\/index.php?rest_route=\/wp\/v2\/users\/1"}],"replies":[{"embeddable":true,"href":"http:\/\/blog.inmontanis.info\/index.php?rest_route=%2Fwp%2Fv2%2Fcomments&post=5466"}],"version-history":[{"count":5,"href":"http:\/\/blog.inmontanis.info\/index.php?rest_route=\/wp\/v2\/posts\/5466\/revisions"}],"predecessor-version":[{"id":5472,"href":"http:\/\/blog.inmontanis.info\/index.php?rest_route=\/wp\/v2\/posts\/5466\/revisions\/5472"}],"wp:attachment":[{"href":"http:\/\/blog.inmontanis.info\/index.php?rest_route=%2Fwp%2Fv2%2Fmedia&parent=5466"}],"wp:term":[{"taxonomy":"category","embeddable":true,"href":"http:\/\/blog.inmontanis.info\/index.php?rest_route=%2Fwp%2Fv2%2Fcategories&post=5466"},{"taxonomy":"post_tag","embeddable":true,"href":"http:\/\/blog.inmontanis.info\/index.php?rest_route=%2Fwp%2Fv2%2Ftags&post=5466"}],"curies":[{"name":"wp","href":"https:\/\/api.w.org\/{rel}","templated":true}]}}