{"id":5462,"date":"2019-01-09T23:40:16","date_gmt":"2019-01-09T22:40:16","guid":{"rendered":"http:\/\/blog.inmontanis.info\/?p=5462"},"modified":"2023-08-04T21:10:06","modified_gmt":"2023-08-04T19:10:06","slug":"straja-rumanien-9-1-2019","status":"publish","type":"post","link":"http:\/\/blog.inmontanis.info\/?p=5462","title":{"rendered":"Straja (Rum\u00e4nien), 9.1.2019"},"content":{"rendered":"<p><strong>Balkan-T\u00fcrkei-Kaukasus, Tag 19: Mi, 9.1.2019 &#8211; Straja (Rum\u00e4nien)<\/strong> (km 12.346, Diff. 439 km)<\/p>\n<p>Fr\u00fchst\u00fcck gab&#8217;s leider erst ab 8 Uhr und ich hatte ja noch 3 Stunden Fahrzeit ins Skigebiet, aber ich wollte eh nicht fr\u00fcher aufstehen. Und das Buffet war klein im Vergleich, also etwas schneller fertig.<\/p>\n<p>Skifahren in Rum\u00e4nien ist schon immer auch etwas chaotisch. Lifte, die erst ab einer gewissen Anzahl von Skifahrern fahren, unterschiedliche Liftbetreiber im Skigebiet, weshalb man mehrere Skip\u00e4sse braucht, oder die an einem bestimmten Wochentag revisionsbedingte Schlie\u00dfung von Liften (etwas, was es auch in Bulgarien gibt oder gab)&#8230;<\/p>\n<p>Erstes Ziel war Parang, wo ich schon mehrmals vorbei geschaut hatte. Bei der letzten BTK-Tour hab ich dann ja einfach f\u00fcr mehrere Personen bezahlt, damit die DSB in Betrieb genommen wurde, die SL waren dann nicht in Betrieb. Damals war es aber ja auch schon Fr\u00fchjahr und etwas schnee\u00e4rmer. Jetzt zur vermeintlichen Hochsaison sollte also wohl voller und Betrieb sein? Denkste, Parkplatz war voll, DSB lief nicht. Zur 4KSB bin ich nicht raufgefahren, weil man ja mal wieder nicht wusset, ob und welche SL oben in Betrieb w\u00e4ren, die DSB w\u00e4re mir ja au\u00dferdem auch wichtig, aber jetzt lass ich&#8217;s hier, ein weiteres Mal werd ich&#8217;s nicht mehr probieren, hat einfach keinen Sinn.  <\/p>\n<p>(Fotos anklicken zum Vergr\u00f6\u00dfern)<\/p>\n<p><a href='http:\/\/extra.inmontanis.info\/d\/51231-3\/ge_route4.jpg'><img src=http:\/\/extra.inmontanis.info\/d\/51230-4\/ge_route4.jpg \/><\/a><br \/>\n^ W: Straja<br \/>\nT\u00fcrkis zwischen den beiden Kringeln\/Schnittpunkten Magenta: Strecke 9.1.2019<\/p>\n<p><a href='http:\/\/extra.inmontanis.info\/d\/52201-2\/DSC00087.jpg'><img src=http:\/\/extra.inmontanis.info\/d\/52200-3\/DSC00087.jpg \/><\/a><br \/>\n^ Typisch rum\u00e4nische Ortsdurchfahrt<\/p>\n<p><a href='http:\/\/extra.inmontanis.info\/d\/52205-2\/DSC00095.jpg'><img src=http:\/\/extra.inmontanis.info\/d\/52204-3\/DSC00095.jpg \/><\/a><br \/>\n^ Schluchtstra\u00dfe mit Zug<\/p>\n<p><a href='http:\/\/ski.inmontanis.info\/d\/256183-2\/DSC00099.jpg'><img src=http:\/\/ski.inmontanis.info\/d\/256182-3\/DSC00099.jpg \/><\/a><br \/>\n^ DSB Parang. Lief mal wieder nicht, meine Geduld ist hiermit ersch\u00f6pft.<\/p>\n<p>Also fuhr ich ins nahe gelegen Straja. Die haben tats\u00e4chlich endlich eine gemeinsame Tageskarte f\u00fcr alle Lifte (100 Ron, ca 21,- \u20ac). Und etliche gebrauchte Lifte seit meinem letzten Besuch neu aufgestellt. Daf\u00fcr fuhr die neue Gipfel-4KSB wieder nicht. <\/p>\n<p>Nachdem in den letzten Tagen meine Rippenprellung auf linker Seite stark besser wurde und ich kaum noch was gesp\u00fcrt hatte, hatte ich mir heute nervigerweise eine st\u00e4rkere auf rechter und wieder eine leichtere auf linker Seite zugezogen. Ich wollte auf einen kleinen Aussichtsh\u00fcgel fahren, wo schon etliche raufgegangen sind, der Schnee war aufgew\u00fchlt, es war also nichts zu sehen, aber als ich dort mit Schwung rauf wollte, blieben meine Ski an einem unsichtbaren Felsen h\u00e4ngen und mich haute es nach vorne auf den Boden. Den Rest des Tages bin ich also etwas langsamer gefahren, wirklich sp\u00fcren sollte ich das erst in den laufenden Tagen und Wochen beim Schlafen und Aufstehen; immerhin hatte ich durch die leichte Prellung im Dezember eine frische Creme dabei..<\/p>\n<p><a href='http:\/\/ski.inmontanis.info\/d\/256187-2\/DSC00100.jpg'><img src=http:\/\/ski.inmontanis.info\/d\/256186-3\/DSC00100.jpg \/><\/a><br \/>\n^ Kostenpflichtiger Parkplatz an der 8EUB, trotzdem weiter Weg zur Talstation.<\/p>\n<p><a href='http:\/\/ski.inmontanis.info\/d\/256191-2\/DSC00102.jpg'><img src=http:\/\/ski.inmontanis.info\/d\/256190-3\/DSC00102.jpg \/><\/a><br \/>\n^ Die Abfahrt an der 8EUB ist aber schon nett.<\/p>\n<p><a href='http:\/\/ski.inmontanis.info\/d\/256195-2\/DSC00104.jpg'><img src=http:\/\/ski.inmontanis.info\/d\/256194-3\/DSC00104.jpg \/><\/a><br \/>\n^ 8EUB<\/p>\n<p><a href='http:\/\/ski.inmontanis.info\/d\/256199-2\/DSC00106.jpg'><img src=http:\/\/ski.inmontanis.info\/d\/256198-3\/DSC00106.jpg \/><\/a><br \/>\n^ Der alte, gelbe SL 4 hatte gerade Mittagspause<\/p>\n<p><a href='http:\/\/ski.inmontanis.info\/d\/256203-2\/DSC00109.jpg'><img src=http:\/\/ski.inmontanis.info\/d\/256202-3\/DSC00109.jpg \/><\/a><br \/>\n^ Bergdorf. Symmetrie, Gleichm\u00e4\u00dfigkeit, Eint\u00f6nigkeit scheint im rum\u00e4nischen Hausbau auch verp\u00f6nt :) Was die Siedlung hier oben aber schon auch m\u00e4rchenhaft sympathisch macht.<\/p>\n<p><a href='http:\/\/ski.inmontanis.info\/d\/256207-2\/DSC00111.jpg'><img src=http:\/\/ski.inmontanis.info\/d\/256206-3\/DSC00111.jpg \/><\/a><br \/>\n^ So, wie geht&#8217;s jetzt von der EUB zu den oberen Liften? Und hoffentlich killt mich kein herabfallender Eiszapfen.<\/p>\n<p><a href='http:\/\/ski.inmontanis.info\/d\/256211-2\/DSC00112.jpg'><img src=http:\/\/ski.inmontanis.info\/d\/256210-3\/DSC00112.jpg \/><\/a><br \/>\n^ Och schade, der alte SL 3 ist nicht mehr. Wenigstens steht das kuriose Haus noch.<\/p>\n<p><a href='http:\/\/ski.inmontanis.info\/d\/256215-2\/DSC00113.jpg'><img src=http:\/\/ski.inmontanis.info\/d\/256214-3\/DSC00113.jpg \/><\/a><br \/>\n^ Neue Skibr\u00fccke. Soll wohl keiner fahren. Am Ende des Steilhangs  ist ja auch gleich die schneefreie Stra\u00dfe..<\/p>\n<p><a href='http:\/\/ski.inmontanis.info\/d\/256219-2\/DSC00117.jpg'><img src=http:\/\/ski.inmontanis.info\/d\/256218-3\/DSC00117.jpg \/><\/a><br \/>\n^ Anstelle des SL 3 gibts nun einen gebrauchten SL und eine gebrauchte Graffer-DSB mit der Liftnummer 11<\/p>\n<p><a href='http:\/\/ski.inmontanis.info\/d\/256223-2\/DSC00120.jpg'><img src=http:\/\/ski.inmontanis.info\/d\/256222-3\/DSC00120.jpg \/><\/a><br \/>\n^ .. und eine gebrauchte 4KSB, die mitten am Berg anf\u00e4ngt und mitten am Berg aufh\u00f6rt und mit Nummer 3 und dem Namen Sesselbahn 4 im Plan steht (obwohl der SL 4 ja der parallel an der EUB ist, aber da steht halt die gro\u00dfe 4 an der Talstation der Sesselbahn &#8230;)<\/p>\n<p><a href='http:\/\/ski.inmontanis.info\/d\/256227-2\/DSC00121.jpg'><img src=http:\/\/ski.inmontanis.info\/d\/256226-3\/DSC00121.jpg \/><\/a><br \/>\n^ DSB+SL 11, 4KSB 4, SL 7<\/p>\n<p><a href='http:\/\/ski.inmontanis.info\/d\/256231-2\/DSC00122.jpg'><img src=http:\/\/ski.inmontanis.info\/d\/256230-3\/DSC00122.jpg \/><\/a><br \/>\n^ .. und die obere, 2013 neu gebaute 4KSB Nr. 8 zum Gipfel l\u00e4uft wieder einmal nicht. Klar, viel zu neu, die gebrauchten Lifte laufen besser&#8230;<\/p>\n<p><a href='http:\/\/ski.inmontanis.info\/d\/256235-2\/DSC00126.jpg'><img src=http:\/\/ski.inmontanis.info\/d\/256234-3\/DSC00126.jpg \/><\/a><br \/>\n^ 4KSB 4, SL 7 und SL 6<\/p>\n<p><a href='http:\/\/ski.inmontanis.info\/d\/256239-2\/DSC00129.jpg'><img src=http:\/\/ski.inmontanis.info\/d\/256238-3\/DSC00129.jpg \/><\/a><br \/>\n^ DSB-SL-4KSB. Der SL lief heute leider nicht. DSB und 4KSB bin ich jeweils einmal gefahren.<\/p>\n<p><a href='http:\/\/ski.inmontanis.info\/d\/256243-2\/DSC00134.jpg'><img src=http:\/\/ski.inmontanis.info\/d\/256242-3\/DSC00134.jpg \/><\/a><br \/>\n^ Das witzige an der Sache: Das schaut so historisch gewachsen aus mit SL, DSB und 4KSB, derweil l\u00e4uft die 4KSB erst seit heuer und die DSB seit vorletztem Jahr und bei meinem letzten Besuch vor 6 Jahren gab es auch den SL noch nicht ;-)<\/p>\n<p><a href='http:\/\/ski.inmontanis.info\/d\/256247-2\/DSC00141.jpg'><img src=http:\/\/ski.inmontanis.info\/d\/256246-3\/DSC00141.jpg \/><\/a><br \/>\n^ Schneekanonen<\/p>\n<p><a href='http:\/\/ski.inmontanis.info\/d\/256251-2\/DSC00145.jpg'><img src=http:\/\/ski.inmontanis.info\/d\/256250-3\/DSC00145.jpg \/><\/a><br \/>\n^ SL 5<\/p>\n<p><a href='http:\/\/ski.inmontanis.info\/d\/256255-2\/DSC00146.jpg'><img src=http:\/\/ski.inmontanis.info\/d\/256254-3\/DSC00146.jpg \/><\/a><br \/>\n^ SL 5, links daneben DSB 11 und 4KSB 4<\/p>\n<p><a href='http:\/\/ski.inmontanis.info\/d\/256259-2\/DSC00147.jpg'><img src=http:\/\/ski.inmontanis.info\/d\/256258-3\/DSC00147.jpg \/><\/a><br \/>\n^ SL 5<\/p>\n<p><a href='http:\/\/ski.inmontanis.info\/d\/256263-2\/DSC00152.jpg'><img src=http:\/\/ski.inmontanis.info\/d\/256262-3\/DSC00152.jpg \/><\/a><br \/>\n^ Noch eine neu aufgestellte, gebrauchte DSB ersetzt den SL 2. Dahinter die 2013 neu gebaute 4KSB, die wohl selten in Betrieb ist.<\/p>\n<p><a href='http:\/\/ski.inmontanis.info\/d\/256267-2\/DSC00156.jpg'><img src=http:\/\/ski.inmontanis.info\/d\/256266-3\/DSC00156.jpg \/><\/a><br \/>\n^ Die beiden Canal-Pisten zur DSB 2<\/p>\n<p><a href='http:\/\/ski.inmontanis.info\/d\/256271-2\/DSC00157.jpg'><img src=http:\/\/ski.inmontanis.info\/d\/256270-3\/DSC00157.jpg \/><\/a><br \/>\n^ DSB 2, eine gebrauchte Leitneranlage mit Musikberieselung.<\/p>\n<p><a href='http:\/\/ski.inmontanis.info\/d\/256275-2\/DSC00159.jpg'><img src=http:\/\/ski.inmontanis.info\/d\/256274-3\/DSC00159.jpg \/><\/a><br \/>\n^ DSB 2<\/p>\n<p><a href='http:\/\/ski.inmontanis.info\/d\/256279-2\/DSC00160.jpg'><img src=http:\/\/ski.inmontanis.info\/d\/256278-3\/DSC00160.jpg \/><\/a><br \/>\n^ Die mal wieder geschlossene 4KSB 8<\/p>\n<p><a href='http:\/\/ski.inmontanis.info\/d\/256283-2\/DSC00161.jpg'><img src=http:\/\/ski.inmontanis.info\/d\/256282-3\/DSC00161.jpg \/><\/a><br \/>\n^ Verkrustete 4KSB 8, hat wohl zu viel Sturm hier oben. Es gibt aber sehr wohl Bilder, die diese Bahn in Betrieb  zeigen.<\/p>\n<p><a href='http:\/\/ski.inmontanis.info\/d\/256287-2\/DSC00163.jpg'><img src=http:\/\/ski.inmontanis.info\/d\/256286-3\/DSC00163.jpg \/><\/a><br \/>\n^ Nette Canal-Piste zur DSB 2<\/p>\n<p><a href='http:\/\/ski.inmontanis.info\/d\/256291-2\/DSC00164.jpg'><img src=http:\/\/ski.inmontanis.info\/d\/256290-3\/DSC00164.jpg \/><\/a><br \/>\n^ Nette Canal-Piste zur DSB 2<\/p>\n<p><a href='http:\/\/ski.inmontanis.info\/d\/256295-2\/DSC00166.jpg'><img src=http:\/\/ski.inmontanis.info\/d\/256294-3\/DSC00166.jpg \/><\/a><br \/>\n^ Der alte SL 1 d\u00fcrfte mittlerweile auch stillgelegt sein<\/p>\n<p><a href='http:\/\/ski.inmontanis.info\/d\/256299-2\/DSC00167.jpg'><img src=http:\/\/ski.inmontanis.info\/d\/256298-3\/DSC00167.jpg \/><\/a><br \/>\n^ SL 1 und 4KSB 3(4)<\/p>\n<p><a href='http:\/\/ski.inmontanis.info\/d\/256303-2\/DSC00168.jpg'><img src=http:\/\/ski.inmontanis.info\/d\/256302-3\/DSC00168.jpg \/><\/a><br \/>\n^ Verkrustete B\u00e4ume<\/p>\n<p><a href='http:\/\/ski.inmontanis.info\/d\/256307-2\/DSC00169.jpg'><img src=http:\/\/ski.inmontanis.info\/d\/256306-3\/DSC00169.jpg \/><\/a><br \/>\n^ Verkrusteter SL 1<\/p>\n<p><a href='http:\/\/ski.inmontanis.info\/d\/256311-2\/DSC00171.jpg'><img src=http:\/\/ski.inmontanis.info\/d\/256310-3\/DSC00171.jpg \/><\/a><br \/>\n^ Verkrusteter SL 1, dahinter 4KSB 3(4) und SL 5<\/p>\n<p><a href='http:\/\/ski.inmontanis.info\/d\/256315-2\/DSC00172.jpg'><img src=http:\/\/ski.inmontanis.info\/d\/256314-3\/DSC00172.jpg \/><\/a><br \/>\n^ Verkrusteter SL 1<\/p>\n<p><a href='http:\/\/ski.inmontanis.info\/d\/256319-2\/DSC00173.jpg'><img src=http:\/\/ski.inmontanis.info\/d\/256318-3\/DSC00173.jpg \/><\/a><br \/>\n^ Verkrusteter SL 1, dahinter 4KSB 3(4) und SL 5<\/p>\n<p><a href='http:\/\/ski.inmontanis.info\/d\/256323-2\/DSC00176.jpg'><img src=http:\/\/ski.inmontanis.info\/d\/256322-3\/DSC00176.jpg \/><\/a><br \/>\n^ Abfahrt 1 (Lupului) zum SL 1 oder eben mit etwas Schieben zur DSB 2<\/p>\n<p><a href='http:\/\/ski.inmontanis.info\/d\/256327-2\/DSC00179.jpg'><img src=http:\/\/ski.inmontanis.info\/d\/256326-3\/DSC00179.jpg \/><\/a><br \/>\n^ \u00dcbungslifte 6 und 7<\/p>\n<p><a href='http:\/\/ski.inmontanis.info\/d\/256331-2\/DSC00181.jpg'><img src=http:\/\/ski.inmontanis.info\/d\/256330-3\/DSC00181.jpg \/><\/a><br \/>\n^ SL 6<\/p>\n<p><a href='http:\/\/ski.inmontanis.info\/d\/256335-2\/DSC00184.jpg'><img src=http:\/\/ski.inmontanis.info\/d\/256334-3\/DSC00184.jpg \/><\/a><br \/>\n^ SL 6 mit roten Nascivera-St\u00fctzen, wie nett! Links SL 7, dar\u00fcber 4KSB etc.<\/p>\n<p><a href='http:\/\/ski.inmontanis.info\/d\/256339-2\/DSC00189.jpg'><img src=http:\/\/ski.inmontanis.info\/d\/256338-3\/DSC00189.jpg \/><\/a><br \/>\n^ Bergstation 4KSB, die H\u00f6henmeterangabe stimmt hier nicht mehr.<\/p>\n<p><a href='http:\/\/ski.inmontanis.info\/d\/256343-2\/DSC00191.jpg'><img src=http:\/\/ski.inmontanis.info\/d\/256342-3\/DSC00191.jpg \/><\/a><br \/>\n^ Enges Bergdorf mit 8EUB, SL, DSB, &#8230;<\/p>\n<p><a href='http:\/\/ski.inmontanis.info\/d\/256347-2\/DSC00194.jpg'><img src=http:\/\/ski.inmontanis.info\/d\/256346-3\/DSC00194.jpg \/><\/a><br \/>\n^ Die Abfahrt an der 8EUB ist leider mit einer Stra\u00dfenquerung versehen. Dort gibts ein paar St\u00e4nde &#8211; auch was zum Essen gibt es.<\/p>\n<p><a href='http:\/\/ski.inmontanis.info\/d\/256351-2\/DSC00197.jpg'><img src=http:\/\/ski.inmontanis.info\/d\/256350-3\/DSC00197.jpg \/><\/a><br \/>\n^ SL 4 mit antrengender Trasse und 8EUB 9<\/p>\n<p><a href='http:\/\/ski.inmontanis.info\/d\/256355-2\/DSC00201.jpg'><img src=http:\/\/ski.inmontanis.info\/d\/256354-3\/DSC00201.jpg \/><\/a><br \/>\n^ Talabfahrt 8EUB<\/p>\n<p><a href='http:\/\/ski.inmontanis.info\/d\/256359-2\/DSC00202.jpg'><img src=http:\/\/ski.inmontanis.info\/d\/256358-3\/DSC00202.jpg \/><\/a><br \/>\n^ Talabfahrt 8EUB, stellenweise etwas steinig, aber nett.<\/p>\n<p><a href='http:\/\/ski.inmontanis.info\/d\/256363-2\/DSC00205.jpg'><img src=http:\/\/ski.inmontanis.info\/d\/256362-3\/DSC00205.jpg \/><\/a><br \/>\n^ 8EUB Talstation<\/p>\n<p><a href='http:\/\/ski.inmontanis.info\/d\/256367-2\/IMG_5172.jpg'><img src=http:\/\/ski.inmontanis.info\/d\/256366-3\/IMG_5172.jpg \/><\/a><br \/>\n^ An einem der zuvor genannten St\u00e4nde gekauft. Danach war ich satt.<\/p>\n<p><a href='http:\/\/ski.inmontanis.info\/d\/256371-2\/ge20190109b.jpg'><img src=http:\/\/ski.inmontanis.info\/d\/256370-3\/ge20190109b.jpg \/><\/a><br \/>\n^ GPS-Track 2019 in Blau; 2013 in T\u00fcrkis; Rot der wohl stillgelegte SL 1, Magenta die 4KSB 8 und weder gefahren noch eingezeichnet: SL 7 neben dem SL 6.<\/p>\n<p>Gegen 16 Uhr h\u00f6rte ich auf und gab die Keycard retour, solang die Kasse noch offen ist und checkte dank EU-Internet nochmals das Wetter. In den n\u00e4chsten Tagen wird kein sonderlich sonniges Wetter f\u00fcr Rum\u00e4nien gemeldet, aber ab Freitag soll es in Sloweinen sonnig werden. Also entschied ich mich, morgen nach SLO zu fahren und auf&#8217;s Skifahren morgen in RO zu verzichten, nachdem es ja doch ca. 10-12h Fahrt werden. Zudem entschied ich, nicht \u00fcber Ungarn zu fahren, sondern via Serbien und Kroatien. \u00dcbernachtet wird in Timosoara, egtl. ein Hotel mit guter Bewertung auf Booking, aber wiedereinmal, naja.. starker Schimmelgeruch vom Bad aus, nur 1 Kleiderb\u00fcgel (und keine Haken), Sauberkeit auch nicht so gro\u00df wie auf Booking bewertet (Spinnennetze im Bad); WLAN war auch zu vergessen (kaum Empfang im Zimmer) &#8230;<\/p>\n<p>(Fortsetzung folgt.)<\/p>\n","protected":false},"excerpt":{"rendered":"<p>Balkan-T\u00fcrkei-Kaukasus, Tag 19: Mi, 9.1.2019 &#8211; Straja (Rum\u00e4nien) (km 12.346, Diff. 439 km)<\/p>\n<p>Fr\u00fchst\u00fcck gab&#8217;s leider erst ab 8 Uhr und ich hatte ja noch 3 Stunden Fahrzeit ins Skigebiet, aber ich wollte eh nicht fr\u00fcher aufstehen. Und das Buffet war klein im Vergleich, also etwas schneller fertig.<\/p>\n<p>Skifahren in Rum\u00e4nien ist schon immer auch <a href=\"http:\/\/blog.inmontanis.info\/?p=5462\">[&#8230;]<\/a><\/p>\n","protected":false},"author":1,"featured_media":0,"comment_status":"closed","ping_status":"closed","sticky":false,"template":"","format":"standard","meta":{"footnotes":""},"categories":[173,59,76,27,602],"tags":[49,38,91,47],"class_list":["post-5462","post","type-post","status-publish","format-standard","hentry","category-2019-01-balkan-turkei-kaukasus","category-nostalgie","category-romania","category-skifahren-winterskiing-winter","category-straja","tag-4sb","tag-dsb","tag-graffer","tag-sl","odd"],"_links":{"self":[{"href":"http:\/\/blog.inmontanis.info\/index.php?rest_route=\/wp\/v2\/posts\/5462","targetHints":{"allow":["GET"]}}],"collection":[{"href":"http:\/\/blog.inmontanis.info\/index.php?rest_route=\/wp\/v2\/posts"}],"about":[{"href":"http:\/\/blog.inmontanis.info\/index.php?rest_route=\/wp\/v2\/types\/post"}],"author":[{"embeddable":true,"href":"http:\/\/blog.inmontanis.info\/index.php?rest_route=\/wp\/v2\/users\/1"}],"replies":[{"embeddable":true,"href":"http:\/\/blog.inmontanis.info\/index.php?rest_route=%2Fwp%2Fv2%2Fcomments&post=5462"}],"version-history":[{"count":2,"href":"http:\/\/blog.inmontanis.info\/index.php?rest_route=\/wp\/v2\/posts\/5462\/revisions"}],"predecessor-version":[{"id":5464,"href":"http:\/\/blog.inmontanis.info\/index.php?rest_route=\/wp\/v2\/posts\/5462\/revisions\/5464"}],"wp:attachment":[{"href":"http:\/\/blog.inmontanis.info\/index.php?rest_route=%2Fwp%2Fv2%2Fmedia&parent=5462"}],"wp:term":[{"taxonomy":"category","embeddable":true,"href":"http:\/\/blog.inmontanis.info\/index.php?rest_route=%2Fwp%2Fv2%2Fcategories&post=5462"},{"taxonomy":"post_tag","embeddable":true,"href":"http:\/\/blog.inmontanis.info\/index.php?rest_route=%2Fwp%2Fv2%2Ftags&post=5462"}],"curies":[{"name":"wp","href":"https:\/\/api.w.org\/{rel}","templated":true}]}}