{"id":5458,"date":"2019-01-08T22:54:02","date_gmt":"2019-01-08T21:54:02","guid":{"rendered":"http:\/\/blog.inmontanis.info\/?p=5458"},"modified":"2023-07-31T18:42:45","modified_gmt":"2023-07-31T16:42:45","slug":"%cf%83%ce%ad%ce%bb%ce%b9-seli-griechenland-8-1-2019","status":"publish","type":"post","link":"http:\/\/blog.inmontanis.info\/?p=5458","title":{"rendered":"\u03a3\u03ad\u03bb\u03b9 (Seli, Griechenland), 8.1.2019"},"content":{"rendered":"<p><strong>Balkan-T\u00fcrkei-Kaukasus, Tag 18: Di, 8.1.2019 &#8211; \u03a3\u03ad\u03bb\u03b9 (Seli, Griechenland)<\/strong> (km 11.907, Diff. 942 km)<\/p>\n<p>-11\u00b0 erwarten mich am Morgen, und zwar nicht irgendwo in den Bergen, sondern unten am Meer. Sogar Schnee lag hier. Heutiges Skigebietsziel war Seli, ein Skigebiet, das ich schon lange mal anfahren wollte und zeitlich heute erreichbar war. Etwas vor 10:30 Uhr kam ich an und es waren frostige -16\u00b0 am Parkplatz. Temperaturen, die man beim Skifahren in Griechenland weder erwartet, noch m\u00f6chte. Ich kaufte mir die Tageskarte um 10,- \u20ac, leider war der obere linke SL nicht in Betrieb (so wie es auf der griechischen Snowreport-Site gehei\u00dfen hat), so dass insg. 2 SL fehlten. Zudem lag wenig Schnee, es war steinig, windverblasen und nichts frisch pr\u00e4pariert. Abgesehen vom Pano also leider nicht sonderlich toll heute gewesen. <\/p>\n<p>(Fotos anklicken zum Vergr\u00f6\u00dfern)<\/p>\n<p><a href='http:\/\/extra.inmontanis.info\/d\/51235-3\/ge_route5.jpg'><img src=http:\/\/extra.inmontanis.info\/d\/51234-4\/ge_route5.jpg \/><\/a><br \/>\n^ V: Seli<br \/>\nDunkelblau zwischen den beiden Kringel: Strecke 8.1.2019<\/p>\n<p><a href='http:\/\/extra.inmontanis.info\/d\/52165-2\/DSC09955.jpg'><img src=http:\/\/extra.inmontanis.info\/d\/52164-3\/DSC09955.jpg \/><\/a><br \/>\n^ Morgendlicher Blick aus dem Hotelzimmer zum Meer<\/p>\n<p><a href='http:\/\/extra.inmontanis.info\/d\/52169-2\/DSC09974.jpg'><img src=http:\/\/extra.inmontanis.info\/d\/52168-3\/DSC09974.jpg \/><\/a><br \/>\n^ Sonnenaufgang \u00fcber dem Meer mit Schnee, Seitenblick auf der Autobahn bei -11\u00b0<\/p>\n<p><a href='http:\/\/extra.inmontanis.info\/d\/51207-3\/DSC09991.jpg'><img src=http:\/\/extra.inmontanis.info\/d\/51206-4\/DSC09991.jpg \/><\/a><br \/>\n^ Sonnenaufgang \u00fcber dem Meer mit Schnee, Seitenblick auf der Autobahn bei -11\u00b0<\/p>\n<p><a href='http:\/\/ski.inmontanis.info\/d\/256067-2\/DSC00006.jpg'><img src=http:\/\/ski.inmontanis.info\/d\/256065-3\/DSC00006.jpg \/><\/a><br \/>\n^ Zufahrt zum Skigebiet Seli<\/p>\n<p><a href='http:\/\/ski.inmontanis.info\/d\/256071-2\/DSC00013.jpg'><img src=http:\/\/ski.inmontanis.info\/d\/256070-3\/DSC00013.jpg \/><\/a><br \/>\n^ Auffahrt ins Skigebiet Seli<\/p>\n<p><a href='http:\/\/ski.inmontanis.info\/d\/256075-2\/DSC00018.jpg'><img src=http:\/\/ski.inmontanis.info\/d\/256074-3\/DSC00018.jpg \/><\/a><br \/>\n^ Die unteren Lifte (DSB, Doppel-SL)<\/p>\n<p><a href='http:\/\/ski.inmontanis.info\/d\/256079-2\/DSC00021.jpg'><img src=http:\/\/ski.inmontanis.info\/d\/256078-3\/DSC00021.jpg \/><\/a><br \/>\n^ Pistenplan. Vom Parkplatz aus muss man ein St\u00fcck zu den Talstationen der DSB\/SL raufgehen, dazwischen ist dann die Kasse.<\/p>\n<p><a href='http:\/\/ski.inmontanis.info\/d\/256083-2\/DSC00022.jpg'><img src=http:\/\/ski.inmontanis.info\/d\/256082-3\/DSC00022.jpg \/><\/a><br \/>\n^ DSB und unterer Doppel-SL<\/p>\n<p><a href='http:\/\/ski.inmontanis.info\/d\/256087-2\/DSC00024.jpg'><img src=http:\/\/ski.inmontanis.info\/d\/256086-3\/DSC00024.jpg \/><\/a><br \/>\n^ Die 3 Abfahrten links der DSB, frisch pr\u00e4pariert war heute im ganzen Skigebiet nichts, somit etwas anstrengend zu fahren gewesen.<\/p>\n<p><a href='http:\/\/ski.inmontanis.info\/d\/256091-2\/DSC00025.jpg'><img src=http:\/\/ski.inmontanis.info\/d\/256090-3\/DSC00025.jpg \/><\/a><br \/>\n^ DSB und Talblick<\/p>\n<p><a href='http:\/\/ski.inmontanis.info\/d\/256095-2\/DSC00029.jpg'><img src=http:\/\/ski.inmontanis.info\/d\/256094-3\/DSC00029.jpg \/><\/a><br \/>\n^ DSB und unterer Doppel-SL<\/p>\n<p><a href='http:\/\/ski.inmontanis.info\/d\/256099-2\/DSC00030.jpg'><img src=http:\/\/ski.inmontanis.info\/d\/256098-3\/DSC00030.jpg \/><\/a><br \/>\n^ DSB und Talpano<\/p>\n<p><a href='http:\/\/ski.inmontanis.info\/d\/256103-2\/DSC00034.jpg'><img src=http:\/\/ski.inmontanis.info\/d\/256102-3\/DSC00034.jpg \/><\/a><br \/>\n^ Die mittlere der linken DSB-Abfahrten (Nr. 3)<\/p>\n<p><a href='http:\/\/ski.inmontanis.info\/d\/256107-2\/DSC00036.jpg'><img src=http:\/\/ski.inmontanis.info\/d\/256106-3\/DSC00036.jpg \/><\/a><br \/>\n^ Unterer Doppel-SL<\/p>\n<p><a href='http:\/\/ski.inmontanis.info\/d\/256111-2\/DSC00038.jpg'><img src=http:\/\/ski.inmontanis.info\/d\/256110-3\/DSC00038.jpg \/><\/a><br \/>\n^ Die doppelseitige Bergstation der Tal-Berg-Tal-DSB. Der SL hinten war leider nicht in Betrieb<\/p>\n<p><a href='http:\/\/ski.inmontanis.info\/d\/256115-2\/DSC00040.jpg'><img src=http:\/\/ski.inmontanis.info\/d\/256114-3\/DSC00040.jpg \/><\/a><br \/>\n^ Der hintere Teil der DSB dient als R\u00fcckbringer aus der oberen Sch\u00fcssel. Leider war nur der SL rechts in Betrieb, der linke heute nicht.<\/p>\n<p><a href='http:\/\/ski.inmontanis.info\/d\/256119-2\/DSC00042.jpg'><img src=http:\/\/ski.inmontanis.info\/d\/256118-3\/DSC00042.jpg \/><\/a><br \/>\n^ Oberer Doppel-SL und r\u00fcckseitige DSB<\/p>\n<p><a href='http:\/\/ski.inmontanis.info\/d\/256123-2\/DSC00043.jpg'><img src=http:\/\/ski.inmontanis.info\/d\/256122-3\/DSC00043.jpg \/><\/a><br \/>\n^ Oberer Sch\u00fcssel-Teil des Skigebiets. An sich ganz nett, wenn die beiden SL rechts im Bild gegangen w\u00e4ren. Und: Bissl wenig Schnee, man musste auf die Steine aufpassen.<\/p>\n<p><a href='http:\/\/ski.inmontanis.info\/d\/256127-2\/DSC00044.jpg'><img src=http:\/\/ski.inmontanis.info\/d\/256126-3\/DSC00044.jpg \/><\/a><br \/>\n^ Die beiden SL blieben heute geschlossen<\/p>\n<p><a href='http:\/\/ski.inmontanis.info\/d\/256131-2\/DSC00046.jpg'><img src=http:\/\/ski.inmontanis.info\/d\/256130-3\/DSC00046.jpg \/><\/a><br \/>\n^ Seitenpano<\/p>\n<p><a href='http:\/\/ski.inmontanis.info\/d\/256135-2\/DSC00050.jpg'><img src=http:\/\/ski.inmontanis.info\/d\/256134-3\/DSC00050.jpg \/><\/a><br \/>\n^ R\u00fcckseitenpano<\/p>\n<p><a href='http:\/\/ski.inmontanis.info\/d\/256139-2\/DSC03696.jpg'><img src=http:\/\/ski.inmontanis.info\/d\/256138-3\/DSC03696.jpg \/><\/a><br \/>\n^ IR-Pano<\/p>\n<p><a href='http:\/\/ski.inmontanis.info\/d\/256143-2\/DSC03698.jpg'><img src=http:\/\/ski.inmontanis.info\/d\/256142-3\/DSC03698.jpg \/><\/a><br \/>\n^ IR-R\u00fcckseitenpano<\/p>\n<p><a href='http:\/\/ski.inmontanis.info\/d\/256147-2\/DSC03700.jpg'><img src=http:\/\/ski.inmontanis.info\/d\/256146-3\/DSC03700.jpg \/><\/a><br \/>\n^ IR-Pano<\/p>\n<p><a href='http:\/\/ski.inmontanis.info\/d\/256151-2\/DSC03706.jpg'><img src=http:\/\/ski.inmontanis.info\/d\/256150-3\/DSC03706.jpg \/><\/a><br \/>\n^ Mit der IR-Cam konnte man das Meer sehen<\/p>\n<p><a href='http:\/\/ski.inmontanis.info\/d\/256155-2\/DSC03711.jpg'><img src=http:\/\/ski.inmontanis.info\/d\/256154-3\/DSC03711.jpg \/><\/a><br \/>\n^ IR-Pano \u00fcber die Ebene<\/p>\n<p><a href='http:\/\/ski.inmontanis.info\/d\/256159-2\/DSC00051.jpg'><img src=http:\/\/ski.inmontanis.info\/d\/256158-3\/DSC00051.jpg \/><\/a><br \/>\n^ Offpiste am oberen SL, hielt sich aber in Grenzen, da wenig Schnee, tw. windgepresst, ..<\/p>\n<p><a href='http:\/\/ski.inmontanis.info\/d\/256163-2\/DSC00054.jpg'><img src=http:\/\/ski.inmontanis.info\/d\/256162-3\/DSC00054.jpg \/><\/a><br \/>\n^ Die beiden heute geschlossenen SL<\/p>\n<p><a href='http:\/\/ski.inmontanis.info\/d\/256167-2\/DSC00060.jpg'><img src=http:\/\/ski.inmontanis.info\/d\/256166-3\/DSC00060.jpg \/><\/a><br \/>\n^ Rechts des unteren Doppel-SL (Abfahrt 4)<\/p>\n<p><a href='http:\/\/ski.inmontanis.info\/d\/256171-2\/DSC00061.jpg'><img src=http:\/\/ski.inmontanis.info\/d\/256170-3\/DSC00061.jpg \/><\/a><br \/>\n^ Rechts des unteren Doppel-SL (Abfahrt 4)<\/p>\n<p><a href='http:\/\/ski.inmontanis.info\/d\/256175-2\/DSC00063.jpg'><img src=http:\/\/ski.inmontanis.info\/d\/256174-3\/DSC00063.jpg \/><\/a><br \/>\n^ Die ganz linke Abfahrt (Nr.1) fuhr ich dann 2x<\/p>\n<p><a href='http:\/\/ski.inmontanis.info\/d\/256179-2\/ge20190108a.jpg'><img src=http:\/\/ski.inmontanis.info\/d\/256178-3\/ge20190108a.jpg \/><\/a><br \/>\n^ GPS-Track 8.1.2019<\/p>\n<p>Fazit: Kein Skigebiet, f\u00fcr das man extra nach Griechenland m\u00fcsste. Da gibt&#8217;s besseres im Land.<\/p>\n<p>Gegen 14 Uhr h\u00f6rte ich auf und checkte die Wettervorhersagen. Diese  blieben leider schlecht f\u00fcr Griechenland und Mazedonieren f\u00fcr die n\u00e4chsten 2 Tage, also gleich Hotel in Rum\u00e4nien gebucht, wo ich um Mitternacht in Drobeta-Turnu Severin ankam. Die 3 Grenz\u00fcberg\u00e4nge GR-MK-SRB-RO gingen alle fix. <\/p>\n<p>Auf der Hin- und Abfahrt ins Skigebiet hielt ich an der einzigen Tankstelle\/Rastst\u00e4tte an einer griechischen Autobahn, die ich auf dem Weg hatte. Auf den ca. 350km von der t\u00fcrkisch-griechischen Grenze bis Thessaloniki war keine einzige (man muss zum Tanken also immer von der Autobahn runter in den n\u00e4chsten Ort fahren), auf den 50km weiter nach Kato Vermio dann diese eine. Parkpl\u00e4tze mit WCs gibt&#8217;s dagegen meist in der N\u00e4he der Maustellen. Jedenfalls, bei der Abreise war mein Schloss am Skitr\u00e4ger endlich wieder aufgetaut, so dass ich Ski- und Dachtr\u00e4ger nun abbauen und wieder einladen konnte. Es f\u00e4hrt sich ohne Tr\u00e4ger am Dach ruhiger, man braucht 1l weniger Sprit und das Auto reagiert wieder z\u00fcgiger beim Druck auf&#8217;s Gaspedal.<\/p>\n<p>Bei den Mautstellen in Mazedonien musste ich leider erfahren, dass einige meiner aufgehobenen Geldscheine nicht mehr g\u00fcltig waren, das war nicht viel in Euro umgerechnet, aber nachdem mir das jetzt nach Schweden nun hier so schnell hintereeinander passiert ist, hab ich mir vorgenommen, in Zukunft wieder mehr zu schauen, das Geld im Ausland auszugeben anstatt f\u00fcr die n\u00e4chste Reise mitzunehmen ..<\/p>\n<p><a href='http:\/\/extra.inmontanis.info\/d\/52173-2\/DSC00067.jpg'><img src=http:\/\/extra.inmontanis.info\/d\/52172-3\/DSC00067.jpg \/><\/a><br \/>\n^ A1 in Mazedonien<\/p>\n<p><a href='http:\/\/extra.inmontanis.info\/d\/52177-2\/DSC00073.jpg'><img src=http:\/\/extra.inmontanis.info\/d\/52176-3\/DSC00073.jpg \/><\/a><br \/>\n^ A1 in Mazedonien<\/p>\n<p><a href='http:\/\/extra.inmontanis.info\/d\/52181-2\/DSC00078.jpg'><img src=http:\/\/extra.inmontanis.info\/d\/52180-3\/DSC00078.jpg \/><\/a><br \/>\n^ A1 in Mazedonien<\/p>\n<p><a href='http:\/\/extra.inmontanis.info\/d\/52185-2\/DSC00080.jpg'><img src=http:\/\/extra.inmontanis.info\/d\/52184-3\/DSC00080.jpg \/><\/a><br \/>\n^ A1 in Mazedonien<\/p>\n<p>In Serbien hielt ich in einem Ort an einem Imbiss und kaufte mir einen serbischen Hamburger, ganz gut gewesen ..<\/p>\n<p><a href='http:\/\/extra.inmontanis.info\/d\/52189-2\/IMG_5170.jpg'><img src=http:\/\/extra.inmontanis.info\/d\/52188-3\/IMG_5170.jpg \/><\/a><br \/>\n^ Pleskavica (Hamburger) in Serbien<\/p>\n<p><a href='http:\/\/extra.inmontanis.info\/d\/52193-2\/DSC00083.jpg'><img src=http:\/\/extra.inmontanis.info\/d\/52192-3\/DSC00083.jpg \/><\/a><br \/>\n^ Sch\u00f6nes Hotelzimmer..<\/p>\n<p><a href='http:\/\/extra.inmontanis.info\/d\/52197-2\/DSC00084.jpg'><img src=http:\/\/extra.inmontanis.info\/d\/52196-3\/DSC00084.jpg \/><\/a><br \/>\n^ .. bis auf den dunklen Gang ins Badezimmer und die dortige kleine Dusche mit Vorhang.<\/p>\n<p>Heutiger, kurzer und weniger interessanter Dashcam-Zusammenschnitt:<br \/>\n<object style=\"height: 500px; width: 900px\"><param name=\"movie\" value=\"http:\/\/www.youtube.com\/v\/AxwA9ueAvKk\"><\/param><param name=\"wmode\" value=\"transparent\"><\/param><embed src=\"http:\/\/www.youtube.com\/v\/AxwA9ueAvKk\" type=\"application\/x-shockwave-flash\" wmode=\"transparent\"  width=\"900\" height=\"480\"><\/embed><\/object><\/p>\n<p>(Fortsetzung folgt.)<\/p>\n","protected":false},"excerpt":{"rendered":"<p>Balkan-T\u00fcrkei-Kaukasus, Tag 18: Di, 8.1.2019 &#8211; \u03a3\u03ad\u03bb\u03b9 (Seli, Griechenland) (km 11.907, Diff. 942 km)<\/p>\n<p>-11\u00b0 erwarten mich am Morgen, und zwar nicht irgendwo in den Bergen, sondern unten am Meer. Sogar Schnee lag hier. Heutiges Skigebietsziel war Seli, ein Skigebiet, das ich schon lange mal anfahren wollte und zeitlich heute erreichbar war. Etwas vor 10:30 <a href=\"http:\/\/blog.inmontanis.info\/?p=5458\">[&#8230;]<\/a><\/p>\n","protected":false},"author":1,"featured_media":0,"comment_status":"closed","ping_status":"closed","sticky":false,"template":"","format":"standard","meta":{"footnotes":""},"categories":[173,74,120,348,27],"tags":[38,90,37,47],"class_list":["post-5458","post","type-post","status-publish","format-standard","hentry","category-2019-01-balkan-turkei-kaukasus","category-greece","category-mazedonien","category-seli","category-skifahren-winterskiing-winter","tag-dsb","tag-infrarot","tag-meer","tag-sl","odd"],"_links":{"self":[{"href":"http:\/\/blog.inmontanis.info\/index.php?rest_route=\/wp\/v2\/posts\/5458","targetHints":{"allow":["GET"]}}],"collection":[{"href":"http:\/\/blog.inmontanis.info\/index.php?rest_route=\/wp\/v2\/posts"}],"about":[{"href":"http:\/\/blog.inmontanis.info\/index.php?rest_route=\/wp\/v2\/types\/post"}],"author":[{"embeddable":true,"href":"http:\/\/blog.inmontanis.info\/index.php?rest_route=\/wp\/v2\/users\/1"}],"replies":[{"embeddable":true,"href":"http:\/\/blog.inmontanis.info\/index.php?rest_route=%2Fwp%2Fv2%2Fcomments&post=5458"}],"version-history":[{"count":4,"href":"http:\/\/blog.inmontanis.info\/index.php?rest_route=\/wp\/v2\/posts\/5458\/revisions"}],"predecessor-version":[{"id":8953,"href":"http:\/\/blog.inmontanis.info\/index.php?rest_route=\/wp\/v2\/posts\/5458\/revisions\/8953"}],"wp:attachment":[{"href":"http:\/\/blog.inmontanis.info\/index.php?rest_route=%2Fwp%2Fv2%2Fmedia&parent=5458"}],"wp:term":[{"taxonomy":"category","embeddable":true,"href":"http:\/\/blog.inmontanis.info\/index.php?rest_route=%2Fwp%2Fv2%2Fcategories&post=5458"},{"taxonomy":"post_tag","embeddable":true,"href":"http:\/\/blog.inmontanis.info\/index.php?rest_route=%2Fwp%2Fv2%2Ftags&post=5458"}],"curies":[{"name":"wp","href":"https:\/\/api.w.org\/{rel}","templated":true}]}}