{"id":5451,"date":"2019-01-07T21:41:24","date_gmt":"2019-01-07T20:41:24","guid":{"rendered":"http:\/\/blog.inmontanis.info\/?p=5451"},"modified":"2023-08-05T16:24:02","modified_gmt":"2023-08-05T14:24:02","slug":"uludag-7-1-2019","status":"publish","type":"post","link":"http:\/\/blog.inmontanis.info\/?p=5451","title":{"rendered":"Uluda\u011f , 7.1.2019"},"content":{"rendered":"<p><strong>Balkan-T\u00fcrkei-Kaukasus, Tag 17: Mo, 7.1.2019 &#8211; Uluda\u011f (&#8220;Uluda&#8221;)<\/strong> (km 10.965, Diff. 686 km)<\/p>\n<p>Heute ist also Trincerones letzter Skitag auf dieser Reise. In Uludag waren wir ja bereits bei der letzten BTK-Tour, konnten aufgrund Nebels aber nicht alles fahren. Heute war zumindest teilweise etwas besseres Wetter und auch der Schnee war toll pulvrig und nach den verkorksten letzten Tagen war heut endlich mal wieder gutes und vern\u00fcnftiges Skifahren angesagt. Zudem gefiel uns nat\u00fcrlich die Mischung aus alten und neuen Liften. Die Tageskarte kostete 90,- Lira (ca. 15,- \u20ac)<\/p>\n<p>Pistenplan:<br \/>\n<a href='http:\/\/www.uludaginfo.com\/uludag-kayak-merkezi-pist-haritasi\/'>http:\/\/www.uludaginfo.com\/uludag-kayak-merkezi-pist-haritasi\/<\/a><\/p>\n<p>(Fotos anklicken zum Vergr\u00f6\u00dfern)<\/p>\n<p><a href='http:\/\/extra.inmontanis.info\/d\/51235-3\/ge_route5.jpg'><img src=http:\/\/extra.inmontanis.info\/d\/51234-4\/ge_route5.jpg \/><\/a><br \/>\n^ U: Uludag<br \/>\nT\u00fcrkis von U bis zum Schnittpunkt dunkelblau\/magenta: Strecke 7.1.2019<\/p>\n<p><a href='http:\/\/ski.inmontanis.info\/d\/255889-2\/DSC09792.jpg'><img src=http:\/\/ski.inmontanis.info\/d\/255888-3\/DSC09792.jpg \/><\/a><br \/>\n^ Hotelzimmer, winzig<\/p>\n<p><a href='http:\/\/ski.inmontanis.info\/d\/255893-2\/DSC09797.jpg'><img src=http:\/\/ski.inmontanis.info\/d\/255892-3\/DSC09797.jpg \/><\/a><br \/>\n^ Blick aus dem Hotelzimmer auf den Doppel-SL Yazici<\/p>\n<p><a href='http:\/\/ski.inmontanis.info\/d\/255897-2\/DSC09798.jpg'><img src=http:\/\/ski.inmontanis.info\/d\/255896-3\/DSC09798.jpg \/><\/a><br \/>\n^ vlnr: SL Alkoclar, DSB Karkay, DSB Fatin Tepe, 4SB Cennetkaya<\/p>\n<p><a href='http:\/\/ski.inmontanis.info\/d\/255901-2\/DSC09801.jpg'><img src=http:\/\/ski.inmontanis.info\/d\/255900-3\/DSC09801.jpg \/><\/a><br \/>\n^ Skipass und wie das letzte Mal ein Lanyard dazu<\/p>\n<p><a href='http:\/\/ski.inmontanis.info\/d\/255905-2\/DSC09802.jpg'><img src=http:\/\/ski.inmontanis.info\/d\/255904-3\/DSC09802.jpg \/><\/a><br \/>\n^ DSB Fatin Tepe und unser heutiges Hotel; dahinter die Doppel-SL Yazici und Beceren<\/p>\n<p><a href='http:\/\/ski.inmontanis.info\/d\/255909-2\/DSC09808.jpg'><img src=http:\/\/ski.inmontanis.info\/d\/255908-3\/DSC09808.jpg \/><\/a><br \/>\n^ DSB Fatin Tepe<\/p>\n<p><a href='http:\/\/ski.inmontanis.info\/d\/255913-2\/DSC09810.jpg'><img src=http:\/\/ski.inmontanis.info\/d\/255912-3\/DSC09810.jpg \/><\/a><br \/>\n^ SL Alkoclar und SL Belv\u00fc (think french!)<\/p>\n<p><a href='http:\/\/ski.inmontanis.info\/d\/255917-2\/DSC09812.jpg'><img src=http:\/\/ski.inmontanis.info\/d\/255916-3\/DSC09812.jpg \/><\/a><br \/>\n^ SL Belv\u00fc und SL Italyan<\/p>\n<p><a href='http:\/\/ski.inmontanis.info\/d\/255921-2\/DSC09814.jpg'><img src=http:\/\/ski.inmontanis.info\/d\/255920-3\/DSC09814.jpg \/><\/a><br \/>\n^ Bubble-4KSBs Kusaklikaya und Tutyeli<\/p>\n<p><a href='http:\/\/ski.inmontanis.info\/d\/255925-2\/DSC09823.jpg'><img src=http:\/\/ski.inmontanis.info\/d\/255924-3\/DSC09823.jpg \/><\/a><br \/>\n^ .. daneben DSB Beden Terpiyesi und 4KSB Maden<\/p>\n<p><a href='http:\/\/ski.inmontanis.info\/d\/255929-2\/DSC09824.jpg'><img src=http:\/\/ski.inmontanis.info\/d\/255928-3\/DSC09824.jpg \/><\/a><br \/>\n^ DSB Beden Terpiyesi mit Seilentgleisung<\/p>\n<p><a href='http:\/\/ski.inmontanis.info\/d\/255933-2\/DSC09826.jpg'><img src=http:\/\/ski.inmontanis.info\/d\/255932-3\/DSC09826.jpg \/><\/a><br \/>\n^ Offpiste, netter Schnee<\/p>\n<p><a href='http:\/\/ski.inmontanis.info\/d\/255937-2\/DSC09828.jpg'><img src=http:\/\/ski.inmontanis.info\/d\/255936-3\/DSC09828.jpg \/><\/a><br \/>\n^ DSB Beden Terpiyesi<\/p>\n<p><a href='http:\/\/ski.inmontanis.info\/d\/255941-2\/DSC09830.jpg'><img src=http:\/\/ski.inmontanis.info\/d\/255940-3\/DSC09830.jpg \/><\/a><br \/>\n^ DSB Beden Terpiyesi<\/p>\n<p><a href='http:\/\/ski.inmontanis.info\/d\/255945-2\/DSC09831.jpg'><img src=http:\/\/ski.inmontanis.info\/d\/255944-3\/DSC09831.jpg \/><\/a><br \/>\n^ 4KSB Maden<\/p>\n<p><a href='http:\/\/ski.inmontanis.info\/d\/255949-2\/DSC09836.jpg'><img src=http:\/\/ski.inmontanis.info\/d\/255948-3\/DSC09836.jpg \/><\/a><br \/>\n^ 4KSB Maden<\/p>\n<p><a href='http:\/\/ski.inmontanis.info\/d\/255953-2\/DSC09837.jpg'><img src=http:\/\/ski.inmontanis.info\/d\/255952-3\/DSC09837.jpg \/><\/a><br \/>\n^ Abfahrt 4KSB Maden und evtl. ein alter Lift (evtl. vom ehemaligen Bergwerk oder was das war auf der R\u00fcckseite der 4KSB, auf \u00e4lteren Google-Earth-Bildern sichtbar)<\/p>\n<p><a href='http:\/\/ski.inmontanis.info\/d\/255957-2\/DSC09839.jpg'><img src=http:\/\/ski.inmontanis.info\/d\/255956-3\/DSC09839.jpg \/><\/a><br \/>\n^ 4KSB Maden, leider bitterkalt heute hier<\/p>\n<p><a href='http:\/\/ski.inmontanis.info\/d\/255961-2\/DSC09840.jpg'><img src=http:\/\/ski.inmontanis.info\/d\/255960-3\/DSC09840.jpg \/><\/a><br \/>\n^ Abfahrt 4KSB Maden, sch\u00f6n pr\u00e4pariert, aber ..<\/p>\n<p><a href='http:\/\/ski.inmontanis.info\/d\/255965-2\/DSC09841.jpg'><img src=http:\/\/ski.inmontanis.info\/d\/255964-3\/DSC09841.jpg \/><\/a><br \/>\n^ .. der Pulverschnee neben der Piste ist noch sch\u00f6ner ;-)<\/p>\n<p><a href='http:\/\/ski.inmontanis.info\/d\/255969-2\/DSC09843.jpg'><img src=http:\/\/ski.inmontanis.info\/d\/255968-3\/DSC09843.jpg \/><\/a><br \/>\n^ SL Kirkg\u00f6zler, dahinter SL Monte Baia<\/p>\n<p><a href='http:\/\/ski.inmontanis.info\/d\/255973-2\/DSC09844.jpg'><img src=http:\/\/ski.inmontanis.info\/d\/255972-3\/DSC09844.jpg \/><\/a><br \/>\n^ DSB Beden Terpiyesi<\/p>\n<p><a href='http:\/\/ski.inmontanis.info\/d\/255977-2\/DSC09845.jpg'><img src=http:\/\/ski.inmontanis.info\/d\/255976-3\/DSC09845.jpg \/><\/a><br \/>\n^ SL Kirkg\u00f6zler und 4KSB Maden<\/p>\n<p><a href='http:\/\/ski.inmontanis.info\/d\/255981-2\/DSC09849.jpg'><img src=http:\/\/ski.inmontanis.info\/d\/255980-3\/DSC09849.jpg \/><\/a><br \/>\n^ SL Mandra; links im Schatten die beiden Bubble-4KSB, rechts der St\u00fctze auf der Gegenseite SL Italyan<\/p>\n<p><a href='http:\/\/ski.inmontanis.info\/d\/255985-2\/DSC09851.jpg'><img src=http:\/\/ski.inmontanis.info\/d\/255984-3\/DSC09851.jpg \/><\/a><br \/>\n^ SL Mandra; links SL Italyan und dazwischen die GUB Gondola<\/p>\n<p><a href='http:\/\/ski.inmontanis.info\/d\/255989-2\/DSC09854.jpg'><img src=http:\/\/ski.inmontanis.info\/d\/255988-3\/DSC09854.jpg \/><\/a><br \/>\n^ Bubble-4KSBs Kusaklikaya und Tutyeli<\/p>\n<p><a href='http:\/\/ski.inmontanis.info\/d\/255993-2\/DSC09856.jpg'><img src=http:\/\/ski.inmontanis.info\/d\/255992-3\/DSC09856.jpg \/><\/a><br \/>\n^ 4KSB Kusaklikaya<\/p>\n<p><a href='http:\/\/ski.inmontanis.info\/d\/255997-2\/DSC09858.jpg'><img src=http:\/\/ski.inmontanis.info\/d\/255996-3\/DSC09858.jpg \/><\/a><br \/>\n^ 4KSB Kusaklikaya<\/p>\n<p><a href='http:\/\/ski.inmontanis.info\/d\/256001-2\/DSC09861.jpg'><img src=http:\/\/ski.inmontanis.info\/d\/256000-3\/DSC09861.jpg \/><\/a><br \/>\n^ Nette H\u00e4nge auch an der 4KSB Tutyeli<\/p>\n<p><a href='http:\/\/ski.inmontanis.info\/d\/256005-2\/DSC09862.jpg'><img src=http:\/\/ski.inmontanis.info\/d\/256004-3\/DSC09862.jpg \/><\/a><br \/>\n^ SL Italyan<\/p>\n<p><a href='http:\/\/ski.inmontanis.info\/d\/256009-2\/DSC09865.jpg'><img src=http:\/\/ski.inmontanis.info\/d\/256008-3\/DSC09865.jpg \/><\/a><br \/>\n^ SL Belv\u00fc<\/p>\n<p><a href='http:\/\/ski.inmontanis.info\/d\/256013-2\/DSC09869.jpg'><img src=http:\/\/ski.inmontanis.info\/d\/256012-3\/DSC09869.jpg \/><\/a><br \/>\n^ Geschlossener SL Cennetkaya links vom SL Italyan<\/p>\n<p><a href='http:\/\/ski.inmontanis.info\/d\/256017-2\/DSC09870.jpg'><img src=http:\/\/ski.inmontanis.info\/d\/256016-3\/DSC09870.jpg \/><\/a><br \/>\n^ Offpiste<\/p>\n<p><a href='http:\/\/ski.inmontanis.info\/d\/256021-2\/DSC09871.jpg'><img src=http:\/\/ski.inmontanis.info\/d\/256020-3\/DSC09871.jpg \/><\/a><br \/>\n^ SL Alkoclar, der war letztes Mal noch komplett in Blau, nun komplett in Gelb<\/p>\n<p>M\u00e4rz 2015:<br \/>\n<a href='http:\/\/ski.inmontanis.info\/d\/194556-3\/DSC02670.jpg'><img src=http:\/\/ski.inmontanis.info\/d\/194555-4\/DSC02670.jpg \/><\/a><br \/>\n^ SL Alkoclar mit blauen St\u00fctzen<\/p>\n<p><a href='http:\/\/ski.inmontanis.info\/d\/256025-2\/DSC09872.jpg'><img src=http:\/\/ski.inmontanis.info\/d\/256024-3\/DSC09872.jpg \/><\/a><br \/>\n^ SL Alkoclar<\/p>\n<p><a href='http:\/\/ski.inmontanis.info\/d\/256029-2\/DSC09874.jpg'><img src=http:\/\/ski.inmontanis.info\/d\/256028-3\/DSC09874.jpg \/><\/a><br \/>\n^ DSB Karkay, DSB Fatin Tepe, 4SB Cennetkaya und Blick r\u00fcber zum rechten Skih\u00fcgel namens Belv\u00fc Tepe<\/p>\n<p><a href='http:\/\/ski.inmontanis.info\/d\/256033-2\/DSC09877.jpg'><img src=http:\/\/ski.inmontanis.info\/d\/256032-3\/DSC09877.jpg \/><\/a><br \/>\n^ Gegenpano, dr\u00fcben die SL Belv\u00fc + Alkoclar, DSB Karkay + Fatin Tepe, 4SB Cennetkaya und  dann die Doppel-SL Yazici, Doppel-SL Beceren und DSB Kervansaray und wir sitzen in der DSB Fahri (puh)<\/p>\n<p><a href='http:\/\/ski.inmontanis.info\/d\/256037-2\/DSC09879.jpg'><img src=http:\/\/ski.inmontanis.info\/d\/256036-3\/DSC09879.jpg \/><\/a><br \/>\n^ DSB Fahri<\/p>\n<p><a href='http:\/\/ski.inmontanis.info\/d\/256041-2\/DSC09882.jpg'><img src=http:\/\/ski.inmontanis.info\/d\/256040-3\/DSC09882.jpg \/><\/a><br \/>\n^ DSB Fahri, wie alle DSBs hier und fast \u00fcberall in der T\u00fcrkei hundslahm (1,5 m\/s oder so)<\/p>\n<p><a href='http:\/\/ski.inmontanis.info\/d\/256045-2\/DSC09886.jpg'><img src=http:\/\/ski.inmontanis.info\/d\/256044-3\/DSC09886.jpg \/><\/a><br \/>\n^ DSB Fahri mit Zwischenausstieg<\/p>\n<p><a href='http:\/\/ski.inmontanis.info\/d\/256049-2\/DSC09888.jpg'><img src=http:\/\/ski.inmontanis.info\/d\/256048-3\/DSC09888.jpg \/><\/a><br \/>\n^ Belv\u00fc Tepe mit DSB Kervansaray, DSB Fahri und DSB TSK (rechts)<\/p>\n<p><a href='http:\/\/ski.inmontanis.info\/d\/256053-2\/DSC09890.jpg'><img src=http:\/\/ski.inmontanis.info\/d\/256052-3\/DSC09890.jpg \/><\/a><br \/>\n^ Im Doppel-SL Beceren<\/p>\n<p><a href='http:\/\/ski.inmontanis.info\/d\/256057-2\/DSC09893.jpg'><img src=http:\/\/ski.inmontanis.info\/d\/256056-3\/DSC09893.jpg \/><\/a><br \/>\n^ Im Doppel-SL Yazici<\/p>\n<p><a href='http:\/\/ski.inmontanis.info\/d\/256061-2\/ge20190107g.jpg'><img src=http:\/\/ski.inmontanis.info\/d\/256060-3\/ge20190107g.jpg \/><\/a><br \/>\n^ GPS-Track 7.1.2019 in Blau und vorheriger Besuch in Gelb. Orange die bisher noch nicht gefahrenen Lifte.<\/p>\n<p>Da das Mittagessen erst ab 13 Uhr war, Trincerone aber um die Zeit aufbrechen wollte, um ja nicht zu sp\u00e4t in Istanbul zu sein (sein Flieger geht eh erst morgen, wollte aber heute Abend noch jemand treffen), konnten wir das Vollpensionsmittagessen leider nicht in Anspruch nehmen. \u00dcber die beiden neuen Br\u00fccken ging es in den europ\u00e4ischen Teil von Istanbul, wo ich Trinc an seinem Hotel ablieferte und selbst weiter anach Griechenland fuhr.<\/p>\n<p><a href='http:\/\/extra.inmontanis.info\/d\/52109-2\/DSC09896.jpg'><img src=http:\/\/extra.inmontanis.info\/d\/52108-3\/DSC09896.jpg \/><\/a><br \/>\n^ Autobahn O5 Bursa-Istanbul<\/p>\n<p><a href='http:\/\/extra.inmontanis.info\/d\/52113-2\/DSC09901.jpg'><img src=http:\/\/extra.inmontanis.info\/d\/52112-3\/DSC09901.jpg \/><\/a><br \/>\n^ Autobahn O5 Bursa-Istanbul<\/p>\n<p><a href='http:\/\/extra.inmontanis.info\/d\/52117-2\/DSC09908.jpg'><img src=http:\/\/extra.inmontanis.info\/d\/52116-3\/DSC09908.jpg \/><\/a><br \/>\n^ Autobahn O5 Bursa-Istanbul, die Br\u00fccke war letztes Mal noch in Bau<\/p>\n<p><a href='http:\/\/extra.inmontanis.info\/d\/52121-2\/DSC09910.jpg'><img src=http:\/\/extra.inmontanis.info\/d\/52120-3\/DSC09910.jpg \/><\/a><br \/>\n^ Autobahn O5 Bursa-Istanbul, Br\u00fccke \u00fcbers Meer<\/p>\n<p><a href='http:\/\/extra.inmontanis.info\/d\/52125-2\/DSC09912.jpg'><img src=http:\/\/extra.inmontanis.info\/d\/52124-3\/DSC09912.jpg \/><\/a><br \/>\n^ Autobahn O5 Bursa-Istanbul, Br\u00fccke \u00fcbers Meer<\/p>\n<p><a href='http:\/\/extra.inmontanis.info\/d\/52129-2\/DSC09918.jpg'><img src=http:\/\/extra.inmontanis.info\/d\/52128-3\/DSC09918.jpg \/><\/a><br \/>\n^ Der neue n\u00f6rdliche Autobahnring O6\/O7 ist noch sehr leer und teurer als die inneren Autobahnen.<\/p>\n<p><a href='http:\/\/extra.inmontanis.info\/d\/52133-2\/DSC09919.jpg'><img src=http:\/\/extra.inmontanis.info\/d\/52132-3\/DSC09919.jpg \/><\/a><br \/>\n^ Der neue n\u00f6rdliche Autobahnring O6\/O7 ist noch sehr leer .. in ein paar Jahren wird vmtl. die Stadt hier raus gewachsen sein..<\/p>\n<p><a href='http:\/\/extra.inmontanis.info\/d\/52137-2\/DSC09924.jpg'><img src=http:\/\/extra.inmontanis.info\/d\/52136-3\/DSC09924.jpg \/><\/a><br \/>\n^ Der neue n\u00f6rdliche Autobahnring O6\/O7 mit der Yavuz Sultan Selim Br\u00fccke<\/p>\n<p><a href='http:\/\/extra.inmontanis.info\/d\/52141-2\/DSC09925.jpg'><img src=http:\/\/extra.inmontanis.info\/d\/52140-3\/DSC09925.jpg \/><\/a><br \/>\n^ Yavuz Sultan Selim Br\u00fccke<\/p>\n<p><a href='http:\/\/extra.inmontanis.info\/d\/52145-2\/DSC09928.jpg'><img src=http:\/\/extra.inmontanis.info\/d\/52144-3\/DSC09928.jpg \/><\/a><br \/>\n^ Yavuz Sultan Selim Br\u00fccke<\/p>\n<p><a href='http:\/\/extra.inmontanis.info\/d\/52149-2\/DSC09931.jpg'><img src=http:\/\/extra.inmontanis.info\/d\/52148-3\/DSC09931.jpg \/><\/a><br \/>\n^ Bis zum neuen Flughafen geht der neue Ring schon (links), aber noch nicht weiter richtung Griechenland\/Bulgarien, daher gehts jetzt wieder senkrecht richtung S\u00fcden zum alten Atat\u00fcrk-Flughafen<\/p>\n<p>Ohne Trinc k\u00f6nnte ich meine Skitr\u00e4ger wieder abbauen und im Auto verstauen, weil das aber alles so dreckig war, hielt ich erst mal an einer SB-Waschbox mit Hochdruckreiniger. \u00c4h ja, sauber hab ich sie damit gespritzt, aber jetzt wo sie so nass sind, mag ich sie auch nicht ins Auto legen. Also erst mal etwas trocken fahren. Leider nicht damit gerechnet, dass es immer k\u00e4lter wurde und als ich die Ski- und Dachtr\u00e4ger runtertun wollte, waren die Schl\u00f6sser alle eingefroren, na ganz toll. Dann also hoffentlich morgen &#8230;<\/p>\n<p><a href='http:\/\/extra.inmontanis.info\/d\/52153-2\/DSC09937.jpg'><img src=http:\/\/extra.inmontanis.info\/d\/52152-3\/DSC09937.jpg \/><\/a><br \/>\n^ Meerblick n\u00e4he Silivri<\/p>\n<p><a href='http:\/\/extra.inmontanis.info\/d\/52157-2\/DSC09949.jpg'><img src=http:\/\/extra.inmontanis.info\/d\/52156-3\/DSC09949.jpg \/><\/a><br \/>\n^ Meerblick n\u00e4he Marmara Ereglisi<\/p>\n<p>Die Grenze zwischen T\u00fcrkei und Griechenland ging schnell, 2x Pass vorlegen aus dem Auto ohne Aussteigen, fertig. Wartezeiten auf griechischer Seite auch minimal. Es gibt ja L\u00e4nder, da ist man immer ganz froh, wenn man an der Grenze ist und das Land verlassen kann, weil man es nicht sympathisch findet oder sonstwas. Und dann gibt&#8217;s L\u00e4nder, da ist man an der Grenze immer etwas traurig, dass man sie schon wieder verlassen muss. Zu letzterem z\u00e4hlen f\u00fcr mich neben Gro\u00dfbritannien und Norwegen auch Russland und die T\u00fcrkei und an der Grenze Griechenland-T\u00fcrkei w\u00fcrde ich lieber richtung T\u00fcrkei fahren. Bei Griechenland-Bulgarien bevorzuge ich Griechenland. Bei Bulgarien-Rum\u00e4nien bevorzuge ich Bulgarien. Bei Rum\u00e4nien-Ungarn oder Rum\u00e4nien-Serbien bevorzuge ich Rum\u00e4nien. Bei Bulgarien-Mazedonien bevorzuge ich Mazedonien. Bei Griechenland-Mazedonien hab ich gerade kein eindeutiges Verh\u00e4ltnis.<\/p>\n<p>In GR dann wenigstens endlich wieder mobiles EU-Internet gehabt, Wettervorhersagen und ge\u00f6ffnete Lifte gecheckt und Hotel f\u00fcr heute Abend gesucht&#8230; Morgen soll&#8217;s \u00fcberall sonnig sein, danach \u00fcberall schlecht, na nerv, auch in Mazedonien. Hatte auf ein paar ruhigere (und sonnigere) Skitage in GR gehofft und wollte auch etwas s\u00fcdlicher fahren. So kann ich \u00fcbermorgen ja auch gleich heimfahren .. Einzig in RO soll es zumindest trocken bleiben, wenn auch nicht sonnig werden. Aber Kalavrita, Karpenisi (in GR), Mavrovo (MK) machen f\u00fcr MI+DO alle keinen Sinn, leider. Freitag w\u00e4re wieder besser, aber wie\/wo soll ich hier 2 Tage bei Schneefall rumbringen ..<\/p>\n<p>Das Zimmer nahe der Autobahn um 36,50 \u20ac ohne Fr\u00fchst\u00fcck war auch nichts besonderes, leider ein Raucherzimmer; die Sauberkeit so lala und etwas kalt trotz Klimaanlagenheizung bzw. im Bad sehr kalt.<\/p>\n<p><a href='http:\/\/extra.inmontanis.info\/d\/52161-2\/DSC09953.jpg'><img src=http:\/\/extra.inmontanis.info\/d\/52160-3\/DSC09953.jpg \/><\/a><br \/>\n^ Hotelzimmer in Griechenland, verglichen mit den meisten unserer Zimmer in der T\u00fcrkei ein sehr schlechter Preis-Leistungsverh\u00e4ltnis ..<\/p>\n<p>Heutiger Dashcam-Video-Zusammenschnitt, z.B. mit ein paar Szenen aus dem Skigebiet, der Fahrt runter nach Bursa, den beiden Br\u00fccken und ein bisschen Istanbul:<br \/>\n<object style=\"height: 500px; width: 900px\"><param name=\"movie\" value=\"http:\/\/www.youtube.com\/v\/u0gCrG-xpLg\"><\/param><param name=\"wmode\" value=\"transparent\"><\/param><embed src=\"http:\/\/www.youtube.com\/v\/u0gCrG-xpLg\" type=\"application\/x-shockwave-flash\" wmode=\"transparent\"  width=\"900\" height=\"480\"><\/embed><\/object><\/p>\n<p>(Fortsetzung folgt.)<\/p>\n","protected":false},"excerpt":{"rendered":"<p>Balkan-T\u00fcrkei-Kaukasus, Tag 17: Mo, 7.1.2019 &#8211; Uluda\u011f (&#8220;Uluda&#8221;) (km 10.965, Diff. 686 km)<\/p>\n<p>Heute ist also Trincerones letzter Skitag auf dieser Reise. In Uludag waren wir ja bereits bei der letzten BTK-Tour, konnten aufgrund Nebels aber nicht alles fahren. Heute war zumindest teilweise etwas besseres Wetter und auch der Schnee war toll pulvrig und nach <a href=\"http:\/\/blog.inmontanis.info\/?p=5451\">[&#8230;]<\/a><\/p>\n","protected":false},"author":1,"featured_media":0,"comment_status":"closed","ping_status":"closed","sticky":false,"template":"","format":"standard","meta":{"footnotes":""},"categories":[173,59,27,144,802],"tags":[49,38,37,47],"class_list":["post-5451","post","type-post","status-publish","format-standard","hentry","category-2019-01-balkan-turkei-kaukasus","category-nostalgie","category-skifahren-winterskiing-winter","category-turkei","category-uludag","tag-4sb","tag-dsb","tag-meer","tag-sl","odd"],"_links":{"self":[{"href":"http:\/\/blog.inmontanis.info\/index.php?rest_route=\/wp\/v2\/posts\/5451","targetHints":{"allow":["GET"]}}],"collection":[{"href":"http:\/\/blog.inmontanis.info\/index.php?rest_route=\/wp\/v2\/posts"}],"about":[{"href":"http:\/\/blog.inmontanis.info\/index.php?rest_route=\/wp\/v2\/types\/post"}],"author":[{"embeddable":true,"href":"http:\/\/blog.inmontanis.info\/index.php?rest_route=\/wp\/v2\/users\/1"}],"replies":[{"embeddable":true,"href":"http:\/\/blog.inmontanis.info\/index.php?rest_route=%2Fwp%2Fv2%2Fcomments&post=5451"}],"version-history":[{"count":5,"href":"http:\/\/blog.inmontanis.info\/index.php?rest_route=\/wp\/v2\/posts\/5451\/revisions"}],"predecessor-version":[{"id":5457,"href":"http:\/\/blog.inmontanis.info\/index.php?rest_route=\/wp\/v2\/posts\/5451\/revisions\/5457"}],"wp:attachment":[{"href":"http:\/\/blog.inmontanis.info\/index.php?rest_route=%2Fwp%2Fv2%2Fmedia&parent=5451"}],"wp:term":[{"taxonomy":"category","embeddable":true,"href":"http:\/\/blog.inmontanis.info\/index.php?rest_route=%2Fwp%2Fv2%2Fcategories&post=5451"},{"taxonomy":"post_tag","embeddable":true,"href":"http:\/\/blog.inmontanis.info\/index.php?rest_route=%2Fwp%2Fv2%2Ftags&post=5451"}],"curies":[{"name":"wp","href":"https:\/\/api.w.org\/{rel}","templated":true}]}}