{"id":5447,"date":"2019-01-06T18:49:15","date_gmt":"2019-01-06T17:49:15","guid":{"rendered":"http:\/\/blog.inmontanis.info\/?p=5447"},"modified":"2023-08-05T16:24:11","modified_gmt":"2023-08-05T14:24:11","slug":"erciyes-6-1-2019","status":"publish","type":"post","link":"http:\/\/blog.inmontanis.info\/?p=5447","title":{"rendered":"Erciyes, 6.1.2019"},"content":{"rendered":"<p><strong>Balkan-T\u00fcrkei-Kaukasus, Tag 16: So, 6.1.2019 &#8211; Erciyes<\/strong> (km 10.279, Diff. 813 km)<\/p>\n<p>Bei der letzten BTK-Tour wollte ich ja auch schon in Erciyes auf dem Heimweg Ski fahren. Damals war wg. Wind alles zu. Heute war Schneefall, Nebel, Sturm und auch nicht all zu viel offen. Es w\u00e4r zwar etwas mehr offen gewesen, als wir gefahren sind, aber bei dem dichten Nebel in einem unbekannten Gebiet hat das einfach keinen Sinn. So sind wir nur 3 Lifte und 3 Abfahrten gefahren, wobei ich am Schluss den ersten nochmal h\u00e4tte fahren wollen &#8211; da wurde aber auch dieser eingestellt.<\/p>\n<p>Bei einer Fahrt wurden wir irgendwie vom Liftler auf Helme angesprochen, da wir keine Helme tragen. H\u00e4? Ist hier etwa Helmpflicht im Skigebiet?? Zumindest sahen wir dann tats\u00e4chlich keine Skifahrer ohne Helm &#8211; aber das kann einem in den Alpen ja auch passieren, dass es kaum noch welche ohne gibt. Nachdem wir beteuerten, dass wir nicht verst\u00fcnden, was er wollte, lie\u00df er uns trotzdem rauffahren ..<\/p>\n<p>(Fotos anklicken zum Vergr\u00f6\u00dfern)<\/p>\n<p><a href='http:\/\/extra.inmontanis.info\/d\/51239-3\/ge_route6.jpg'><img src=http:\/\/extra.inmontanis.info\/d\/51238-4\/ge_route6.jpg \/><\/a><br \/>\n^ T: Erciyes\/Kayseri<br \/>\nDunkelblau von T bis U: Strecke 6.1.2019<\/p>\n<p><a href='http:\/\/extra.inmontanis.info\/d\/52069-2\/DSC09724.jpg'><img src=http:\/\/extra.inmontanis.info\/d\/52068-3\/DSC09724.jpg \/><\/a><br \/>\n^ Blick aus dem Hotelzimmer in Kayseri (ca. 1,3 Mio. Einwohner)<\/p>\n<p><a href='http:\/\/ski.inmontanis.info\/d\/255841-2\/DSC09733.jpg'><img src=http:\/\/ski.inmontanis.info\/d\/255840-3\/DSC09733.jpg \/><\/a><br \/>\n^ Auffahrt ins Skigebiet Erciyes, da vorne wird&#8217;s etwas steiler und beidseitig blieben die Fahrzeuge h\u00e4ngen. (siehe auch Dashcam)<\/p>\n<p><a href='http:\/\/ski.inmontanis.info\/d\/255845-2\/DSC09735.jpg'><img src=http:\/\/ski.inmontanis.info\/d\/255844-3\/DSC09735.jpg \/><\/a><br \/>\n^ Nachdem auf der Stra\u00dfe (links) weiter vorne wieder eine steilere Stelle mit Stau war, bogen wir hier ab zu einem alternativen Einstiegspunkt (Hisarcik).<\/p>\n<p><a href='http:\/\/ski.inmontanis.info\/d\/255849-2\/DSC09737.jpg'><img src=http:\/\/ski.inmontanis.info\/d\/255848-3\/DSC09737.jpg \/><\/a><br \/>\n^ Eine etwas ungew\u00f6hnliche Position f\u00fcr magnetische Skitr\u00e4ger, oder? ;-)<\/p>\n<p><a href='http:\/\/ski.inmontanis.info\/d\/255853-2\/DSC09741.jpg'><img src=http:\/\/ski.inmontanis.info\/d\/255852-3\/DSC09741.jpg \/><\/a><br \/>\n^ Parkplatz Hisarcik und 4SB Sirt, dahinter KSB Divan<\/p>\n<p><a href='http:\/\/ski.inmontanis.info\/d\/255857-2\/DSC09745.jpg'><img src=http:\/\/ski.inmontanis.info\/d\/255856-3\/DSC09745.jpg \/><\/a><br \/>\n^ Rechte Abfahrt 4SB Sirt<\/p>\n<p><a href='http:\/\/ski.inmontanis.info\/d\/255861-2\/DSC09746.jpg'><img src=http:\/\/ski.inmontanis.info\/d\/255860-3\/DSC09746.jpg \/><\/a><br \/>\n^ 4KSB Keven<\/p>\n<p><a href='http:\/\/ski.inmontanis.info\/d\/255865-2\/DSC09751.jpg'><img src=http:\/\/ski.inmontanis.info\/d\/255864-3\/DSC09751.jpg \/><\/a><br \/>\n^ Schon mal jemand rosane St\u00fctzen gesehen? SL Egitim, da hat jede St\u00fctze eine andere Farbe, nett.<\/p>\n<p><a href='http:\/\/ski.inmontanis.info\/d\/255869-2\/DSC09753.jpg'><img src=http:\/\/ski.inmontanis.info\/d\/255868-3\/DSC09753.jpg \/><\/a><br \/>\n^ SL Egitim, mit den verschiedenfarbigen St\u00fctzen<\/p>\n<p><a href='http:\/\/ski.inmontanis.info\/d\/255873-2\/DSC09754.jpg'><img src=http:\/\/ski.inmontanis.info\/d\/255872-3\/DSC09754.jpg \/><\/a><br \/>\n^ SL Egitim, auch eine blaue St\u00fctze gibt&#8217;s<\/p>\n<p><a href='http:\/\/ski.inmontanis.info\/d\/255877-2\/IMG_20190106_12343719_2x1.jpg'><img src=http:\/\/ski.inmontanis.info\/d\/255876-3\/IMG_20190106_12343719_2x1.jpg \/><\/a><br \/>\n^ Nochmals t\u00fcrkische Manti probiert &#8211; aber die russischen sind mir lieber.<\/p>\n<p><a href='http:\/\/ski.inmontanis.info\/d\/255881-2\/ge20190106b.jpg'><img src=http:\/\/ski.inmontanis.info\/d\/255880-3\/ge20190106b.jpg \/><\/a><br \/>\n^ Der beschauliche GPS-Track von heute&#8230;<\/p>\n<p>Andererseits h\u00e4tten wir heute eh nicht all zu viel Zeit gehabt, wollten wir ja morgen in Uludag Ski fahren, und bis dahin waren es noch fast  800km. Wir hatten uns dann gegen ein Hotel in Bursa entschieden und sind rauf ins Skigebiet gefahren (Mautstra\u00dfe), wo wir uns um Mitternacht vor Ort ein Hotel suchten. Das kleinste und schlechteste und teuerste Zimmer unserer Reise: ca. 100,- \u20ac; allerdings Vollpension, was uns allerdings nicht viel brachte, da Trinc morgen Mittag bereits nach Istanbul weiter will. Daf\u00fcr aber direkt am Skilift gelegen.<\/p>\n<p><a href='http:\/\/ski.inmontanis.info\/d\/255885-2\/DSC09760.jpg'><img src=http:\/\/ski.inmontanis.info\/d\/255884-3\/DSC09760.jpg \/><\/a><br \/>\n^ Zufahrt ins Skigebiet, talw\u00e4rts nun noch mehr Schnee und Fahrer, die nicht raufkommen<\/p>\n<p><a href='http:\/\/extra.inmontanis.info\/d\/52073-2\/IMG_20190106_132124.jpg'><img src=http:\/\/extra.inmontanis.info\/d\/52072-3\/IMG_20190106_132124.jpg \/><\/a><br \/>\n^ Trinc fuhr l\u00e4ssig mit F\u00e4ustlingen und Apfel<\/p>\n<p><a href='http:\/\/extra.inmontanis.info\/d\/52077-2\/DSC09765.jpg'><img src=http:\/\/extra.inmontanis.info\/d\/52076-3\/DSC09765.jpg \/><\/a><br \/>\n^ Kayseri<\/p>\n<p><a href='http:\/\/extra.inmontanis.info\/d\/52081-2\/DSC09766.jpg'><img src=http:\/\/extra.inmontanis.info\/d\/52080-3\/DSC09766.jpg \/><\/a><br \/>\n^ Kayseri, leider etwas Verkehr<\/p>\n<p><a href='http:\/\/extra.inmontanis.info\/d\/52085-2\/DSC09775.jpg'><img src=http:\/\/extra.inmontanis.info\/d\/52084-3\/DSC09775.jpg \/><\/a><br \/>\n^ Zwischen Kayseri und Ankara gibt&#8217;s etliche stillgelegte Tankstellen<\/p>\n<p><a href='http:\/\/extra.inmontanis.info\/d\/52089-2\/DSC09776.jpg'><img src=http:\/\/extra.inmontanis.info\/d\/52088-3\/DSC09776.jpg \/><\/a><br \/>\n^ .. und noch eine ehemalige Tankstelle<\/p>\n<p><a href='http:\/\/extra.inmontanis.info\/d\/52093-2\/DSC09780.jpg'><img src=http:\/\/extra.inmontanis.info\/d\/52092-3\/DSC09780.jpg \/><\/a><br \/>\n^ Kayseri-Ankara, vor Ankara hat&#8217;s dann wieder das Schneien angefangen<\/p>\n<p><a href='http:\/\/extra.inmontanis.info\/d\/52097-2\/DSC09784.jpg'><img src=http:\/\/extra.inmontanis.info\/d\/52096-3\/DSC09784.jpg \/><\/a><br \/>\n^ Einen Unfall sahen wir heut auch mal<\/p>\n<p><a href='http:\/\/extra.inmontanis.info\/d\/52101-2\/DSC09787.jpg'><img src=http:\/\/extra.inmontanis.info\/d\/52100-3\/DSC09787.jpg \/><\/a><br \/>\n^ Der Autobahnring um Ankara war sehr leer<\/p>\n<p><a href='http:\/\/extra.inmontanis.info\/d\/52105-2\/DSC09791.jpg'><img src=http:\/\/extra.inmontanis.info\/d\/52104-3\/DSC09791.jpg \/><\/a><br \/>\n^ Ankara<\/p>\n<p>Heutiger Dashcam-Video-Zusammenschnitt, z.B. mit der Auffahrt ins skigebiet Erciyes:<br \/>\n<object style=\"height: 500px; width: 900px\"><param name=\"movie\" value=\"http:\/\/www.youtube.com\/v\/kT2ylr7RL3k\"><\/param><param name=\"wmode\" value=\"transparent\"><\/param><embed src=\"http:\/\/www.youtube.com\/v\/kT2ylr7RL3k\" type=\"application\/x-shockwave-flash\" wmode=\"transparent\"  width=\"900\" height=\"480\"><\/embed><\/object><\/p>\n<p>(Fortsetzung folgt.)<\/p>\n","protected":false},"excerpt":{"rendered":"<p>Balkan-T\u00fcrkei-Kaukasus, Tag 16: So, 6.1.2019 &#8211; Erciyes (km 10.279, Diff. 813 km)<\/p>\n<p>Bei der letzten BTK-Tour wollte ich ja auch schon in Erciyes auf dem Heimweg Ski fahren. Damals war wg. Wind alles zu. Heute war Schneefall, Nebel, Sturm und auch nicht all zu viel offen. Es w\u00e4r zwar etwas mehr offen gewesen, als wir <a href=\"http:\/\/blog.inmontanis.info\/?p=5447\">[&#8230;]<\/a><\/p>\n","protected":false},"author":1,"featured_media":0,"comment_status":"closed","ping_status":"closed","sticky":false,"template":"","format":"standard","meta":{"footnotes":""},"categories":[173,812,27,144],"tags":[49,47],"class_list":["post-5447","post","type-post","status-publish","format-standard","hentry","category-2019-01-balkan-turkei-kaukasus","category-erciyes","category-skifahren-winterskiing-winter","category-turkei","tag-4sb","tag-sl","odd"],"_links":{"self":[{"href":"http:\/\/blog.inmontanis.info\/index.php?rest_route=\/wp\/v2\/posts\/5447","targetHints":{"allow":["GET"]}}],"collection":[{"href":"http:\/\/blog.inmontanis.info\/index.php?rest_route=\/wp\/v2\/posts"}],"about":[{"href":"http:\/\/blog.inmontanis.info\/index.php?rest_route=\/wp\/v2\/types\/post"}],"author":[{"embeddable":true,"href":"http:\/\/blog.inmontanis.info\/index.php?rest_route=\/wp\/v2\/users\/1"}],"replies":[{"embeddable":true,"href":"http:\/\/blog.inmontanis.info\/index.php?rest_route=%2Fwp%2Fv2%2Fcomments&post=5447"}],"version-history":[{"count":3,"href":"http:\/\/blog.inmontanis.info\/index.php?rest_route=\/wp\/v2\/posts\/5447\/revisions"}],"predecessor-version":[{"id":5450,"href":"http:\/\/blog.inmontanis.info\/index.php?rest_route=\/wp\/v2\/posts\/5447\/revisions\/5450"}],"wp:attachment":[{"href":"http:\/\/blog.inmontanis.info\/index.php?rest_route=%2Fwp%2Fv2%2Fmedia&parent=5447"}],"wp:term":[{"taxonomy":"category","embeddable":true,"href":"http:\/\/blog.inmontanis.info\/index.php?rest_route=%2Fwp%2Fv2%2Fcategories&post=5447"},{"taxonomy":"post_tag","embeddable":true,"href":"http:\/\/blog.inmontanis.info\/index.php?rest_route=%2Fwp%2Fv2%2Ftags&post=5447"}],"curies":[{"name":"wp","href":"https:\/\/api.w.org\/{rel}","templated":true}]}}