{"id":5442,"date":"2019-01-05T19:36:27","date_gmt":"2019-01-05T18:36:27","guid":{"rendered":"http:\/\/blog.inmontanis.info\/?p=5442"},"modified":"2023-08-05T16:33:45","modified_gmt":"2023-08-05T14:33:45","slug":"irrungen-und-wirrungen-zwischen-tatvan-und-kayseri-5-1-2019","status":"publish","type":"post","link":"http:\/\/blog.inmontanis.info\/?p=5442","title":{"rendered":"Irrungen und Wirrungen zwischen Tatvan und Kayseri, 5.1.2019"},"content":{"rendered":"<p><strong>Balkan-T\u00fcrkei-Kaukasus, Tag 15: Sa, 5.1.2019 &#8211; Irrungen und Wirrungen zwischen Tatvan und Kayseri<\/strong> (km 9.466, Diff. 865 km)<\/p>\n<p>Am Fr\u00fchst\u00fccksbuffet gab&#8217;s heute sogar mal wieder Kakao (eher selten in der T\u00fcrkei und komplett un\u00fcblich in Russland &#038; Co), sowie die \u00fcbliche, riesige t\u00fcrkische Auswahl (wobei da mind. die H\u00e4lfte eher nichts f\u00fcr mich ist, weil ich schon auch gar nicht wei\u00df, was das ist und wie und und wozu man das jeweils ist; zudem oft 10-20 verschiedene K\u00e4sesorten, die fast alle gleich schmecken).<\/p>\n<p>Als wir morgens wegfahren wollten, parkte uns ein Auto in der zweiten Reihe etwas ein. Ich k\u00f6nnte mich zwar irgendwie rausschl\u00e4ngeln, aber man k\u00f6nnte ja auch etwas warten. Trinc sagte gestern, er wolle noch t\u00fcrkisches Geld abheben, also schlug ich bl\u00f6derweise vor, er k\u00f6nne doch noch schnell Geld abheben. Der Bankomat der PTT (Post) war dann ein Haus weiter, hatte aber mehr Hunger als wir und fra\u00df zwei Kreditkarten von Trincerone (als zweites eine alte zum Testen). Und am Samstag war die Bank nat\u00fcrlich nicht offen. Na super. Zwischendrin nervte Trinc auch ein kleiner Bettlerjunge, inkl. &#8220;ums Bein klammern&#8221;. <\/p>\n<p>Wir sind dann wieder ins Hotel, wo zwar keiner Deutsch oder Englisch kann, aber mittels Online-\u00dcbersetzer geht das heutzutage ja recht gut. Es wurde uns geholfen, rumtelefoniert, andere Personen eingeschaltet, man erreichte schlie\u00dflich jemand, der zust\u00e4ndig war und in K\u00fcrze vorbei kommen w\u00fcrde. So warteten wir, bis Trincerone wieder seine Kreditkarten hatte, das Auto in der 2. Reihe fuhr dann auch endlich mal weg und wir auf zu unserem ersten Ziel, den SL in Bitlis. <\/p>\n<p>Das Navi wollte mich durch irgendwelche Seitengassen lotsen, so dass wir von Bitlis die eher unsch\u00f6nen Gegenden samt Altstadt durchfahren mussten und schlie\u00dflich zum SL fanden. Nur leider war der nicht nur neugebaut, sondern auch: geschlossen. Bzw. nur f\u00fcr so ein Jugend\/Kinder-Skirennen offen. Hmpf. Da ist Samstag, da liegt Schnee, da k\u00f6nnte offen sein, aber nein, es ist nicht offen.<\/p>\n<p>(Fotos anklicken zum Vergr\u00f6\u00dfern)<\/p>\n<p><a href='http:\/\/extra.inmontanis.info\/d\/51239-3\/ge_route6.jpg'><img src=http:\/\/extra.inmontanis.info\/d\/51238-4\/ge_route6.jpg \/><\/a><br \/>\n^ P: Bitlis<br \/>\nQ: Nemrut<br \/>\nR: G\u00fczeldag<br \/>\nS: Yolcati \/ Hasarek<br \/>\nMagenta (Start=Tatvan, Ziel=Kayseri bei Poi &#8220;T&#8221;): Strecke 5.1.2019<\/p>\n<p><a href='http:\/\/extra.inmontanis.info\/d\/52029-2\/DSC09646.jpg'><img src=http:\/\/extra.inmontanis.info\/d\/52028-3\/DSC09646.jpg \/><\/a><br \/>\n^ Blick auf den Vansee vom Hotel aus<\/p>\n<p><a href='http:\/\/extra.inmontanis.info\/d\/52033-2\/DSC09648.jpg'><img src=http:\/\/extra.inmontanis.info\/d\/52032-3\/DSC09648.jpg \/><\/a><br \/>\n^ Tatvan-Bitlis<\/p>\n<p><a href='http:\/\/ski.inmontanis.info\/d\/255777-2\/DSC09649.jpg'><img src=http:\/\/ski.inmontanis.info\/d\/255775-3\/DSC09649.jpg \/><\/a><br \/>\n^ SL Rahva. Wenn er bis zu dem Grat raufgefahren w\u00e4re, h\u00e4tte er ja einige nette M\u00f6glichkeiten erschlossen, aber so war er mir doch einen Ticken zu kurz.<\/p>\n<p><a href='http:\/\/ski.inmontanis.info\/d\/255781-2\/DSC09651.jpg'><img src=http:\/\/ski.inmontanis.info\/d\/255780-3\/DSC09651.jpg \/><\/a><br \/>\n^ Bitlis mit Blick r\u00fcber zum Hauptlift in Bitlis, leider wohl vor kurzem ersetzt worden, auf meinen alten Bildern hatte er noch blaue Portalst\u00fctzen<\/p>\n<p><a href='http:\/\/ski.inmontanis.info\/d\/255785-2\/DSC09656.jpg'><img src=http:\/\/ski.inmontanis.info\/d\/255784-3\/DSC09656.jpg \/><\/a><br \/>\n^ Auch in Bitlis gabs anscheinend irgendeine Burg oder Festung<\/p>\n<p><a href='http:\/\/ski.inmontanis.info\/d\/255789-2\/DSC09659.jpg'><img src=http:\/\/ski.inmontanis.info\/d\/255788-3\/DSC09659.jpg \/><\/a><br \/>\n^ Erst lief der Lift nicht, dann lief er &#8211; aber leider nur f\u00fcr das Skirennen. So ein Bl\u00f6dsinn, liegt doch genug (nasser) Schnee.. Irgendein Passant erkl\u00e4rte uns dann auch, das Nemrut nicht offen sei, nur Rahva. Nicht euer Ernst?<\/p>\n<p>Wir haben&#8217;s dann trotzdem probiert, ohne Schild f\u00fcr eine Abzweigung zu sp\u00e4t abgebogen, was aber eh wurscht war, im Zoom konnte man erkennen, die DSB lief nicht. Na, Mist. Das war doch unser Hauptziel heute :-(<\/p>\n<p><a href='http:\/\/ski.inmontanis.info\/d\/255793-2\/DSC09661.jpg'><img src=http:\/\/ski.inmontanis.info\/d\/255792-3\/DSC09661.jpg \/><\/a><br \/>\n^ Die DSB vom Skigebiet Nemrut lief dagegen nicht &#8211; ok, unten schauts etwas nach wenig Schnee aus, aber man h\u00e4tte doch eine Mittelstation? Oder ist die DSB generell zu?<\/p>\n<p><a href='http:\/\/ski.inmontanis.info\/d\/255797-2\/DSC09666.jpg'><img src=http:\/\/ski.inmontanis.info\/d\/255796-3\/DSC09666.jpg \/><\/a><br \/>\n^ Ponylift unterhalb, w\u00fcrde immmerhin bis zur Mitte des Steilhangs gehen. Lief aber nicht.<\/p>\n<p>Richtung Kayseri\/Istanbul gibt&#8217;s aber noch ein paar Skigebiete, die heute anfahrbar w\u00e4ren, die Hoffnung auf einen Skitag heute war noch da.  Also probierten wir&#8217;s halt mal beim n\u00e4chsten, G\u00fczeldag. Was auch immer da nochmal sein sollte, ein paar Polizeikontrollstellen sp\u00e4ter best\u00e4tigte sich die Vorahnung .. <\/p>\n<p><a href='http:\/\/extra.inmontanis.info\/d\/52037-2\/DSC09667.jpg'><img src=http:\/\/extra.inmontanis.info\/d\/52036-3\/DSC09667.jpg \/><\/a><br \/>\n^ Vansee<\/p>\n<p><a href='http:\/\/extra.inmontanis.info\/d\/52041-2\/DSC09671.jpg'><img src=http:\/\/extra.inmontanis.info\/d\/52040-3\/DSC09671.jpg \/><\/a><br \/>\n^ Tatvan-Mus<\/p>\n<p><a href='http:\/\/ski.inmontanis.info\/d\/255803-2\/DSC09681.jpg'><img src=http:\/\/ski.inmontanis.info\/d\/255801-3\/DSC09681.jpg \/><\/a><br \/>\n^ Skigebiet Mus &#8211; G\u00fczeldag<\/p>\n<p><a href='http:\/\/ski.inmontanis.info\/d\/255807-2\/DSC09684.jpg'><img src=http:\/\/ski.inmontanis.info\/d\/255806-3\/DSC09684.jpg \/><\/a><br \/>\n^ G\u00fczeldag. Hier ist die Sache klar &#8211; zu wenig Schnee. Leider geht er wohl auch nur zur H\u00e4lfte den Hang hinauf, sonst w\u00e4r das ein toller Lift.<\/p>\n<p>So langsam wird die Zeit dann doch sp\u00e4t, aber wenn wir schnell genug sind, h\u00e4tten wir in Yolcati zwei Skigebietsoptionen, einen alten Portalst\u00fctzen-SL und ein neues Skigebiet mit einer 4SB. <\/p>\n<p><a href='http:\/\/extra.inmontanis.info\/d\/52045-2\/DSC09687.jpg'><img src=http:\/\/extra.inmontanis.info\/d\/52044-3\/DSC09687.jpg \/><\/a><br \/>\n^ Mus-Bing\u00f6l<\/p>\n<p><a href='http:\/\/extra.inmontanis.info\/d\/52049-2\/DSC09690.jpg'><img src=http:\/\/extra.inmontanis.info\/d\/52048-3\/DSC09690.jpg \/><\/a><br \/>\n^ Mus-Bing\u00f6l<\/p>\n<p><a href='http:\/\/extra.inmontanis.info\/d\/52053-2\/DSC09695.jpg'><img src=http:\/\/extra.inmontanis.info\/d\/52052-3\/DSC09695.jpg \/><\/a><br \/>\n^ Mus-Bing\u00f6l<\/p>\n<p><a href='http:\/\/extra.inmontanis.info\/d\/52057-2\/DSC09699.jpg'><img src=http:\/\/extra.inmontanis.info\/d\/52056-3\/DSC09699.jpg \/><\/a><br \/>\n^ Mus-Bing\u00f6l<\/p>\n<p><a href='http:\/\/extra.inmontanis.info\/d\/52061-2\/DSC09703.jpg'><img src=http:\/\/extra.inmontanis.info\/d\/52060-3\/DSC09703.jpg \/><\/a><br \/>\n^ Bing\u00f6l-Yolcati<\/p>\n<p><a href='http:\/\/ski.inmontanis.info\/d\/255813-2\/DSC09706.jpg'><img src=http:\/\/ski.inmontanis.info\/d\/255811-3\/DSC09706.jpg \/><\/a><br \/>\n^ Yolcati<\/p>\n<p><a href='http:\/\/ski.inmontanis.info\/d\/255817-2\/DSC09709.jpg'><img src=http:\/\/ski.inmontanis.info\/d\/255816-3\/DSC09709.jpg \/><\/a><br \/>\n^ SL in Yolcati. Lief nat\u00fcrlich auch nicht und zweifelhaft, ob er noch l\u00e4uft. W\u00e4r aber sehr nett gewesen, wenn genug Schnee und in Betrieb<\/p>\n<p><a href='http:\/\/ski.inmontanis.info\/d\/255821-2\/DSC09710.jpg'><img src=http:\/\/ski.inmontanis.info\/d\/255820-3\/DSC09710.jpg \/><\/a><br \/>\n^ SL in Yolcati.<\/p>\n<p><a href='http:\/\/ski.inmontanis.info\/d\/255825-2\/DSC09713.jpg'><img src=http:\/\/ski.inmontanis.info\/d\/255824-3\/DSC09713.jpg \/><\/a><br \/>\n^ Gegen\u00fcber von Yolcati geht die Stra\u00dfe ins neue Skigebiet Hasarek<\/p>\n<p><a href='http:\/\/ski.inmontanis.info\/d\/255829-2\/DSC09715.jpg'><img src=http:\/\/ski.inmontanis.info\/d\/255828-3\/DSC09715.jpg \/><\/a><br \/>\n^ Dort ist erst mal alles neblig, na wunderbar.<\/p>\n<p><a href='http:\/\/ski.inmontanis.info\/d\/255833-2\/DSC09718.jpg'><img src=http:\/\/ski.inmontanis.info\/d\/255832-3\/DSC09718.jpg \/><\/a><br \/>\n^ Skigebiet Hasarek, mit einer 4SB (lief nicht, weil auch starker Sturm) und einem langen SL (der lief). S\u00e4he ja gar nicht so flach und \u00fcbel aus, wie bef\u00fcrchtet.<\/p>\n<p>Mittlerweile war es 15:30, wir hatten keine Ahnung wie lang die Lifte liefen und Trinc hatte eh keine Lust mehr, sich noch die Skischuhe anzuziehen und wollte nur ins Caf\u00e9 gehen, um etwas auf seinem Laptop zu arbeiten. Ich suchte verweifelt eine Skipasskasse, bin erst auf&#8217;s Schneeplateau um das eine gelbe Haus, da war nix, dann ins Hotel, da standen nur Schilder f\u00fcr Skiverleih\/Depot und Cafe\/Restaurant, also ins Caf\u00e9, dort versucht zu fragen, aber nicht verstanden worden (Skipass? Kayak?) &#8211; irgendwann meinte ich, die wollen mich zum Skiverleih schicken, aber das brauch ich doch nicht. <\/p>\n<p>Also wieder aufs Schneefeld und dort in das seitliche Caf\u00e9 rein, wo Trinc sa\u00df. Dort nach dem Skipass gefragt &#8211; der verstand mich zwar, aber schickte mich ins Hotel. Ja leckt&#8217;s mich doch, ich lauf jetzt nicht wieder zur\u00fcck ins Hotel. Vielleicht k\u00f6nnt ich dem Liftler ja einfach ein paar Lira f\u00fcr eine Einzelfahrt in die Hand dr\u00fccken? Also zum SL r\u00fcbergelaufen (alles sehr weit entfernt hier), aber keinen Liftler gesehen. Gut, dann geb ichs auf. Zur\u00fcck zum Auto gelaufen und schlussendlich Gl\u00fcck gehabt, nicht Ski gefahren zu sein, denn die Stra\u00dfe wurde gerade ger\u00e4umt und unser Auto in einer seitlichen Bucht  an der Stra\u00dfe war dem R\u00e4umfahrzeug im Weg.<\/p>\n<p><a href='http:\/\/ski.inmontanis.info\/d\/255837-2\/DSC09720.jpg'><img src=http:\/\/ski.inmontanis.info\/d\/255836-3\/DSC09720.jpg \/><\/a><br \/>\n^ Aus irgendeinem Grund muste man um 16 Uhr die Zufahrtsstra\u00dfe r\u00e4umen, damit die abfahrenden Leute behindern (und den Schnee auffahren, so dass ein paar Fahrer Probleme hatten)<\/p>\n<p>Irgendwann kam dann auch Trinc wieder und wir fuhren weiter richtung Kayseri. Wann wir das Hotel in Kayseri gebucht hatten, wei\u00df ich gar nicht mehr. Jedenfalls hatten wir vor Kayseri, schon in der Nacht, erst mal einen krassen Sturm, der den Schnee von der Seite so auf die Stra\u00dfe wehte, dass man teils nichts sah und sehr langsam fahren musste. Einige blieben auch mal stehen. Sp\u00e4ter schneite es stark und abschnittsweise sehr dicke Schneeflocken, wie man sie nur alle paar Jahre mal sieht. Ca. 30min Zeitverlust, gegen 0:30\/0:45 Uhr waren wir im Hotel in Kayseri.<\/p>\n<p><a href='http:\/\/extra.inmontanis.info\/d\/52065-2\/DSC09722.jpg'><img src=http:\/\/extra.inmontanis.info\/d\/52064-3\/DSC09722.jpg \/><\/a><br \/>\n^ Der Sturm wehte den Schnee in die Stra\u00dfe, sp\u00e4ter schneite es noch stark.<\/p>\n<p>Heutiger Dashcam-Video-Zusammenschnitt, z.B. mit der Fahrt durch Bitlis zum SL (am Anfang) oder die n\u00e4chtlichen Schneeverwehungen ab 7:50, diesmal etwas mehr Nachtszenen:<br \/>\n<object style=\"height: 500px; width: 900px\"><param name=\"movie\" value=\"http:\/\/www.youtube.com\/v\/YqH7uUm50PY\"><\/param><param name=\"wmode\" value=\"transparent\"><\/param><embed src=\"http:\/\/www.youtube.com\/v\/YqH7uUm50PY\" type=\"application\/x-shockwave-flash\" wmode=\"transparent\"  width=\"900\" height=\"480\"><\/embed><\/object><\/p>\n<p>(Fortsetzung folgt.)<\/p>\n","protected":false},"excerpt":{"rendered":"<p>Balkan-T\u00fcrkei-Kaukasus, Tag 15: Sa, 5.1.2019 &#8211; Irrungen und Wirrungen zwischen Tatvan und Kayseri (km 9.466, Diff. 865 km)<\/p>\n<p>Am Fr\u00fchst\u00fccksbuffet gab&#8217;s heute sogar mal wieder Kakao (eher selten in der T\u00fcrkei und komplett un\u00fcblich in Russland &#038; Co), sowie die \u00fcbliche, riesige t\u00fcrkische Auswahl (wobei da mind. die H\u00e4lfte eher nichts f\u00fcr mich ist, weil <a href=\"http:\/\/blog.inmontanis.info\/?p=5442\">[&#8230;]<\/a><\/p>\n","protected":false},"author":1,"featured_media":0,"comment_status":"closed","ping_status":"closed","sticky":false,"template":"","format":"standard","meta":{"footnotes":""},"categories":[173,816,805,144,817],"tags":[49,38,45,47],"class_list":["post-5442","post","type-post","status-publish","format-standard","hentry","category-2019-01-balkan-turkei-kaukasus","category-bitlis","category-nemrut","category-turkei","category-yolcati-hasarek","tag-4sb","tag-dsb","tag-see","tag-sl","odd"],"_links":{"self":[{"href":"http:\/\/blog.inmontanis.info\/index.php?rest_route=\/wp\/v2\/posts\/5442","targetHints":{"allow":["GET"]}}],"collection":[{"href":"http:\/\/blog.inmontanis.info\/index.php?rest_route=\/wp\/v2\/posts"}],"about":[{"href":"http:\/\/blog.inmontanis.info\/index.php?rest_route=\/wp\/v2\/types\/post"}],"author":[{"embeddable":true,"href":"http:\/\/blog.inmontanis.info\/index.php?rest_route=\/wp\/v2\/users\/1"}],"replies":[{"embeddable":true,"href":"http:\/\/blog.inmontanis.info\/index.php?rest_route=%2Fwp%2Fv2%2Fcomments&post=5442"}],"version-history":[{"count":3,"href":"http:\/\/blog.inmontanis.info\/index.php?rest_route=\/wp\/v2\/posts\/5442\/revisions"}],"predecessor-version":[{"id":5445,"href":"http:\/\/blog.inmontanis.info\/index.php?rest_route=\/wp\/v2\/posts\/5442\/revisions\/5445"}],"wp:attachment":[{"href":"http:\/\/blog.inmontanis.info\/index.php?rest_route=%2Fwp%2Fv2%2Fmedia&parent=5442"}],"wp:term":[{"taxonomy":"category","embeddable":true,"href":"http:\/\/blog.inmontanis.info\/index.php?rest_route=%2Fwp%2Fv2%2Fcategories&post=5442"},{"taxonomy":"post_tag","embeddable":true,"href":"http:\/\/blog.inmontanis.info\/index.php?rest_route=%2Fwp%2Fv2%2Ftags&post=5442"}],"curies":[{"name":"wp","href":"https:\/\/api.w.org\/{rel}","templated":true}]}}