{"id":5436,"date":"2019-01-04T17:28:25","date_gmt":"2019-01-04T16:28:25","guid":{"rendered":"http:\/\/blog.inmontanis.info\/?p=5436"},"modified":"2023-08-05T16:30:54","modified_gmt":"2023-08-05T14:30:54","slug":"van-hakkari-merga-bute-4-1-2019","status":"publish","type":"post","link":"http:\/\/blog.inmontanis.info\/?p=5436","title":{"rendered":"Van &#8211; Hakk\u00e2ri \/ Merga B\u00fcte, 4.1.2019"},"content":{"rendered":"<p><strong>Balkan-T\u00fcrkei-Kaukasus, Tag 14: Fr, 4.1.2019 &#8211; Van &#8211; Hakk\u00e2ri \/ Merga B\u00fcte<\/strong> (km 8.601, Diff. 571 km)<\/p>\n<p>Das Fr\u00fchst\u00fcck im Hilton in Van war sehr gro\u00df, entsprechend satt war ich danach. Heutiges Hauptziel h\u00e4tte das Skigebiet Abali sein sollen. Aber die DSB war heute mal wieder nicht in Betrieb, man sagte aber, morgen sei sie in Betrieb. Trincerone meint allerdings, dass &#8220;morgen&#8221; in diesen Kulturkreisen eher &#8220;irgendwann, aber nicht heute&#8221; als tats\u00e4chlich &#8220;morgen&#8221; bedeutet. Also werden wir uns den Versuch hier morgen sparen&#8230;<\/p>\n<p>(Fotos anklicken zum Vergr\u00f6\u00dfern)<\/p>\n<p><a href='http:\/\/extra.inmontanis.info\/d\/51239-3\/ge_route6.jpg'><img src=http:\/\/extra.inmontanis.info\/d\/51238-4\/ge_route6.jpg \/><\/a><br \/>\n^ N: Abali<br \/>\nO: Hakkari \/ Merga B\u00fcte<br \/>\nDunkelblau (Start=Van, Ziel=Tatvan): Strecke 4.1.2019<br \/>\nGelb umrandete L\u00e4nder unten: Links Syrien, Mitte Irak, Rechts Iran<\/p>\n<p><a href='http:\/\/extra.inmontanis.info\/d\/51909-2\/DSC09400.jpg'><img src=http:\/\/extra.inmontanis.info\/d\/51908-3\/DSC09400.jpg \/><\/a><br \/>\n^ Van, Vansee vom Hotelzimmer aus<\/p>\n<p><a href='http:\/\/extra.inmontanis.info\/d\/51913-2\/DSC09403.jpg'><img src=http:\/\/extra.inmontanis.info\/d\/51912-3\/DSC09403.jpg \/><\/a><br \/>\n^ Durch Van durchfahrn<\/p>\n<p><a href='http:\/\/extra.inmontanis.info\/d\/51917-2\/DSC09406.jpg'><img src=http:\/\/extra.inmontanis.info\/d\/51916-3\/DSC09406.jpg \/><\/a><br \/>\n^ Vansee<\/p>\n<p><a href='http:\/\/extra.inmontanis.info\/d\/51921-2\/DSC09409.jpg'><img src=http:\/\/extra.inmontanis.info\/d\/51920-3\/DSC09409.jpg \/><\/a><br \/>\n^ Vansee<\/p>\n<p><a href='http:\/\/extra.inmontanis.info\/d\/51925-2\/DSC09411.jpg'><img src=http:\/\/extra.inmontanis.info\/d\/51924-3\/DSC09411.jpg \/><\/a><br \/>\n^ Vansee, T\u00fcrkei. K\u00f6nnt auch ein Fjord in Norwegen sein, nahe Narvik oder Alta.<\/p>\n<p>.. spasseshalber in Google Maps eingegeben: Alta wie Van ist beides von Innsbruck aus jeweils ca. 3.300 km Autofahrt entfernt, bzw. Luflinie Innsbruck-Nordkapp 2.771 km, Innsbruck-Van 2.765 km. <\/p>\n<p><a href='http:\/\/extra.inmontanis.info\/d\/51929-2\/DSC09415.jpg'><img src=http:\/\/extra.inmontanis.info\/d\/51928-3\/DSC09415.jpg \/><\/a><br \/>\n^ Richtung Skigebiet Abali<\/p>\n<p><a href='http:\/\/extra.inmontanis.info\/d\/51933-2\/DSC09423.jpg'><img src=http:\/\/extra.inmontanis.info\/d\/51932-3\/DSC09423.jpg \/><\/a><br \/>\n^ Blick ins Skigebiet von Abali<\/p>\n<p><a href='http:\/\/extra.inmontanis.info\/d\/51937-2\/DSC09424.jpg'><img src=http:\/\/extra.inmontanis.info\/d\/51936-3\/DSC09424.jpg \/><\/a><br \/>\n^ Blick ins Skigebiet von Abali &#8211; heute lief nicht mal der SL. Und an der DSB hats eh wieder arg wenig Schnee.<\/p>\n<p>Bl\u00f6derweise wurden wir vom Parkplatzeinweiser in einen Bereich geschickt, aus dem wir dann nicht mehr rauskamen, da der restliche Bereich ger\u00e4umt wird. Und leider sind die R\u00e4umfahrzeuge hier oftmals so konstruiert, dass sie den Schnee nur schr\u00e4g wegschieben k\u00f6nnen (Fahrzeug siehe vorheriges Bild), d.h. sie lassen neben sich einen Schneewall entstehen und fahren dann die Spur immer wieder etwas (vielleicht 1m) versetzt ab, so dass der Schnewall nach jeder Fahrt etwas gr\u00f6\u00dfer wird und etwas weiter richtung Rand geht. Das geht bei einer Stra\u00dfe ja noch so halbwegs, aber einen eher quadratischen Parkplatz so zu r\u00e4umen ist total ineffizient.<\/p>\n<p>Als wir ein Polizeiauto oder so an einem Ende \u00fcber den Wall fahren sahen, hab ich es auch so probiert &#8211; und bin gescheitert. Mehrer M\u00e4nner haben uns dann angeschoben, damit wir aus dem lockeren Schnee wieder rauskamen. Ich wei\u00df aber nicht mehr, ob ich alle meine Schalter korrekt bedient hatte &#8211; richtig w\u00e4re gewesen: ESP an, GripControl an.<\/p>\n<p>Beides (das Schneer\u00e4umen und das Feststecken) ist auch im Dashcam-Zusammenschnitt etwas zu sehen.<\/p>\n<p>Alternatives Ziel w\u00e4re heute entweder Bitlis auf dem Weg zu Nemrut\/Tatvan gewesen, die Wettervorhersagen f\u00fcr dort waren aber schlechter. Au\u00dferdem br\u00e4uchten wir den SL in Bitlis evtl. morgen als Alternative, falls die DSB in Nemrut\/Tatvan nicht f\u00e4hrt.<\/p>\n<p>Eine weitere Alternative w\u00e4re das Skigebiet &#8220;Merga B\u00fctan&#8221; oder &#8220;Merga B\u00fcte&#8221; (man findet es unter beiden Namen im Netz) nahe der irakischen Grenze, oberhalb der Stadt Hakk\u00e2ri &#8211; wenn das nicht offen w\u00e4re, h\u00e4tten wir wenigstens noch eine neue und sicher geniale Landschaft abgefahren. Das war dann auch beides so, die Landschaft genial; die Skilifte trotz etlicher Anf\u00e4nger (die zu Fu\u00df aufstiegen) geschlossen. Abschnittsweise erinnerte mich das Tal vor Hakkari ja an die Anfahrt zum Elbrus&#8230;<\/p>\n<p>Wenigstens war es neblig, wobei bei Sonne w\u00e4ren wir vmtl. den SL raufgelaufen, und wurden wieder auf &#8220;morgen&#8221; vertr\u00f6stet. Hach, wenn wir das doch glauben k\u00f6nnten. Morgen w\u00e4ren wir lieber an der DSB in Tatvan .. Trotzdem, die Fahrt hier hin hat sich landschaftlich definitiv gelohnt, auch wenn wir nicht zum Skifahren gekommen sind.<\/p>\n<p>Nebenbei war die Ortsdurchfahrt in Hakkari sehr anstrengend, weil viel Schnee und Schneematsch lag, wobei ich abschnittsweise wieder Trincerone ans Steuer lie\u00df. Danach sind wir wieder zur\u00fcck zum Vansee, genauer nach Tatvan, also diesmal auf die Westseite des Sees, gefahren. <\/p>\n<p><a href='http:\/\/extra.inmontanis.info\/d\/51941-2\/DSC09432.jpg'><img src=http:\/\/extra.inmontanis.info\/d\/51940-3\/DSC09432.jpg \/><\/a><br \/>\n^ Van-Hakkari<\/p>\n<p><a href='http:\/\/extra.inmontanis.info\/d\/51945-2\/DSC09433.jpg'><img src=http:\/\/extra.inmontanis.info\/d\/51944-3\/DSC09433.jpg \/><\/a><br \/>\n^ Van-Hakkari<\/p>\n<p><a href='http:\/\/extra.inmontanis.info\/d\/51949-2\/DSC09436.jpg'><img src=http:\/\/extra.inmontanis.info\/d\/51948-3\/DSC09436.jpg \/><\/a><br \/>\n^ Van-Hakkari (Stausee)<\/p>\n<p><a href='http:\/\/extra.inmontanis.info\/d\/51179-3\/DSC09437.jpg'><img src=http:\/\/extra.inmontanis.info\/d\/51178-4\/DSC09437.jpg \/><\/a><br \/>\n^ Van-Hakkari (Stausee)<\/p>\n<p><a href='http:\/\/extra.inmontanis.info\/d\/51953-2\/DSC09440.jpg'><img src=http:\/\/extra.inmontanis.info\/d\/51952-3\/DSC09440.jpg \/><\/a><br \/>\n^ Van-Hakkari<\/p>\n<p><a href='http:\/\/extra.inmontanis.info\/d\/51957-2\/DSC09444.jpg'><img src=http:\/\/extra.inmontanis.info\/d\/51956-3\/DSC09444.jpg \/><\/a><br \/>\n^ Van-Hakkari<\/p>\n<p><a href='http:\/\/extra.inmontanis.info\/d\/51183-3\/DSC09445.jpg'><img src=http:\/\/extra.inmontanis.info\/d\/51182-4\/DSC09445.jpg \/><\/a><br \/>\n^ Van-Hakkari &#8211; eine Burg hab ich in der T\u00fcrkei bisher glaub ich noch keine gesehen ..<\/p>\n<p><a href='http:\/\/extra.inmontanis.info\/d\/51961-2\/DSC09454.jpg'><img src=http:\/\/extra.inmontanis.info\/d\/51960-3\/DSC09454.jpg \/><\/a><br \/>\n^ Van-Hakkari<\/p>\n<p><a href='http:\/\/extra.inmontanis.info\/d\/51965-2\/DSC09456.jpg'><img src=http:\/\/extra.inmontanis.info\/d\/51964-3\/DSC09456.jpg \/><\/a><br \/>\n^ Van-Hakkari; hier f\u00e4hrt man \u00fcber einen ca. 2730-2770m hohen Pass.<\/p>\n<p><a href='http:\/\/extra.inmontanis.info\/d\/51969-2\/DSC09460.jpg'><img src=http:\/\/extra.inmontanis.info\/d\/51968-3\/DSC09460.jpg \/><\/a><br \/>\n^ Van-Hakkari<\/p>\n<p><a href='http:\/\/extra.inmontanis.info\/d\/51973-2\/DSC09461.jpg'><img src=http:\/\/extra.inmontanis.info\/d\/51972-3\/DSC09461.jpg \/><\/a><br \/>\n^ Van-Hakkari<\/p>\n<p><a href='http:\/\/extra.inmontanis.info\/d\/51977-2\/DSC09463.jpg'><img src=http:\/\/extra.inmontanis.info\/d\/51976-3\/DSC09463.jpg \/><\/a><br \/>\n^ Van-Hakkari<\/p>\n<p><a href='http:\/\/extra.inmontanis.info\/d\/51187-3\/DSC09464.jpg'><img src=http:\/\/extra.inmontanis.info\/d\/51186-4\/DSC09464.jpg \/><\/a><br \/>\n^ Van-Hakkari<\/p>\n<p><a href='http:\/\/extra.inmontanis.info\/d\/51981-2\/DSC09469.jpg'><img src=http:\/\/extra.inmontanis.info\/d\/51980-3\/DSC09469.jpg \/><\/a><br \/>\n^ Van-Hakkari<\/p>\n<p><a href='http:\/\/extra.inmontanis.info\/d\/51985-2\/DSC09470.jpg'><img src=http:\/\/extra.inmontanis.info\/d\/51984-3\/DSC09470.jpg \/><\/a><br \/>\n^ Van-Hakkari<\/p>\n<p><a href='http:\/\/extra.inmontanis.info\/d\/51989-2\/DSC09473.jpg'><img src=http:\/\/extra.inmontanis.info\/d\/51988-3\/DSC09473.jpg \/><\/a><br \/>\n^ Van-Hakkari<\/p>\n<p><a href='http:\/\/extra.inmontanis.info\/d\/51993-2\/DSC09477.jpg'><img src=http:\/\/extra.inmontanis.info\/d\/51992-3\/DSC09477.jpg \/><\/a><br \/>\n^ N\u00e4he Hakk\u00e2ri<\/p>\n<p><a href='http:\/\/extra.inmontanis.info\/d\/51997-2\/DSC09484.jpg'><img src=http:\/\/extra.inmontanis.info\/d\/51996-3\/DSC09484.jpg \/><\/a><br \/>\n^ N\u00e4he Hakk\u00e2ri<\/p>\n<p><a href='http:\/\/extra.inmontanis.info\/d\/52001-2\/DSC09492.jpg'><img src=http:\/\/extra.inmontanis.info\/d\/52000-3\/DSC09492.jpg \/><\/a><br \/>\n^ N\u00e4he Hakk\u00e2ri<\/p>\n<p><a href='http:\/\/extra.inmontanis.info\/d\/52005-2\/DSC09496.jpg'><img src=http:\/\/extra.inmontanis.info\/d\/52004-3\/DSC09496.jpg \/><\/a><br \/>\n^ N\u00e4he Hakk\u00e2ri<\/p>\n<p><a href='http:\/\/extra.inmontanis.info\/d\/52009-2\/DSC09505.jpg'><img src=http:\/\/extra.inmontanis.info\/d\/52008-3\/DSC09505.jpg \/><\/a><br \/>\n^ N\u00e4he Hakk\u00e2ri<\/p>\n<p><a href='http:\/\/extra.inmontanis.info\/d\/52013-2\/DSC09517.jpg'><img src=http:\/\/extra.inmontanis.info\/d\/52012-3\/DSC09517.jpg \/><\/a><br \/>\n^ Auffahrt Hakk\u00e2ri<\/p>\n<p><a href='http:\/\/ski.inmontanis.info\/d\/255683-2\/DSC09523.jpg'><img src=http:\/\/ski.inmontanis.info\/d\/255681-3\/DSC09523.jpg \/><\/a><br \/>\n^ In Hakk\u00e2ri; rechts die Autos sind auch h\u00fcbsch eingschneit<\/p>\n<p><a href='http:\/\/ski.inmontanis.info\/d\/255687-2\/DSC09529.jpg'><img src=http:\/\/ski.inmontanis.info\/d\/255686-3\/DSC09529.jpg \/><\/a><br \/>\n^ In Hakk\u00e2ri, eine Stadt auf einem Hochplateau mitten in den Bergen mit 60-80.000 Einwohnern!<\/p>\n<p><a href='http:\/\/ski.inmontanis.info\/d\/255691-2\/DSC09530.jpg'><img src=http:\/\/ski.inmontanis.info\/d\/255690-3\/DSC09530.jpg \/><\/a><br \/>\n^ Hakk\u00e2ri<\/p>\n<p><a href='http:\/\/ski.inmontanis.info\/d\/255695-2\/DSC09533.jpg'><img src=http:\/\/ski.inmontanis.info\/d\/255694-3\/DSC09533.jpg \/><\/a><br \/>\n^ Auffahrt ins Skigebiet Merga B\u00fcte<\/p>\n<p><a href='http:\/\/ski.inmontanis.info\/d\/255699-2\/DSC09540.jpg'><img src=http:\/\/ski.inmontanis.info\/d\/255698-3\/DSC09540.jpg \/><\/a><br \/>\n^ Auffahrt ins Skigebiet Merga B\u00fcte<\/p>\n<p><a href='http:\/\/ski.inmontanis.info\/d\/255703-2\/DSC09544.jpg'><img src=http:\/\/ski.inmontanis.info\/d\/255702-3\/DSC09544.jpg \/><\/a><br \/>\n^ Das ist kein Wald, das sind H\u00e4user: Die Stadt Hakk\u00e2ri mit Smog<\/p>\n<p><a href='http:\/\/ski.inmontanis.info\/d\/255707-2\/DSC09560.jpg'><img src=http:\/\/ski.inmontanis.info\/d\/255706-3\/DSC09560.jpg \/><\/a><br \/>\n^ Hakk\u00e2ri<\/p>\n<p><a href='http:\/\/ski.inmontanis.info\/d\/255711-2\/DSC09561.jpg'><img src=http:\/\/ski.inmontanis.info\/d\/255710-3\/DSC09561.jpg \/><\/a><br \/>\n^ Auffahrt ins Skigebiet Merga B\u00fcte<\/p>\n<p><a href='http:\/\/ski.inmontanis.info\/d\/255715-2\/DSC09563.jpg'><img src=http:\/\/ski.inmontanis.info\/d\/255714-3\/DSC09563.jpg \/><\/a><br \/>\n^ Kurz vorm Parkplatz empf\u00e4ngt uns ein heute leider geschlossener SL ..<\/p>\n<p><a href='http:\/\/ski.inmontanis.info\/d\/255719-2\/DSC09567.jpg'><img src=http:\/\/ski.inmontanis.info\/d\/255718-3\/DSC09567.jpg \/><\/a><br \/>\n^ .. eine in Bau befindliche DSB ..<\/p>\n<p><a href='http:\/\/ski.inmontanis.info\/d\/255723-2\/DSC09570.jpg'><img src=http:\/\/ski.inmontanis.info\/d\/255722-3\/DSC09570.jpg \/><\/a><br \/>\n^ .. ein Parkplatz voller Schulbusse ..<\/p>\n<p><a href='http:\/\/ski.inmontanis.info\/d\/255727-2\/DSC09571.jpg'><img src=http:\/\/ski.inmontanis.info\/d\/255726-3\/DSC09571.jpg \/><\/a><br \/>\n^ .. haufenweise Schulkinder auf Skiern und links noch ein ebenfalls geschlossener Ponylift<\/p>\n<p><a href='http:\/\/ski.inmontanis.info\/d\/255731-2\/DSC09572.jpg'><img src=http:\/\/ski.inmontanis.info\/d\/255730-3\/DSC09572.jpg \/><\/a><br \/>\n^ Der SL ist zwar kurz, s\u00e4he aber nett aus. Schade, dass der zu ist. Und warum man f\u00fcr die Kids nicht mal den Pony-Lift anschmei\u00dft?!<\/p>\n<p>Im Restaurant a\u00dfen wir etwas, zwei gro\u00dfe Portionen K\u00f6fte (Fleischb\u00e4llchen) um g\u00fcnstige 40 Lira (ca. 6,50 \u20ac) &#8211; zusammen, und Wasser und Tee nicht extra berechnet! Nachdem irgendwann klar war, dass sie f\u00fcr uns den Lift nicht anschmeissen w\u00fcrden .. wobei die Verst\u00e4ndigung ja auch schlecht war. Vmtl. reden viele hier nur kurdisch und nicht mal t\u00fcrkisch, aber wenn wir wenigstens etwas t\u00fcrkisch reden w\u00fcrden, k\u00f6nnte man sich schon leichter verst\u00e4ndigen&#8230;<\/p>\n<p><a href='http:\/\/ski.inmontanis.info\/d\/255735-2\/ge20190104c.jpg'><img src=http:\/\/ski.inmontanis.info\/d\/255734-3\/ge20190104c.jpg \/><\/a><br \/>\n^ Sat-Bild vom Skigebiet Merga B\u00fcte; links der SL und rechts die noch unfertige DSB. W\u00e4r schon ein sehr nettes Skigebiet hier.<\/p>\n<p><a href='http:\/\/extra.inmontanis.info\/d\/51191-3\/DSC09577.jpg'><img src=http:\/\/extra.inmontanis.info\/d\/51190-4\/DSC09577.jpg \/><\/a><br \/>\n^ Hakk\u00e2ri<\/p>\n<p><a href='http:\/\/ski.inmontanis.info\/d\/255739-2\/DSC09587.jpg'><img src=http:\/\/ski.inmontanis.info\/d\/255738-3\/DSC09587.jpg \/><\/a><br \/>\n^ Hakk\u00e2ri<\/p>\n<p><a href='http:\/\/ski.inmontanis.info\/d\/255743-2\/DSC09601.jpg'><img src=http:\/\/ski.inmontanis.info\/d\/255742-3\/DSC09601.jpg \/><\/a><br \/>\n^ Schneematsch in Hakk\u00e2ri<\/p>\n<p><a href='http:\/\/extra.inmontanis.info\/d\/51195-3\/DSC09609.jpg'><img src=http:\/\/extra.inmontanis.info\/d\/51194-4\/DSC09609.jpg \/><\/a><br \/>\n^ Hakk\u00e2ri<\/p>\n<p><a href='http:\/\/ski.inmontanis.info\/d\/255747-2\/DSC09610.jpg'><img src=http:\/\/ski.inmontanis.info\/d\/255746-3\/DSC09610.jpg \/><\/a><br \/>\n^ Hakk\u00e2ri<\/p>\n<p><a href='http:\/\/ski.inmontanis.info\/d\/255751-2\/DSC09613.jpg'><img src=http:\/\/ski.inmontanis.info\/d\/255750-3\/DSC09613.jpg \/><\/a><br \/>\n^ Eingeschneite Laster am Stra\u00dfenrand<\/p>\n<p><a href='http:\/\/ski.inmontanis.info\/d\/255755-2\/DSC09616.jpg'><img src=http:\/\/ski.inmontanis.info\/d\/255754-3\/DSC09616.jpg \/><\/a><br \/>\n^ Eine m\u00e4chtige Felswand gegen\u00fcber<\/p>\n<p><a href='http:\/\/ski.inmontanis.info\/d\/255759-2\/DSC09622.jpg'><img src=http:\/\/ski.inmontanis.info\/d\/255758-3\/DSC09622.jpg \/><\/a><br \/>\n^ .. und tiefe T\u00e4ler. Good bye, vielleicht eines Tages kommen wir wieder<\/p>\n<p><a href='http:\/\/ski.inmontanis.info\/d\/255763-2\/ge20190104a.jpg'><img src=http:\/\/ski.inmontanis.info\/d\/255762-3\/ge20190104a.jpg \/><\/a><br \/>\n^ Lage von Hakkari auf dem Sat-Bild<\/p>\n<p><a href='http:\/\/ski.inmontanis.info\/d\/255767-2\/ge20190104b.jpg'><img src=http:\/\/ski.inmontanis.info\/d\/255766-3\/ge20190104b.jpg \/><\/a><br \/>\n^ Lage von Hakkari und dem Skigebiet Merga B\u00fcte auf dem Sat-Bild<\/p>\n<p>Das Tal verl\u00e4uft auf ca. 1260m, Hakkari liegt auf ca. 1600-1800m, das Skigebiet mit der DSB erstreckt sich zwischen ca. 2500-2820m, die hohen Berge direkt neben dem Tal sind ca. 3200-3400m hoch und die Entfernung zum Irak betr\u00e4gt ca. 35 km Luftlinie.<\/p>\n<p><a href='http:\/\/ski.inmontanis.info\/d\/255771-2\/DSC09626.jpg'><img src=http:\/\/ski.inmontanis.info\/d\/255770-3\/DSC09626.jpg \/><\/a><br \/>\n^ Im Tal unter Hakk\u00e2ri, wieder richtung Van<\/p>\n<p><a href='http:\/\/extra.inmontanis.info\/d\/52017-2\/DSC09628.jpg'><img src=http:\/\/extra.inmontanis.info\/d\/52016-3\/DSC09628.jpg \/><\/a><br \/>\n^ M\u00e4chtige, senkrechte Felswand<\/p>\n<p><a href='http:\/\/extra.inmontanis.info\/d\/52021-2\/DSC09629.jpg'><img src=http:\/\/extra.inmontanis.info\/d\/52020-3\/DSC09629.jpg \/><\/a><br \/>\n^ Eiszapfen in den Tunnels<\/p>\n<p>Sowohl vor und um Hakkari, wie auch um den Vansee, hatten wir viele Polizeikontrollen. In der Gegend wird quasi vor jeder Ortschaft kontrolliert &#8211; teilweise die Ausweise, teilweise wird man durchgewunken. Nur gut, dass hier recht wenig Autofahrer unterwegs sind ..<\/p>\n<p>Trincerone w\u00fcnschte sich heute eine \u00dcbernachtung im Hotel Crater, wo wir bei unserer letzten Reise bereits waren. Buchen mit booking ging diesmal nicht, hatten zudem Gl\u00fcck auf g\u00fcnstigere Vor-Ort-Preise (im Vergleich zu der t\u00fcrkischen \u00dcbernachtungsplattform). Das DZ mit \u00dcF kostete ca. 36,- \u20ac, die Gerichte beim Abendessen jeweils ca. 4-5 \u20ac und zumindest meines war sehr lecker.<\/p>\n<p><a href='http:\/\/extra.inmontanis.info\/d\/52025-2\/IMG_20190104_21480222_2x1.jpg'><img src=http:\/\/extra.inmontanis.info\/d\/52024-3\/IMG_20190104_21480222_2x1.jpg \/><\/a><br \/>\n^ Lecker Abendessen im Hotel in Tatvan &#8211; wenn auch diesmal  eher asiatisch oder indisch als t\u00fcrkisch. Au\u00dfer der Salat, Tomaten und Gurken waren typisch f\u00fcr unsere T\u00fcrkeireise heuer.<\/p>\n<p>Heutiger Dashcam-Video-Zusammenschnitt, z.B. mit dem Parkplatz in Abali (ab ca. 0:54) und der Fahrt durch Hakkari (ab ca. 4:50):<br \/>\n<object style=\"height: 500px; width: 900px\"><param name=\"movie\" value=\"http:\/\/www.youtube.com\/v\/nMF1hEHXMi4\"><\/param><param name=\"wmode\" value=\"transparent\"><\/param><embed src=\"http:\/\/www.youtube.com\/v\/nMF1hEHXMi4\" type=\"application\/x-shockwave-flash\" wmode=\"transparent\"  width=\"900\" height=\"480\"><\/embed><\/object><\/p>\n<p>(Fortsetzung folgt.)<\/p>\n","protected":false},"excerpt":{"rendered":"<p>Balkan-T\u00fcrkei-Kaukasus, Tag 14: Fr, 4.1.2019 &#8211; Van &#8211; Hakk\u00e2ri \/ Merga B\u00fcte (km 8.601, Diff. 571 km)<\/p>\n<p>Das Fr\u00fchst\u00fcck im Hilton in Van war sehr gro\u00df, entsprechend satt war ich danach. Heutiges Hauptziel h\u00e4tte das Skigebiet Abali sein sollen. Aber die DSB war heute mal wieder nicht in Betrieb, man sagte aber, morgen sei sie <a href=\"http:\/\/blog.inmontanis.info\/?p=5436\">[&#8230;]<\/a><\/p>\n","protected":false},"author":1,"featured_media":0,"comment_status":"closed","ping_status":"closed","sticky":false,"template":"","format":"standard","meta":{"footnotes":""},"categories":[173,814,815,144],"tags":[36,38,45,47],"class_list":["post-5436","post","type-post","status-publish","format-standard","hentry","category-2019-01-balkan-turkei-kaukasus","category-abali","category-merga-bute","category-turkei","tag-castle","tag-dsb","tag-see","tag-sl","odd"],"_links":{"self":[{"href":"http:\/\/blog.inmontanis.info\/index.php?rest_route=\/wp\/v2\/posts\/5436","targetHints":{"allow":["GET"]}}],"collection":[{"href":"http:\/\/blog.inmontanis.info\/index.php?rest_route=\/wp\/v2\/posts"}],"about":[{"href":"http:\/\/blog.inmontanis.info\/index.php?rest_route=\/wp\/v2\/types\/post"}],"author":[{"embeddable":true,"href":"http:\/\/blog.inmontanis.info\/index.php?rest_route=\/wp\/v2\/users\/1"}],"replies":[{"embeddable":true,"href":"http:\/\/blog.inmontanis.info\/index.php?rest_route=%2Fwp%2Fv2%2Fcomments&post=5436"}],"version-history":[{"count":5,"href":"http:\/\/blog.inmontanis.info\/index.php?rest_route=\/wp\/v2\/posts\/5436\/revisions"}],"predecessor-version":[{"id":5441,"href":"http:\/\/blog.inmontanis.info\/index.php?rest_route=\/wp\/v2\/posts\/5436\/revisions\/5441"}],"wp:attachment":[{"href":"http:\/\/blog.inmontanis.info\/index.php?rest_route=%2Fwp%2Fv2%2Fmedia&parent=5436"}],"wp:term":[{"taxonomy":"category","embeddable":true,"href":"http:\/\/blog.inmontanis.info\/index.php?rest_route=%2Fwp%2Fv2%2Fcategories&post=5436"},{"taxonomy":"post_tag","embeddable":true,"href":"http:\/\/blog.inmontanis.info\/index.php?rest_route=%2Fwp%2Fv2%2Ftags&post=5436"}],"curies":[{"name":"wp","href":"https:\/\/api.w.org\/{rel}","templated":true}]}}