{"id":5431,"date":"2019-01-03T22:29:44","date_gmt":"2019-01-03T21:29:44","guid":{"rendered":"http:\/\/blog.inmontanis.info\/?p=5431"},"modified":"2023-08-05T16:24:19","modified_gmt":"2023-08-05T14:24:19","slug":"palandoken-konakli-3-1-2019","status":"publish","type":"post","link":"http:\/\/blog.inmontanis.info\/?p=5431","title":{"rendered":"Paland\u00f6ken &#038; Konakli, 3.1.2019"},"content":{"rendered":"<p><strong>Balkan-T\u00fcrkei-Kaukasus, Tag 13: Do, 3.1.2019 &#8211; Paland\u00f6ken &#038; Konakli<\/strong> (km 8.030, Diff. 501 km)<\/p>\n<p>Um 6 Uhr stand ich auf, das WLan ging so halbwegs, so dass ich die eher unerfreulichen Wettervorhergsagen der n\u00e4chsten Tage abchecken konnte. Um 7 Uhr geduscht und um 7:30 zum Fr\u00fchst\u00fccken, in den Ballsaal zu einem riesigen (verteilten) Fr\u00fchst\u00fccksbuffet. Nach 8 gesellte sich Trinc dazu und sagte, seine Zimmerkarte ging in der Nacht auch nicht und bekam nochmal zwei neue, so dass meine tats\u00e4chlich auch wieder nicht funktionierten. Was f\u00fcr ein Theater mit diesen Keycards.<\/p>\n<p>Hotelg\u00e4ste d\u00fcrfen die Lifte hier an den unteren Hotels gratis verwenden, aber das gilt nicht f\u00fcr booking.com-G\u00e4ste, die nur \u00dcF gebucht haben. Also lie\u00dfen wir die Lifte links liegen und fuhren ins &#8220;richtige&#8221; Skigebiet hinauf und suchten uns einen &#8220;Spezialparkplatz&#8221;. Die Tageskarte kostete 65,- Lira (ca. 10,50 \u20ac) und galt entgegen der Aussage der Kassierer auch wieder im Skigebiet Konakli. Leider lag sehr wenig Schnee, so dass nur wenig offen war.<\/p>\n<p>Einige Lifte von unserem letzten Besuch waren au\u00dferdem mittlerweile abgebaut, was nicht unbedingt einen guten Eindruck hinterlie\u00df, was die Wiederholbarkeit der Abfahrten anbelangte. Manchmal mag ich ja umst\u00e4ndliche Skigebiete, wenn man z.B. 2 Lifte fahren muss, um eine Abfahrt zu erreichen, aber hier ist es leider doch sehr nervig, wenn man irgendwie gar keinen interessanten Hang nochmal fahren kann, zumindest mit den momentanen Anlagen und dem heutigen Schneestand.<\/p>\n<p>(Fotos anklicken zum Vergr\u00f6\u00dfern)<\/p>\n<p><a href='http:\/\/extra.inmontanis.info\/d\/51239-3\/ge_route6.jpg'><img src=http:\/\/extra.inmontanis.info\/d\/51238-4\/ge_route6.jpg \/><\/a><br \/>\n^ M: Paland\u00f6ken + Konakli<br \/>\nT\u00fcrkis von M bis kurz vor N: Strecke 3.1.2019<\/p>\n<p><a href='http:\/\/ski.inmontanis.info\/d\/255581-2\/DSC09224.jpg'><img src=http:\/\/ski.inmontanis.info\/d\/255580-3\/DSC09224.jpg \/><\/a><br \/>\n^ Unser Parkplatz im oberen Bereich &#8211; Verbotsschild stand keines da, Pistenraupe k\u00e4me auch vorbei, also ..<\/p>\n<p><a href='http:\/\/ski.inmontanis.info\/d\/255585-2\/DSC09227.jpg'><img src=http:\/\/ski.inmontanis.info\/d\/255584-3\/DSC09227.jpg \/><\/a><br \/>\n^ Wg. schneemangels (etwas steinig) noch geschlossene 2. Talabfahrt und die heute geschlossene 4KSB Sektion 1<\/p>\n<p><a href='http:\/\/ski.inmontanis.info\/d\/255589-2\/DSC09231.jpg'><img src=http:\/\/ski.inmontanis.info\/d\/255588-3\/DSC09231.jpg \/><\/a><br \/>\n^ Statt der 4KSB Sektion 1 war heute die 4EUB in kompletter L\u00e4nge in Betrieb; diese hat verschiedenfarbige Gondeln und auch welche mit Werbung.<\/p>\n<p><a href='http:\/\/ski.inmontanis.info\/d\/255593-2\/DSC09232.jpg'><img src=http:\/\/ski.inmontanis.info\/d\/255592-3\/DSC09232.jpg \/><\/a><br \/>\n^ Pistenplan, es hat sich einiges ge\u00e4ndert seit unserem letzten Besuch ..<br \/>\n.. da wo die 1 ist, stand bei unserem letzten Besuch noch die geschlossene Gipfel-DSB, bei der 2 war eine weitere DSB und in Konakli fehlen die beiden Gipfel-4SB ..<\/p>\n<p><a href='http:\/\/ski.inmontanis.info\/d\/255597-2\/DSC09234.jpg'><img src=http:\/\/ski.inmontanis.info\/d\/255596-3\/DSC09234.jpg \/><\/a><br \/>\n^ 4EUB und 4KSB Sektion 1<\/p>\n<p><a href='http:\/\/ski.inmontanis.info\/d\/255601-2\/DSC09235.jpg'><img src=http:\/\/ski.inmontanis.info\/d\/255600-3\/DSC09235.jpg \/><\/a><br \/>\n^ Mittelstation 4EUB<\/p>\n<p><a href='http:\/\/ski.inmontanis.info\/d\/255605-2\/DSC09237.jpg'><img src=http:\/\/ski.inmontanis.info\/d\/255604-3\/DSC09237.jpg \/><\/a><br \/>\n^ Mittelstation 4EUB<\/p>\n<p><a href='http:\/\/ski.inmontanis.info\/d\/255609-2\/DSC09241.jpg'><img src=http:\/\/ski.inmontanis.info\/d\/255608-3\/DSC09241.jpg \/><\/a><br \/>\n^ Entweder ehemalige DSB oder so zur rechten und\/oder Neubau f\u00fcr eine 4SB oder so<\/p>\n<p><a href='http:\/\/ski.inmontanis.info\/d\/255613-2\/DSC09244.jpg'><img src=http:\/\/ski.inmontanis.info\/d\/255612-3\/DSC09244.jpg \/><\/a><br \/>\n^ 4KSB Sektion 3; die fuhr recht sinnloserweise, dennn die Abfahrten waren allesamt geschlossen, die eine im Tal sind wir dann sp\u00e4ter gefahren &#8211; aber dann weiter.<\/p>\n<p><a href='http:\/\/ski.inmontanis.info\/d\/255617-2\/DSC09248.jpg'><img src=http:\/\/ski.inmontanis.info\/d\/255616-3\/DSC09248.jpg \/><\/a><br \/>\n^ Bergstation 4EUB<\/p>\n<p><a href='http:\/\/ski.inmontanis.info\/d\/255621-2\/DSC09249.jpg'><img src=http:\/\/ski.inmontanis.info\/d\/255620-3\/DSC09249.jpg \/><\/a><br \/>\n^ Bei unserem letzten Besuch gab es links von nahe der 4KSB Sektion 3 aus eine DSB auf den Gipfel (die damals nicht offen war), jetzt wird hier eine 4SB oder so von hier aus gebaut<\/p>\n<p><a href='http:\/\/ski.inmontanis.info\/d\/255625-2\/DSC09251.jpg'><img src=http:\/\/ski.inmontanis.info\/d\/255624-3\/DSC09251.jpg \/><\/a><br \/>\n^ Auch diese DSB (South) wurde inzwischen abgebaut ..<\/p>\n<p><a href='http:\/\/ski.inmontanis.info\/d\/255629-2\/DSC09252.jpg'><img src=http:\/\/ski.inmontanis.info\/d\/255628-3\/DSC09252.jpg \/><\/a><br \/>\n^ .. schade, erschlie\u00dft sie doch einen sehr sch\u00f6nen Hang, den man jetzt wieder nur umst\u00e4ndlich erreichen kann.<\/p>\n<p><a href='http:\/\/ski.inmontanis.info\/d\/255633-2\/DSC09254.jpg'><img src=http:\/\/ski.inmontanis.info\/d\/255632-3\/DSC09254.jpg \/><\/a><br \/>\n^ Der SL links war auch noch nicht in Betrieb, die Au\u00dfenrumabfahrt hier die einzige heute von der Bergstation aus ge\u00f6ffnete Piste<\/p>\n<p><a href='http:\/\/ski.inmontanis.info\/d\/255637-3\/DSC09257.jpg'><img src=http:\/\/ski.inmontanis.info\/d\/255636-4\/DSC09257.jpg \/><\/a><br \/>\n^ So ziemlich der einzig interessante Hang der Au\u00dfenrumabfahrt ist am SL<\/p>\n<p><a href='http:\/\/ski.inmontanis.info\/d\/255641-3\/DSC09259.jpg'><img src=http:\/\/ski.inmontanis.info\/d\/255640-4\/DSC09259.jpg \/><\/a><br \/>\n^ Hier verlief bei unserem letzten Besuch noch die DSB South, damals aber wohl auch schon geschlossen<\/p>\n<p><a href='http:\/\/ski.inmontanis.info\/d\/255645-3\/DSC09262.jpg'><img src=http:\/\/ski.inmontanis.info\/d\/255644-4\/DSC09262.jpg \/><\/a><br \/>\n^ Irgendwo von hier aus ging letztes Mal noch eine DSB oder so zur 4EUB-Mittelstation hinauf; die ist jetzt weg, stattdessen wird da vmtl. die zweite 4SB oder so aus Konakli wieder aufgestellt<\/p>\n<p><a href='http:\/\/ski.inmontanis.info\/d\/255649-3\/DSC09267.jpg'><img src=http:\/\/ski.inmontanis.info\/d\/255648-4\/DSC09267.jpg \/><\/a><br \/>\n^ 4EUB unterhalb der Mittelstation, hier und da hats schon ein paar nette H\u00e4nge.<\/p>\n<p><a href='http:\/\/ski.inmontanis.info\/d\/255653-3\/DSC09268.jpg'><img src=http:\/\/ski.inmontanis.info\/d\/255652-4\/DSC09268.jpg \/><\/a><br \/>\n^ 4EUB Sektion 2; links die kurze 4KSB Sektion 2<\/p>\n<p><a href='http:\/\/ski.inmontanis.info\/d\/255657-3\/DSC09269.jpg'><img src=http:\/\/ski.inmontanis.info\/d\/255656-4\/DSC09269.jpg \/><\/a><br \/>\n^ Mittelstation 4EUB<\/p>\n<p><a href='http:\/\/ski.inmontanis.info\/d\/255661-3\/DSC09272.jpg'><img src=http:\/\/ski.inmontanis.info\/d\/255660-4\/DSC09272.jpg \/><\/a><br \/>\n^ 4KSB Sektion 2<\/p>\n<p><a href='http:\/\/ski.inmontanis.info\/d\/255665-3\/DSC09278.jpg'><img src=http:\/\/ski.inmontanis.info\/d\/255664-4\/DSC09278.jpg \/><\/a><br \/>\n^ Mittelstation 4EUB, diesmal mit roter, gr\u00fcner und hellblauer Gondel<\/p>\n<p><a href='http:\/\/ski.inmontanis.info\/d\/255669-3\/DSC09287.jpg'><img src=http:\/\/ski.inmontanis.info\/d\/255668-4\/DSC09287.jpg \/><\/a><\/p>\n<p><a href='http:\/\/ski.inmontanis.info\/d\/255677-3\/ge20190103a.jpg'><img src=http:\/\/ski.inmontanis.info\/d\/255676-4\/ge20190103a.jpg \/><\/a><br \/>\n^ GPS-Track 3.1.2019 in Gelb, vorheriger Besuch in Blau, Rot die seitdem abgebauten Lifte, Orange die im Bau<\/p>\n<p>Immerhin lief diesmal die 4EUB, das war ganz nett. Ansonsten war leider kaum eine brauchbare Abfahrt offen, so dass wir zur Mittagszeit das Feld r\u00e4umten und r\u00fcber nach Konakli fuhren.  Leider war es in Konakli noch langweiliger als vor 3 Jahren, da die steilere KSB noch nicht offen war &#8211; somit nur die beiden flachen. Zu allem \u00dcberdruss wurden auch noch die beiden oberen 4SBs, die einst die interessanteren H\u00e4nge  erschlossen, abgebaut. So wird das nichts mit uns&#8230; Also lie\u00dfen wir auch dieses Skigebiet nach 3 Fahrten bleiben, fuhren an einem D\u00f6nerrestaurant in Erzurum vorbei und dann nun doch zum Vansee, erstmal ostseitig, weil die Wettervorhersagen f\u00fcr insb. Samstag recht sonnig meldeten, im Gegensatz zu den anderen Gegenden in der T\u00fcrkei.<\/p>\n<p><a href='http:\/\/ski.inmontanis.info\/d\/255545-3\/DSC09289.jpg'><img src=http:\/\/ski.inmontanis.info\/d\/255544-4\/DSC09289.jpg \/><\/a><br \/>\n^ In Konakli schaut die Schneelage leider noch d\u00fcrftiger aus<\/p>\n<p><a href='http:\/\/ski.inmontanis.info\/d\/255549-3\/DSC09293.jpg'><img src=http:\/\/ski.inmontanis.info\/d\/255548-4\/DSC09293.jpg \/><\/a><br \/>\n^ Die rechte 4KSB war leider auch wieder nicht in Betrieb, unten raus zu wenig Schnee<\/p>\n<p><a href='http:\/\/ski.inmontanis.info\/d\/255553-3\/DSC09298.jpg'><img src=http:\/\/ski.inmontanis.info\/d\/255552-4\/DSC09298.jpg \/><\/a><br \/>\n^ Die obere flache 4KSB Sektion<\/p>\n<p><a href='http:\/\/ski.inmontanis.info\/d\/255557-3\/DSC09304.jpg'><img src=http:\/\/ski.inmontanis.info\/d\/255556-4\/DSC09304.jpg \/><\/a><br \/>\n^ Beide Gipfel-4SBs wurden mittlerweile abgetragen und sollen in Paland\u00f6ken wieder aufgebaut werden. Damit ist Konakli um vmtl. die interessantesten Lifte\/H\u00e4nge betrogen.<\/p>\n<p><a href='http:\/\/ski.inmontanis.info\/d\/255561-3\/DSC09306.jpg'><img src=http:\/\/ski.inmontanis.info\/d\/255560-4\/DSC09306.jpg \/><\/a><br \/>\n^ Und auch diese 4KSB war heute noch nicht in Betrieb &#8211; die rechte Abfahrt war aber wohl fertig beschneit und man wird bald \u00f6ffnen, wie es scheint.<\/p>\n<p><a href='http:\/\/ski.inmontanis.info\/d\/255565-3\/DSC09307.jpg'><img src=http:\/\/ski.inmontanis.info\/d\/255564-4\/DSC09307.jpg \/><\/a><br \/>\n^ Die untere flache 4KSB<\/p>\n<p><a href='http:\/\/ski.inmontanis.info\/d\/255569-3\/DSC09309.jpg'><img src=http:\/\/ski.inmontanis.info\/d\/255568-4\/DSC09309.jpg \/><\/a><br \/>\n^ Beide flache 4KSB, der Parkplatz befindet sich an der Mittelstation. Ohne Milit\u00e4r w\u00e4r&#8217;s leer.<\/p>\n<p><a href='http:\/\/ski.inmontanis.info\/d\/255573-3\/DSC09313.jpg'><img src=http:\/\/ski.inmontanis.info\/d\/255572-4\/DSC09313.jpg \/><\/a><br \/>\n^ Auf der Zufahrt ins Skigebiet Konakli biegt eine Stra\u00dfe ab ..<\/p>\n<p><a href='http:\/\/ski.inmontanis.info\/d\/255577-3\/DSC09316.jpg'><img src=http:\/\/ski.inmontanis.info\/d\/255576-4\/DSC09316.jpg \/><\/a><br \/>\n^ .. die vermutlich zu diesem SL dort hinten f\u00fchrt. Da lag aber auch nicht genug Schnee. Keine Ahnung, ob der \u00f6ffentlich und noch in Betrieb ist.<\/p>\n<p><a href='http:\/\/ski.inmontanis.info\/d\/255673-3\/ge20190103b.jpg'><img src=http:\/\/ski.inmontanis.info\/d\/255672-4\/ge20190103b.jpg \/><\/a><br \/>\n^ GPS-Track 3.1.2019 in Gelb, vorheriger Besuch in Blau, Rot die seitdem abgebauten Lifte, Magenta die damals wie heute nicht ge\u00f6ffnete KSB<\/p>\n<p><a href='http:\/\/extra.inmontanis.info\/d\/51861-2\/IMG_20190103_14440273_2x1.jpg'><img src=http:\/\/extra.inmontanis.info\/d\/51860-3\/IMG_20190103_14440273_2x1.jpg \/><\/a><br \/>\n^ Nachmittagessen in einem D\u00f6nerrestaurant. Der\/die\/das Ayran ist aber dann doch nicht ganz mein Fall. Das Hammel-, Lamm- oder Schafleisch dagegen schmeckte mir aber ganz gut.<\/p>\n<p><a href='http:\/\/extra.inmontanis.info\/d\/51865-2\/DSC09318.jpg'><img src=http:\/\/extra.inmontanis.info\/d\/51864-3\/DSC09318.jpg \/><\/a><br \/>\n^ Erzurum-Horasan<\/p>\n<p><a href='http:\/\/extra.inmontanis.info\/d\/51869-2\/DSC09347.jpg'><img src=http:\/\/extra.inmontanis.info\/d\/51868-3\/DSC09347.jpg \/><\/a><br \/>\n^ Horasan-Ele\u015fkirt, das St\u00fcck hier sind wir ja gestern schon mal hin und retour gefahren<\/p>\n<p><a href='http:\/\/extra.inmontanis.info\/d\/51873-2\/DSC09350.jpg'><img src=http:\/\/extra.inmontanis.info\/d\/51872-3\/DSC09350.jpg \/><\/a><br \/>\n^ Horasan-Ele\u015fkirt, bald nach dem Pass kam dann Nebel, so dass leider keine Landschaftsfotos mehr sinnvoll waren<\/p>\n<p><a href='http:\/\/extra.inmontanis.info\/d\/51877-2\/DSC09359.jpg'><img src=http:\/\/extra.inmontanis.info\/d\/51876-3\/DSC09359.jpg \/><\/a><br \/>\n^ Do\u011fubayaz\u0131t, egtl. sollte man von hier aus den 5.100m hohen Ararat sehen, aber die Stadt und der beleuchtete Dunst verhinderten jegliche unserer Bem\u00fchungen<\/p>\n<p><a href='http:\/\/extra.inmontanis.info\/d\/51881-3\/DSC09373.jpg'><img src=http:\/\/extra.inmontanis.info\/d\/51880-4\/DSC09373.jpg \/><\/a><br \/>\n^ Do\u011fubayaz\u0131t-Van; Trinc auf der Suche nach dem Ararat.<\/p>\n<p><a href='http:\/\/extra.inmontanis.info\/d\/51885-3\/DSC09383.jpg'><img src=http:\/\/extra.inmontanis.info\/d\/51884-4\/DSC09383.jpg \/><\/a><br \/>\n^ Grenzzone zum Iran<\/p>\n<p><a href='http:\/\/extra.inmontanis.info\/d\/51889-3\/DSC09389.jpg'><img src=http:\/\/extra.inmontanis.info\/d\/51888-4\/DSC09389.jpg \/><\/a><br \/>\n^ Do\u011fubayaz\u0131t-Van, vmtl. bei Tag auch eine nette Landschaft<\/p>\n<p><a href='http:\/\/extra.inmontanis.info\/d\/51893-3\/DSC09391.jpg'><img src=http:\/\/extra.inmontanis.info\/d\/51892-4\/DSC09391.jpg \/><\/a><br \/>\n^ Do\u011fubayaz\u0131t-Van<\/p>\n<p><a href='http:\/\/extra.inmontanis.info\/d\/51897-3\/DSC09393.jpg'><img src=http:\/\/extra.inmontanis.info\/d\/51896-4\/DSC09393.jpg \/><\/a><br \/>\n^ Vansee, n\u00f6rdlicher Bereich<\/p>\n<p><a href='http:\/\/extra.inmontanis.info\/d\/51901-3\/IMG_20190103_22221554_2x1.jpg'><img src=http:\/\/extra.inmontanis.info\/d\/51900-4\/IMG_20190103_22221554_2x1.jpg \/><\/a><br \/>\n^ Abendessen im Hotel, Trinc hatte irgendwelche Hammel- oder Lamm- oder Schaf-Spie\u00dfe<\/p>\n<p><a href='http:\/\/extra.inmontanis.info\/d\/51905-3\/IMG_20190103_22222236_2x1.jpg'><img src=http:\/\/extra.inmontanis.info\/d\/51904-4\/IMG_20190103_22222236_2x1.jpg \/><\/a><br \/>\n^ .. und ich einen Mix Grill. Bis auf die Petersilie (mag ich nicht) war es (wie in der T\u00fcrkei zumeist \u00fcblich), recht lecker.<\/p>\n<p>Das DZ im Hilton kostete um die 53,- \u20ac inkl. Fr\u00fchst\u00fcck; das Abendessen f\u00fcr uns beide zusammen ca. 22,- \u20ac.<\/p>\n<p>(Fortsetzung folgt.)<\/p>\n","protected":false},"excerpt":{"rendered":"<p>Balkan-T\u00fcrkei-Kaukasus, Tag 13: Do, 3.1.2019 &#8211; Paland\u00f6ken &#038; Konakli (km 8.030, Diff. 501 km)<\/p>\n<p>Um 6 Uhr stand ich auf, das WLan ging so halbwegs, so dass ich die eher unerfreulichen Wettervorhergsagen der n\u00e4chsten Tage abchecken konnte. Um 7 Uhr geduscht und um 7:30 zum Fr\u00fchst\u00fccken, in den Ballsaal zu einem riesigen (verteilten) Fr\u00fchst\u00fccksbuffet. Nach <a href=\"http:\/\/blog.inmontanis.info\/?p=5431\">[&#8230;]<\/a><\/p>\n","protected":false},"author":1,"featured_media":0,"comment_status":"closed","ping_status":"closed","sticky":false,"template":"","format":"standard","meta":{"footnotes":""},"categories":[173,807,804,27,144],"tags":[42,49,100,45],"class_list":["post-5431","post","type-post","status-publish","format-standard","hentry","category-2019-01-balkan-turkei-kaukasus","category-konakli","category-palandoken","category-skifahren-winterskiing-winter","category-turkei","tag-4eub","tag-4sb","tag-langzeitbelichtung","tag-see","odd"],"_links":{"self":[{"href":"http:\/\/blog.inmontanis.info\/index.php?rest_route=\/wp\/v2\/posts\/5431","targetHints":{"allow":["GET"]}}],"collection":[{"href":"http:\/\/blog.inmontanis.info\/index.php?rest_route=\/wp\/v2\/posts"}],"about":[{"href":"http:\/\/blog.inmontanis.info\/index.php?rest_route=\/wp\/v2\/types\/post"}],"author":[{"embeddable":true,"href":"http:\/\/blog.inmontanis.info\/index.php?rest_route=\/wp\/v2\/users\/1"}],"replies":[{"embeddable":true,"href":"http:\/\/blog.inmontanis.info\/index.php?rest_route=%2Fwp%2Fv2%2Fcomments&post=5431"}],"version-history":[{"count":3,"href":"http:\/\/blog.inmontanis.info\/index.php?rest_route=\/wp\/v2\/posts\/5431\/revisions"}],"predecessor-version":[{"id":5434,"href":"http:\/\/blog.inmontanis.info\/index.php?rest_route=\/wp\/v2\/posts\/5431\/revisions\/5434"}],"wp:attachment":[{"href":"http:\/\/blog.inmontanis.info\/index.php?rest_route=%2Fwp%2Fv2%2Fmedia&parent=5431"}],"wp:term":[{"taxonomy":"category","embeddable":true,"href":"http:\/\/blog.inmontanis.info\/index.php?rest_route=%2Fwp%2Fv2%2Fcategories&post=5431"},{"taxonomy":"post_tag","embeddable":true,"href":"http:\/\/blog.inmontanis.info\/index.php?rest_route=%2Fwp%2Fv2%2Ftags&post=5431"}],"curies":[{"name":"wp","href":"https:\/\/api.w.org\/{rel}","templated":true}]}}