{"id":5428,"date":"2019-01-02T20:38:58","date_gmt":"2019-01-02T19:38:58","guid":{"rendered":"http:\/\/blog.inmontanis.info\/?p=5428"},"modified":"2019-02-15T20:57:36","modified_gmt":"2019-02-15T19:57:36","slug":"georgien-eleskirt-erzurum-turkei-2-1-2019","status":"publish","type":"post","link":"http:\/\/blog.inmontanis.info\/?p=5428","title":{"rendered":"Georgien-Ele\u015fkirt-Erzurum (T\u00fcrkei), 2.1.2019"},"content":{"rendered":"<p><strong>Balkan-T\u00fcrkei-Kaukasus, Tag 12: Mi, 2.1.2019 &#8211; Georgien-Ele\u015fkirt-Erzurum (T\u00fcrkei)<\/strong> (km 7.529, Diff. 620 km &#8211; wobei wir die letzte Nacht ja durchgefahren sind, also die Trennung 1.\/2.1. eher willk\u00fcrlich ist)<\/p>\n<p>Hauptgrund f\u00fcr die n\u00e4chtliche Nachtdurchfahrt war, dass wir heute nachmittags hoffentlich am Vansee skifahren k\u00f6nnten, denn da wurde noch sonnig gemeldet, bevor es wieder schlechter werden soll. Die Strecke durch Georgien ging in der Nacht soweit gut zu fahren, allerdings war die Grenze in die T\u00fcrkei am fr\u00fchen Morgen recht ausgestorben. Also auf GE-Seite ging&#8217;s (wenn auch etwas unwirsch), aber in der T\u00fcrkei schliefen alle, so dass wir erst mal gar nicht wussten, wie wohin. Als das gekl\u00e4rt war und noch weitere Personen aufgeweckt wurden, mussten wir zudem alle Koffer und Taschen ausr\u00e4umen und r\u00f6ntgen lassen, die Skier runter tun, dann sollte ich durch den R\u00f6ntgen-Scanner fahren, englisch sprach der hier aber nicht und zeigte nur irgendwo hin. Hab&#8217;s dann gefunden und bin durchgefahren, retour, wieder die Sachen eingeladen und dann hat der (eigentlich sehr nette) Z\u00f6llner gemeint, das mit dem Auto beim X-Ray h\u00e4tte nicht funktioniert. Ich hab ihm erkl\u00e4rt, dass ich langsam durchgefahren bin und sonst keiner da war. Das war das Problem, ich h\u00e4tte stehen bleiben sollen und ein anderer h\u00e4tte dann wohl den Scanner \u00fcbers Auto fahren lassen sollen. Der schlief aber wohl im anderen Geb\u00e4ude im 1. Stock &#8211; alles viel umst\u00e4ndlicher als an der t\u00fcrkisch-griechischen Grenze. Wenigstens mussten wir doch nicht nochmal alles ausr\u00e4umen und man lie\u00df und so weiterfahren.<\/p>\n<p>Das Ganze hatte dann in etwa 2 Stunden gedauert und lt. Navi (das jetzt in der T\u00fcrkei wieder funktionierte) war die Fahrzeit nach Tatvan viel zu lang, als dass wir da heute noch h\u00e4tten skifahren k\u00f6nnen. So entschieden wir uns f\u00fcr Eleskirt, wo wir gegen 13 Uhr ankamen &#8211; aber die KSB war nicht ausgaragiert, die Zufahrt nicht mal ger\u00e4umt.. Keine Ahnung, ob die noch geschlossen haben, oder mittlerweile LSAP sind.<\/p>\n<p>Aber Ostanatolien ist landschaftlich im Winter sooo geil. Endlose wei\u00dfe Landschaften, gute und oft 2&#215;2-spurig ausgebaute Stra\u00dfen, sonniger und normalerweise w\u00e4rmer als Nordskandinavien, bergiger als die russische und kasachische Steppe .. schade, dass das hier immer so weit weg von uns ist. Aber sonst w\u00fcrd&#8217;s wohl nicht so sein, wie es eben ist.<\/p>\n<p>(Fotos anklicken zum Vergr\u00f6\u00dfern)<\/p>\n<p><a href='http:\/\/extra.inmontanis.info\/d\/51239-3\/ge_route6.jpg'><img src=http:\/\/extra.inmontanis.info\/d\/51238-4\/ge_route6.jpg \/><\/a><br \/>\n^ Schwarz Baku-(K)-Baku-Tiflis-(L)-(M): Strecke 1.+2.1.2019<br \/>\nL: Ele\u015fkirt<br \/>\nM: Paland\u00f6ken \/ Erzurum<\/p>\n<p><a href='http:\/\/extra.inmontanis.info\/d\/51673-2\/DSC09114.jpg'><img src=http:\/\/extra.inmontanis.info\/d\/51672-3\/DSC09114.jpg \/><\/a><br \/>\n^ Ardahan-Kars (Nach der Grenze schlief ich etwas, daher fehlen ein paar Stunden)<\/p>\n<p><a href='http:\/\/extra.inmontanis.info\/d\/51677-2\/DSC09115.jpg'><img src=http:\/\/extra.inmontanis.info\/d\/51676-3\/DSC09115.jpg \/><\/a><br \/>\n^ Ardahan-Kars<\/p>\n<p><a href='http:\/\/extra.inmontanis.info\/d\/51681-2\/DSC09118.jpg'><img src=http:\/\/extra.inmontanis.info\/d\/51680-3\/DSC09118.jpg \/><\/a><br \/>\n^ Susuz<\/p>\n<p><a href='http:\/\/extra.inmontanis.info\/d\/51685-2\/DSC09121.jpg'><img src=http:\/\/extra.inmontanis.info\/d\/51684-3\/DSC09121.jpg \/><\/a><br \/>\n^ Ardahan-Kars<\/p>\n<p><a href='http:\/\/extra.inmontanis.info\/d\/51689-2\/DSC09122.jpg'><img src=http:\/\/extra.inmontanis.info\/d\/51688-3\/DSC09122.jpg \/><\/a><br \/>\n^ Ardahan-Kars. Hin und wieder h\u00e4tte ich mir ja schon meine Spikereifen gew\u00fcnscht auf dieser Reise.<\/p>\n<p><a href='http:\/\/extra.inmontanis.info\/d\/51693-2\/DSC09124.jpg'><img src=http:\/\/extra.inmontanis.info\/d\/51692-3\/DSC09124.jpg \/><\/a><br \/>\n^ Ardahan-Kars<\/p>\n<p><a href='http:\/\/extra.inmontanis.info\/d\/51167-3\/DSC09126.jpg'><img src=http:\/\/extra.inmontanis.info\/d\/51166-4\/DSC09126.jpg \/><\/a><br \/>\n^ Ardahan-Kars<\/p>\n<p><a href='http:\/\/extra.inmontanis.info\/d\/51697-2\/DSC09131.jpg'><img src=http:\/\/extra.inmontanis.info\/d\/51696-3\/DSC09131.jpg \/><\/a><br \/>\n^ Ardahan-Kars<\/p>\n<p><a href='http:\/\/extra.inmontanis.info\/d\/51701-2\/DSC09132.jpg'><img src=http:\/\/extra.inmontanis.info\/d\/51700-3\/DSC09132.jpg \/><\/a><br \/>\n^ Ardahan-Kars \/ Nicht ganz zugefrorener See<\/p>\n<p><a href='http:\/\/extra.inmontanis.info\/d\/51705-2\/DSC09133.jpg'><img src=http:\/\/extra.inmontanis.info\/d\/51704-3\/DSC09133.jpg \/><\/a><br \/>\n^ Ardahan-Kars<\/p>\n<p><a href='http:\/\/extra.inmontanis.info\/d\/51709-2\/DSC09138.jpg'><img src=http:\/\/extra.inmontanis.info\/d\/51708-3\/DSC09138.jpg \/><\/a><br \/>\n^ Kars-Sar\u0131kam\u0131\u015f<\/p>\n<p><a href='http:\/\/extra.inmontanis.info\/d\/51713-2\/DSC09140.jpg'><img src=http:\/\/extra.inmontanis.info\/d\/51712-3\/DSC09140.jpg \/><\/a><br \/>\n^ Kars-Sar\u0131kam\u0131\u015f<\/p>\n<p><a href='http:\/\/extra.inmontanis.info\/d\/51717-2\/DSC09142.jpg'><img src=http:\/\/extra.inmontanis.info\/d\/51716-3\/DSC09142.jpg \/><\/a><br \/>\n^ Kars-Sar\u0131kam\u0131\u015f<\/p>\n<p><a href='http:\/\/extra.inmontanis.info\/d\/51721-2\/DSC09143.jpg'><img src=http:\/\/extra.inmontanis.info\/d\/51720-3\/DSC09143.jpg \/><\/a><br \/>\n^ Kars-Sar\u0131kam\u0131\u015f<\/p>\n<p><a href='http:\/\/extra.inmontanis.info\/d\/51725-2\/DSC09145.jpg'><img src=http:\/\/extra.inmontanis.info\/d\/51724-3\/DSC09145.jpg \/><\/a><br \/>\n^ Kars-Sar\u0131kam\u0131\u015f, rechts der H\u00fcgel da ist das Skigebiet von Sar\u0131kam\u0131\u015f.<\/p>\n<p><a href='http:\/\/extra.inmontanis.info\/d\/51729-2\/DSC09147.jpg'><img src=http:\/\/extra.inmontanis.info\/d\/51728-3\/DSC09147.jpg \/><\/a><br \/>\n^ Kars-Sar\u0131kam\u0131\u015f<\/p>\n<p><a href='http:\/\/extra.inmontanis.info\/d\/51733-2\/DSC09148.jpg'><img src=http:\/\/extra.inmontanis.info\/d\/51732-3\/DSC09148.jpg \/><\/a><br \/>\n^ Skigebiet Sar\u0131kam\u0131\u015f. Ernsthaft? Nach all der geilen Landschaft ist das Skigebiet ausgerechnet komplett auf einem Wald-H\u00fcgel und hat dann auch noch flache und ggf. modellierte Abfahrten? Schlechter Scherz.<\/p>\n<p><a href='http:\/\/extra.inmontanis.info\/d\/51737-2\/DSC09150.jpg'><img src=http:\/\/extra.inmontanis.info\/d\/51736-3\/DSC09150.jpg \/><\/a><br \/>\n^ Sar\u0131kam\u0131\u015f-Horasan<\/p>\n<p><a href='http:\/\/extra.inmontanis.info\/d\/51741-2\/DSC09152.jpg'><img src=http:\/\/extra.inmontanis.info\/d\/51740-3\/DSC09152.jpg \/><\/a><br \/>\n^ Sar\u0131kam\u0131\u015f-Horasan<\/p>\n<p><a href='http:\/\/extra.inmontanis.info\/d\/51745-2\/DSC09155.jpg'><img src=http:\/\/extra.inmontanis.info\/d\/51744-3\/DSC09155.jpg \/><\/a><br \/>\n^ Sar\u0131kam\u0131\u015f-Horasan<\/p>\n<p><a href='http:\/\/extra.inmontanis.info\/d\/51749-2\/DSC09157.jpg'><img src=http:\/\/extra.inmontanis.info\/d\/51748-3\/DSC09157.jpg \/><\/a><br \/>\n^ Sar\u0131kam\u0131\u015f-Horasan<\/p>\n<p><a href='http:\/\/extra.inmontanis.info\/d\/51753-2\/DSC09160.jpg'><img src=http:\/\/extra.inmontanis.info\/d\/51752-3\/DSC09160.jpg \/><\/a><br \/>\n^ Sar\u0131kam\u0131\u015f-Horasan<\/p>\n<p><a href='http:\/\/extra.inmontanis.info\/d\/51757-2\/DSC09164.jpg'><img src=http:\/\/extra.inmontanis.info\/d\/51756-3\/DSC09164.jpg \/><\/a><br \/>\n^ Eine Abzweigung richtung Iran ist immer nett anzusehen &#8211; und wir nehmen sie auch.<\/p>\n<p><a href='http:\/\/extra.inmontanis.info\/d\/51761-2\/DSC09167.jpg'><img src=http:\/\/extra.inmontanis.info\/d\/51760-3\/DSC09167.jpg \/><\/a><br \/>\n^ Horasan-Ele\u015fkirt<\/p>\n<p><a href='http:\/\/extra.inmontanis.info\/d\/51765-2\/DSC09168.jpg'><img src=http:\/\/extra.inmontanis.info\/d\/51764-3\/DSC09168.jpg \/><\/a><br \/>\n^ Horasan-Ele\u015fkirt<\/p>\n<p><a href='http:\/\/extra.inmontanis.info\/d\/51769-2\/DSC09170.jpg'><img src=http:\/\/extra.inmontanis.info\/d\/51768-3\/DSC09170.jpg \/><\/a><br \/>\n^ Horasan-Ele\u015fkirt<\/p>\n<p><a href='http:\/\/extra.inmontanis.info\/d\/51773-2\/DSC09172.jpg'><img src=http:\/\/extra.inmontanis.info\/d\/51772-3\/DSC09172.jpg \/><\/a><br \/>\n^ Horasan-Ele\u015fkirt<\/p>\n<p><a href='http:\/\/extra.inmontanis.info\/d\/51777-2\/DSC09174.jpg'><img src=http:\/\/extra.inmontanis.info\/d\/51776-3\/DSC09174.jpg \/><\/a><br \/>\n^ Horasan-Ele\u015fkirt<\/p>\n<p><a href='http:\/\/extra.inmontanis.info\/d\/51781-2\/DSC09175.jpg'><img src=http:\/\/extra.inmontanis.info\/d\/51780-3\/DSC09175.jpg \/><\/a><br \/>\n^ Horasan-Ele\u015fkirt<\/p>\n<p><a href='http:\/\/extra.inmontanis.info\/d\/51785-2\/DSC09176.jpg'><img src=http:\/\/extra.inmontanis.info\/d\/51784-3\/DSC09176.jpg \/><\/a><br \/>\n^ Horasan-Ele\u015fkirt<\/p>\n<p><a href='http:\/\/extra.inmontanis.info\/d\/51789-2\/DSC09177.jpg'><img src=http:\/\/extra.inmontanis.info\/d\/51788-3\/DSC09177.jpg \/><\/a><br \/>\n^ Horasan-Ele\u015fkirt<\/p>\n<p><a href='http:\/\/extra.inmontanis.info\/d\/51793-2\/DSC09179.jpg'><img src=http:\/\/extra.inmontanis.info\/d\/51792-3\/DSC09179.jpg \/><\/a><br \/>\n^ Horasan-Ele\u015fkirt<\/p>\n<p><a href='http:\/\/extra.inmontanis.info\/d\/51797-2\/DSC09180.jpg'><img src=http:\/\/extra.inmontanis.info\/d\/51796-3\/DSC09180.jpg \/><\/a><br \/>\n^ Horasan-Ele\u015fkirt<\/p>\n<p><a href='http:\/\/extra.inmontanis.info\/d\/51801-2\/DSC09181.jpg'><img src=http:\/\/extra.inmontanis.info\/d\/51800-3\/DSC09181.jpg \/><\/a><br \/>\n^ Horasan-Ele\u015fkirt<\/p>\n<p><a href='http:\/\/extra.inmontanis.info\/d\/51805-2\/DSC09182.jpg'><img src=http:\/\/extra.inmontanis.info\/d\/51804-3\/DSC09182.jpg \/><\/a><br \/>\n^ Horasan-Ele\u015fkirt<\/p>\n<p><a href='http:\/\/extra.inmontanis.info\/d\/51809-2\/DSC09185.jpg'><img src=http:\/\/extra.inmontanis.info\/d\/51808-3\/DSC09185.jpg \/><\/a><br \/>\n^ Horasan-Ele\u015fkirt<\/p>\n<p><a href='http:\/\/extra.inmontanis.info\/d\/51813-2\/DSC09188.jpg'><img src=http:\/\/extra.inmontanis.info\/d\/51812-3\/DSC09188.jpg \/><\/a><br \/>\n^ Horasan-Ele\u015fkirt<\/p>\n<p><a href='http:\/\/extra.inmontanis.info\/d\/51817-2\/DSC09189.jpg'><img src=http:\/\/extra.inmontanis.info\/d\/51816-3\/DSC09189.jpg \/><\/a><br \/>\n^ Horasan-Ele\u015fkirt<\/p>\n<p><a href='http:\/\/extra.inmontanis.info\/d\/51821-2\/DSC09190.jpg'><img src=http:\/\/extra.inmontanis.info\/d\/51820-3\/DSC09190.jpg \/><\/a><br \/>\n^ Horasan-Ele\u015fkirt<\/p>\n<p><a href='http:\/\/extra.inmontanis.info\/d\/51825-2\/DSC09192.jpg'><img src=http:\/\/extra.inmontanis.info\/d\/51824-3\/DSC09192.jpg \/><\/a><br \/>\n^ Abzweig zu einem Bergdorf oder so?<\/p>\n<p><a href='http:\/\/extra.inmontanis.info\/d\/51829-2\/DSC09196.jpg'><img src=http:\/\/extra.inmontanis.info\/d\/51828-3\/DSC09196.jpg \/><\/a><br \/>\n^ Skigebiet von Ele\u015fkirt, die Zufahrt ist alles andere als ger\u00e4umt, da geht nix.<\/p>\n<p><a href='http:\/\/extra.inmontanis.info\/d\/51833-2\/DSC09201.jpg'><img src=http:\/\/extra.inmontanis.info\/d\/51832-3\/DSC09201.jpg \/><\/a><br \/>\n^ Skigebiet von Ele\u015fkirt. Schaut eigentlich recht nett aus, zwar auch flach aber viele Offpistem\u00f6glichkeiten.<\/p>\n<p><a href='http:\/\/extra.inmontanis.info\/d\/51837-2\/DSC09202.jpg'><img src=http:\/\/extra.inmontanis.info\/d\/51836-3\/DSC09202.jpg \/><\/a><br \/>\n^ Skigebiet von Ele\u015fkirt.<\/p>\n<p>Jedenfalls gab es keine zeitlich passende Alternative mehr, die man von hier aus anfahren k\u00f6nnte. Trinc checkte kurz die Wettervorhersagen am Handy, Vansee ist morgen und \u00fcbermorgen leider nicht lohnenswert. \u00dcberhaupt wird an allen Ecken der T\u00fcrkei f\u00fcr die n\u00e4chsten Tage Schnee und jedenfalls keine Sonne gemeldet. W\u00e4ren wir mal besser noch ein, zwei Tage in AZ+GE geblieben?<\/p>\n<p>Trocken sollte es morgen um Erzurum bleiben, also wollten wir halt zur Not (die werden wohl offen sein) nochmal Paland\u00f6ken und\/oder Konakli probieren. Gab allerdings kaum Hotels zur Auswahl (erst recht keine g\u00fcnstigen) und so entschied sich Trinc f\u00fcr das Polat-Hotel um 100,- f\u00fcr&#8217;s DZ mit Fr\u00fchst\u00fcck. <\/p>\n<p><a href='http:\/\/extra.inmontanis.info\/d\/51841-2\/DSC09203.jpg'><img src=http:\/\/extra.inmontanis.info\/d\/51840-3\/DSC09203.jpg \/><\/a><br \/>\n^ Ele\u015fkirt-Horasan<\/p>\n<p><a href='http:\/\/extra.inmontanis.info\/d\/51171-3\/DSC09205.jpg'><img src=http:\/\/extra.inmontanis.info\/d\/51170-4\/DSC09205.jpg \/><\/a><br \/>\n^ Ele\u015fkirt-Horasan<\/p>\n<p><a href='http:\/\/extra.inmontanis.info\/d\/51845-2\/DSC09207.jpg'><img src=http:\/\/extra.inmontanis.info\/d\/51844-3\/DSC09207.jpg \/><\/a><br \/>\n^ Ele\u015fkirt-Horasan<\/p>\n<p><a href='http:\/\/extra.inmontanis.info\/d\/51849-2\/DSC09208.jpg'><img src=http:\/\/extra.inmontanis.info\/d\/51848-3\/DSC09208.jpg \/><\/a><br \/>\n^ Ele\u015fkirt-Horasan<\/p>\n<p><a href='http:\/\/extra.inmontanis.info\/d\/51853-2\/DSC09210.jpg'><img src=http:\/\/extra.inmontanis.info\/d\/51852-3\/DSC09210.jpg \/><\/a><br \/>\n^ Ele\u015fkirt-Horasan<\/p>\n<p><a href='http:\/\/extra.inmontanis.info\/d\/51857-2\/DSC09212.jpg'><img src=http:\/\/extra.inmontanis.info\/d\/51856-3\/DSC09212.jpg \/><\/a><br \/>\n^ Ele\u015fkirt-Horasan. Ist auch retour geil.<\/p>\n<p>Auf dem Weg besuchten wir noch ein D\u00f6ner-Restaurant (nicht so wie bei uns ein D\u00f6ner-Takeaway) und in Erzurum lie\u00dfen wir noch das Auto abspritzen &#8211; das hat gerade mal 2 Lira, also ca. 33 Cent gekostet :)<\/p>\n<p>Bl\u00f6derweise ist das Hotel im unteren Skigebietsteil von Paland\u00f6ken, was zumindest bei unserem letzten Besuch eigenst\u00e4ndig war, mit Fangz\u00e4unen und modellierten Waldabfahrten langweilig aussah und womit wir somit morgen fr\u00fch wohl nicht mit den Skiern vom Hotel wegfahren k\u00f6nnen. Wetterm\u00e4\u00dfig wird es wohl eh nix besonderes werden und dem Blick von unten nach hat es nicht gerade viel Schnee oben. Als wir nach 17 Uhr im Hotel ankamen, liefen die direkten Lifte noch und die Beleuchtung wurde eingeschaltet. Hatte aber null Bock mir f\u00fcr diese Pisten jetzt einen Nachtskipass zu kaufen.<\/p>\n<p>Auch Zimmerkartenm\u00e4\u00dfig wurden wir sehr ge\u00e4rgert, bekamen 2 St\u00fcck, Trinc ging in die Lobby, weil er da noch ein paar Stunden arbeiten wollte, ich zum Auto, holte die Sachen, schleppte sie rauf ins Zimmer, ist das ein Doppelbett, statt der gebuchten zwei Betten. Mit den Sachen wieder runter und zu Trinc, der gab mir eine andere Keycard, wieder rauf mit den Sachen, geht die Keycard nicht, wieder mit den ganzen Sachen runter, dann vom Rezpetionisten 2 Keycards bekommen, eine davon ging dann. Na nerv. WLan ging im Zimmer auch nicht, also kann ich auch keine weiteren Planungen machen. Das nervt ja noch mehr. Da ist man einmal so fr\u00fch im Hotel und h\u00e4tte Zeit daf\u00fcr und dann das. Aus Boykottgr\u00fcnden verzichtete ich dann, hier noch Geld f\u00fcr ein Abendessen auszugeben. Au\u00dferdem war ich eh so m\u00fcde und ging daher zwischen 19 und 20 Uhr ins Bett und stellte mir die Wecker auf 5.30-6.15, in der Hoffnung, das Internet w\u00fcrde dann gehen. Trinc arbeite wohl noch so bis halb drei Uhr in der Lobby oder Bar an seinem PC, bevor er sich ins Zimmer schlich. Wobei auch seine Keycard nicht mehr ging und er wieder zwei neue bekam, womit dann meine wieder entwertet wurden, was ich nat\u00fcrlich nicht wusste, also so ein M\u00fcll. <\/p>\n<p><a href='http:\/\/ski.inmontanis.info\/d\/255529-2\/DSC09215_001.jpg'><img src=http:\/\/ski.inmontanis.info\/d\/255528-3\/DSC09215_001.jpg \/><\/a><br \/>\n^ Das untere Skigebiet von Paland\u00f6ken, die Lifte hier geh\u00f6ren zu den beiden Hotels<\/p>\n<p><a href='http:\/\/ski.inmontanis.info\/d\/255533-2\/DSC09216.jpg'><img src=http:\/\/ski.inmontanis.info\/d\/255532-3\/DSC09216.jpg \/><\/a><br \/>\n^ Polat Hotel, unser heutiges Nachtziel<\/p>\n<p><a href='http:\/\/ski.inmontanis.info\/d\/255537-2\/DSC09219.jpg'><img src=http:\/\/ski.inmontanis.info\/d\/255536-3\/DSC09219.jpg \/><\/a><br \/>\n^ N\u00e4chtliches Erzurum, vom Hotelzimmer<\/p>\n<p><a href='http:\/\/ski.inmontanis.info\/d\/255541-2\/DSC09221.jpg'><img src=http:\/\/ski.inmontanis.info\/d\/255540-3\/DSC09221.jpg \/><\/a><br \/>\n^ N\u00e4chtliches Erzurum (ca. 780.000 Einwohner), vom Hotelzimmer<\/p>\n<p>Heutiger Dashcam-Video-Zusammenschnitt, etwas l\u00e4nger und sehenswerter aufgrund der vielen tollen Landschaften:<br \/>\n<object style=\"height: 500px; width: 900px\"><param name=\"movie\" value=\"http:\/\/www.youtube.com\/v\/8binsP5t3BA\"><\/param><param name=\"wmode\" value=\"transparent\"><\/param><embed src=\"http:\/\/www.youtube.com\/v\/8binsP5t3BA\" type=\"application\/x-shockwave-flash\" wmode=\"transparent\"  width=\"900\" height=\"480\"><\/embed><\/object><\/p>\n<p>(Fortsetzung folgt.)<\/p>\n","protected":false},"excerpt":{"rendered":"<p>Balkan-T\u00fcrkei-Kaukasus, Tag 12: Mi, 2.1.2019 &#8211; Georgien-Ele\u015fkirt-Erzurum (T\u00fcrkei) (km 7.529, Diff. 620 km &#8211; wobei wir die letzte Nacht ja durchgefahren sind, also die Trennung 1.\/2.1. eher willk\u00fcrlich ist)<\/p>\n<p>Hauptgrund f\u00fcr die n\u00e4chtliche Nachtdurchfahrt war, dass wir heute nachmittags hoffentlich am Vansee skifahren k\u00f6nnten, denn da wurde noch sonnig gemeldet, bevor es wieder schlechter werden <a href=\"http:\/\/blog.inmontanis.info\/?p=5428\">[&#8230;]<\/a><\/p>\n","protected":false},"author":1,"featured_media":0,"comment_status":"closed","ping_status":"closed","sticky":false,"template":"","format":"standard","meta":{"footnotes":""},"categories":[173,144],"tags":[100,45],"class_list":["post-5428","post","type-post","status-publish","format-standard","hentry","category-2019-01-balkan-turkei-kaukasus","category-turkei","tag-langzeitbelichtung","tag-see","odd"],"_links":{"self":[{"href":"http:\/\/blog.inmontanis.info\/index.php?rest_route=\/wp\/v2\/posts\/5428","targetHints":{"allow":["GET"]}}],"collection":[{"href":"http:\/\/blog.inmontanis.info\/index.php?rest_route=\/wp\/v2\/posts"}],"about":[{"href":"http:\/\/blog.inmontanis.info\/index.php?rest_route=\/wp\/v2\/types\/post"}],"author":[{"embeddable":true,"href":"http:\/\/blog.inmontanis.info\/index.php?rest_route=\/wp\/v2\/users\/1"}],"replies":[{"embeddable":true,"href":"http:\/\/blog.inmontanis.info\/index.php?rest_route=%2Fwp%2Fv2%2Fcomments&post=5428"}],"version-history":[{"count":2,"href":"http:\/\/blog.inmontanis.info\/index.php?rest_route=\/wp\/v2\/posts\/5428\/revisions"}],"predecessor-version":[{"id":5430,"href":"http:\/\/blog.inmontanis.info\/index.php?rest_route=\/wp\/v2\/posts\/5428\/revisions\/5430"}],"wp:attachment":[{"href":"http:\/\/blog.inmontanis.info\/index.php?rest_route=%2Fwp%2Fv2%2Fmedia&parent=5428"}],"wp:term":[{"taxonomy":"category","embeddable":true,"href":"http:\/\/blog.inmontanis.info\/index.php?rest_route=%2Fwp%2Fv2%2Fcategories&post=5428"},{"taxonomy":"post_tag","embeddable":true,"href":"http:\/\/blog.inmontanis.info\/index.php?rest_route=%2Fwp%2Fv2%2Ftags&post=5428"}],"curies":[{"name":"wp","href":"https:\/\/api.w.org\/{rel}","templated":true}]}}