{"id":5414,"date":"2019-02-02T21:08:55","date_gmt":"2019-02-02T20:08:55","guid":{"rendered":"http:\/\/blog.inmontanis.info\/?p=5414"},"modified":"2023-07-30T18:59:08","modified_gmt":"2023-07-30T16:59:08","slug":"wendelstein-2-2-2019","status":"publish","type":"post","link":"http:\/\/blog.inmontanis.info\/?p=5414","title":{"rendered":"Wendelstein, 2.2.2019"},"content":{"rendered":"<p>Das Wochenende sollte leider nur am Samstag brauchbares Wetter geben, weshalb ich mich am Sonntag f\u00fcr einen skilosen Arbeitshalbtag entschied. Am Samstag stand entweder Wendelstein oder Disentis am Plan. Die Wettervorhersagen waren f\u00fcr beide recht \u00e4hnlich, bew\u00f6lkt mit vielleicht etwas Sonne. Tendenziell waren die Vorhersagen f\u00fcrn Wendelstein etwas besser und die n\u00e4chtliche Webcam zeigte um 5 Uhr Hochbew\u00f6lkung am Wendelstein und Nebel in Disentis. Um 7 Uhr sah es leider anders aus, aber da war es mir f\u00fcr eine Fahrt nach Disentis schon zu sp\u00e4t (ca. 3,5h) &#8211; am Wendelstein war&#8217;s jetzt neblig. Als ich dann fuhr, regnete es von Innsbruck bis zum Zahnradbahn-Bahnhof in Brannenburg und unten lag bereits nicht mehr genug Schnee, um mit den Skiern bis runter zu fahren. <\/p>\n<p>Um 9 Uhr fuhr die erste Bahn, oben gab&#8217;s dann erst mal starken Schneefall. Na super. Paar mal SL gefahren und zur PB runter &#8211; da hatte es aufgehellt, aber die Piste im Mittelteil sehr pappig durch den Neuschnee. Unten gings dann wieder besser. Nach meiner ersten ZRB-Abfahrt war dann leider wieder dichter Nebel (au\u00dfer unterer Teil der PB-Abfahrt) und die Pappschnee-Schicht wanderte etwas nach oben. Bin dann in Summe jeweils 3x die West- und Ostabfahrt, sowie die Pisten und ein paar Offpistevarianten an den SL gefahren, so dass ich also bis zum Schluss geblieben bin, weich war der Schnee aber \u00fcberall.<\/p>\n<p><a href='http:\/\/ski.inmontanis.info\/d\/255017-2\/DSC00982.jpg'><img src=http:\/\/ski.inmontanis.info\/d\/255016-3\/DSC00982.jpg \/><\/a><br \/>\n^ Schneefr\u00e4se<\/p>\n<p><a href='http:\/\/ski.inmontanis.info\/d\/255021-2\/DSC00986.jpg'><img src=http:\/\/ski.inmontanis.info\/d\/255020-3\/DSC00986.jpg \/><\/a><br \/>\n^ Talabfahrt PB<\/p>\n<p><a href='http:\/\/ski.inmontanis.info\/d\/255025-2\/DSC00987.jpg'><img src=http:\/\/ski.inmontanis.info\/d\/255024-3\/DSC00987.jpg \/><\/a><br \/>\n^ Schneemassen an der Bergstation (Fu\u00dfweg PB zur Abfahrt)<\/p>\n<p><a href='http:\/\/ski.inmontanis.info\/d\/255029-2\/DSC00988.jpg'><img src=http:\/\/ski.inmontanis.info\/d\/255028-3\/DSC00988.jpg \/><\/a><br \/>\n^ Schneemassen an der PB-Bergstation \/ Restaurant<\/p>\n<p><a href='http:\/\/ski.inmontanis.info\/d\/255033-2\/DSC00991.jpg'><img src=http:\/\/ski.inmontanis.info\/d\/255032-3\/DSC00991.jpg \/><\/a><br \/>\n^ Der steile Starthang<\/p>\n<p><a href='http:\/\/ski.inmontanis.info\/d\/255037-2\/DSC00992.jpg'><img src=http:\/\/ski.inmontanis.info\/d\/255036-3\/DSC00992.jpg \/><\/a><br \/>\n^ Ausgang von der ZRB<\/p>\n<p><a href='http:\/\/ski.inmontanis.info\/d\/255041-2\/DSC00994.jpg'><img src=http:\/\/ski.inmontanis.info\/d\/255040-3\/DSC00994.jpg \/><\/a><br \/>\n^ Schneemassen<\/p>\n<p><a href='http:\/\/ski.inmontanis.info\/d\/255045-2\/DSC00995.jpg'><img src=http:\/\/ski.inmontanis.info\/d\/255044-3\/DSC00995.jpg \/><\/a><br \/>\n^ Gipfelbild<\/p>\n<p><a href='http:\/\/ski.inmontanis.info\/d\/255049-2\/DSC00996.jpg'><img src=http:\/\/ski.inmontanis.info\/d\/255048-3\/DSC00996.jpg \/><\/a><br \/>\n^ Der steile Starthang<\/p>\n<p><a href='http:\/\/ski.inmontanis.info\/d\/255053-2\/DSC00998.jpg'><img src=http:\/\/ski.inmontanis.info\/d\/255052-3\/DSC00998.jpg \/><\/a><br \/>\n^ .. und der Blick zum Lacher-SL<\/p>\n<p><a href='http:\/\/ski.inmontanis.info\/d\/255057-2\/DSC01003.jpg'><img src=http:\/\/ski.inmontanis.info\/d\/255056-3\/DSC01003.jpg \/><\/a><br \/>\n^ Pano mit SL Lacher<\/p>\n<p><a href='http:\/\/ski.inmontanis.info\/d\/255061-2\/DSC01004.jpg'><img src=http:\/\/ski.inmontanis.info\/d\/255060-3\/DSC01004.jpg \/><\/a><br \/>\n^ Gipfelbild<\/p>\n<p><a href='http:\/\/ski.inmontanis.info\/d\/255065-2\/DSC01005.jpg'><img src=http:\/\/ski.inmontanis.info\/d\/255064-3\/DSC01005.jpg \/><\/a><br \/>\n^ SL Bockstein<\/p>\n<p><a href='http:\/\/ski.inmontanis.info\/d\/255069-2\/DSC01006.jpg'><img src=http:\/\/ski.inmontanis.info\/d\/255068-3\/DSC01006.jpg \/><\/a><br \/>\n^ SL Bockstein. W\u00e4hrend man vor ein paar Jahren die unteren St\u00fctzen ersetzen musste ..<\/p>\n<p><a href='http:\/\/ski.inmontanis.info\/d\/255073-2\/DSC01007.jpg'><img src=http:\/\/ski.inmontanis.info\/d\/255072-3\/DSC01007.jpg \/><\/a><br \/>\n^ .. stehen oben noch 2 alte Portalst\u00fctzen, wenn auch etwas verschoben.<\/p>\n<p><a href='http:\/\/ski.inmontanis.info\/d\/255077-2\/DSC01009.jpg'><img src=http:\/\/ski.inmontanis.info\/d\/255076-3\/DSC01009.jpg \/><\/a><br \/>\n^ PB<\/p>\n<p><a href='http:\/\/ski.inmontanis.info\/d\/255081-2\/DSC01010.jpg'><img src=http:\/\/ski.inmontanis.info\/d\/255080-3\/DSC01010.jpg \/><\/a><br \/>\n^ SL Bockstein<\/p>\n<p><a href='http:\/\/ski.inmontanis.info\/d\/255085-2\/DSC01011.jpg'><img src=http:\/\/ski.inmontanis.info\/d\/255084-3\/DSC01011.jpg \/><\/a><br \/>\n^ Ostabfahrt (ZRB)<\/p>\n<p><a href='http:\/\/ski.inmontanis.info\/d\/255089-2\/DSC01012.jpg'><img src=http:\/\/ski.inmontanis.info\/d\/255088-3\/DSC01012.jpg \/><\/a><br \/>\n^ Ostabfahrt (ZRB)<\/p>\n<p><a href='http:\/\/ski.inmontanis.info\/d\/255093-2\/DSC01015.jpg'><img src=http:\/\/ski.inmontanis.info\/d\/255092-3\/DSC01015.jpg \/><\/a><br \/>\n^ Ostabfahrt (ZRB). Mit der tollen Talskiroute am Rochers-de-Naye-Skigebiet kann sie m.E. weder von der Steilheit noch sonst wie mithalten. Offpiste-variantenfahrer m\u00f6gen das vielleicht anders sehen.<\/p>\n<p><a href='http:\/\/ski.inmontanis.info\/d\/255097-2\/DSC01022.jpg'><img src=http:\/\/ski.inmontanis.info\/d\/255096-3\/DSC01022.jpg \/><\/a><br \/>\n^ Offpiste am SL Lacher<\/p>\n<p><a href='http:\/\/ski.inmontanis.info\/d\/255101-2\/DSC01023.jpg'><img src=http:\/\/ski.inmontanis.info\/d\/255100-3\/DSC01023.jpg \/><\/a><br \/>\n^ Nach dem Nebel gab&#8217;s kurz vor Betriebsschluss nochmal etwas besseres Wetter. (SL Lacher)<\/p>\n<p><a href='http:\/\/ski.inmontanis.info\/d\/255105-2\/DSC01024.jpg'><img src=http:\/\/ski.inmontanis.info\/d\/255104-3\/DSC01024.jpg \/><\/a><br \/>\n^ SL Lacher<\/p>\n<p><a href='http:\/\/ski.inmontanis.info\/d\/255109-2\/DSC01026.jpg'><img src=http:\/\/ski.inmontanis.info\/d\/255108-3\/DSC01026.jpg \/><\/a><br \/>\n^ Die wie \u00fcblich offiziell geschlossene Abfahrt nach Aipl ..<\/p>\n<p><a href='http:\/\/ski.inmontanis.info\/d\/255113-2\/DSC01028.jpg'><img src=http:\/\/ski.inmontanis.info\/d\/255112-3\/DSC01028.jpg \/><\/a><br \/>\n^ Die wie \u00fcblich offiziell geschlossene Abfahrt nach Aipl &#8211; gef\u00e4llt mir immer am besten. Daf\u00fcr kann ich mit der PB-Abfahrt immer weniger anfangen. Etliche Flachst\u00fccke, dazu das Gelaufe oben. Wobei ja auch die ZRB-Abfahrt Flachst\u00fccke mit Gegenanstiegen und Schieben hat. Also, so in Summe betrachtet, gef\u00e4llt mir die Kampenwand mit dem ESL irgendwie besser.<\/p>\n<p><a href='http:\/\/ski.inmontanis.info\/d\/255117-2\/DSC01032.jpg'><img src=http:\/\/ski.inmontanis.info\/d\/255116-3\/DSC01032.jpg \/><\/a><br \/>\n^ Die meisten (Jugendlichen) fuhren weiter ins Tal, mit mir stiegen hier in Aipl nur 3 ein, um mit der letzten ZRB (16:15) ins Tal zu fahren. Und hier wurde ich heute nicht das erste Mal auf meine Carpani Nostalgiefoto-Ski angesprochen.<\/p>\n<p><a href='http:\/\/ski.inmontanis.info\/d\/255121-2\/DSC01033.jpg'><img src=http:\/\/ski.inmontanis.info\/d\/255120-3\/DSC01033.jpg \/><\/a><br \/>\n^ Tja, keine Ahnung, irgendwo muss ich mal mit der Schnalle h\u00e4ngen geblieben sein und sie ausgerissen haben. Sp\u00e4testens bis zum Nassschnee im Fr\u00fchjahr sollte ich das reparieren lassen..<\/p>\n","protected":false},"excerpt":{"rendered":"<p>Das Wochenende sollte leider nur am Samstag brauchbares Wetter geben, weshalb ich mich am Sonntag f\u00fcr einen skilosen Arbeitshalbtag entschied. Am Samstag stand entweder Wendelstein oder Disentis am Plan. Die Wettervorhersagen waren f\u00fcr beide recht \u00e4hnlich, bew\u00f6lkt mit vielleicht etwas Sonne. Tendenziell waren die Vorhersagen f\u00fcrn Wendelstein etwas besser und die n\u00e4chtliche Webcam zeigte um <a href=\"http:\/\/blog.inmontanis.info\/?p=5414\">[&#8230;]<\/a><\/p>\n","protected":false},"author":1,"featured_media":0,"comment_status":"closed","ping_status":"closed","sticky":false,"template":"","format":"standard","meta":{"footnotes":""},"categories":[12,59,25,27,280],"tags":[52,47,41],"class_list":["post-5414","post","type-post","status-publish","format-standard","hentry","category-germany","category-nostalgie","category-noreport","category-skifahren-winterskiing-winter","category-wendelstein","tag-pb","tag-sl","tag-zahnradbahn","odd"],"_links":{"self":[{"href":"http:\/\/blog.inmontanis.info\/index.php?rest_route=\/wp\/v2\/posts\/5414","targetHints":{"allow":["GET"]}}],"collection":[{"href":"http:\/\/blog.inmontanis.info\/index.php?rest_route=\/wp\/v2\/posts"}],"about":[{"href":"http:\/\/blog.inmontanis.info\/index.php?rest_route=\/wp\/v2\/types\/post"}],"author":[{"embeddable":true,"href":"http:\/\/blog.inmontanis.info\/index.php?rest_route=\/wp\/v2\/users\/1"}],"replies":[{"embeddable":true,"href":"http:\/\/blog.inmontanis.info\/index.php?rest_route=%2Fwp%2Fv2%2Fcomments&post=5414"}],"version-history":[{"count":4,"href":"http:\/\/blog.inmontanis.info\/index.php?rest_route=\/wp\/v2\/posts\/5414\/revisions"}],"predecessor-version":[{"id":5418,"href":"http:\/\/blog.inmontanis.info\/index.php?rest_route=\/wp\/v2\/posts\/5414\/revisions\/5418"}],"wp:attachment":[{"href":"http:\/\/blog.inmontanis.info\/index.php?rest_route=%2Fwp%2Fv2%2Fmedia&parent=5414"}],"wp:term":[{"taxonomy":"category","embeddable":true,"href":"http:\/\/blog.inmontanis.info\/index.php?rest_route=%2Fwp%2Fv2%2Fcategories&post=5414"},{"taxonomy":"post_tag","embeddable":true,"href":"http:\/\/blog.inmontanis.info\/index.php?rest_route=%2Fwp%2Fv2%2Ftags&post=5414"}],"curies":[{"name":"wp","href":"https:\/\/api.w.org\/{rel}","templated":true}]}}