{"id":5410,"date":"2019-01-31T20:41:33","date_gmt":"2019-01-31T19:41:33","guid":{"rendered":"http:\/\/blog.inmontanis.info\/?p=5410"},"modified":"2023-07-30T18:48:30","modified_gmt":"2023-07-30T16:48:30","slug":"kampenwand-oberaudorf-nachtski-31-1-2019","status":"publish","type":"post","link":"http:\/\/blog.inmontanis.info\/?p=5410","title":{"rendered":"Kampenwand + Oberaudorf (Nachtski), 31.1.2019"},"content":{"rendered":"<p>Hatte mir diese Woche vogenommen, einen halben Tag (d.h. ab 12 Uhr) frei zu nehmen, um Ski fahren zu gehen &#8211; erst recht bei den schlechten Wettervorhersagen f\u00fcrs WE. Donnerstag Nachmittag war dann die sonnigste Vorhersage und ich wollte zum Wendelstein fahren, mich allerdings auf die PB-Abfahrt konzentrieren.<\/p>\n<p>Um 13:21 kam ich am Parkplatz der PB an, leider hab ich nicht damit gerechnet, dass hier Parkgeb\u00fchren sind. Bekommt man beim Kauf von Skip\u00e4ssen lt. Aushang r\u00fcckerstattet, wie auch immer das dann mit den 5-Berge-Karten funktioniert, wenn \u00fcberhaupt. Jedenfalls musste ich also erst mal am Automat bezahlen und ging nebenbei davon aus, dass die halbst\u00fcndliche Fahrweise der PB um :00 und :30 sein w\u00fcrde (was ein Irrtum war, wie ich am Samstag merkte, sie f\u00e4hrt um :15 und :45 mit Abschluss 16:00), so dass ich also meinte, kaum Zeit zu haben um mich mit dem Automaten rumzu\u00e4rgern. Mindesttarif 3,- f\u00fcr 12h oder 0,5h gratis. Bl\u00f6derweise hatte ich die 3,- heute morgen beim B\u00e4cker ausgegeben. Aber der Automat akzeptiert ja auch &#8220;EC&#8221;-Karten. Hm, vielleicht die deutschen, meine nicht. Reingesteckt, &#8220;Karte entnehmen&#8221;, getan, &#8220;blaue Taste dr\u00fccken&#8221;. H\u00e4? Ich seh nur silberne und eine gr\u00fcne Taste. Nach ein paar Tests (das 0.5h gratis Ticket wurde ausgedruckt) hab ich dann die als blau bezeichnete Taste gefunden. 3,- parken bis 01:29. Gr\u00fcne Taste. &#8220;Bezahlvorgang abgebrochen&#8221;. Was, warum denn?! noch 2x probiert und dann genervt abgefahren, leck mich doch du bl\u00f6der Parkautomat.<\/p>\n<p>Alternatives Ziel? ZRB macht um die Zeit keinen Sinn mehr. Also dann eben wieder Kampenwand, wo ich um 14:30 ankam &#8211; leider war der ESL heute nicht in Betrieb, was ja doch irgendwie die interessantesten Abfahrten sind. Aber im Wald am SL war&#8217;s dann auch ganz spa\u00dfig. SL f\u00e4hrt bis 16h, 4ZUB bis 16:30, somit konnte ich etwas l\u00e4nger fahren als am Wendelstein. Wobei die Talabfahrt die letzten 2 Wochen wohl auch nicht pr\u00e4pariert wurde und weiterhin sehr eisig ist.<\/p>\n<p><a href='http:\/\/ski.inmontanis.info\/d\/255181-2\/DSC00929.jpg'><img src=http:\/\/ski.inmontanis.info\/d\/255180-3\/DSC00929.jpg \/><\/a><br \/>\n^ ESL heute leider nicht in Betrieb<\/p>\n<p><a href='http:\/\/ski.inmontanis.info\/d\/255185-2\/DSC00931.jpg'><img src=http:\/\/ski.inmontanis.info\/d\/255184-3\/DSC00931.jpg \/><\/a><br \/>\n^ ESL (mit Chiemsee) heute leider nicht in Betrieb<\/p>\n<p><a href='http:\/\/ski.inmontanis.info\/d\/255189-2\/DSC00932_001.jpg'><img src=http:\/\/ski.inmontanis.info\/d\/255188-3\/DSC00932_001.jpg \/><\/a><br \/>\n^ Offpiste-Starthang am SL<\/p>\n<p><a href='http:\/\/ski.inmontanis.info\/d\/255193-2\/DSC00936.jpg'><img src=http:\/\/ski.inmontanis.info\/d\/255192-3\/DSC00936.jpg \/><\/a><br \/>\n^ Offpiste am SL<\/p>\n<p><a href='http:\/\/ski.inmontanis.info\/d\/255197-2\/DSC00938.jpg'><img src=http:\/\/ski.inmontanis.info\/d\/255196-3\/DSC00938.jpg \/><\/a><br \/>\n^ SL<\/p>\n<p><a href='http:\/\/ski.inmontanis.info\/d\/255201-2\/DSC00941_001.jpg'><img src=http:\/\/ski.inmontanis.info\/d\/255200-3\/DSC00941_001.jpg \/><\/a><br \/>\n^ Offpiste am SL<\/p>\n<p><a href='http:\/\/ski.inmontanis.info\/d\/255205-2\/DSC00942.jpg'><img src=http:\/\/ski.inmontanis.info\/d\/255204-3\/DSC00942.jpg \/><\/a><br \/>\n^ Offpiste am SL<\/p>\n<p><a href='http:\/\/ski.inmontanis.info\/d\/255209-2\/DSC00944.jpg'><img src=http:\/\/ski.inmontanis.info\/d\/255208-3\/DSC00944.jpg \/><\/a><br \/>\n^ Offpiste am SL<\/p>\n<p><a href='http:\/\/ski.inmontanis.info\/d\/255213-2\/DSC00946.jpg'><img src=http:\/\/ski.inmontanis.info\/d\/255212-3\/DSC00946.jpg \/><\/a><br \/>\n^ SL Bergstation + verkrustete Kampenwand<\/p>\n<p><a href='http:\/\/ski.inmontanis.info\/d\/255217-2\/DSC00947.jpg'><img src=http:\/\/ski.inmontanis.info\/d\/255216-3\/DSC00947.jpg \/><\/a><br \/>\n^ 4ZUB Bergstation<\/p>\n<p><a href='http:\/\/ski.inmontanis.info\/d\/255221-2\/DSC00948.jpg'><img src=http:\/\/ski.inmontanis.info\/d\/255220-3\/DSC00948.jpg \/><\/a><br \/>\n^ Chiemsee am Nachmittag in anderer Farbe<\/p>\n<p>Da es ja doch ein etwas kurzer Skitag war, entschied ich mich noch, abends nach Oberaudorf zu fahren. Hier d\u00fcrfte ich mit meiner Saisonkarte 4x pro Woche nachtskifahren (DI\/DO\/FR\/SA). Um die Zeit zu \u00fcberbr\u00fccken, ging&#8217;s zum n\u00e4chsten McDonalds (Prien) auf ein McRib und \u00fcber Aschau wieder zur\u00fcck und nach Oberaudorf, wo ich zum Nachtskistart um 18:30 ankam.<\/p>\n<p>In Betrieb ist hier nachts nicht nur die 4KSB, sondern auch die beiden SL, zudem waren die Pisten bestens pr\u00e4pariert und blieben &#8211; insb. dort, wo wenig gefahren sind &#8211; lange sehr griffig. An der 4KSB gab&#8217;s im Laufe des Abends allerdings etwas Wartezeiten. So einen tollen Nachtskischnee hatte ich mit dem Freizeitticket auf der Bergeralm oder am Ranggerk\u00f6pfl nie. <\/p>\n<p>Leider hatte ich weder mein neues Objektiv, noch den Stern\/Glitterfilter f\u00fcr dieses alte Objektiv dabei. Ebenso wenig meine Stirnlampe (sonst h\u00e4tte man mal \u00fcber den Finkenlift zur Rodelbahn gekonnt, wobei auch viele Rodler da waren). War ja nicht auf Nachtski heute eingestellt.<\/p>\n<p><a href='http:\/\/ski.inmontanis.info\/d\/255125-2\/DSC00952.jpg'><img src=http:\/\/ski.inmontanis.info\/d\/255124-3\/DSC00952.jpg \/><\/a><br \/>\n^ Nachtski in Oberaudorf<\/p>\n<p><a href='http:\/\/ski.inmontanis.info\/d\/255129-2\/DSC00954.jpg'><img src=http:\/\/ski.inmontanis.info\/d\/255128-3\/DSC00954.jpg \/><\/a><br \/>\n^ 4KSB und Abfahrt<\/p>\n<p><a href='http:\/\/ski.inmontanis.info\/d\/255133-2\/DSC00955.jpg'><img src=http:\/\/ski.inmontanis.info\/d\/255132-3\/DSC00955.jpg \/><\/a><br \/>\n^ 4KSB und toll pr\u00e4parierte Piste<\/p>\n<p><a href='http:\/\/ski.inmontanis.info\/d\/255137-2\/DSC00958.jpg'><img src=http:\/\/ski.inmontanis.info\/d\/255136-3\/DSC00958.jpg \/><\/a><br \/>\n^ 4KSB+S\u00fcdhanglift, hier oben ist nur 1 von 3 Abfahrtsvarianten beleuchtet, aber die anderen wurden auch befahren, nicht nur von mir. Die hier rechts war eh die beste, weil pr\u00e4pariert und kaum befahren.<\/p>\n<p><a href='http:\/\/ski.inmontanis.info\/d\/255141-2\/DSC00960.jpg'><img src=http:\/\/ski.inmontanis.info\/d\/255140-3\/DSC00960.jpg \/><\/a><br \/>\n^ 4KSB und beide auch nachts ge\u00f6ffnete SL.<\/p>\n<p><a href='http:\/\/ski.inmontanis.info\/d\/255145-2\/DSC00962.jpg'><img src=http:\/\/ski.inmontanis.info\/d\/255144-3\/DSC00962.jpg \/><\/a><br \/>\n^ Idealhanglift. Sp\u00e4ter wars noch etwas voller<\/p>\n<p><a href='http:\/\/ski.inmontanis.info\/d\/255149-2\/DSC00964.jpg'><img src=http:\/\/ski.inmontanis.info\/d\/255148-3\/DSC00964.jpg \/><\/a><br \/>\n^ 4KSB und beide SL<\/p>\n<p><a href='http:\/\/ski.inmontanis.info\/d\/255153-2\/DSC00966.jpg'><img src=http:\/\/ski.inmontanis.info\/d\/255152-3\/DSC00966.jpg \/><\/a><br \/>\n^ Idealhanglift.<\/p>\n<p><a href='http:\/\/ski.inmontanis.info\/d\/255157-2\/DSC00968.jpg'><img src=http:\/\/ski.inmontanis.info\/d\/255156-3\/DSC00968.jpg \/><\/a><br \/>\n^ Die dunkle, aber schon gut pr\u00e4parierte Abfahrtsvariante<\/p>\n<p><a href='http:\/\/ski.inmontanis.info\/d\/255161-2\/DSC00972.jpg'><img src=http:\/\/ski.inmontanis.info\/d\/255160-3\/DSC00972.jpg \/><\/a><br \/>\n^ Aber auch die 4KSB-Abfahrt lie\u00df sich heute toll fahren, so lang noch Pistenraupenspuren vorhanden waren<\/p>\n<p><a href='http:\/\/ski.inmontanis.info\/d\/255165-2\/DSC00974.jpg'><img src=http:\/\/ski.inmontanis.info\/d\/255164-3\/DSC00974.jpg \/><\/a><br \/>\n^ 4KSB-Abfahrt<\/p>\n<p><a href='http:\/\/ski.inmontanis.info\/d\/255169-2\/DSC00977.jpg'><img src=http:\/\/ski.inmontanis.info\/d\/255168-3\/DSC00977.jpg \/><\/a><br \/>\n^ Rutsche<\/p>\n<p><a href='http:\/\/ski.inmontanis.info\/d\/255173-2\/DSC00978.jpg'><img src=http:\/\/ski.inmontanis.info\/d\/255172-3\/DSC00978.jpg \/><\/a><br \/>\n^ Je sp\u00e4ter, desto voller war es, hier die Wartezeiten um 20 Uhr (Betrieb 18:30-21:00)<\/p>\n<p><a href='http:\/\/ski.inmontanis.info\/d\/255177-2\/DSC00980.jpg'><img src=http:\/\/ski.inmontanis.info\/d\/255176-3\/DSC00980.jpg \/><\/a><br \/>\n^ Beweisfoto: Nicht nur die Italiener k\u00f6nnen dumm parken. Also ich hab ja schon nicht kapiert, als ich mich hinstellte, warum da einer angefangen hat, so quer zu parken. Anstatt nochmal eine Doppelreihe anzufangen, f\u00fcr die m.E. Platz gewesen w\u00e4re. Dass daraus allerdings 3 Reihen werden w\u00fcrden, h\u00e4tte ich nicht erwartet, das kenn ich sonst eher aus Italien. Wenigstens wurden die, die mit der Querparkerei angefangen hatten, mittig eingeparkt &#8211; verdient ;-)<\/p>\n<p>Fazit: Sehr nett gewesen, werde ich noch das eine oder andere Mal wiederholen in dieser Saison. Die SL oben rei\u00dfen es heraus, das ist einfach wesentlich besser und w\u00e4rmer als die 4KSB mit den eisig kalten Ledersitzen. Wenn die wenigstens die harten, altmodischen Thermositze h\u00e4tte..<\/p>\n","protected":false},"excerpt":{"rendered":"<p>Hatte mir diese Woche vogenommen, einen halben Tag (d.h. ab 12 Uhr) frei zu nehmen, um Ski fahren zu gehen &#8211; erst recht bei den schlechten Wettervorhersagen f\u00fcrs WE. Donnerstag Nachmittag war dann die sonnigste Vorhersage und ich wollte zum Wendelstein fahren, mich allerdings auf die PB-Abfahrt konzentrieren.<\/p>\n<p>Um 13:21 kam ich am Parkplatz der <a href=\"http:\/\/blog.inmontanis.info\/?p=5410\">[&#8230;]<\/a><\/p>\n","protected":false},"author":1,"featured_media":0,"comment_status":"closed","ping_status":"closed","sticky":false,"template":"","format":"standard","meta":{"footnotes":""},"categories":[12,268,59,274,25,27],"tags":[49,35,45,47],"class_list":["post-5410","post","type-post","status-publish","format-standard","hentry","category-germany","category-kampenwand","category-nostalgie","category-oberaudorf","category-noreport","category-skifahren-winterskiing-winter","tag-4sb","tag-esl","tag-see","tag-sl","odd"],"_links":{"self":[{"href":"http:\/\/blog.inmontanis.info\/index.php?rest_route=\/wp\/v2\/posts\/5410","targetHints":{"allow":["GET"]}}],"collection":[{"href":"http:\/\/blog.inmontanis.info\/index.php?rest_route=\/wp\/v2\/posts"}],"about":[{"href":"http:\/\/blog.inmontanis.info\/index.php?rest_route=\/wp\/v2\/types\/post"}],"author":[{"embeddable":true,"href":"http:\/\/blog.inmontanis.info\/index.php?rest_route=\/wp\/v2\/users\/1"}],"replies":[{"embeddable":true,"href":"http:\/\/blog.inmontanis.info\/index.php?rest_route=%2Fwp%2Fv2%2Fcomments&post=5410"}],"version-history":[{"count":2,"href":"http:\/\/blog.inmontanis.info\/index.php?rest_route=\/wp\/v2\/posts\/5410\/revisions"}],"predecessor-version":[{"id":5413,"href":"http:\/\/blog.inmontanis.info\/index.php?rest_route=\/wp\/v2\/posts\/5410\/revisions\/5413"}],"wp:attachment":[{"href":"http:\/\/blog.inmontanis.info\/index.php?rest_route=%2Fwp%2Fv2%2Fmedia&parent=5410"}],"wp:term":[{"taxonomy":"category","embeddable":true,"href":"http:\/\/blog.inmontanis.info\/index.php?rest_route=%2Fwp%2Fv2%2Fcategories&post=5410"},{"taxonomy":"post_tag","embeddable":true,"href":"http:\/\/blog.inmontanis.info\/index.php?rest_route=%2Fwp%2Fv2%2Ftags&post=5410"}],"curies":[{"name":"wp","href":"https:\/\/api.w.org\/{rel}","templated":true}]}}