{"id":5402,"date":"2019-01-26T18:53:15","date_gmt":"2019-01-26T17:53:15","guid":{"rendered":"http:\/\/blog.inmontanis.info\/?p=5402"},"modified":"2023-08-05T15:09:36","modified_gmt":"2023-08-05T13:09:36","slug":"les-mosses-26-1-2019","status":"publish","type":"post","link":"http:\/\/blog.inmontanis.info\/?p=5402","title":{"rendered":"Les Mosses, 26.1.2019"},"content":{"rendered":"<p><strong>Sa, 26.1.2019<\/strong><\/p>\n<p>Besonders waren die Wettervorhersagen dieses WE ja nicht &#8211; weder f\u00fcr die Saisonkarten-Skigebiete in der Schweiz, noch in Deutschland. Aber ganz so \u00fcbel sah es f\u00fcr die Regionen Freiburg \/ Wallis doch nicht aus. Ich entschied mich grundlegend f\u00fcr Les Mosses heute, nachdem aber am Morgen selbst auf den Autobahnen Schnee lag, verzichtete ich auf die Fahrt \u00fcbers Land und blieb auf den Autobahnen. Um Freiburg sah das Wetter doch ganz gut aus, so dass ich auf Charmey + Jaun umschwenken wollte. Aber kaum richtung Charmey abgebogen .. Nebel\/Wolkendecke auf Bergstationsh\u00f6he, nicht \u00fcberzeugend. Also doch nach Les Mosses weiter.<\/p>\n<p>Hier wollte ich auch schon lange mal Ski fahren, so dass das Skigebiet auf meiner h\u00f6heren Priorit\u00e4tenliste der Magicpass-Gebiete lag. Das Pass-Skigebiet teilt sich in 2 Teile, Ost- und Westseite, wobei die Verbindung recht m\u00fchsam zu sein scheint &#8211; ich nahm dann das Auto. Ansonsten ist es aber schon ganz nett hier, sich von Lift zu Lift zu hangeln, zumal das hier ja ein reines SL\/KSSL-Gebiet ist. Vielleicht sogar das gr\u00f6\u00dfte reine SL\/KSSL-Pass-Skigebiet ohne Gondel+Sessel? Wobei es hier ja fr\u00fcher sogar eine 4EUB gab, die noch dazu den interessantesten Teil des Skigebiets erschlossen h\u00e4tte&#8230;<\/p>\n<p>Wegen meiner rum\u00e4nischen Rippenprellung wollte ich ja egtl. dieses WE noch keine KSSL fahren, aber es ging dann doch ganz gut &#8211; waren nicht so extrem katapultig hier, auch das Niesen geht wieder beschwerdefrei. Als es nachmittags noch sonniger wurde, bin ich mit dem Auto nochmals retour zu den sonnigen Westh\u00e4ngen auf der Ostseite gefahren. Parkplatztechnisch sind die beiden \u00e4u\u00dfersten SL jeweils am besten, da man direkt am Lift parken kann, wobei die Parkpl\u00e4tze kostenlos sind. Mit dem Skibus nach Leysin bin ich nicht gefahren, evtl. das n\u00e4chste Mal. <\/p>\n<p>(Fotos anklicken zum Vergr\u00f6\u00dfern)<\/p>\n<p><a href='http:\/\/extra.inmontanis.info\/d\/51549-2\/DSC00688.jpg'><img src=http:\/\/extra.inmontanis.info\/d\/51548-3\/DSC00688.jpg \/><\/a><br \/>\n^ Sogar auf den Autobahnen gab&#8217;s etwas Schnee &#8211; dann fahr ich mal lieber nicht \u00fcber Land+Pass, kostet sonst nur mehr Zeit.<\/p>\n<p><a href='http:\/\/extra.inmontanis.info\/d\/51553-2\/DSC00693.jpg'><img src=http:\/\/extra.inmontanis.info\/d\/51552-3\/DSC00693.jpg \/><\/a><br \/>\n^ Um Freiburg war das Wetter schon ganz gut. Moleson-Gipfel  bzw. Abfahrt rechts steckt aber etwas in Wolken.<\/p>\n<p><a href='http:\/\/ski.inmontanis.info\/d\/255009-2\/DSC00698.jpg'><img src=http:\/\/ski.inmontanis.info\/d\/255008-3\/DSC00698.jpg \/><\/a><br \/>\n^ Ballon-Festival in\/um Gstaad<\/p>\n<p><a href='http:\/\/ski.inmontanis.info\/d\/255013-2\/DSC00700.jpg'><img src=http:\/\/ski.inmontanis.info\/d\/255012-3\/DSC00700.jpg \/><\/a><br \/>\n^ Ehemaliges Skigebiet von Les Moulins, 3 SL, siehe:<br \/>\n<a href='https:\/\/www.alpinforum.com\/forum\/viewtopic.php?f=32&#038;t=4557'>https:\/\/www.alpinforum.com\/forum\/viewtopic.php?f=32&#038;t=4557<\/a><\/p>\n<p><a href='http:\/\/ski.inmontanis.info\/d\/254861-2\/DSC00707.jpg'><img src=http:\/\/ski.inmontanis.info\/d\/254860-3\/DSC00707.jpg \/><\/a><br \/>\n^ Parkplatz in La Lecherette; SL Eraisis<\/p>\n<p><a href='http:\/\/ski.inmontanis.info\/d\/254865-2\/DSC00711.jpg'><img src=http:\/\/ski.inmontanis.info\/d\/254864-3\/DSC00711.jpg \/><\/a><br \/>\n^ R\u00fcckseiten-SL Mossette<\/p>\n<p><a href='http:\/\/ski.inmontanis.info\/d\/254869-2\/DSC00715.jpg'><img src=http:\/\/ski.inmontanis.info\/d\/254868-3\/DSC00715.jpg \/><\/a><br \/>\n^ SL Mossette mit Kurve (BMF, 1983)<\/p>\n<p><a href='http:\/\/ski.inmontanis.info\/d\/254873-2\/DSC00718.jpg'><img src=http:\/\/ski.inmontanis.info\/d\/254872-3\/DSC00718.jpg \/><\/a><br \/>\n^ Blick zur West-Seite<\/p>\n<p><a href='http:\/\/ski.inmontanis.info\/d\/254877-2\/DSC00720.jpg'><img src=http:\/\/ski.inmontanis.info\/d\/254876-3\/DSC00720.jpg \/><\/a><br \/>\n^ Blick zur West-Seite, der rechte SL geht gut steil rauf.<\/p>\n<p><a href='http:\/\/ski.inmontanis.info\/d\/254881-2\/DSC00721.jpg'><img src=http:\/\/ski.inmontanis.info\/d\/254880-3\/DSC00721.jpg \/><\/a><br \/>\n^ Hm, bl\u00f6de Verbindung, den SL auf der anderen Seite sieht man noch gar nicht. Viel lauferei und dann wieder hier rauf gehen. Ach, ich fahr mit dem Auto zu dem oberen\/hinteren Parkplatz.<\/p>\n<p><a href='http:\/\/ski.inmontanis.info\/d\/254885-2\/DSC00722.jpg'><img src=http:\/\/ski.inmontanis.info\/d\/254884-3\/DSC00722.jpg \/><\/a><br \/>\n^ SL Pra Cornet (WSO 1982)<\/p>\n<p><a href='http:\/\/ski.inmontanis.info\/d\/254889-2\/DSC00731.jpg'><img src=http:\/\/ski.inmontanis.info\/d\/254888-3\/DSC00731.jpg \/><\/a><br \/>\n^ Nach der Fahrt mit dem Auto und dem SL l&#8217;Arsat gehts zum KSSL Dorchaux III<\/p>\n<p><a href='http:\/\/ski.inmontanis.info\/d\/254893-2\/DSC00734.jpg'><img src=http:\/\/ski.inmontanis.info\/d\/254892-3\/DSC00734.jpg \/><\/a><br \/>\n^ SSL Picatchou und Doppel-KSSL Dorchaux I-II (Poma 2008)<\/p>\n<p><a href='http:\/\/ski.inmontanis.info\/d\/254897-2\/DSC00735.jpg'><img src=http:\/\/ski.inmontanis.info\/d\/254896-3\/DSC00735.jpg \/><\/a><br \/>\n^ KSSL Dorchaux I-II, der linke lief etwas schneller<\/p>\n<p><a href='http:\/\/ski.inmontanis.info\/d\/254901-2\/DSC00745.jpg'><img src=http:\/\/ski.inmontanis.info\/d\/254900-3\/DSC00745.jpg \/><\/a><br \/>\n^ Weiter zum KSSL Crettex (Giovanola 1972)<\/p>\n<p><a href='http:\/\/ski.inmontanis.info\/d\/254905-2\/DSC00749.jpg'><img src=http:\/\/ski.inmontanis.info\/d\/254904-3\/DSC00749.jpg \/><\/a><br \/>\n^ KSSL Crettex (Giovanola 1972), doch eine etwas andere Bauweise als Poma\/Montaz\/Montagner<\/p>\n<p><a href='http:\/\/ski.inmontanis.info\/d\/254909-2\/DSC00750.jpg'><img src=http:\/\/ski.inmontanis.info\/d\/254908-3\/DSC00750.jpg \/><\/a><br \/>\n^ KSSL Crettex, KSSL Parchets II, KSSL Parchets I<\/p>\n<p><a href='http:\/\/ski.inmontanis.info\/d\/254913-2\/DSC00753.jpg'><img src=http:\/\/ski.inmontanis.info\/d\/254912-3\/DSC00753.jpg \/><\/a><br \/>\n^ Abfahrt zum KSSL Parchets II<\/p>\n<p><a href='http:\/\/ski.inmontanis.info\/d\/254917-2\/DSC00763.jpg'><img src=http:\/\/ski.inmontanis.info\/d\/254916-3\/DSC00763.jpg \/><\/a><br \/>\n^ KSSL Parchets I (Poma 1959\/1975) mit sehr ungew\u00f6hnlicher Talstation<\/p>\n<p><a href='http:\/\/ski.inmontanis.info\/d\/254921-2\/DSC00765.jpg'><img src=http:\/\/ski.inmontanis.info\/d\/254920-3\/DSC00765.jpg \/><\/a><br \/>\n^ KSSL Parchets I<\/p>\n<p><a href='http:\/\/ski.inmontanis.info\/d\/254925-2\/DSC00766.jpg'><img src=http:\/\/ski.inmontanis.info\/d\/254924-3\/DSC00766.jpg \/><\/a><br \/>\n^ KSSL Parchets I (Poma 1959\/1975) mit sehr ungew\u00f6hnlicher Talstation<\/p>\n<p><a href='http:\/\/ski.inmontanis.info\/d\/254929-2\/DSC00771.jpg'><img src=http:\/\/ski.inmontanis.info\/d\/254928-3\/DSC00771.jpg \/><\/a><br \/>\n^ KSSL Parchets I .. und anscheinend war der KSSL Crettex? fr\u00fcher mal l\u00e4nger und ging bis hier rauf?<\/p>\n<p><a href='http:\/\/ski.inmontanis.info\/d\/254933-2\/DSC00772.jpg'><img src=http:\/\/ski.inmontanis.info\/d\/254932-3\/DSC00772.jpg \/><\/a><br \/>\n^ Pano richtung Skigebiet Diablerets-Villars-Gryon<\/p>\n<p><a href='http:\/\/ski.inmontanis.info\/d\/254937-2\/DSC00774.jpg'><img src=http:\/\/ski.inmontanis.info\/d\/254936-3\/DSC00774.jpg \/><\/a><br \/>\n^ Abfahrt am KSSL Parchets I<\/p>\n<p><a href='http:\/\/ski.inmontanis.info\/d\/254941-2\/DSC00777.jpg'><img src=http:\/\/ski.inmontanis.info\/d\/254940-3\/DSC00777.jpg \/><\/a><br \/>\n^ KSSL Parchets II (Poma 1966\/1978) ist auch ein interessantes Kaliber &#8211; hier die 1. Kurve nach rechts<\/p>\n<p><a href='http:\/\/ski.inmontanis.info\/d\/254945-2\/DSC00780.jpg'><img src=http:\/\/ski.inmontanis.info\/d\/254944-3\/DSC00780.jpg \/><\/a><br \/>\n^ KSSL Parchets II &#8211; die zweite Kurve nach links<\/p>\n<p><a href='http:\/\/ski.inmontanis.info\/d\/254949-2\/DSC00782.jpg'><img src=http:\/\/ski.inmontanis.info\/d\/254948-3\/DSC00782.jpg \/><\/a><br \/>\n^ KSSL Parchets II &#8211; die dritte Kurve nach rechts<\/p>\n<p><a href='http:\/\/ski.inmontanis.info\/d\/254953-2\/DSC00783.jpg'><img src=http:\/\/ski.inmontanis.info\/d\/254952-3\/DSC00783.jpg \/><\/a><br \/>\n^ KSSL Parchets II &#8211; und die vierte und letzte Kurve nach links. Rechts KSSL Crettex<\/p>\n<p><a href='http:\/\/ski.inmontanis.info\/d\/254957-2\/DSC00784.jpg'><img src=http:\/\/ski.inmontanis.info\/d\/254956-3\/DSC00784.jpg \/><\/a><br \/>\n^ KSSL Crettex (Giovanola 1979)<\/p>\n<p><a href='http:\/\/ski.inmontanis.info\/d\/254961-2\/DSC00786.jpg'><img src=http:\/\/ski.inmontanis.info\/d\/254960-3\/DSC00786.jpg \/><\/a><br \/>\n^ Kurve am KSSL Crettex (Giovanola 1979)<\/p>\n<p><a href='http:\/\/ski.inmontanis.info\/d\/254965-2\/DSC00787.jpg'><img src=http:\/\/ski.inmontanis.info\/d\/254964-3\/DSC00787.jpg \/><\/a><br \/>\n^ Kurve am KSSL Dorchaux I-II (Poma 2008), interessant die unterschiedliche Konstruktion je nach Fahrtrichtung<\/p>\n<p><a href='http:\/\/ski.inmontanis.info\/d\/254969-2\/DSC00789.jpg'><img src=http:\/\/ski.inmontanis.info\/d\/254968-3\/DSC00789.jpg \/><\/a><br \/>\n^ KSSL Dorchaux III (Poma 1979)<\/p>\n<p><a href='http:\/\/ski.inmontanis.info\/d\/254973-2\/DSC00790.jpg'><img src=http:\/\/ski.inmontanis.info\/d\/254972-3\/DSC00790.jpg \/><\/a><br \/>\n^ KSSL Dorchaux III (Poma 1979), hat 2 Linkskurven (beide im Bild)<\/p>\n<p><a href='http:\/\/ski.inmontanis.info\/d\/254977-2\/DSC00792.jpg'><img src=http:\/\/ski.inmontanis.info\/d\/254976-3\/DSC00792.jpg \/><\/a><br \/>\n^ Abfahrt KSSL Dorchaux III und Blick r\u00fcber zur Ostseite<\/p>\n<p><a href='http:\/\/ski.inmontanis.info\/d\/254981-2\/DSC00793.jpg'><img src=http:\/\/ski.inmontanis.info\/d\/254980-3\/DSC00793.jpg \/><\/a><br \/>\n^ KSSL Dorchaux III<\/p>\n<p><a href='http:\/\/ski.inmontanis.info\/d\/254985-2\/DSC00794.jpg'><img src=http:\/\/ski.inmontanis.info\/d\/254984-3\/DSC00794.jpg \/><\/a><br \/>\n^ SL l&#8217;Arsat (WSO 1982), sch\u00f6n steil im oberen Bereich<\/p>\n<p><a href='http:\/\/ski.inmontanis.info\/d\/254989-2\/DSC00796.jpg'><img src=http:\/\/ski.inmontanis.info\/d\/254988-3\/DSC00796.jpg \/><\/a><br \/>\n^ SL Eraisis (M\u00fcller 1957)<\/p>\n<p><a href='http:\/\/ski.inmontanis.info\/d\/254993-2\/DSC00798.jpg'><img src=http:\/\/ski.inmontanis.info\/d\/254992-3\/DSC00798.jpg \/><\/a><br \/>\n^ Vmtl. eine der ehemaligen Gondeln der ja leider stillgelegten Pic-Chaussy-EUB<\/p>\n<p><a href='http:\/\/ski.inmontanis.info\/d\/254997-2\/DSC00806.jpg'><img src=http:\/\/ski.inmontanis.info\/d\/254996-3\/DSC00806.jpg \/><\/a><br \/>\n^ Pic Chaussy (rechts hinten), bis zum Gipfelgrat ging die 4EUB damals. Welch herber Verlust. Rechts SL Eraisis<\/p>\n<p><a href='http:\/\/ski.inmontanis.info\/d\/255001-2\/DSC00807.jpg'><img src=http:\/\/ski.inmontanis.info\/d\/255000-3\/DSC00807.jpg \/><\/a><br \/>\n^ SL Eraisis und Blick zur Westseite<\/p>\n<p><a href='http:\/\/ski.inmontanis.info\/d\/255005-2\/ge20190126v.jpg'><img src=http:\/\/ski.inmontanis.info\/d\/255004-3\/ge20190126v.jpg \/><\/a><br \/>\n^ GPS-Track 26.1.2019; orange der nicht ge\u00f6ffnete Lift im Dorf und in Rot die ehemalige 4EUB zum Pic Chaussy (hatte 2 Abfahrten)<\/p>\n<p>F\u00fcr heute Nacht hab ich mich mal wieder im Ibis Budget in Thonon einquartiert &#8211; sprich, Einkaufen + Essen in Frankreich. Unglaublich, aber die betagten Franz\u00f6sinnen zahlen immer noch im Supermarkt mit Scheck. Soooo zeitaufw\u00e4ndig. Essen im Buffalo, um 19 Uhr etwas leerer. Den riesigen Eisbecher hab ich aber nicht mehr geschafft, und das, obwohl ich egtl. endlich mal die gro\u00dfe Desertvariation h\u00e4tte essen wollen ..<\/p>\n<p><a href='http:\/\/extra.inmontanis.info\/d\/51557-2\/DSC00816.jpg'><img src=http:\/\/extra.inmontanis.info\/d\/51556-3\/DSC00816.jpg \/><\/a><br \/>\n^ Genfer See. Mist, da h\u00e4tte man heute Nachmittag wohl ein tolles See-Pano von der Rochers-de-Naye-Talskiroute gehabt.<\/p>\n<p><a href='http:\/\/extra.inmontanis.info\/d\/51569-2\/IMG_20190126_19263793_full_2x1.jpg'><img src=http:\/\/extra.inmontanis.info\/d\/51568-3\/IMG_20190126_19263793_full_2x1.jpg \/><\/a><br \/>\n^ Picadillo &#8211; Spie\u00df<\/p>\n<p><a href='http:\/\/extra.inmontanis.info\/d\/51573-2\/IMG_20190126_19482235_full_2x1.jpg'><img src=http:\/\/extra.inmontanis.info\/d\/51572-3\/IMG_20190126_19482235_full_2x1.jpg \/><\/a><br \/>\n^ America &#8211; Eisbecher<\/p>\n<p>Parkplatzm\u00e4\u00dfig am Hotel war&#8217;s dann leider etwas problematisch (weil wohl irgendeine Varanstaltung im Sportzentrum dahinter), daf\u00fcr Fr\u00fchst\u00fcck morgen selbst am WE bereits ab 6 Uhr. Mit 47,- \u20ac zzgl. Fr\u00fchst\u00fcck nat\u00fcrlich etwas teurer als das F1 (33,- zzgl. Fr\u00fchst\u00fcck), daf\u00fcr DU\/WC im Zimmer und bequemere Betten.<\/p>\n","protected":false},"excerpt":{"rendered":"<p>Sa, 26.1.2019<\/p>\n<p>Besonders waren die Wettervorhersagen dieses WE ja nicht &#8211; weder f\u00fcr die Saisonkarten-Skigebiete in der Schweiz, noch in Deutschland. Aber ganz so \u00fcbel sah es f\u00fcr die Regionen Freiburg \/ Wallis doch nicht aus. Ich entschied mich grundlegend f\u00fcr Les Mosses heute, nachdem aber am Morgen selbst auf den Autobahnen Schnee lag, verzichtete <a href=\"http:\/\/blog.inmontanis.info\/?p=5402\">[&#8230;]<\/a><\/p>\n","protected":false},"author":1,"featured_media":0,"comment_status":"closed","ping_status":"closed","sticky":false,"template":"","format":"standard","meta":{"footnotes":""},"categories":[728,59,14,27,81],"tags":[48,45,47],"class_list":["post-5402","post","type-post","status-publish","format-standard","hentry","category-les-mosses","category-nostalgie","category-swiss","category-skifahren-winterskiing-winter","category-kurztrips","tag-kssl","tag-see","tag-sl","odd"],"_links":{"self":[{"href":"http:\/\/blog.inmontanis.info\/index.php?rest_route=\/wp\/v2\/posts\/5402","targetHints":{"allow":["GET"]}}],"collection":[{"href":"http:\/\/blog.inmontanis.info\/index.php?rest_route=\/wp\/v2\/posts"}],"about":[{"href":"http:\/\/blog.inmontanis.info\/index.php?rest_route=\/wp\/v2\/types\/post"}],"author":[{"embeddable":true,"href":"http:\/\/blog.inmontanis.info\/index.php?rest_route=\/wp\/v2\/users\/1"}],"replies":[{"embeddable":true,"href":"http:\/\/blog.inmontanis.info\/index.php?rest_route=%2Fwp%2Fv2%2Fcomments&post=5402"}],"version-history":[{"count":3,"href":"http:\/\/blog.inmontanis.info\/index.php?rest_route=\/wp\/v2\/posts\/5402\/revisions"}],"predecessor-version":[{"id":5404,"href":"http:\/\/blog.inmontanis.info\/index.php?rest_route=\/wp\/v2\/posts\/5402\/revisions\/5404"}],"wp:attachment":[{"href":"http:\/\/blog.inmontanis.info\/index.php?rest_route=%2Fwp%2Fv2%2Fmedia&parent=5402"}],"wp:term":[{"taxonomy":"category","embeddable":true,"href":"http:\/\/blog.inmontanis.info\/index.php?rest_route=%2Fwp%2Fv2%2Fcategories&post=5402"},{"taxonomy":"post_tag","embeddable":true,"href":"http:\/\/blog.inmontanis.info\/index.php?rest_route=%2Fwp%2Fv2%2Ftags&post=5402"}],"curies":[{"name":"wp","href":"https:\/\/api.w.org\/{rel}","templated":true}]}}