{"id":540,"date":"2008-12-20T23:59:28","date_gmt":"2008-12-20T21:59:28","guid":{"rendered":"http:\/\/blog.inmontanis.info\/?p=540"},"modified":"2023-07-31T19:42:48","modified_gmt":"2023-07-31T17:42:48","slug":"vigiljoch-20-12-2008","status":"publish","type":"post","link":"http:\/\/blog.inmontanis.info\/?p=540","title":{"rendered":"Vigiljoch, 20.12.2008"},"content":{"rendered":"<p>Eigentlich wollt ich ja auf den Ritten, nur war mir das Wetter doch zu schlecht- und ich wollte doch auf den Ritten auch des tollen Panoramas wegen.<\/p>\n<p>Den vielen Schnee in der Gegend wollt ich aber nochmal nutzen, aufs Vigiljoch zu fahren.<\/p>\n<p>Die Tageskarte kostet immer noch sensationell g\u00fcnstige \u20ac 13,-, die PB wurde ja heuer etwas modernisiert, aber so dezent wie selten.<!--more--><\/p>\n<p>Der Schnee war zwar mehr als ausreichend, aber durch Nadeln und anderem Baumbehang aufgrund des Windes teilweise stark verschmutzt, und der eine s\u00fcdliche Tiefschneehang sehr bruchharschig. <\/p>\n<p>Die interessanteste Abfahrt ist ja die am ESL, allerdings unten ja auch recht flach und der ESL f\u00e4hrt verdammt langsam (ca. 1,8 m\/s). Ein paar Holl\u00e4ndische Skianf\u00e4nger waren oben, f\u00fcr die ist das Gebiet aufgrund des Preises wohl optimal, ich fand&#8217;s diesmal doch recht schnell langweilig, die Abfahrten am SL sind ja auch sehr kurz und sehr leicht. Da fehlt halt der SL B\u00e4renbad. Werd ich wohl doch nicht mehr so schnell hier herfahren.<\/p>\n<p><a href='http:\/\/ski.inmontanis.info\/d\/89046-1\/P1320504.JPG'><img src=http:\/\/ski.inmontanis.info\/d\/89048-3\/P1320504.JPG \/><\/a><br \/>\n^ Talstation ESL &#8211; Schnee satt.<\/p>\n<p><a href='http:\/\/ski.inmontanis.info\/d\/89050-1\/P1320505.JPG'><img src=http:\/\/ski.inmontanis.info\/d\/89052-3\/P1320505.JPG \/><\/a><br \/>\n^ ESL-Strecke, Wanderweg und Rodelbahn<\/p>\n<p><a href='http:\/\/ski.inmontanis.info\/d\/89054-1\/P1320506.JPG'><img src=http:\/\/ski.inmontanis.info\/d\/89056-3\/P1320506.JPG \/><\/a><br \/>\n^ Oberer Teil ESL<\/p>\n<p><a href='http:\/\/ski.inmontanis.info\/d\/89058-1\/P1320508.JPG'><img src=http:\/\/ski.inmontanis.info\/d\/89060-3\/P1320508.JPG \/><\/a><br \/>\n^ SL Jocher, netter Waldlift<\/p>\n<p><a href='http:\/\/ski.inmontanis.info\/d\/89062-1\/P1320510.JPG'><img src=http:\/\/ski.inmontanis.info\/d\/89064-3\/P1320510.JPG \/><\/a><br \/>\n^ Witzig, ein Baum mit Zipfelm\u00fctze :-)<\/p>\n<p><a href='http:\/\/ski.inmontanis.info\/d\/89066-1\/P1320511.JPG'><img src=http:\/\/ski.inmontanis.info\/d\/89068-3\/P1320511.JPG \/><\/a><br \/>\n^ Tiefschnee auf der Abfahrt rechts vom SL Jocher. Hier im Wald ging&#8217;s noch, weiter unten doch eher Bruchharsch&#8230;<\/p>\n<p><a href='http:\/\/ski.inmontanis.info\/d\/89070-1\/P1320512.JPG'><img src=http:\/\/ski.inmontanis.info\/d\/89072-3\/P1320512.JPG \/><\/a><br \/>\n^ Kurz vor Mittag und die Abfahrt am SL Seehof noch kaum befahren. Dummerweise durch den Wind bedeckt mit Nadeln und anderen Baumteilen&#8230;<\/p>\n<p><a href='http:\/\/ski.inmontanis.info\/d\/89074-1\/P1320515.JPG'><img src=http:\/\/ski.inmontanis.info\/d\/89076-3\/P1320515.JPG \/><\/a><br \/>\n^ SL Seehof am gleichnamigen Gasthof<\/p>\n<p><a href='http:\/\/ski.inmontanis.info\/d\/89078-1\/P1320516.JPG'><img src=http:\/\/ski.inmontanis.info\/d\/89080-3\/P1320516.JPG \/><\/a><br \/>\n^ Offpiste am SL Jocher und ein sehns\u00fcchtiger Blick hin\u00fcber zu den ehemaligen B\u00e4renbad-H\u00e4ngen. Genau der Lift fehlt dem Skigebiet. <\/p>\n<p><a href='http:\/\/ski.inmontanis.info\/d\/89082-1\/P1320518.JPG'><img src=http:\/\/ski.inmontanis.info\/d\/89084-3\/P1320518.JPG \/><\/a><br \/>\n^ Rechts vom SL Jocher gab&#8217;s ja fr\u00fcher auch mal einen Lift, und zu dem geh\u00f6rte wohl diese Abfahrt. Jetzt muss man nach dieser Abfahrt den Wander-Ski-Weg zur ESL-Talstation nehmen.<\/p>\n<p><a href='http:\/\/ski.inmontanis.info\/d\/89086-1\/P1320519.JPG'><img src=http:\/\/ski.inmontanis.info\/d\/89088-3\/P1320519.JPG \/><\/a><br \/>\n^ .. und das ist der besagte Wander-Ski-weg<\/p>\n<p><a href='http:\/\/ski.inmontanis.info\/d\/89090-1\/P1320523.JPG'><img src=http:\/\/ski.inmontanis.info\/d\/89092-3\/P1320523.JPG \/><\/a><br \/>\n^ Hier oben gibt&#8217;s ja immer wieder einzelne H\u00e4user im Wald, aber dieses schiefgebaute namens Waldk\u00f6nigin fand ich doch sehr ungew\u00f6hnlich &#8230;<\/p>\n<p><a href='http:\/\/ski.inmontanis.info\/d\/89094-1\/P1320524.JPG'><img src=http:\/\/ski.inmontanis.info\/d\/89096-3\/P1320524.JPG \/><\/a><br \/>\n^ Rechts steht Waldk\u00f6nigin, links meine ich Albergo entziffern zu k\u00f6nnen. Sehr uriger und schiefer Gasthof&#8230;. Das dunkelbraune Haus zur linken scheint aktuell noch bewohnt zu sein.<\/p>\n<p><a href='http:\/\/ski.inmontanis.info\/d\/89098-1\/P1320525.JPG'><img src=http:\/\/ski.inmontanis.info\/d\/89100-3\/P1320525.JPG \/><\/a><br \/>\n^ Pano ESL-Bergstation<\/p>\n<p><a href='http:\/\/ski.inmontanis.info\/d\/89102-1\/P1320526.JPG'><img src=http:\/\/ski.inmontanis.info\/d\/89104-3\/P1320526.JPG \/><\/a><br \/>\n^ Leichtes Zoom-Pano; gen Nachmittag war weiter im S\u00fcden doch noch etwas mehr Sonne, aber davor d\u00fcrfte auch bis Trient sehr bedeckt gewesen sein.<\/p>\n<p><a href='http:\/\/ski.inmontanis.info\/d\/89106-1\/P1320529.JPG'><img src=http:\/\/ski.inmontanis.info\/d\/89108-3\/P1320529.JPG \/><\/a><br \/>\n^ ESL-Abfahrt mit Blick bis Bozen<\/p>\n<p><a href='http:\/\/ski.inmontanis.info\/d\/89110-1\/P1320530.JPG'><img src=http:\/\/ski.inmontanis.info\/d\/89112-3\/P1320530.JPG \/><\/a><br \/>\n^ ESL im Wald<\/p>\n<p><a href='http:\/\/ski.inmontanis.info\/d\/89114-1\/P1320532.JPG'><img src=http:\/\/ski.inmontanis.info\/d\/89116-3\/P1320532.JPG \/><\/a><br \/>\n^ Die PB wurde netterweise nur dezent modernisiert, sogar die alten Betonst\u00fctzen durften stehenbleiben!!<\/p>\n<p><a href='http:\/\/ski.inmontanis.info\/d\/89118-1\/P1320534.JPG'><img src=http:\/\/ski.inmontanis.info\/d\/89120-3\/P1320534.JPG \/><\/a><br \/>\n^ 25-Personen-Kabinen, BJ 2008<\/p>\n<p><a href='http:\/\/ski.inmontanis.info\/d\/89122-1\/P1320535.JPG'><img src=http:\/\/ski.inmontanis.info\/d\/89124-3\/P1320535.JPG \/><\/a><br \/>\n^ Der Seilbahner in der Bergstation \u00fcberwacht die Talstation komplett per Video, es gibt auch keine Fahrer &#8211; somit steuert einer allein die ganze Bahn statt sonst 4 &#8230;<\/p>\n<p><a href='http:\/\/ski.inmontanis.info\/d\/89126-1\/P1320536.JPG'><img src=http:\/\/ski.inmontanis.info\/d\/89128-3\/P1320536.JPG \/><\/a><br \/>\n^ PB-Strecke, selbst im Tal liegen noch ein paar cm Schnee<\/p>\n<p><a href='http:\/\/ski.inmontanis.info\/d\/89130-1\/P1320538.JPG'><img src=http:\/\/ski.inmontanis.info\/d\/89132-3\/P1320538.JPG \/><\/a><br \/>\n^ PB St\u00fctze 2 mit Gegenkabine im Zoom<\/p>\n<p><a href='http:\/\/ski.inmontanis.info\/d\/89134-1\/P1320541.JPG'><img src=http:\/\/ski.inmontanis.info\/d\/89136-3\/P1320541.JPG \/><\/a><br \/>\n^ Kabine in der Talstation. Ge\u00e4ndert wurde hier mittig die Treppe zu einer Plattform und dem Ausgang hinter mir (fr\u00fcher ging man ja hier hinunter und rechts ab)<\/p>\n<p><a href='http:\/\/ski.inmontanis.info\/d\/89138-1\/P1320542.JPG'><img src=http:\/\/ski.inmontanis.info\/d\/89140-3\/P1320542.JPG \/><\/a><br \/>\n^ Kabine<\/p>\n<p><a href='http:\/\/ski.inmontanis.info\/d\/89142-1\/P1320543.JPG'><img src=http:\/\/ski.inmontanis.info\/d\/89144-3\/P1320543.JPG \/><\/a><br \/>\n^ .. w\u00e4hrend auf den \u00e4u\u00dferen Seiten die Holztreppen noch geblieben sind. Allerdings ohne Funktion, da die Kabinen nur eine T\u00fcr zur Mitte hin haben.<\/p>\n<p><a href='http:\/\/ski.inmontanis.info\/d\/89146-1\/P1320544.JPG'><img src=http:\/\/ski.inmontanis.info\/d\/89148-3\/P1320544.JPG \/><\/a><br \/>\n^ Talstation von au\u00dfen \/ hinten mit dem neuen Ausgang, der nachts zugleich Eingang f\u00fcrs Vigilio-5-Sterne-Resort ist. Und dank der Video\u00fcberwachung (oben zu sehen) kann die Bahn ja komplett von oben bedient werden!<\/p>\n<p><a href='http:\/\/ski.inmontanis.info\/d\/89150-1\/ge_vigiljoch.jpg'><img src=http:\/\/ski.inmontanis.info\/d\/89152-3\/ge_vigiljoch.jpg \/><\/a><br \/>\n^ GPS-Track, T\u00fcrkis Jan. 2007, Pink Dez. 2008, Rot die stillgelegten Lifte, \u00fcber deren genaue Position und L\u00e4nge ich aber nicht 100%ig sicher bin.<\/p>\n","protected":false},"excerpt":{"rendered":"<p>Eigentlich wollt ich ja auf den Ritten, nur war mir das Wetter doch zu schlecht- und ich wollte doch auf den Ritten auch des tollen Panoramas wegen.<\/p>\n<p>Den vielen Schnee in der Gegend wollt ich aber nochmal nutzen, aufs Vigiljoch zu fahren.<\/p>\n<p>Die Tageskarte kostet immer noch sensationell g\u00fcnstige \u20ac 13,-, die PB wurde ja <a href=\"http:\/\/blog.inmontanis.info\/?p=540\">[&#8230;]<\/a><\/p>\n","protected":false},"author":1,"featured_media":0,"comment_status":"open","ping_status":"closed","sticky":false,"template":"","format":"standard","meta":{"footnotes":""},"categories":[24,15,59,27,32,378],"tags":[35,52,47],"class_list":["post-540","post","type-post","status-publish","format-standard","hentry","category-tagestour","category-italienitaly","category-nostalgie","category-skifahren-winterskiing-winter","category-lostplaces","category-vigiljoch","tag-esl","tag-pb","tag-sl","odd"],"_links":{"self":[{"href":"http:\/\/blog.inmontanis.info\/index.php?rest_route=\/wp\/v2\/posts\/540","targetHints":{"allow":["GET"]}}],"collection":[{"href":"http:\/\/blog.inmontanis.info\/index.php?rest_route=\/wp\/v2\/posts"}],"about":[{"href":"http:\/\/blog.inmontanis.info\/index.php?rest_route=\/wp\/v2\/types\/post"}],"author":[{"embeddable":true,"href":"http:\/\/blog.inmontanis.info\/index.php?rest_route=\/wp\/v2\/users\/1"}],"replies":[{"embeddable":true,"href":"http:\/\/blog.inmontanis.info\/index.php?rest_route=%2Fwp%2Fv2%2Fcomments&post=540"}],"version-history":[{"count":5,"href":"http:\/\/blog.inmontanis.info\/index.php?rest_route=\/wp\/v2\/posts\/540\/revisions"}],"predecessor-version":[{"id":545,"href":"http:\/\/blog.inmontanis.info\/index.php?rest_route=\/wp\/v2\/posts\/540\/revisions\/545"}],"wp:attachment":[{"href":"http:\/\/blog.inmontanis.info\/index.php?rest_route=%2Fwp%2Fv2%2Fmedia&parent=540"}],"wp:term":[{"taxonomy":"category","embeddable":true,"href":"http:\/\/blog.inmontanis.info\/index.php?rest_route=%2Fwp%2Fv2%2Fcategories&post=540"},{"taxonomy":"post_tag","embeddable":true,"href":"http:\/\/blog.inmontanis.info\/index.php?rest_route=%2Fwp%2Fv2%2Ftags&post=540"}],"curies":[{"name":"wp","href":"https:\/\/api.w.org\/{rel}","templated":true}]}}