{"id":5377,"date":"2019-01-20T07:20:33","date_gmt":"2019-01-20T06:20:33","guid":{"rendered":"http:\/\/blog.inmontanis.info\/?p=5377"},"modified":"2023-08-05T22:10:13","modified_gmt":"2023-08-05T20:10:13","slug":"kampenwand-kossen-oberaudorf-kampenwand-19-20-1-2019","status":"publish","type":"post","link":"http:\/\/blog.inmontanis.info\/?p=5377","title":{"rendered":"Kampenwand &#8211; K\u00f6ssen &#8211; Oberaudorf &#8211; Kampenwand, 19.+20.1.2019"},"content":{"rendered":"<p><strong>Sa, 19.1.2019 &#8211; Teil 1: Kampenwand<\/strong><\/p>\n<p>Endlich liegt mal wieder genug Schnee in den bayrischen Skigebieten .. dann ist die H\u00e4lfte zu. Also nicht ganz, aber Wendelstein hat noch komplett geschlossen. Zu viel Schnee? Lawinengefahr? Technische Probleme? Alles vereist? An der Kampenwand dagegen war dieses WE Vollbetrieb. Wenn auch der Schnee sehr entt\u00e4uschend war. Anscheinend hatte es mal bis oben geregnet? Onpiste gab es Knollen und Eis (letzteres insb. an der unpr\u00e4parierten Talabfahrt unterhalb der DSB), Offpiste gab es Eis und Bruchharsch und hier und da mal etwas Pulver. Daf\u00fcr war die Fernsicht ausgezeichnet. Allerdings war es auch eisig kalt.<\/p>\n<p>Da ich mir schon beim Kauf der Saisonkarte vorgenommen hatte, lieber mehr Halbtage und weniger Ganztage hier zu sein, d.h. mittags das Skigebiet zu wechseln, ging&#8217;s nachmittags noch nach K\u00f6ssen\/Hochk\u00f6ssen.<\/p>\n<p>(Fotos anklicken zum Vergr\u00f6\u00dfern)<\/p>\n<p><a href='http:\/\/extra.inmontanis.info\/d\/51353-2\/DSC00560.jpg'><img src=http:\/\/extra.inmontanis.info\/d\/51351-3\/DSC00560.jpg \/><\/a><br \/>\n^ Schneemassen im Tiroler Unterland<\/p>\n<p><a href='http:\/\/extra.inmontanis.info\/d\/51357-2\/DSC00561.jpg'><img src=http:\/\/extra.inmontanis.info\/d\/51356-3\/DSC00561.jpg \/><\/a><br \/>\n^ Schneemassen im Tiroler Unterland<\/p>\n<p><a href='http:\/\/ski.inmontanis.info\/d\/254009-2\/DSC00565.jpg'><img src=http:\/\/ski.inmontanis.info\/d\/254008-3\/DSC00565.jpg \/><\/a><br \/>\n^ Die 10,- \u20ac Parkgeb\u00fchr muss man nat\u00fcrlich nicht zahlen, wenn man einen Skipass (z.B. Saisonkarte) hat.<\/p>\n<p><a href='http:\/\/ski.inmontanis.info\/d\/254013-2\/DSC00566.jpg'><img src=http:\/\/ski.inmontanis.info\/d\/254012-3\/DSC00566.jpg \/><\/a><br \/>\n^ Warteschlange; diejenigen mit Karte haben sich seitlich vorgedr\u00e4ngt &#8211; also hab ich mich angeschlossen, hat doch seinen Vorteil, wenn man die 5-Berge&#038;Co-Karte von der Kampenwand hat und nicht erst eine Ersatztageskarte braucht ;-) Hat dann aber trotzdem ca. 20min gedauert. Um 11 Uhr gab es dann keine Wartezeiten mehr.<\/p>\n<p><a href='http:\/\/ski.inmontanis.info\/d\/254017-2\/DSC00570.jpg'><img src=http:\/\/ski.inmontanis.info\/d\/254016-3\/DSC00570.jpg \/><\/a><br \/>\n^ Die \u00fcblichen Schneemassen an der 4ZUB-Bergstation<\/p>\n<p><a href='http:\/\/ski.inmontanis.info\/d\/254021-2\/DSC00574.jpg'><img src=http:\/\/ski.inmontanis.info\/d\/254020-3\/DSC00574.jpg \/><\/a><br \/>\n^ Extrem klarer Blick ins Flachland und dem Chiemsee heute<\/p>\n<p><a href='http:\/\/ski.inmontanis.info\/d\/254025-2\/DSC00576.jpg'><img src=http:\/\/ski.inmontanis.info\/d\/254024-3\/DSC00576.jpg \/><\/a><br \/>\n^ SL Bergstation und die vereisten Felsen der Kampenwand<\/p>\n<p><a href='http:\/\/ski.inmontanis.info\/d\/254029-2\/DSC00579.jpg'><img src=http:\/\/ski.inmontanis.info\/d\/254028-3\/DSC00579.jpg \/><\/a><br \/>\n^ SL und Abfahrten<\/p>\n<p><a href='http:\/\/ski.inmontanis.info\/d\/254033-2\/DSC00580.jpg'><img src=http:\/\/ski.inmontanis.info\/d\/254032-3\/DSC00580.jpg \/><\/a><br \/>\n^ Der ESL ohne pr\u00e4parierte Abfahrten. Dass es so was 2019 noch in den Alpen gibt, wunderbar<\/p>\n<p><a href='http:\/\/ski.inmontanis.info\/d\/254037-2\/DSC00583.jpg'><img src=http:\/\/ski.inmontanis.info\/d\/254036-3\/DSC00583.jpg \/><\/a><br \/>\n^ ESL-Bergstation &#8211; hier k\u00f6nnte man zur 4ZUB-Bergstation gehen, wenn die Talabfahrt geschlossen ist<\/p>\n<p><a href='http:\/\/ski.inmontanis.info\/d\/254041-2\/DSC00584.jpg'><img src=http:\/\/ski.inmontanis.info\/d\/254040-3\/DSC00584.jpg \/><\/a><br \/>\n^ Abfahrt ESL. Die Schneeverh\u00e4ltnisse verbesserten sich im Laufe des Wochenendes (aktuell noch etwas bruchharschig)<\/p>\n<p><a href='http:\/\/ski.inmontanis.info\/d\/254045-2\/DSC00590.jpg'><img src=http:\/\/ski.inmontanis.info\/d\/254044-3\/DSC00590.jpg \/><\/a><br \/>\n^ R\u00fcckseitenpano<\/p>\n<p><a href='http:\/\/ski.inmontanis.info\/d\/254049-2\/DSC00591.jpg'><img src=http:\/\/ski.inmontanis.info\/d\/254048-3\/DSC00591.jpg \/><\/a><br \/>\n^ Die \u00fcblichen Schneemassen an der 4ZUB-Bergstation<\/p>\n<p><a href='http:\/\/ski.inmontanis.info\/d\/254053-2\/DSC00593.jpg'><img src=http:\/\/ski.inmontanis.info\/d\/254052-3\/DSC00593.jpg \/><\/a><br \/>\n^ 4ZUB, links die verschneite Alm und in Bildmitte ein sehr guter Blick nach Rosenheim(?) und M\u00fcnchen &#8211; heut braucht&#8217;s gar keine IR-Cam, die ich genausowenig wie ein Teleobjektiv dabei hatte &#8211; mein Rucksack ist momentan auf Di\u00e4t, nachdem ich mir vor 1,5 Wochen in Rum\u00e4nien bei einem Skisturz mal wieder die Rippen geprellt hatte. Somit war ich auch beim Skifahren etwas vorsichtiger und langsamer unterwegs.<\/p>\n<p><a href='http:\/\/ski.inmontanis.info\/d\/254057-2\/DSC00594.jpg'><img src=http:\/\/ski.inmontanis.info\/d\/254056-3\/DSC00594.jpg \/><\/a><br \/>\n^ Verkrustete 4ZUB-Bergstation<\/p>\n<p><a href='http:\/\/ski.inmontanis.info\/d\/254061-2\/DSC00599.jpg'><img src=http:\/\/ski.inmontanis.info\/d\/254060-3\/DSC00599.jpg \/><\/a><br \/>\n^ 4ZUB und Chiemsee<\/p>\n<p><a href='http:\/\/ski.inmontanis.info\/d\/254065-2\/DSC00601.jpg'><img src=http:\/\/ski.inmontanis.info\/d\/254064-3\/DSC00601.jpg \/><\/a><br \/>\n^ Verkrustete 4ZUB-St\u00fctze<\/p>\n<p><a href='http:\/\/ski.inmontanis.info\/d\/254069-2\/DSC00606.jpg'><img src=http:\/\/ski.inmontanis.info\/d\/254068-3\/DSC00606.jpg \/><\/a><br \/>\n^ ESL und Halo. Es ist schon ein sehr schattiges Skigebiet zu dieser Jahreszeit<\/p>\n<p><a href='http:\/\/ski.inmontanis.info\/d\/254073-2\/DSC00608.jpg'><img src=http:\/\/ski.inmontanis.info\/d\/254072-3\/DSC00608.jpg \/><\/a><br \/>\n^ ESL und Halo<\/p>\n<p><a href='http:\/\/ski.inmontanis.info\/d\/254077-2\/DSC00609.jpg'><img src=http:\/\/ski.inmontanis.info\/d\/254076-3\/DSC00609.jpg \/><\/a><br \/>\n^ Start der ESL-Abfahrt mit Schneewall und dem Chiemsee, schon geil hier.<\/p>\n<p><a href='http:\/\/ski.inmontanis.info\/d\/254081-2\/DSC00610.jpg'><img src=http:\/\/ski.inmontanis.info\/d\/254080-3\/DSC00610.jpg \/><\/a><br \/>\n^ Abfahrt mit Chiemsee, man beachte auch die Pistenmarkierung links<\/p>\n<p><a href='http:\/\/ski.inmontanis.info\/d\/254085-2\/DSC00611.jpg'><img src=http:\/\/ski.inmontanis.info\/d\/254084-3\/DSC00611.jpg \/><\/a><br \/>\n^ SL und ESL<\/p>\n<p><strong>Sa, 19.1.2019 &#8211; Teil 2: K\u00f6ssen<\/strong><\/p>\n<p>In K\u00f6ssen (inkludiert in der Saisonkarte) war der Schnee etwas besser, sowohl On-Piste im Gipfelbereich, wie auch Off-Piste auf den Talabfahrtsvarianten.<\/p>\n<p><a href='http:\/\/ski.inmontanis.info\/d\/253885-2\/DSC00620.jpg'><img src=http:\/\/ski.inmontanis.info\/d\/253884-3\/DSC00620.jpg \/><\/a><br \/>\n^ Blick zur EUB und den Talabfahrten<\/p>\n<p><a href='http:\/\/ski.inmontanis.info\/d\/253889-2\/DSC00624.jpg'><img src=http:\/\/ski.inmontanis.info\/d\/253888-3\/DSC00624.jpg \/><\/a><br \/>\n^ Die rechte Gipfel-DSB, hier war der Schnee gut<\/p>\n<p><a href='http:\/\/ski.inmontanis.info\/d\/253893-2\/DSC00625.jpg'><img src=http:\/\/ski.inmontanis.info\/d\/253892-3\/DSC00625.jpg \/><\/a><br \/>\n^ <\/p>\n<p><a href='http:\/\/ski.inmontanis.info\/d\/253897-2\/DSC00631.jpg'><img src=http:\/\/ski.inmontanis.info\/d\/253896-3\/DSC00631.jpg \/><\/a><br \/>\n^ Die rechte Gipfel-DSB am Grat<\/p>\n<p><a href='http:\/\/ski.inmontanis.info\/d\/253901-2\/DSC00639.jpg'><img src=http:\/\/ski.inmontanis.info\/d\/253900-3\/DSC00639.jpg \/><\/a><br \/>\n^ DSB mit See- und Flachlandblick. K\u00f6nnte man auch fast f\u00fcr ein Meer halten.<\/p>\n<p><a href='http:\/\/ski.inmontanis.info\/d\/253905-2\/DSC00640.jpg'><img src=http:\/\/ski.inmontanis.info\/d\/253904-3\/DSC00640.jpg \/><\/a><br \/>\n^ Der Gipfel-SL war leider nicht in Betrieb &#8211; daf\u00fcr nett verkrustet<\/p>\n<p><a href='http:\/\/ski.inmontanis.info\/d\/253909-2\/DSC00641.jpg'><img src=http:\/\/ski.inmontanis.info\/d\/253908-3\/DSC00641.jpg \/><\/a><br \/>\n^ Der verkrustete Gipfel-SL<\/p>\n<p><a href='http:\/\/ski.inmontanis.info\/d\/253913-2\/DSC00642.jpg'><img src=http:\/\/ski.inmontanis.info\/d\/253912-3\/DSC00642.jpg \/><\/a><br \/>\n^ Verkrustete Lifte kann&#8217;s auch mal bei uns geben<\/p>\n<p><a href='http:\/\/ski.inmontanis.info\/d\/253917-2\/DSC00643.jpg'><img src=http:\/\/ski.inmontanis.info\/d\/253916-3\/DSC00643.jpg \/><\/a><br \/>\n^ Ankerlift ;-)<\/p>\n<p><a href='http:\/\/ski.inmontanis.info\/d\/253921-2\/DSC00645.jpg'><img src=http:\/\/ski.inmontanis.info\/d\/253920-3\/DSC00645.jpg \/><\/a><br \/>\n^ Talpano mit 6EUB gen Walchsee<\/p>\n<p><a href='http:\/\/ski.inmontanis.info\/d\/253925-2\/DSC00646.jpg'><img src=http:\/\/ski.inmontanis.info\/d\/253924-3\/DSC00646.jpg \/><\/a><br \/>\n^ EUB und untere DSB und Gratabfahrt, die hier schon etwas abgefahren war &#8211; die Alternative links au\u00dfenrum dagegen war noch fast jungfr\u00e4ulich frisch pr\u00e4pariert<\/p>\n<p><a href='http:\/\/ski.inmontanis.info\/d\/253929-2\/DSC00648.jpg'><img src=http:\/\/ski.inmontanis.info\/d\/253928-3\/DSC00648.jpg \/><\/a><br \/>\n^ Die unpr\u00e4parierten Steilh\u00e4nge der Talabfahrt\/Talskiroute waren recht pulvrig und gut zu fahren<\/p>\n<p><strong>So, 20.1.2019 &#8211; Teil 1: Oberaudorf<\/strong><\/p>\n<p>Am Sonntag ging&#8217;s erstmal nach Oberaudorf (inkludiert in der Saisonkarte), da war ich noch nie im Winter und war somit gespannt. Die 4KSB-Abfahrt war wie erwartet eisig hart, die Abfahrten an den SL dagegen durchaus netter. F\u00fcr einen halben Tag kann man&#8217;s hier schon aushalten. Leider hatte ich die Cam-Akkus nicht geladen und keinen geladenen mehr dabei, so dass ich im Laufe des Tages auf die schlechtere Cam vom iPhone umsteigen musste.<\/p>\n<p><a href='http:\/\/ski.inmontanis.info\/d\/253933-2\/DSC00651.jpg'><img src=http:\/\/ski.inmontanis.info\/d\/253932-3\/DSC00651.jpg \/><\/a><br \/>\n^ Oberaudorf mit seinem kleinen Skigebiet<\/p>\n<p><a href='http:\/\/ski.inmontanis.info\/d\/253937-2\/DSC00655.jpg'><img src=http:\/\/ski.inmontanis.info\/d\/253936-3\/DSC00655.jpg \/><\/a><br \/>\n^ Sommer-Mittelstation der 4KSB ohne Auskuppeln<\/p>\n<p><a href='http:\/\/ski.inmontanis.info\/d\/253941-2\/DSC00656.jpg'><img src=http:\/\/ski.inmontanis.info\/d\/253940-3\/DSC00656.jpg \/><\/a><br \/>\n^ 4KSB im oberen Bereich, hier schaut&#8217;s schon sch\u00f6ner aus und es gibt ein paar Abfahrtsvarianten , die auch vom S\u00fcdhanglift erschlossen sind<\/p>\n<p><a href='http:\/\/ski.inmontanis.info\/d\/253945-2\/DSC00660.jpg'><img src=http:\/\/ski.inmontanis.info\/d\/253944-3\/DSC00660.jpg \/><\/a><br \/>\n^ SL S\u00fcdhang, hier war nichts los und der Lift erschlie\u00dft die sch\u00f6nen 4 Abfahrtsvarianten im oberen Teil<\/p>\n<p><a href='http:\/\/ski.inmontanis.info\/d\/253949-2\/DSC00664.jpg'><img src=http:\/\/ski.inmontanis.info\/d\/253948-3\/DSC00664.jpg \/><\/a><br \/>\n^ SL S\u00fcdhang<\/p>\n<p><a href='http:\/\/ski.inmontanis.info\/d\/253953-2\/DSC00666.jpg'><img src=http:\/\/ski.inmontanis.info\/d\/253952-3\/DSC00666.jpg \/><\/a><br \/>\n^ SL Idealhang, an dem war mir immer zu viel los (sp\u00e4ter noch mehr wie jetzt), daher nicht gefahren; sowie Bergstation 4KSB.<\/p>\n<p><a href='http:\/\/ski.inmontanis.info\/d\/253957-2\/DSC00668.jpg'><img src=http:\/\/ski.inmontanis.info\/d\/253956-3\/DSC00668.jpg \/><\/a><br \/>\n^ SL S\u00fcdhang und Talblick<\/p>\n<p><a href='http:\/\/ski.inmontanis.info\/d\/253961-2\/DSC00670.jpg'><img src=http:\/\/ski.inmontanis.info\/d\/253960-3\/DSC00670.jpg \/><\/a><br \/>\n^ Die 4KSB Abfahrt war steil und sehr hart und gefiel mir nicht<\/p>\n<p><a href='http:\/\/ski.inmontanis.info\/d\/253965-2\/DSC00671.jpg'><img src=http:\/\/ski.inmontanis.info\/d\/253964-3\/DSC00671.jpg \/><\/a><br \/>\n^ 4KSB<\/p>\n<p><a href='http:\/\/ski.inmontanis.info\/d\/253969-2\/DSC00673.jpg'><img src=http:\/\/ski.inmontanis.info\/d\/253968-3\/DSC00673.jpg \/><\/a><br \/>\n^ Unpr\u00e4parierte Zufahrt zum Finkenlift (links au\u00dferhalb des Bildes rum)<\/p>\n<p><a href='http:\/\/ski.inmontanis.info\/d\/253973-2\/DSC00675.jpg'><img src=http:\/\/ski.inmontanis.info\/d\/253972-3\/DSC00675.jpg \/><\/a><br \/>\n^ Der kurze Finkenlift mit seinen Abfahrten<\/p>\n<p><a href='http:\/\/ski.inmontanis.info\/d\/253977-2\/DSC00676.jpg'><img src=http:\/\/ski.inmontanis.info\/d\/253976-3\/DSC00676.jpg \/><\/a><br \/>\n^ Finkenlift<\/p>\n<p><a href='http:\/\/ski.inmontanis.info\/d\/253981-2\/DSC00677.jpg'><img src=http:\/\/ski.inmontanis.info\/d\/253980-3\/DSC00677.jpg \/><\/a><br \/>\n^ Finkenlift, netter alter Leitner-Skikuli, wenn auch etwas kurz<\/p>\n<p><a href='http:\/\/ski.inmontanis.info\/d\/253985-2\/DSC00678.jpg'><img src=http:\/\/ski.inmontanis.info\/d\/253984-3\/DSC00678.jpg \/><\/a><br \/>\n^ Finkenlift<\/p>\n<p><a href='http:\/\/ski.inmontanis.info\/d\/253989-2\/DSC00681.jpg'><img src=http:\/\/ski.inmontanis.info\/d\/253988-3\/DSC00681.jpg \/><\/a><br \/>\n^ Finkenlift mit seinen sch\u00f6nen, blauen St\u00fctzen<\/p>\n<p><a href='http:\/\/ski.inmontanis.info\/d\/253993-2\/IMG_5178.jpg'><img src=http:\/\/ski.inmontanis.info\/d\/253992-3\/IMG_5178.jpg \/><\/a><br \/>\n^ Finkenlift, der Ausstieg an der  Bergstation ist etwar kurios ..<\/p>\n<p><a href='http:\/\/ski.inmontanis.info\/d\/253997-2\/IMG_5181.jpg'><img src=http:\/\/ski.inmontanis.info\/d\/253996-3\/IMG_5181.jpg \/><\/a><br \/>\n^ .. denn die Umlenkstation liegt tiefer als der Ausstieg<\/p>\n<p><a href='http:\/\/ski.inmontanis.info\/d\/254001-2\/IMG_5184.jpg'><img src=http:\/\/ski.inmontanis.info\/d\/254000-3\/IMG_5184.jpg \/><\/a><br \/>\n^ Finkenlift<\/p>\n<p><a href='http:\/\/ski.inmontanis.info\/d\/254005-2\/IMG_5185.jpg'><img src=http:\/\/ski.inmontanis.info\/d\/254004-3\/IMG_5185.jpg \/><\/a><br \/>\n^ Retour geht&#8217;s vom Finkenlift allerdings nicht ohne zu Schieben. Au\u00dfer man f\u00e4hrt unten die Rodelbahn<\/p>\n<p><strong>So, 20.1.2019 &#8211; Teil 2: Kampendwand<\/strong><\/p>\n<p>Ab Mittag ging&#8217;s nochmals zur Kampenwand, die Schneeverh\u00e4ltnisse waren tats\u00e4chlich etwas besser als gestern, insb. auch die unpr\u00e4parierten ESL-Abfahrten, weil die Leute den Harschschnee etwas aufgefahren hatten. Auch sonst gab es ein paar Pulverh\u00e4nge. W\u00e4hrend einer ESL-Abfahrt sprach mich ein Schweizer aus dem Alpinforum an, der bei der Sommerskiaktion in Crans-Montana dabei war. Sch\u00f6n, wenn selbst Schweizer das Nostalgiegebiet an der Kampenwand sch\u00e4tzen und besuchen.<\/p>\n<p><a href='http:\/\/ski.inmontanis.info\/d\/254089-2\/IMG_5187.jpg'><img src=http:\/\/ski.inmontanis.info\/d\/254088-3\/IMG_5187.jpg \/><\/a><br \/>\n^ Offpiste links vom SL, alles vereist, grausig<\/p>\n<p><a href='http:\/\/ski.inmontanis.info\/d\/254093-2\/IMG_5191.jpg'><img src=http:\/\/ski.inmontanis.info\/d\/254092-3\/IMG_5191.jpg \/><\/a><br \/>\n^ Offpiste links vom SL, nur unten war&#8217;s pulvriger, dar\u00fcber eisig hart oder vereister Bruchharsch<\/p>\n<p><a href='http:\/\/ski.inmontanis.info\/d\/254097-2\/IMG_5192.jpg'><img src=http:\/\/ski.inmontanis.info\/d\/254096-3\/IMG_5192.jpg \/><\/a><br \/>\n^ Blick von der ESL-Gratabfahrt zur 4ZUB<\/p>\n<p><a href='http:\/\/ski.inmontanis.info\/d\/254101-2\/IMG_5193.jpg'><img src=http:\/\/ski.inmontanis.info\/d\/254100-3\/IMG_5193.jpg \/><\/a><br \/>\n^ Stellenweise gab&#8217;s aber auch ein paar nette Pulverh\u00e4nge<\/p>\n<p><a href='http:\/\/ski.inmontanis.info\/d\/254105-2\/IMG_5196.jpg'><img src=http:\/\/ski.inmontanis.info\/d\/254104-3\/IMG_5196.jpg \/><\/a><br \/>\n^ Die Gratabfahrtsvariante am ESL. Am ESL gefiel es mir dann doch recht gut, so dass ich bis ca. 15 Uhr noch ein paar Mal den ESL fuhr, bevor ich etwas zu \u00fcberm\u00fctig wurde und wg. meines geprellten Rippchenfleisches lieber aufh\u00f6rte.<\/p>\n<p>Sofern das Wetter sinnvoll ist und mir in der Arbeit nichts dazwischen kommt, werd ich n\u00e4chstes WE wohl mal wieder in die Schweiz fahren, da gibt\u2019s hoffentlich besseren Schnee .. <\/p>\n","protected":false},"excerpt":{"rendered":"<p>Sa, 19.1.2019 &#8211; Teil 1: Kampenwand<\/p>\n<p>Endlich liegt mal wieder genug Schnee in den bayrischen Skigebieten .. dann ist die H\u00e4lfte zu. Also nicht ganz, aber Wendelstein hat noch komplett geschlossen. Zu viel Schnee? Lawinengefahr? Technische Probleme? Alles vereist? An der Kampenwand dagegen war dieses WE Vollbetrieb. Wenn auch der Schnee sehr entt\u00e4uschend war. Anscheinend <a href=\"http:\/\/blog.inmontanis.info\/?p=5377\">[&#8230;]<\/a><\/p>\n","protected":false},"author":1,"featured_media":0,"comment_status":"closed","ping_status":"closed","sticky":false,"template":"","format":"standard","meta":{"footnotes":""},"categories":[12,268,862,274,25,13,27],"tags":[49,60,38,35,45,47],"class_list":["post-5377","post","type-post","status-publish","format-standard","hentry","category-germany","category-kampenwand","category-kossen","category-oberaudorf","category-noreport","category-austria","category-skifahren-winterskiing-winter","tag-4sb","tag-4zub","tag-dsb","tag-esl","tag-see","tag-sl","odd"],"_links":{"self":[{"href":"http:\/\/blog.inmontanis.info\/index.php?rest_route=\/wp\/v2\/posts\/5377","targetHints":{"allow":["GET"]}}],"collection":[{"href":"http:\/\/blog.inmontanis.info\/index.php?rest_route=\/wp\/v2\/posts"}],"about":[{"href":"http:\/\/blog.inmontanis.info\/index.php?rest_route=\/wp\/v2\/types\/post"}],"author":[{"embeddable":true,"href":"http:\/\/blog.inmontanis.info\/index.php?rest_route=\/wp\/v2\/users\/1"}],"replies":[{"embeddable":true,"href":"http:\/\/blog.inmontanis.info\/index.php?rest_route=%2Fwp%2Fv2%2Fcomments&post=5377"}],"version-history":[{"count":3,"href":"http:\/\/blog.inmontanis.info\/index.php?rest_route=\/wp\/v2\/posts\/5377\/revisions"}],"predecessor-version":[{"id":5379,"href":"http:\/\/blog.inmontanis.info\/index.php?rest_route=\/wp\/v2\/posts\/5377\/revisions\/5379"}],"wp:attachment":[{"href":"http:\/\/blog.inmontanis.info\/index.php?rest_route=%2Fwp%2Fv2%2Fmedia&parent=5377"}],"wp:term":[{"taxonomy":"category","embeddable":true,"href":"http:\/\/blog.inmontanis.info\/index.php?rest_route=%2Fwp%2Fv2%2Fcategories&post=5377"},{"taxonomy":"post_tag","embeddable":true,"href":"http:\/\/blog.inmontanis.info\/index.php?rest_route=%2Fwp%2Fv2%2Ftags&post=5377"}],"curies":[{"name":"wp","href":"https:\/\/api.w.org\/{rel}","templated":true}]}}