{"id":5350,"date":"2018-12-22T06:23:46","date_gmt":"2018-12-22T05:23:46","guid":{"rendered":"http:\/\/blog.inmontanis.info\/?p=5350"},"modified":"2019-01-14T06:41:11","modified_gmt":"2019-01-14T05:41:11","slug":"intro-best-of-balkan-turkei-kaukasus-22-12-2018-13-1-2019","status":"publish","type":"post","link":"http:\/\/blog.inmontanis.info\/?p=5350","title":{"rendered":"Intro &#038; Best-Of: Balkan-T\u00fcrkei-Kaukasus, 22.12.2018-13.1.2019"},"content":{"rendered":"<p>Der Termin um Weihnachten\/Neujahr hat f\u00fcr eine Winterreise Vor- und Nachteile. Vorteile sind, dass man nicht viele Urlaubstage nehmen muss, dass man recht problemlos 3 Wochen frei bekommt und dass man in den L\u00e4ndern, die zu der Zeit Ferien haben, mit offenen Skigebieten auch unter der Woche rechnen kann. Nachteil ist, dass die Schneelage noch d\u00fcrftig sein kann und Skigebiete geschlossen sein k\u00f6nnen, falls in dieser oder jener Ecke Europas noch kein gro\u00dfer Schneefall gekommen ist. Die m\u00f6glichen Ziele sollten somit auch eher kurzfristig entschieden werden.<\/p>\n<p>Trincerone hatte sich zwar keine 3 Wochen frei nehmen k\u00f6nnen, k\u00f6nnte aber grundlegend vom 26.12.-7.1. irgendwo dazusto\u00dfen. Zur Wahl stand eine kurze, 1-w\u00f6chige Alpentour (und sp\u00e4ter dann eine 2-w\u00f6chige Tour) oder gleich die l\u00e4ngere Reise. In einigen Gebieten der T\u00fcrkei und im Kaukasus lag Mitte Dezember schon mal Schnee, w\u00e4hrend es in den interessanteren Bereichen der Alpen noch etwas d\u00fcrftig aussah. So entschieden wir uns also f\u00fcr ein Revival der Fr\u00fchjahrstour von 2015, Balkan-T\u00fcrkei-Kaukasus, die uns so gut gefiel, wobei Trinc wieder erst ab (und diesmal bis) Istanbul dabei war und Trinc noch gerne Aserbaidschan zus\u00e4tzlich zu Georgien mitnehmen wollte. <\/p>\n<p>Somit h\u00e4tte ich genug Zeit, um auf den Hin- und R\u00fcckweg einige Skigebiete in Griechenland, Mazedonien, Bulgarien, Rum\u00e4nien und\/oder Montenegro mitzunehmen. Was dann wetterm\u00e4\u00dfig leider nicht ganz geklappt hat. Auch zusammen unterwegs hatten wir einige Skigebiete auslassen und Tage ohne Skifahren verbringen m\u00fcssen &#8211; sei es, weil kein Schnee lag, oder weil die Lifte trotz Schnee nicht ge\u00f6ffnet hatten.<\/p>\n<p>Es gibt ja L\u00e4nder, da ist man froh, wenn man wieder \u00fcber die Grenze kommt und sie verl\u00e4sst. Und es gibt L\u00e4nder, wo man traurig ist, wenn man sie verlassen mus. Zu letzteren L\u00e4ndern z\u00e4hlen f\u00fcr mich die britischen Inseln, Norwegen, Russland und die T\u00fcrkei, die mich nun auch bei meinem zweiten Besuch \u00fcberzeugen konnte &#8211; mit Ausnahme der Skigebiets\u00f6ffnungspolitik in Ostanatolien. Neben der oftmals tollen (nein, genialen) Winter-Landschaft \u00fcberzeugt die T\u00fcrkei auch zB mit einem sehr gut ausgebauten (und im Osten sehr leeren) Fernstra\u00dfennetz, aber auch sonst f\u00fchlt man sich wohl &#8211; und f\u00fcr unsereins ist es sehr g\u00fcnstig momentan.<\/p>\n<p>Wir hatten zwar durchaus einige nette Skitage, aber m.E. nicht so tolle wie im Fr\u00fchjahr 2015. Der Zeitraum um Neujahr ist f\u00fcr die T\u00fcrkei doch  etwas fr\u00fch, auch wenn es sicherlich Jahre gibt, wo es zu der Zeit weit weniger Schnee hat als heuer. Zudem war es wieder viel Autofahrerei, es gab viele Tage, wo wir erst um oder nach Mitternacht im Hotel waren, eine Nacht fuhren wir sogar durch und unsere Skitage waren selten l\u00e4nger als 2-3 Stunden. Vielleicht werden wir uns bei der n\u00e4chsten Tour in diese Gegend auf die Westt\u00fcrkei und Griechenland beschr\u00e4nken. <\/p>\n<p>F\u00fcr mich (bzw. mein Auto) waren es in Summe lt. GPS-Tracking des eingebauten Navi ca. 13.543 km Autofahrt, durch folgende 13 L\u00e4nder (*= Ski gefahren, 9 L\u00e4nder):<\/p>\n<p>\u00d6sterreich *<br \/>\nUngarn<br \/>\nRum\u00e4nien *<br \/>\nBulgarien *<br \/>\nGriechenland *<br \/>\nT\u00fcrkei *<br \/>\nGeorgien *<br \/>\nAserbaidschan *<br \/>\nMazedonien<br \/>\nSerbien<br \/>\nKroatien<br \/>\nSlowenien *<br \/>\nItalien *<\/p>\n<p>Hier ein kleines Best-Of der ca. 2600 Fotos: (Anklicken zum Vergr\u00f6\u00dfern)<\/p>\n<p><a href='http:\/\/extra.inmontanis.info\/d\/51127-2\/ge_route2.jpg'><img src=http:\/\/extra.inmontanis.info\/d\/51125-3\/ge_route2.jpg \/><\/a><br \/>\n^ Route 22.12.2018-13.1.2019 in T\u00fcrkis (ca. 13.500km); die 2015er BTK-Tour in hellem Rot<\/p>\n<p><a href='http:\/\/extra.inmontanis.info\/d\/51131-2\/DSC08374.jpg'><img src=http:\/\/extra.inmontanis.info\/d\/51130-3\/DSC08374.jpg \/><\/a><br \/>\n^ Falakro (GR)<\/p>\n<p><a href='http:\/\/extra.inmontanis.info\/d\/51135-2\/DSC08382.jpg'><img src=http:\/\/extra.inmontanis.info\/d\/51134-3\/DSC08382.jpg \/><\/a><br \/>\n^ Falakro (GR)<\/p>\n<p><a href='http:\/\/extra.inmontanis.info\/d\/51139-2\/DSC08508.jpg'><img src=http:\/\/extra.inmontanis.info\/d\/51138-3\/DSC08508.jpg \/><\/a><\/p>\n<p><a href='http:\/\/extra.inmontanis.info\/d\/51143-2\/DSC08556.jpg'><img src=http:\/\/extra.inmontanis.info\/d\/51142-3\/DSC08556.jpg \/><\/a><br \/>\n^ Ladik Adag (TR)<\/p>\n<p><a href='http:\/\/extra.inmontanis.info\/d\/51147-2\/DSC08603.jpg'><img src=http:\/\/extra.inmontanis.info\/d\/51146-3\/DSC08603.jpg \/><\/a><br \/>\n^ Erzincan Ergan (TR)<\/p>\n<p><a href='http:\/\/extra.inmontanis.info\/d\/51151-2\/DSC08684.jpg'><img src=http:\/\/extra.inmontanis.info\/d\/51150-3\/DSC08684.jpg \/><\/a><\/p>\n<p><a href='http:\/\/extra.inmontanis.info\/d\/51155-2\/DSC08755.jpg'><img src=http:\/\/extra.inmontanis.info\/d\/51154-3\/DSC08755.jpg \/><\/a><br \/>\n^ Auffahrt Tetnuldi (GE)<\/p>\n<p><a href='http:\/\/extra.inmontanis.info\/d\/51159-2\/DSC08788.jpg'><img src=http:\/\/extra.inmontanis.info\/d\/51158-3\/DSC08788.jpg \/><\/a><br \/>\n^ Tetnuldi (GE)<\/p>\n<p><a href='http:\/\/extra.inmontanis.info\/d\/51163-2\/DSC08996.jpg'><img src=http:\/\/extra.inmontanis.info\/d\/51162-3\/DSC08996.jpg \/><\/a><br \/>\n^ Shahdag (AZ)<\/p>\n<p><a href='http:\/\/extra.inmontanis.info\/d\/51167-2\/DSC09126.jpg'><img src=http:\/\/extra.inmontanis.info\/d\/51166-3\/DSC09126.jpg \/><\/a><br \/>\n^ tagelange Fahrerei durch schneebedeckte, arktisch anmutende Landschaften in der Ost-T\u00fcrkei (Anatolien)<\/p>\n<p><a href='http:\/\/extra.inmontanis.info\/d\/51171-2\/DSC09205.jpg'><img src=http:\/\/extra.inmontanis.info\/d\/51170-3\/DSC09205.jpg \/><\/a><\/p>\n<p><a href='http:\/\/extra.inmontanis.info\/d\/51175-2\/DSC09254.jpg'><img src=http:\/\/extra.inmontanis.info\/d\/51174-3\/DSC09254.jpg \/><\/a><br \/>\n^ Paland\u00f6ken (TR)<\/p>\n<p><a href='http:\/\/extra.inmontanis.info\/d\/51179-2\/DSC09437.jpg'><img src=http:\/\/extra.inmontanis.info\/d\/51178-3\/DSC09437.jpg \/><\/a><\/p>\n<p><a href='http:\/\/extra.inmontanis.info\/d\/51183-2\/DSC09445.jpg'><img src=http:\/\/extra.inmontanis.info\/d\/51182-3\/DSC09445.jpg \/><\/a><\/p>\n<p><a href='http:\/\/extra.inmontanis.info\/d\/51187-2\/DSC09464.jpg'><img src=http:\/\/extra.inmontanis.info\/d\/51186-3\/DSC09464.jpg \/><\/a><\/p>\n<p><a href='http:\/\/extra.inmontanis.info\/d\/51191-2\/DSC09577.jpg'><img src=http:\/\/extra.inmontanis.info\/d\/51190-3\/DSC09577.jpg \/><\/a><br \/>\n^ Hakkari (TR), nahe der Grenze zu Iran &#038; Irak, hier ist die Landschaft noch einmal wilder<\/p>\n<p><a href='http:\/\/extra.inmontanis.info\/d\/51195-2\/DSC09609.jpg'><img src=http:\/\/extra.inmontanis.info\/d\/51194-3\/DSC09609.jpg \/><\/a><\/p>\n<p><a href='http:\/\/extra.inmontanis.info\/d\/51199-2\/DSC09828.jpg'><img src=http:\/\/extra.inmontanis.info\/d\/51198-3\/DSC09828.jpg \/><\/a><br \/>\n^ Uludag (TR)<\/p>\n<p><a href='http:\/\/extra.inmontanis.info\/d\/51203-2\/DSC09856.jpg'><img src=http:\/\/extra.inmontanis.info\/d\/51202-3\/DSC09856.jpg \/><\/a><br \/>\n^ Uludag (TR)<\/p>\n<p><a href='http:\/\/extra.inmontanis.info\/d\/51207-2\/DSC09991.jpg'><img src=http:\/\/extra.inmontanis.info\/d\/51206-3\/DSC09991.jpg \/><\/a><br \/>\n^ Sonnenaufgang mit Schnee an der Mittelmeerk\u00fcste (GR)<\/p>\n<p><a href='http:\/\/extra.inmontanis.info\/d\/51211-2\/DSC00043.jpg'><img src=http:\/\/extra.inmontanis.info\/d\/51210-3\/DSC00043.jpg \/><\/a><br \/>\n^ Seli (GR)<\/p>\n<p><a href='http:\/\/extra.inmontanis.info\/d\/51215-2\/DSC00173.jpg'><img src=http:\/\/extra.inmontanis.info\/d\/51214-3\/DSC00173.jpg \/><\/a><br \/>\n^ Straja (RO)<\/p>\n<p><a href='http:\/\/extra.inmontanis.info\/d\/51219-2\/DSC00405.jpg'><img src=http:\/\/extra.inmontanis.info\/d\/51218-3\/DSC00405.jpg \/><\/a><br \/>\n^ Bad Kleinkirchheim (AT)<\/p>\n<p><a href='http:\/\/extra.inmontanis.info\/d\/51223-2\/DSC00505.jpg'><img src=http:\/\/extra.inmontanis.info\/d\/51222-3\/DSC00505.jpg \/><\/a><br \/>\n^ Tarvisio (IT) &#8211; und sie l\u00e4uft doch noch!<\/p>\n<p>Detailberichte folgen.<\/p>\n","protected":false},"excerpt":{"rendered":"<p>Der Termin um Weihnachten\/Neujahr hat f\u00fcr eine Winterreise Vor- und Nachteile. Vorteile sind, dass man nicht viele Urlaubstage nehmen muss, dass man recht problemlos 3 Wochen frei bekommt und dass man in den L\u00e4ndern, die zu der Zeit Ferien haben, mit offenen Skigebieten auch unter der Woche rechnen kann. Nachteil ist, dass die Schneelage noch <a href=\"http:\/\/blog.inmontanis.info\/?p=5350\">[&#8230;]<\/a><\/p>\n","protected":false},"author":1,"featured_media":0,"comment_status":"closed","ping_status":"closed","sticky":false,"template":"","format":"standard","meta":{"footnotes":""},"categories":[173,27],"tags":[],"class_list":["post-5350","post","type-post","status-publish","format-standard","hentry","category-2019-01-balkan-turkei-kaukasus","category-skifahren-winterskiing-winter","odd"],"_links":{"self":[{"href":"http:\/\/blog.inmontanis.info\/index.php?rest_route=\/wp\/v2\/posts\/5350","targetHints":{"allow":["GET"]}}],"collection":[{"href":"http:\/\/blog.inmontanis.info\/index.php?rest_route=\/wp\/v2\/posts"}],"about":[{"href":"http:\/\/blog.inmontanis.info\/index.php?rest_route=\/wp\/v2\/types\/post"}],"author":[{"embeddable":true,"href":"http:\/\/blog.inmontanis.info\/index.php?rest_route=\/wp\/v2\/users\/1"}],"replies":[{"embeddable":true,"href":"http:\/\/blog.inmontanis.info\/index.php?rest_route=%2Fwp%2Fv2%2Fcomments&post=5350"}],"version-history":[{"count":4,"href":"http:\/\/blog.inmontanis.info\/index.php?rest_route=\/wp\/v2\/posts\/5350\/revisions"}],"predecessor-version":[{"id":5354,"href":"http:\/\/blog.inmontanis.info\/index.php?rest_route=\/wp\/v2\/posts\/5350\/revisions\/5354"}],"wp:attachment":[{"href":"http:\/\/blog.inmontanis.info\/index.php?rest_route=%2Fwp%2Fv2%2Fmedia&parent=5350"}],"wp:term":[{"taxonomy":"category","embeddable":true,"href":"http:\/\/blog.inmontanis.info\/index.php?rest_route=%2Fwp%2Fv2%2Fcategories&post=5350"},{"taxonomy":"post_tag","embeddable":true,"href":"http:\/\/blog.inmontanis.info\/index.php?rest_route=%2Fwp%2Fv2%2Ftags&post=5350"}],"curies":[{"name":"wp","href":"https:\/\/api.w.org\/{rel}","templated":true}]}}