{"id":5331,"date":"2018-12-01T18:38:33","date_gmt":"2018-12-01T17:38:33","guid":{"rendered":"http:\/\/blog.inmontanis.info\/?p=5331"},"modified":"2023-08-05T15:23:24","modified_gmt":"2023-08-05T13:23:24","slug":"zinal-grimentz-1-12-2018","status":"publish","type":"post","link":"http:\/\/blog.inmontanis.info\/?p=5331","title":{"rendered":"Zinal-Grimentz, 1.12.2018"},"content":{"rendered":"<p>Am WE 1.\/2.12. machten zwar in den Alpenl\u00e4ndern viele Skigebiete auf. Dennoch war es f\u00fcr mich sehr schwer, mich f\u00fcr irgendwas zu entscheiden &#8211; denn es gab kaum eine Gegend, wo das Wetter SA+SO brauchbar werden w\u00fcrde, und da, wo es brauchbar werden sollte, war entweder (f\u00fcr mich) nichts brauchbares offen, die Skip\u00e4sse (mir) zu teuer, zu viel Wind gemeldet oder einfach zu weit weg und zu uninteressant, als dass ich nur f\u00fcr&#8217;s WE so weit h\u00e4tte fahren wollen. Bl\u00f6derweise gab&#8217;s im MagicPass-Bereich die schlechtesten Vorhersagen &#8211; wenig Sonne am Samstag und Schneefall am Sonntag. Und f\u00fcr einen Schneefall-Skitag ein Hotel um ca. 50,- \u20ac zu nehmen, darauf h\u00e4tte ich egtl. auch wenig Lust, trotz Saisonkarte. <\/p>\n<p>Andererseits k\u00f6nnte es n\u00e4chstes WE noch schlechter sein, soweit die Vorhersagen zumindest am Freitag Abend gemeldet hatten, und das WE drauf h\u00e4tte ich einen Arbeitstermin, also w\u00fcrde ich wohl fr\u00fchestens Weihnachten wieder in die Gegend kommen, wenn \u00fcberhaupt. Und vorsichtshalber k\u00f6nnte ich ja an diesem WE am Samstag Abend noch nach Frankreich zum Einkaufen und Essen fahren &#8211; damit sich die Fahrt noch etwas mehr lohnt, falls das Skifahren nix sein sollte  ;)<\/p>\n<p><strong>Sa, 1.12.2018<\/strong> &#8211; Zinal-Grimentz (Val d&#8217;Anniviers)<\/p>\n<p>Ich kam gestern ob der schweren Auswahl nicht ganz so fr\u00fch ins Bett, daher erst gegen 4:30 Uhr weggefahren. Fuhr aber trotzdem die zeitlich etwas l\u00e4ngere Strecke \u00fcber Bernardino-Simplon, wie schon letztes WE gesagt, mir gef\u00e4llt die Strecke einfach besser. Irgendwie find ich das L\u00e4nder\/Sprachengeh\u00fcpfe auch immer recht kurios: \u00d6sterreich, deutsche Schweiz, italienische Schweiz, Italien, deutsche Schweiz, franz\u00f6sische Schweiz, da frag mich noch einmal so ein Grenzer, wo ich her komme oder hin will &#8211; wie soll man da noch den \u00dcberblick behalten?! Tanken um Locarno, weil es da meist am g\u00fcnstigsten ist &#8211; es gab dann lt. Tafel nochmals 0,03 Rabatt, so dass ich trotz Wechselspesen wohl nur ca. 1,33 \u20ac f\u00fcr&#8217;s Benzin gezahlt hatte &#8211; das h\u00e4tte an einer Markentankstelle in Innsbruck ein paar Cent mehr gekostet. (Feldkirch ist da momentan g\u00fcnstiger.)<\/p>\n<p>Nett ist im Wallis auch, dass &#8211; entweder wirklich oder zumindest gef\u00fchlt &#8211; jedes Jahr ein neues St\u00fcck Autobahn aufmacht, so war heute die halbe Umfahrung (Tunnel) in Visp f\u00fcr mich neu, die aber wohl nur in Richtung Martigny+Zermatt, nicht Richtung Simplon (von Martigny) Sinn macht. An den n\u00e4chsten Teilst\u00fccken, evtl. bis auf eines, wird schon kr\u00e4ftig gearbeitet.<\/p>\n<p>Gegen 11:35 Uhr war ich erst in Grimentz, wo mir die n\u00e4chsten freien Parkpl\u00e4tze aber zu weit von der Gondel schienen (und kostenpflichtig dazu waren, zumindest die vorderen, beim hinteren war ich mir nicht sicher, der war mir dann aber erst mal etwas zu weit weg, wobei man bei der Verbindungsabfahrt wohl eh den ganzen Weg gehen muss, wenn ich das richtig verstanden habe? Dann ist&#8217;s eh schon wurscht, wenn man die mal fahren will. Falls ich mal hier zu einer Zeit her komme, wo die Abfahrt dann ge\u00f6ffnet ist, scheint doch eher viel Skiweg + viel Fu\u00dfweg zu sein f\u00fcr das bisschen interessanten Hang dazwischen?! Jedenfalls bin ich also heute erst mal noch weiter nach Zinal gefahren. Aber auch hier 5,- CHF Parkgeb\u00fchren (immerhin, Kredit- und Bankomatkarten gingen am Automaten auch), wobei ich zumindest das Gl\u00fcck hatte, dass an einem der Parkpl\u00e4tz direkt an der Gondel (so quasi vergleichbar zu Ladis) noch 2 Pl\u00e4tze frei waren. <\/p>\n<p>Oben die erste Abfahrt runter zur 4KSB war dann eine recht eisig hart abgefahrene Kunstschneepiste, so dass ich gleich mal r\u00fcber nach Grimentz bin, mit der Verbindungsgondel hat man ja wenigstens keine gro\u00dfartigen Fu\u00dfwege. In Grimentz war&#8217;s aber nicht viel besser, au\u00dfer dann neben der Piste, sofern mal was ging. Ich fuhr also beide Abfahrten je 2x, d.h. komplett mit beiden KSBs, die von ca. 2100 auf ca. 2700m gehen. Um 15:15 ging&#8217;s mit der PB wieder zur\u00fcck nach Zinal, wo die beiden ge\u00f6ffneten Sessellifte von ca. 2200 auf 2880m gehen. Dort war es dann fast noch etwas griffiger (im Trainingsbereich) bzw. die Haufen aufgefahrener, und bei solchen Kunstschneepisten fahr ich ja lieber in den Haufen als in den abgefahrenen St\u00fccken dazwischen.<\/p>\n<p>(Fotos anklicken zum Vergr\u00f6\u00dfern)<\/p>\n<p><a href='http:\/\/extra.inmontanis.info\/d\/51089-2\/DSC07671.jpg'><img src=http:\/\/extra.inmontanis.info\/d\/51088-3\/DSC07671.jpg \/><\/a><br \/>\n^ Simplonpass<\/p>\n<p><a href='http:\/\/extra.inmontanis.info\/d\/51093-2\/DSC07672.jpg'><img src=http:\/\/extra.inmontanis.info\/d\/51092-3\/DSC07672.jpg \/><\/a><br \/>\n^ Simplonpass<\/p>\n<p><a href='http:\/\/ski.inmontanis.info\/d\/252605-2\/DSC07679.jpg'><img src=http:\/\/ski.inmontanis.info\/d\/252604-3\/DSC07679.jpg \/><\/a><br \/>\n^ Blick von der PB zur 4KSB Chiesso<\/p>\n<p><a href='http:\/\/ski.inmontanis.info\/d\/252609-2\/DSC07680.jpg'><img src=http:\/\/ski.inmontanis.info\/d\/252608-3\/DSC07680.jpg \/><\/a><br \/>\n^ Ausstieg PB, 4KSB Chiesso, 4SB Sorebois, SL Remointze<\/p>\n<p><a href='http:\/\/ski.inmontanis.info\/d\/252613-2\/DSC07687.jpg'><img src=http:\/\/ski.inmontanis.info\/d\/252612-3\/DSC07687.jpg \/><\/a><br \/>\n^ 4KSB Chiesso, SL Combe, 4SB Sorebois<\/p>\n<p><a href='http:\/\/ski.inmontanis.info\/d\/252617-2\/DSC07691.jpg'><img src=http:\/\/ski.inmontanis.info\/d\/252616-3\/DSC07691.jpg \/><\/a><br \/>\n^ 4SB Sorebois<\/p>\n<p><a href='http:\/\/ski.inmontanis.info\/d\/252621-2\/DSC07693.jpg'><img src=http:\/\/ski.inmontanis.info\/d\/252620-3\/DSC07693.jpg \/><\/a><br \/>\n^ Blick r\u00fcber nach Grimentz<\/p>\n<p><a href='http:\/\/ski.inmontanis.info\/d\/252625-2\/DSC07699.jpg'><img src=http:\/\/ski.inmontanis.info\/d\/252624-3\/DSC07699.jpg \/><\/a><br \/>\n^ Verbindungs-PB Grimentz-Zinal<\/p>\n<p><a href='http:\/\/ski.inmontanis.info\/d\/252629-2\/DSC07700.jpg'><img src=http:\/\/ski.inmontanis.info\/d\/252628-3\/DSC07700.jpg \/><\/a><br \/>\n^ Abfahrt 4SB Sorebois<\/p>\n<p><a href='http:\/\/ski.inmontanis.info\/d\/252633-2\/DSC07704.jpg'><img src=http:\/\/ski.inmontanis.info\/d\/252632-3\/DSC07704.jpg \/><\/a><br \/>\n^ Verbindungs-PB Grimentz-Zinal, im Hintergrund das Skigebiet St. Luc-Chandolin<\/p>\n<p><a href='http:\/\/ski.inmontanis.info\/d\/252529-2\/DSC07706.jpg'><img src=http:\/\/ski.inmontanis.info\/d\/252528-3\/DSC07706.jpg \/><\/a><br \/>\n^ Grimentz von der Verbindungs-PB<\/p>\n<p><a href='http:\/\/ski.inmontanis.info\/d\/252533-2\/DSC07708.jpg'><img src=http:\/\/ski.inmontanis.info\/d\/252532-3\/DSC07708.jpg \/><\/a><br \/>\n^ Grimentz\/Parkpl\u00e4tze von der Verbindungs-PB. Der kleine untere Parkplatz (mit Schnee) ist ja komischerweise recht leer, obwohl er n\u00e4her ist? Gut, ich h\u00e4tte den gar nicht gesehen, aber die anderen werden sich wohl besser auskennen?!<\/p>\n<p>Also, die Verbindungsabfahrt endet am linken Ende des gro\u00dfen Parkplatzes, korrekt? Ist dieser kostenpflichtig oder nicht? <\/p>\n<p><a href='http:\/\/ski.inmontanis.info\/d\/252537-2\/DSC07710.jpg'><img src=http:\/\/ski.inmontanis.info\/d\/252536-3\/DSC07710.jpg \/><\/a><br \/>\n^ 12EUB Bendolla. Wie jetzt, die alten Stehgondeln wurden mit neuen Stehgondeln ausgetauscht? Wieso denn der M\u00fcll. Nicht dass mir die alten so viel lieber gewesen w\u00e4ren, aber h\u00e4tte man nicht einfach doppelt so viel 6er Gondeln zum Sitzen hinh\u00e4ngen k\u00f6nnen?!<\/p>\n<p><a href='http:\/\/ski.inmontanis.info\/d\/252541-2\/DSC07713.jpg'><img src=http:\/\/ski.inmontanis.info\/d\/252540-3\/DSC07713.jpg \/><\/a><br \/>\n^ 12EUB Bendolla. Hm, die EUB-Station wurde neu gebaut, die Kabinen wurden ausgetauscht; St\u00fctzen und Technik d\u00fcrften eher von der alten Bahn \u00fcbernommen sein?!<\/p>\n<p>Hier ein Foto von 2007:<br \/>\n<img src=http:\/\/ski.inmontanis.info\/d\/21212-2\/P1120554.jpg \/><\/p>\n<p>&#8212;<\/p>\n<p><a href='http:\/\/ski.inmontanis.info\/d\/252545-2\/DSC07714.jpg'><img src=http:\/\/ski.inmontanis.info\/d\/252544-3\/DSC07714.jpg \/><\/a><br \/>\n^ Verbindungs-PB Grimentz-Zinal<\/p>\n<p><a href='http:\/\/ski.inmontanis.info\/d\/252549-2\/DSC07715.jpg'><img src=http:\/\/ski.inmontanis.info\/d\/252548-3\/DSC07715.jpg \/><\/a><br \/>\n^ 12EUB Bendolla und noch geschlossene Talabfahrt<\/p>\n<p><a href='http:\/\/ski.inmontanis.info\/d\/252553-2\/DSC07718.jpg'><img src=http:\/\/ski.inmontanis.info\/d\/252552-3\/DSC07718.jpg \/><\/a><br \/>\n^ Ausgang EUB; etwas Schieben zur 4KSB Grands Plans<\/p>\n<p><a href='http:\/\/ski.inmontanis.info\/d\/252557-2\/DSC07721.jpg'><img src=http:\/\/ski.inmontanis.info\/d\/252556-3\/DSC07721.jpg \/><\/a><br \/>\n^ 4KSB Grands Plans<\/p>\n<p><a href='http:\/\/ski.inmontanis.info\/d\/252561-2\/DSC07723.jpg'><img src=http:\/\/ski.inmontanis.info\/d\/252560-3\/DSC07723.jpg \/><\/a><br \/>\n^ 6KSB Tsarva, hatte 2 ge\u00f6ffnete Abfahrten, die linke allerdings nicht von ganz oben.<\/p>\n<p><a href='http:\/\/ski.inmontanis.info\/d\/252565-2\/DSC07724.jpg'><img src=http:\/\/ski.inmontanis.info\/d\/252564-3\/DSC07724.jpg \/><\/a><br \/>\n^ Blick zur Verbindungs-PB<\/p>\n<p><a href='http:\/\/ski.inmontanis.info\/d\/252569-2\/DSC07726.jpg'><img src=http:\/\/ski.inmontanis.info\/d\/252568-3\/DSC07726.jpg \/><\/a><br \/>\n^ 6KSB Tsarva<\/p>\n<p><a href='http:\/\/ski.inmontanis.info\/d\/252573-2\/DSC07728.jpg'><img src=http:\/\/ski.inmontanis.info\/d\/252572-3\/DSC07728.jpg \/><\/a><br \/>\n^ KSSL Orzival, leider noch geschlossen<\/p>\n<p>Wenn mich irgendwer in letzter Zeit gefragt h\u00e4tte, wo meine erste KSSL-Fahrt war, ich h\u00e4tt&#8217;s nicht mehr sagen k\u00f6nnen. Aber als ich jetzt in Grimentz mit der 6KSB an der Talstation KSSL Orzival vorbei kam &#8230; Nanu, war das hier nicht mein erster KSSL? Und tats\u00e4chlich, am 29.1.2007 hatte ich hier meine erste Fahrt mit einem KSSL &#8211; kurz bevor ich mir diese Abk\u00fcrzung einfallen lie\u00df, weil es mir recht schnell auf die Nerven ging, immer &#8220;Kuppelbarer Stangen-Schlepplift&#8221; oder nur &#8220;SL&#8221; zu schreiben ;-)<\/p>\n<p><a href='http:\/\/ski.inmontanis.info\/d\/252577-2\/DSC07729.jpg'><img src=http:\/\/ski.inmontanis.info\/d\/252576-3\/DSC07729.jpg \/><\/a><br \/>\n^ SL Becs-de-Bosson, leider auch noch geschlossen<\/p>\n<p><a href='http:\/\/ski.inmontanis.info\/d\/252581-2\/DSC07732.jpg'><img src=http:\/\/ski.inmontanis.info\/d\/252580-3\/DSC07732.jpg \/><\/a><br \/>\n^ 6KSB Tsarva<\/p>\n<p><a href='http:\/\/ski.inmontanis.info\/d\/252585-2\/DSC07734.jpg'><img src=http:\/\/ski.inmontanis.info\/d\/252584-3\/DSC07734.jpg \/><\/a><br \/>\n^ Abfahrt Tsayet<\/p>\n<p><a href='http:\/\/ski.inmontanis.info\/d\/252589-2\/DSC07736.jpg'><img src=http:\/\/ski.inmontanis.info\/d\/252588-3\/DSC07736.jpg \/><\/a><br \/>\n^ 6KSB Tsarva, KSSL Orzival<\/p>\n<p><a href='http:\/\/ski.inmontanis.info\/d\/252593-2\/DSC07738.jpg'><img src=http:\/\/ski.inmontanis.info\/d\/252592-3\/DSC07738.jpg \/><\/a><br \/>\n^ Der Betonbunker neben der EUB-Bergstation ist tats\u00e4chlich das Restaurant, ich h\u00e4tt&#8217;s beim ersten Blick ja nicht erwartet.<\/p>\n<p><a href='http:\/\/ski.inmontanis.info\/d\/252597-2\/DSC07741.jpg'><img src=http:\/\/ski.inmontanis.info\/d\/252596-3\/DSC07741.jpg \/><\/a><br \/>\n^ Auf der noch geschlossenen Abfahrt am SL, man musste schon auf Steine aufpassen, aber die waren schon gut freigelegt, so dass ich zumindest nirgends h\u00e4ngen blieb.<\/p>\n<p><a href='http:\/\/ski.inmontanis.info\/d\/252601-2\/DSC07743.jpg'><img src=http:\/\/ski.inmontanis.info\/d\/252600-3\/DSC07743.jpg \/><\/a><br \/>\n^ 12EUB Bendolla, an der Bergstation muss man weiterhin in den Keller fahren. Heutzutage w\u00fcrde man wohl einfach Rolltreppen installieren, wie anderswo mittlerweile auch.<\/p>\n<p><a href='http:\/\/ski.inmontanis.info\/d\/252637-2\/DSC07752.jpg'><img src=http:\/\/ski.inmontanis.info\/d\/252636-3\/DSC07752.jpg \/><\/a><br \/>\n^ 4SB Sorebois um kurz vor 16 Uhr, danach fuhr ich noch 2x den SL<\/p>\n<p><a href='http:\/\/ski.inmontanis.info\/d\/252641-2\/ge20181201.jpg'><img src=http:\/\/ski.inmontanis.info\/d\/252640-3\/ge20181201.jpg \/><\/a><br \/>\n^ GPS-Track 1.12.2018 in Gelb und vorheriger Besuch 29.1.2007 in Blau<\/p>\n<p>Fazit: In Summe war&#8217;s schon OK, Sonne schien durch die Schleierwolken auch laufend, wobei die Gebiete hier nachmittags doch recht schattig werden. Trotzdem sind die Lifte zumindest in Zinal recht lang offen: untere KSB und der SL bis 16.15, obere 4SB bis 16.20 Uhr!<\/p>\n<p>Mein n\u00e4chster Besuch hier wird wohl nicht so schnell sein, zu hoch + zu kalt im Winter &#8211; eher was f\u00fcr&#8217;s Fr\u00fchjahr. Nicht zu sp\u00e4t, weil ich die interessanten KSSL nat\u00fcrlich fahren m\u00f6chte, aber andere Gebiete haben nun eine h\u00f6here Priorit\u00e4t. <\/p>\n<p>Im Anschluss ging&#8217;s also nach Frankreich, nach Thonon, erst kurz zum Umziehen ins gebuchte F1-Billighotel (38,- \u20ac f\u00fcr&#8217;s 3-Bett-Zimmer, egal wieviel belegt, halt nur Etagen-Du\/WC und Handt\u00fccher gibt&#8217;s auch keine mehr, hab ich vorher aber gelesen + 3,50 f\u00fcr&#8217;s Fr\u00fchst\u00fcck morgen. Um das Geld h\u00e4tt ich auch im Wallis ein Etagen-Du\/WC-Hotelzimmer bekommen, aber ich wollt ja eh nach FR zum Einkaufen und Essen, letzteres ist dann nat\u00fcrlich etwas g\u00fcnstiger, insb. wenn man sich mit dem Karaffenwasser begn\u00fcgt.), danach zum Einkaufen in diesmal den Carrefour (bis 20:30 offen, also diesmal stressfreier und 101,- \u20ac gezahlt) und zum Essen in den Buffalo (wieder fast komplett voll um kurz nach 20h. Bestellung ging fix, das Essen selbst aber lie\u00df lange auf sich warten, aber ich konnte in der Zeit ja diesen Bericht hier schreiben. Kleines Dessert a\u00df ich dann auch noch, was soll&#8217;s.). Zwischen Carrefour und Buffalo gab es dann glatt eine dieser momentanen Gelbwesten-Demos, aber Stau gab&#8217;s zum Gl\u00fcck auf meiner Seite so gut wie keinen.<\/p>\n<p><a href='http:\/\/extra.inmontanis.info\/d\/51097-2\/DSC07756.jpg'><img src=http:\/\/extra.inmontanis.info\/d\/51096-3\/DSC07756.jpg \/><\/a><br \/>\n^ Hotelzimmer, \u00e4hnlich ibis-budget, nur halt ohne Du\/WC im Zimmer.<\/p>\n<p>(Fortsetzung vom Sonntag folgt.)<\/p>\n","protected":false},"excerpt":{"rendered":"<p>Am WE 1.\/2.12. machten zwar in den Alpenl\u00e4ndern viele Skigebiete auf. Dennoch war es f\u00fcr mich sehr schwer, mich f\u00fcr irgendwas zu entscheiden &#8211; denn es gab kaum eine Gegend, wo das Wetter SA+SO brauchbar werden w\u00fcrde, und da, wo es brauchbar werden sollte, war entweder (f\u00fcr mich) nichts brauchbares offen, die Skip\u00e4sse (mir) zu <a href=\"http:\/\/blog.inmontanis.info\/?p=5331\">[&#8230;]<\/a><\/p>\n","protected":false},"author":1,"featured_media":0,"comment_status":"closed","ping_status":"closed","sticky":false,"template":"","format":"standard","meta":{"footnotes":""},"categories":[738,14,27,81,697],"tags":[49,56,47],"class_list":["post-5331","post","type-post","status-publish","format-standard","hentry","category-grimentz","category-swiss","category-skifahren-winterskiing-winter","category-kurztrips","category-zinal","tag-4sb","tag-6sb","tag-sl","odd"],"_links":{"self":[{"href":"http:\/\/blog.inmontanis.info\/index.php?rest_route=\/wp\/v2\/posts\/5331","targetHints":{"allow":["GET"]}}],"collection":[{"href":"http:\/\/blog.inmontanis.info\/index.php?rest_route=\/wp\/v2\/posts"}],"about":[{"href":"http:\/\/blog.inmontanis.info\/index.php?rest_route=\/wp\/v2\/types\/post"}],"author":[{"embeddable":true,"href":"http:\/\/blog.inmontanis.info\/index.php?rest_route=\/wp\/v2\/users\/1"}],"replies":[{"embeddable":true,"href":"http:\/\/blog.inmontanis.info\/index.php?rest_route=%2Fwp%2Fv2%2Fcomments&post=5331"}],"version-history":[{"count":3,"href":"http:\/\/blog.inmontanis.info\/index.php?rest_route=\/wp\/v2\/posts\/5331\/revisions"}],"predecessor-version":[{"id":5334,"href":"http:\/\/blog.inmontanis.info\/index.php?rest_route=\/wp\/v2\/posts\/5331\/revisions\/5334"}],"wp:attachment":[{"href":"http:\/\/blog.inmontanis.info\/index.php?rest_route=%2Fwp%2Fv2%2Fmedia&parent=5331"}],"wp:term":[{"taxonomy":"category","embeddable":true,"href":"http:\/\/blog.inmontanis.info\/index.php?rest_route=%2Fwp%2Fv2%2Fcategories&post=5331"},{"taxonomy":"post_tag","embeddable":true,"href":"http:\/\/blog.inmontanis.info\/index.php?rest_route=%2Fwp%2Fv2%2Ftags&post=5331"}],"curies":[{"name":"wp","href":"https:\/\/api.w.org\/{rel}","templated":true}]}}