{"id":5322,"date":"2018-11-24T18:21:23","date_gmt":"2018-11-24T17:21:23","guid":{"rendered":"http:\/\/blog.inmontanis.info\/?p=5322"},"modified":"2023-08-05T15:35:37","modified_gmt":"2023-08-05T13:35:37","slug":"glacier-3000-24-11-2018-endlich-sonnig","status":"publish","type":"post","link":"http:\/\/blog.inmontanis.info\/?p=5322","title":{"rendered":"Glacier 3000, 24.11.2018 \/ endlich sonnig"},"content":{"rendered":"<p><strong>Sa, 24.11.2018<\/strong><\/p>\n<p>Offiziell h\u00e4tte ja bereits letztes WE das Val d&#8217;Anniviers mit Skibetrieb starten wollen, dieses WE noch weitere MagicPass-Skigebiete, aber schneemangelsbedingt blieb wohl noch alles zu, soweit ich das \u00fcberblickt hab. Schade. Aber somit gut, dass ich mich f\u00fcr die Glacier-3000-Zusatzoption entschieden hatte.<\/p>\n<p>Nach dem generell schlechten vergangenen WE h\u00e4tte ich an diesem gar nicht fahren wollen, wenn ich in der Arbeit was sinnvolles zu tun gehabt h\u00e4tte &#8211; aber s\u00e4mtliche in K\u00fcrze ausstehenden WE-Arbeiten waren eben noch nicht machbar (fehlende Hard- oder Software) &#8211; das wird dann sicher bei viel Schnee und sonnigem Wetter kommen. Also dann halt doch Ski fahren gehen &#8211; nur wohin? Generell machten an diesem WE zwar einige Skigebiete in den Alpen auf, aber wetterbedingt hab ich gleich mal vieles gestrichen.<\/p>\n<p>Nach Italien wollte ich auch nicht unbedingt (wobei ich nach San Domenico (Vollbetrieb au\u00dfer Talabfahrt) bei Sch\u00f6nwetter gefahren w\u00e4re, auch wenn das im Allgemeinen in Italien zum Saisonanfang gro\u00dfe Wartezeiten bedeutet. Prali h\u00e4tte nur die obere DSB aufgemacht, da ist&#8217;s jetzt zum Saisonauftakt normalerweise auch sehr voll. Tignes bot weiterhin den g\u00fcnstigen 33,- &#8211; Tageskartentarif an, weil wenig zus\u00e4tzlich ge\u00f6ffnet werden konnte und Val d&#8217;Is\u00e8re w\u00fcrde &#8211; mit Opening-Veranstaltung &#8211; etliches um verg\u00fcnstigte 42,- aufsperren. In den schweizerischen 4-Val\u00e9es (Thyon\/Veysonnaz\/Nendaz) sollten zus\u00e4tzlich zu Verbier auch ein paar verteilte Lifte ge\u00f6ffnet werden, mit 30% Nachlass (f\u00fcr den Skipass ohne Verbier).<\/p>\n<p>Aber auch am Glacier 3000 gab es eine Verbesserung: Der SL Tsanfleuron soll in Betrieb gehen und au\u00dferdem waren die Wettervorhersagen sowohl f\u00fcr SA wie auch f\u00fcr SO dort in der Gegend (wie auch in Tignes&#038;VdI) besser als f\u00fcr die Ostalpen. Damit war ein Tag fix, im Zweifelsfall der Samstag am G3000, somit f\u00fcr Sonntag Val d&#8217;Is\u00e8re oder Veysonnaz&#038;Co. Bei ca. 400 km Umweg bis VdI (inkl. retour) entschied ich mich f\u00fcr 4V am Sonntag und buchte ein Zimmer in Martigny.<\/p>\n<p>Diesmal fuhr ich etwas fr\u00fcher, um 5 Uhr, los, so dass ich (wie \u00fcblich \u00fcber Luzern) um 11 Uhr am Col du Pillon war. Im Gegensatz zu manchen anderen PB und SSB f\u00e4hrt man hier fix nach Takt, Sektion 1 um :00\/:20\/:40 und Sektion 2 um :10\/:30\/:50. Sollte mehr Betrieb sein, dann im 10-Minuten-Takt. Aber man macht nicht einfach mal eben einen viertel- oder halbst\u00fcndigen Takt -> somit kein Stress bei der Anfahrt oder beim Schuhanziehen, wenn man wei\u00df, um 11:20 Uhr f\u00e4hrt die n\u00e4chste, da ist genug Zeit. Das sind dann so die kleinen Dinge, die das Gebiet sympathischer machen.<\/p>\n<p>Ausnahmsweise gab es heute tats\u00e4chlich mal sehr viel Sonne im Skigebiet, so dass ich gleich erst mal wieder zum Peak Walk rauf gegangen bin, wobei zu der Uhrzeit auch am SL D\u00f4me nicht viel los war, was sich nachmittags etwas \u00e4ndern sollte &#8211; aber ich wollte heute ja eh schwerpunktm\u00e4\u00dfig den mittleren SL Tsanfleuron fahren. Dort hatte ich den ganzen Nachmittag \u00fcber keine Wartezeiten und konnte immer bequem alleine fahren. Dieser SL musste jetzt f\u00fcr den Herbstbetrieb oben und unten verk\u00fcrzt werden, somit war die Querung zur\u00fcck zur Talstation SL D\u00f4me etwas flach, aber machbar. Zus\u00e4tzlich zu der einen Abfahrt waren noch 2 Trainingspisten gewalzt, die man nachmittags auch fahren konnte, so dass man mehr Abwechslung hatte. <\/p>\n<p>(Fotos anklicken zum Vergr\u00f6\u00dfern.)<\/p>\n<p><a href='http:\/\/ski.inmontanis.info\/d\/252217-2\/DSC07464.jpg'><img src=http:\/\/ski.inmontanis.info\/d\/252216-3\/DSC07464.jpg \/><\/a><br \/>\n^ Endlich mal blauer Himmel. Und mal wieder etwas Neuschnee bis ins Tal.<\/p>\n<p><a href='http:\/\/ski.inmontanis.info\/d\/252221-2\/DSC07469.jpg'><img src=http:\/\/ski.inmontanis.info\/d\/252220-3\/DSC07469.jpg \/><\/a><br \/>\n^ Skigebiet vom Aufgang zum Peak-Walk<\/p>\n<p><a href='http:\/\/ski.inmontanis.info\/d\/252225-2\/DSC07471.jpg'><img src=http:\/\/ski.inmontanis.info\/d\/252224-3\/DSC07471.jpg \/><\/a><br \/>\n^ Panorama vom Peak Walk mit PB-Mittel- und -Talstation. Allein das Panorama ist Grund genug f\u00fcr einen Besuch hier.<\/p>\n<p><a href='http:\/\/ski.inmontanis.info\/d\/252229-2\/DSC07472.jpg'><img src=http:\/\/ski.inmontanis.info\/d\/252228-3\/DSC07472.jpg \/><\/a><br \/>\n^ Panorama vom Gipfel, auch den Genfersee sah man heute &#8211; sowohl jetzt mittags in Blau (rechts &#8220;oben&#8221;), wie auch sp\u00e4ter g\u00fclden zum Sonnenuntergang (bei der Talfahrt mit der PB)<\/p>\n<p><a href='http:\/\/ski.inmontanis.info\/d\/252233-2\/DSC07475.jpg'><img src=http:\/\/ski.inmontanis.info\/d\/252232-3\/DSC07475.jpg \/><\/a><br \/>\n^ Peak Walk<\/p>\n<p><a href='http:\/\/ski.inmontanis.info\/d\/252237-2\/DSC07479.jpg'><img src=http:\/\/ski.inmontanis.info\/d\/252236-3\/DSC07479.jpg \/><\/a><br \/>\n^ SL D\u00f4me, so leer war&#8217;s dann sp\u00e4ter nicht mehr hier.<\/p>\n<p><a href='http:\/\/ski.inmontanis.info\/d\/252241-2\/DSC07480.jpg'><img src=http:\/\/ski.inmontanis.info\/d\/252240-3\/DSC07480.jpg \/><\/a><br \/>\n^ SL D\u00f4me<\/p>\n<p><a href='http:\/\/ski.inmontanis.info\/d\/252245-2\/DSC07481.jpg'><img src=http:\/\/ski.inmontanis.info\/d\/252244-3\/DSC07481.jpg \/><\/a><br \/>\n^ SL Tsanfleuron, heute in Betrieb &#8211; also wurde der Ausstieg nach unten versetzt<\/p>\n<p><a href='http:\/\/ski.inmontanis.info\/d\/252249-2\/DSC07482.jpg'><img src=http:\/\/ski.inmontanis.info\/d\/252248-3\/DSC07482.jpg \/><\/a><br \/>\n^ Gipfelpano vom SL D\u00f4me<\/p>\n<p><a href='http:\/\/ski.inmontanis.info\/d\/252253-2\/DSC07483.jpg'><img src=http:\/\/ski.inmontanis.info\/d\/252252-3\/DSC07483.jpg \/><\/a><br \/>\n^ SL D\u00f4me, PB-Bergstation, Peak Walk<\/p>\n<p><a href='http:\/\/ski.inmontanis.info\/d\/252257-2\/DSC07486.jpg'><img src=http:\/\/ski.inmontanis.info\/d\/252256-3\/DSC07486.jpg \/><\/a><br \/>\n^ Am SL Tsanfleuron gibt&#8217;s 2 Trainingsh\u00e4nge, die bereits offen waren &#8211; dieser hier hatte die besseren Pistenbedingungen<\/p>\n<p><a href='http:\/\/ski.inmontanis.info\/d\/252261-2\/DSC07488.jpg'><img src=http:\/\/ski.inmontanis.info\/d\/252260-3\/DSC07488.jpg \/><\/a><br \/>\n^ SL Quille, logischerweise noch geschlossen<\/p>\n<p><a href='http:\/\/ski.inmontanis.info\/d\/252265-2\/DSC07490.jpg'><img src=http:\/\/ski.inmontanis.info\/d\/252264-3\/DSC07490.jpg \/><\/a><br \/>\n^ SL Tsanfleuron, der Trainingshang links ist mal etwas steiler. Im Fr\u00fchjahr wird hier ja leider nicht gewalzt.<\/p>\n<p><a href='http:\/\/ski.inmontanis.info\/d\/252269-2\/DSC07492.jpg'><img src=http:\/\/ski.inmontanis.info\/d\/252268-3\/DSC07492.jpg \/><\/a><br \/>\n^ SL Tsanfleuron, der heruntergesetzte Ausstieg. Dass der so tief sein m\u00fcsste, h\u00e4tte ich nicht gedacht. Und bis vor ein paar Jahren wird der ganze Felsbereich wohl unter Gletscher gewesen sein?!<\/p>\n<p><a href='http:\/\/ski.inmontanis.info\/d\/252273-2\/DSC07495.jpg'><img src=http:\/\/ski.inmontanis.info\/d\/252272-3\/DSC07495.jpg \/><\/a><br \/>\n^ SL Tsanfleuron<\/p>\n<p><a href='http:\/\/ski.inmontanis.info\/d\/252277-2\/DSC07497.jpg'><img src=http:\/\/ski.inmontanis.info\/d\/252276-3\/DSC07497.jpg \/><\/a><br \/>\n^ Ski und Glitzerschnee<\/p>\n<p><a href='http:\/\/ski.inmontanis.info\/d\/252281-2\/DSC07498.jpg'><img src=http:\/\/ski.inmontanis.info\/d\/252280-3\/DSC07498.jpg \/><\/a><br \/>\n^ SL Tsanfleuron. Mal gespannt, ob man im Fr\u00fchjahr wieder \u00fcber die Felsen zur &#8220;richtigen&#8221; Bergstation dr\u00fcber fahren kann.<\/p>\n<p><a href='http:\/\/ski.inmontanis.info\/d\/252285-2\/DSC07499.jpg'><img src=http:\/\/ski.inmontanis.info\/d\/252284-3\/DSC07499.jpg \/><\/a><br \/>\n^ SL Tsanfleuron, Herbsteinstieg am aktuellen Gletscherende<\/p>\n<p><a href='http:\/\/ski.inmontanis.info\/d\/252289-2\/DSC07507.jpg'><img src=http:\/\/ski.inmontanis.info\/d\/252288-3\/DSC07507.jpg \/><\/a><br \/>\n^ SL Tsanfleuron und Blick r\u00fcber zur Oldenpiste, die wohl auch von Jahr zu Jahr anstrengender zu erreichen sein wird.<\/p>\n<p><a href='http:\/\/ski.inmontanis.info\/d\/252293-2\/DSC07509.jpg'><img src=http:\/\/ski.inmontanis.info\/d\/252292-3\/DSC07509.jpg \/><\/a><br \/>\n^ SL Tsanfleuron, vom Herbsteinstieg zur Talstation ist doch ein ganz sch\u00f6nes St\u00fcck; die Gletscherst\u00fctzen dort unten stehen wohl auch nicht mehr auf Gletscher..<\/p>\n<p><a href='http:\/\/ski.inmontanis.info\/d\/252297-2\/DSC07513.jpg'><img src=http:\/\/ski.inmontanis.info\/d\/252296-3\/DSC07513.jpg \/><\/a><br \/>\n^ Glitzerschnee<\/p>\n<p><a href='http:\/\/ski.inmontanis.info\/d\/252301-2\/DSC07518.jpg'><img src=http:\/\/ski.inmontanis.info\/d\/252300-3\/DSC07518.jpg \/><\/a><br \/>\n^ Links des SL Tsanfleuron<\/p>\n<p><a href='http:\/\/ski.inmontanis.info\/d\/252305-2\/DSC07519.jpg'><img src=http:\/\/ski.inmontanis.info\/d\/252304-3\/DSC07519.jpg \/><\/a><br \/>\n^ Sogar nachmittags nach 14 Uhr fand man am SL Tsanfleuron noch eine fast-frische Raupenspur<\/p>\n<p><a href='http:\/\/ski.inmontanis.info\/d\/252309-2\/DSC07520.jpg'><img src=http:\/\/ski.inmontanis.info\/d\/252308-3\/DSC07520.jpg \/><\/a><br \/>\n^ SL D\u00f4me<\/p>\n<p><a href='http:\/\/ski.inmontanis.info\/d\/252313-2\/DSC07522.jpg'><img src=http:\/\/ski.inmontanis.info\/d\/252312-3\/DSC07522.jpg \/><\/a><br \/>\n^ Nachmittags-Panorama von der 4SB in leider noch sehr schneearme Berge<\/p>\n<p><a href='http:\/\/ski.inmontanis.info\/d\/252317-2\/DSC07524.jpg'><img src=http:\/\/ski.inmontanis.info\/d\/252316-3\/DSC07524.jpg \/><\/a><br \/>\n^ Talfahrt PB Sektion 2, witzigerweise hat&#8217;s hier vorne ub Les Diablerets schon eine Nebeldecke, w\u00e4hrend hinten rechts am Genfersee selbiger vorhin noch nebelfrei orange geleuchtet hat.<\/p>\n<p><a href='http:\/\/ski.inmontanis.info\/d\/252321-2\/ge20181124a.jpg'><img src=http:\/\/ski.inmontanis.info\/d\/252320-3\/ge20181124a.jpg \/><\/a><br \/>\n^ GPS-Track 24.11.2018 in Blau und vorherige Fr\u00fchjahrs-Besuche in Orange zur Verdeutlichung der momentanen Herbst-Verk\u00fcrzung des mittleren SL Tsanfleuron<\/p>\n<p>Um 15:30 ging&#8217;s mit der 4SB wieder zur\u00fcck &#8211; das fehlende WC war wie schon letzten SA gerade dringend n\u00f6tig. Wobei es jetzt auch schattiger und bedeckter war, der Wind war st\u00e4rker und es wurde zunehmends k\u00e4lter.<\/p>\n<p>Fazit: Abgesehen von der Lauferei zur 4SB und dem Nichtvorhandensein eines WCs im Gletscherbereich ist das schon ein recht sch\u00f6nes Gebiet hier &#8211; das Fast-360\u00b0-Panorama inkl. Flachland- und Genferseepano vom Peak Walk und die Fels- und Eisw\u00fcste an den Gletscherliften mit ihren sch\u00f6nen Quasi-3-Bein-St\u00fctzen. F\u00fcr heute alles richtig gemacht, aber ob mein morgiges Ziel da mithalten k\u00f6nnen wird? Aber morgen nochmal hier her wollte ich dann doch nicht.<\/p>\n<p>In Martigny kann man ja hin und wieder ein EZ um ca. 50,- \u20ac finden, wobei das eine letztes Jahr ja nicht so berauschend war &#8211; vielleicht h\u00e4tte ich heute in einem anderen Hotel ja mehr Gl\u00fcck. Bzw. anders gesagt kann man entweder ein EZ um 50,- mit Du\/WC finden oder ein ggf. g\u00fcnstigeres EZ ohne Du\/WC (Gemeinschafts-Bad\/WC) und daf\u00fcr mit Fr\u00fchst\u00fcck um den Preis. Ich glaub, ich werd mal auch letztere Zimmer probieren, vielleicht sind diese dann besser.. Jedenfalls war auch das hier nicht sonderlich sauber. Immerhin war&#8217;s sch\u00f6n warm im Bad, d.h. man konnte die Heizung gar nicht abdrehen &#8211; die hat den Rest des Zimmers auch sehr eingeheizt, aber das kann man mit Schlie\u00dfen der T\u00fcre ja eind\u00e4mmen.<\/p>\n<p>Nervig auch, dass die Zimmert\u00fcr nicht absperrbar war. Also man konnte sie schon von innen absperren, aber die Chipkarten-Elektronik reagierte so, als w\u00fcrde immer die Chipkarte au\u00dfen drinstecken &#8211; somit konnte man von au\u00dfen die T\u00fcr immer ohne Karte \u00f6ffnen, auch wenn man von innen abgesperrt hat oder das Zimmer verlie\u00df. So lie\u00df ich sp\u00e4ter zum Abendessen nat\u00fcrlich keine Smartphones&#038;Co im Zimmer, nachts stellte ich den Nachttisch (nicht den Nachtisch!) samt Stuhl an die T\u00fcr, so dass ein ungebetenes Eindringen etwas erschwert werden und mich wach machen w\u00fcrde.<\/p>\n<p><a href='http:\/\/extra.inmontanis.info\/d\/51077-2\/DSC07527.jpg'><img src=http:\/\/extra.inmontanis.info\/d\/51076-3\/DSC07527.jpg \/><\/a><br \/>\n^ Hotelzimmer in Martigny<\/p>\n<p><a href='http:\/\/extra.inmontanis.info\/d\/51081-2\/DSC07530.jpg'><img src=http:\/\/extra.inmontanis.info\/d\/51080-3\/DSC07530.jpg \/><\/a><br \/>\n^ .. so sollte ein Betttuch\/Bettlaken in einem Hotel vmtl. nicht aussehen. Fremde Haare und Flecken.<\/p>\n<p><a href='http:\/\/extra.inmontanis.info\/d\/51085-2\/DSC07532.jpg'><img src=http:\/\/extra.inmontanis.info\/d\/51084-3\/DSC07532.jpg \/><\/a><br \/>\n^ .. wobei auch dieser Zettel im Bad sehr lieblos aufgeklebt wurde. Den durch Wasserspritzer beinahe komplett verrosteten Heizk\u00f6rper hab ich nicht extra fotografiert, entsprach somit aber dem restlichen Eindruck.<\/p>\n<p>Da das Restaurant im Hotel zu war (und nach meiner vorherigen Recherche eh nichts f\u00fcr mich heute Abend gewesen w\u00e4re) und weil es mir in Martigny generell etwas zu teuer zu sein scheint, holte ich mir eine Pizza bei einem Takeaway ein paar Orte weiter &#8211; BBQ-Chicken um 16,- CHF und ein Viertel f\u00fcr morgen aufgehoben. Dazu noch g\u00fcnstig getankt und ein Eis als Nachtisch an der Tanke mitgenommen. <\/p>\n<p>(Fortsetzung vom Sonntag folgt.)<\/p>\n","protected":false},"excerpt":{"rendered":"<p>Sa, 24.11.2018<\/p>\n<p>Offiziell h\u00e4tte ja bereits letztes WE das Val d&#8217;Anniviers mit Skibetrieb starten wollen, dieses WE noch weitere MagicPass-Skigebiete, aber schneemangelsbedingt blieb wohl noch alles zu, soweit ich das \u00fcberblickt hab. Schade. Aber somit gut, dass ich mich f\u00fcr die Glacier-3000-Zusatzoption entschieden hatte.<\/p>\n<p>Nach dem generell schlechten vergangenen WE h\u00e4tte ich an diesem gar <a href=\"http:\/\/blog.inmontanis.info\/?p=5322\">[&#8230;]<\/a><\/p>\n","protected":false},"author":1,"featured_media":0,"comment_status":"closed","ping_status":"closed","sticky":false,"template":"","format":"standard","meta":{"footnotes":""},"categories":[739,14,27,81],"tags":[52,47],"class_list":["post-5322","post","type-post","status-publish","format-standard","hentry","category-glacier-3000","category-swiss","category-skifahren-winterskiing-winter","category-kurztrips","tag-pb","tag-sl","odd"],"_links":{"self":[{"href":"http:\/\/blog.inmontanis.info\/index.php?rest_route=\/wp\/v2\/posts\/5322","targetHints":{"allow":["GET"]}}],"collection":[{"href":"http:\/\/blog.inmontanis.info\/index.php?rest_route=\/wp\/v2\/posts"}],"about":[{"href":"http:\/\/blog.inmontanis.info\/index.php?rest_route=\/wp\/v2\/types\/post"}],"author":[{"embeddable":true,"href":"http:\/\/blog.inmontanis.info\/index.php?rest_route=\/wp\/v2\/users\/1"}],"replies":[{"embeddable":true,"href":"http:\/\/blog.inmontanis.info\/index.php?rest_route=%2Fwp%2Fv2%2Fcomments&post=5322"}],"version-history":[{"count":4,"href":"http:\/\/blog.inmontanis.info\/index.php?rest_route=\/wp\/v2\/posts\/5322\/revisions"}],"predecessor-version":[{"id":5326,"href":"http:\/\/blog.inmontanis.info\/index.php?rest_route=\/wp\/v2\/posts\/5322\/revisions\/5326"}],"wp:attachment":[{"href":"http:\/\/blog.inmontanis.info\/index.php?rest_route=%2Fwp%2Fv2%2Fmedia&parent=5322"}],"wp:term":[{"taxonomy":"category","embeddable":true,"href":"http:\/\/blog.inmontanis.info\/index.php?rest_route=%2Fwp%2Fv2%2Fcategories&post=5322"},{"taxonomy":"post_tag","embeddable":true,"href":"http:\/\/blog.inmontanis.info\/index.php?rest_route=%2Fwp%2Fv2%2Ftags&post=5322"}],"curies":[{"name":"wp","href":"https:\/\/api.w.org\/{rel}","templated":true}]}}