{"id":5311,"date":"2018-11-11T23:02:17","date_gmt":"2018-11-11T22:02:17","guid":{"rendered":"http:\/\/blog.inmontanis.info\/?p=5311"},"modified":"2023-07-31T20:08:56","modified_gmt":"2023-07-31T18:08:56","slug":"schnalstaler-gletscher-11-11-2018","status":"publish","type":"post","link":"http:\/\/blog.inmontanis.info\/?p=5311","title":{"rendered":"Schnalstaler Gletscher, 11.11.2018"},"content":{"rendered":"<p>F\u00fcr Samstag hatte ich dieses Wochenende schon einen Arbeitstermin ausgemacht, so dass ich nur Sonntag fahren konnte. Leider wurde das Wetter dann am Samstag doch etwas besser als gemeldet und die Arbeit k\u00fcrzer, so dass es etwas \u00e4rgerlich war, zumal am Sonntag das Wetter nicht so gut werden sollte. F\u00fcr Sonntag bzw. einen einzelnen Skitag gab es f\u00fcr mich die folgenden m\u00f6glichen Ziele:<\/p>\n<p>&#8211; Passo Tonale, die vor wenigen Jahren gebaute EUB kenn ich ja noch nicht. Sollte wetterm\u00e4\u00dfig aber am schlechtesten werden.<\/p>\n<p>&#8211; Schnalstaler Gletscher. War ich zwar letztes Jahr mit der Ortler Saisonkarte ein paar Mal, aber mit der 5-Berge&#038;Co-Karte bekomm ich seit Ende Oktober 50% auf den Tageskartenpreis, das ist dann auch verlockend, zudem gehen die 3 Gletscherlifte, so dass man die Zeit rumbringt. Auch wenn die Inbetriebnahme der Hintereis-DSB n\u00e4chstes WE noch verlockender w\u00e4re.<\/p>\n<p>&#8211; Kaunertaler Gletscher. War ich zwar heuer schon 2x, mittlerweile ist auch etwas mehr offen, aber daf\u00fcr sind die Wei\u00dfseeferner-SL aufgrund eines Lawinenschadens derzeit au\u00dfer Betrieb. Was den Wechsel von KSB zu EUB etwas anstrengender macht.<\/p>\n<p>Da die Wettervorhersagen f\u00fcr&#8217;n Schnalstaler nicht zu schlecht waren, fuhr ich halt mal dort hin. \u00dcbern Jaufenpass kilometerm\u00e4\u00dfig kaum l\u00e4nger als zum Kaunertaler, zeitlich aber schon, insb. weil ich mautfrei die Autobahnen meiden wollte (somit 3h Anfahrt). Was aber kein Problem war, da ich nicht so fr\u00fch oben sein wollte &#8211; nachmittags war besseres Wetter gemeldet und auf die Wartezeiten an der PB kann ich morgens auch gerne verzichten. Und naja, ein halb- oder dreiviertel Tag reicht da oben auch locker.<\/p>\n<p>Um 10:30 Uhr kam ich an, Parkpl\u00e4tze nicht sehr gef\u00fcllt, keine Wartezeiten an der Talstation, leere PB, die nebenbei trotzdem im ca. 10-Minuten-Takt fuhr. Oben dann leider gro\u00dfteils neblig (insb. Skiweg zur Talstation Gletschersee-SB war fast immer starker Nebel) bzw. fuhr man in der Hangbew\u00f6lkung mit mal mehr, mal weniger guter Sicht. Hin und wieder sah man auch ein paar Mal die Sonne &#8211; und nat\u00fcrlich machte ich vorzugsweise dann die Fotos. Die On- und Offpiste-Verh\u00e4ltnisse waren durchaus auch recht gut, am besten ging&#8217;s an den Finail-SL &#8211; wenn die nur nicht so schrecklich langsam w\u00e4ren.<\/p>\n<p>Um 13:30 Uhr wollte ich etwas Essen gehen (weil kalter Wind und Nebel usw.) &#8211; war aber noch zu voll. Allerdings war es genau dann am nebligsten, es gab f\u00fcr die n\u00e4chste Stunde kaum etwas zu sehen. Daher probierte ich es um ca. 14:20 Uhr nochmals, weil ich die Hoffnung auf besseres Wetter noch nicht aufgeben wollte. Es war Platz und nat\u00fcrlich a\u00df ich in S\u00fcdtirol Hirtenmaccaroni (um 8,50 \u20ac + 2,- \u20ac f\u00fcr 0,5l Wasser) und war etwas erstaunt, dass der SB-Bereich bereits um ca. 14:30 Uhr geschlossen wurde. Jedenfalls wurde es danach nochmal kurz etwas sonniger, bevor es um 15:30 Uhr auch wieder nebliger wurde &#8211; so dass ich um 15:45 aufh\u00f6rte und mit einer Kabine Wartezeit wieder runtefuhr.<\/p>\n<p>(Fotos anklicken zum Vergr\u00f6\u00dfern)<\/p>\n<p><a href='http:\/\/ski.inmontanis.info\/d\/251941-2\/DSC07318.jpg'><img src=http:\/\/ski.inmontanis.info\/d\/251940-3\/DSC07318.jpg \/><\/a><br \/>\n^ Die Parkpl\u00e4tze um 10:50 Uhr waren nicht sehr voll<\/p>\n<p><a href='http:\/\/ski.inmontanis.info\/d\/251945-2\/DSC07319.jpg'><img src=http:\/\/ski.inmontanis.info\/d\/251944-3\/DSC07319.jpg \/><\/a><br \/>\n^ An der Bergstation der PB war&#8217;s wie \u00fcblich am sonnigsten. \u00dcber das \u00fcblichen Chaos der Rennkids reg ich mich allerdings nicht mehr auf.<\/p>\n<p><a href='http:\/\/ski.inmontanis.info\/d\/251949-2\/DSC07322.jpg'><img src=http:\/\/ski.inmontanis.info\/d\/251948-3\/DSC07322.jpg \/><\/a><br \/>\n^ Finail-SL um 11 Uhr, beide in Betrieb und aktuell der linke recht leer.<\/p>\n<p><a href='http:\/\/ski.inmontanis.info\/d\/251953-2\/DSC07324.jpg'><img src=http:\/\/ski.inmontanis.info\/d\/251952-3\/DSC07324.jpg \/><\/a><br \/>\n^ Finail-SL, noch fast jungfr\u00e4ulich, diese Piste &#8211; war wohl zuvor abgesperrt. Sp\u00e4ter stand dann nochmal ein Rennkurs hier (aber man durfte trotzdem fahren).<\/p>\n<p><a href='http:\/\/ski.inmontanis.info\/d\/251957-2\/DSC07326.jpg'><img src=http:\/\/ski.inmontanis.info\/d\/251956-3\/DSC07326.jpg \/><\/a><br \/>\n^ Grawand-4SB mit dem rechten Trainingshang &#8211; die Stangen stehen wie Grabsteine auf einem Kriegsfeld in Reih und Glied.<\/p>\n<p><a href='http:\/\/ski.inmontanis.info\/d\/251961-2\/DSC07327.jpg'><img src=http:\/\/ski.inmontanis.info\/d\/251960-3\/DSC07327.jpg \/><\/a><br \/>\n^ Gletschersee-3SB, einige waren offpiste unterwegs. Unten an der Talstation aber quasi ganztags Nebel.<\/p>\n<p><a href='http:\/\/ski.inmontanis.info\/d\/251965-2\/DSC07330.jpg'><img src=http:\/\/ski.inmontanis.info\/d\/251964-3\/DSC07330.jpg \/><\/a><br \/>\n^ Gletschersee-3SB und Finail-SL um kurz vor 12 Uhr &#8211; ab jetzt gabs an beiden Liften gar keine nennenswerten Wartezeiten mehr.<\/p>\n<p><a href='http:\/\/ski.inmontanis.info\/d\/251969-2\/DSC07331.jpg'><img src=http:\/\/ski.inmontanis.info\/d\/251968-3\/DSC07331.jpg \/><\/a><br \/>\n^ Finail-SL Bergstation. Die rechte Abfahrt ist mit der Gletscherschmelze im oberen Bereich auch arg schmal geworden<\/p>\n<p><a href='http:\/\/ski.inmontanis.info\/d\/251973-2\/DSC07335.jpg'><img src=http:\/\/ski.inmontanis.info\/d\/251972-3\/DSC07335.jpg \/><\/a><br \/>\n^ F\u00fcr ein paar Sekunden hatte man sogar mal freien Blick zur Grawand-4SB samt Pisten.<\/p>\n<p><a href='http:\/\/ski.inmontanis.info\/d\/251977-2\/DSC07337.jpg'><img src=http:\/\/ski.inmontanis.info\/d\/251976-3\/DSC07337.jpg \/><\/a><br \/>\n^ 3SB Gletschersee; an der DSB h\u00e4ngen nicht mal mehr Sessel. Konsequent, wenn sie zuvor schon eh nie mehr in Betrieb genommen wurde, trotz Andrang ..<\/p>\n<p><a href='http:\/\/ski.inmontanis.info\/d\/251981-2\/DSC07338.jpg'><img src=http:\/\/ski.inmontanis.info\/d\/251980-3\/DSC07338.jpg \/><\/a><br \/>\n^ Da sind vorhin 2 Skifahrer \u00fcber die Felsen reingesprungen.<\/p>\n<p><a href='http:\/\/ski.inmontanis.info\/d\/251985-2\/DSC07340.jpg'><img src=http:\/\/ski.inmontanis.info\/d\/251984-3\/DSC07340.jpg \/><\/a><br \/>\n^ Mir gefiel es offpiste links und unterhalb des Finail-SL. Windgepresst kompakter Schnee, den man gut carven konnte, ohne dass er harschig oder einbruchgef\u00e4hrdet war.<\/p>\n<p><a href='http:\/\/ski.inmontanis.info\/d\/251989-2\/DSC07343.jpg'><img src=http:\/\/ski.inmontanis.info\/d\/251988-3\/DSC07343.jpg \/><\/a><br \/>\n^ Grawand-4SB, ab 13:20 war dann kaum noch was los und so bin ich auch mal gefahren, allerdings hatte ich hier immer Nebel beim Abfahren.<\/p>\n<p><a href='http:\/\/ski.inmontanis.info\/d\/251993-2\/DSC07349.jpg'><img src=http:\/\/ski.inmontanis.info\/d\/251992-3\/DSC07349.jpg \/><\/a><br \/>\n^ PB, an der Bergstation war&#8217;s gegen 15 Uhr mal wieder etwas sonniger, nachdem die letzte Stunde das komplette Skigebiet arg neblig war.<\/p>\n<p><a href='http:\/\/ski.inmontanis.info\/d\/251997-2\/DSC07350.jpg'><img src=http:\/\/ski.inmontanis.info\/d\/251996-3\/DSC07350.jpg \/><\/a><br \/>\n^ Offpiste am Finail, f\u00fcr eine Abfahrt auch nochmals ohne Nebel, bevor wieder alles nebliger wurde.<\/p>\n<p><a href='http:\/\/ski.inmontanis.info\/d\/252001-2\/DSC07354.jpg'><img src=http:\/\/ski.inmontanis.info\/d\/252000-3\/DSC07354.jpg \/><\/a><br \/>\n^ Offpiste an der Gletschersee-3SB, da musste ich auch bis zum Schluss warten, bis hier die Sicht gut genug war, dass ich sehen konnte, wo man fahren kann.. (ich kam von zwischen den Felsen in Bildmitte)<\/p>\n<p><a href='http:\/\/ski.inmontanis.info\/d\/252005-2\/ge20181111a.jpg'><img src=http:\/\/ski.inmontanis.info\/d\/252004-3\/ge20181111a.jpg \/><\/a><br \/>\n^ GPS-Track 11.11.2018<\/p>\n<p>Fazit: Zwar nicht das beste Wetter, aber war in Summe schon ganz nett heute. Erst recht bei 21,75 \u20ac f\u00fcr die Tageskarte ;-) \u00dcbrigens konnte ich auch die letztj\u00e4hrige (in Sulden gekaufte) Ortler-Keycard pfandm\u00e4\u00dfig zur\u00fcckgeben. Um mir die Fahrerei durch Meran und den Jaufen zu ersparen, nahm ich retour aber die ca. 50km l\u00e4ngere Strecke \u00fcber&#8217;n Reschenpass.<\/p>\n","protected":false},"excerpt":{"rendered":"<p>F\u00fcr Samstag hatte ich dieses Wochenende schon einen Arbeitstermin ausgemacht, so dass ich nur Sonntag fahren konnte. Leider wurde das Wetter dann am Samstag doch etwas besser als gemeldet und die Arbeit k\u00fcrzer, so dass es etwas \u00e4rgerlich war, zumal am Sonntag das Wetter nicht so gut werden sollte. F\u00fcr Sonntag bzw. einen einzelnen Skitag <a href=\"http:\/\/blog.inmontanis.info\/?p=5311\">[&#8230;]<\/a><\/p>\n","protected":false},"author":1,"featured_media":0,"comment_status":"closed","ping_status":"closed","sticky":false,"template":"","format":"standard","meta":{"footnotes":""},"categories":[15,25,397,27],"tags":[55,49,52,47],"class_list":["post-5311","post","type-post","status-publish","format-standard","hentry","category-italienitaly","category-noreport","category-schnalstal","category-skifahren-winterskiing-winter","tag-3sb","tag-4sb","tag-pb","tag-sl","odd"],"_links":{"self":[{"href":"http:\/\/blog.inmontanis.info\/index.php?rest_route=\/wp\/v2\/posts\/5311","targetHints":{"allow":["GET"]}}],"collection":[{"href":"http:\/\/blog.inmontanis.info\/index.php?rest_route=\/wp\/v2\/posts"}],"about":[{"href":"http:\/\/blog.inmontanis.info\/index.php?rest_route=\/wp\/v2\/types\/post"}],"author":[{"embeddable":true,"href":"http:\/\/blog.inmontanis.info\/index.php?rest_route=\/wp\/v2\/users\/1"}],"replies":[{"embeddable":true,"href":"http:\/\/blog.inmontanis.info\/index.php?rest_route=%2Fwp%2Fv2%2Fcomments&post=5311"}],"version-history":[{"count":2,"href":"http:\/\/blog.inmontanis.info\/index.php?rest_route=\/wp\/v2\/posts\/5311\/revisions"}],"predecessor-version":[{"id":5313,"href":"http:\/\/blog.inmontanis.info\/index.php?rest_route=\/wp\/v2\/posts\/5311\/revisions\/5313"}],"wp:attachment":[{"href":"http:\/\/blog.inmontanis.info\/index.php?rest_route=%2Fwp%2Fv2%2Fmedia&parent=5311"}],"wp:term":[{"taxonomy":"category","embeddable":true,"href":"http:\/\/blog.inmontanis.info\/index.php?rest_route=%2Fwp%2Fv2%2Fcategories&post=5311"},{"taxonomy":"post_tag","embeddable":true,"href":"http:\/\/blog.inmontanis.info\/index.php?rest_route=%2Fwp%2Fv2%2Ftags&post=5311"}],"curies":[{"name":"wp","href":"https:\/\/api.w.org\/{rel}","templated":true}]}}