{"id":5307,"date":"2018-11-04T22:59:35","date_gmt":"2018-11-04T21:59:35","guid":{"rendered":"http:\/\/blog.inmontanis.info\/?p=5307"},"modified":"2023-08-05T15:36:23","modified_gmt":"2023-08-05T13:36:23","slug":"glacier-3000-planches-croix-4-11-2018","status":"publish","type":"post","link":"http:\/\/blog.inmontanis.info\/?p=5307","title":{"rendered":"Glacier 3000 (+Planches +Croix ), 4.11.2018"},"content":{"rendered":"<p><strong>So, 4.11.2018 (Tag 2 von 2)<\/strong><\/p>\n<p>Morgens nochmals kurz die Wetterberichte f\u00fcr Tignes gecheckt, der eine, der Sonne gemeldet hatte, hatte sich nun auch dagegen entschieden. Ok, dann also mal nach Verbier. Dort um 9:15 Uhr angekommen &#8211; \u00f6h, n\u00f6. Der Parkplatz war mir definitiv zu voll f\u00fcr nur eine offene 4KSB und dann 42 CHF zu zahlen. Mist. Zugegeben, es schienen weniger Autos hier zu stehen als gestern am G3000 (wobei man da nicht wei\u00df, ob das alles Skifahrer waren und hier nicht wei\u00df, wieviel noch am Parkplatz der n\u00e4chsten Mittelstation stehen), und dort war nur ein SL vs. hier eine 4KSB. <em>(Was ich nicht wusste und nicht damit gerechnet h\u00e4tte, dass man auch schon halbwegs brauchbar die Abfahrt an der Zubringerbahn zur 4KSB h\u00e4tte runterfahren k\u00f6nnen, wie ich dann erst tags darauf im Alpinforum gelesen hatte.)<\/em><\/p>\n<p>Alternativprogramm halt nochmal Glacier 3000 &#8211; was vor Mittag aber ja auch keinen Sinn macht. Noch irgendwas nahes in meinem Magic Pass offen? Daf\u00fcr m\u00fcsste ich erst mal 2,- f\u00fcr den Internetpass investieren um zu checken, was offen hat &#8230; allerdings wie bef\u00fcrchtet hatten die Gebiete in der N\u00e4hre ihre Sommersaison schon beendet. Alles, was weiter weg war, machte zeitlich aber auch nicht mehr Sinn. W\u00e4re also doch besser Tignes gefahren heute &#8230; <em>(im Nachhinein, abends daheim angesehen: Nein, denn lt. Webcam ging da oben heute gar nix &#8211; also doch Windsperre. Gestern h\u00e4tte ich dort sein sollen&#8230;)<\/em><\/p>\n<p><a href='http:\/\/ski.inmontanis.info\/d\/251821-2\/DSC07226.jpg'><img src=http:\/\/ski.inmontanis.info\/d\/251820-3\/DSC07226.jpg \/><\/a><br \/>\n^ Parkplatz Zubringer Chable (Verbier)<\/p>\n<p><a href='http:\/\/ski.inmontanis.info\/d\/251825-2\/DSC07227.jpg'><img src=http:\/\/ski.inmontanis.info\/d\/251824-3\/DSC07227.jpg \/><\/a><br \/>\n^ .. weitere Parkpl\u00e4tze .. (und die meisten Autos, die noch kamen, schienen mit durchschnittlich 3 Personen besetzt zu sein)<\/p>\n<p>Also fuhr ich \u00fcber zwei mir bisher unbekannte P\u00e4sse etwas umwegig zum Glacier 3000, wo der Parkplatz in etwa wie gestern aussah.<\/p>\n<p><a href='http:\/\/extra.inmontanis.info\/d\/51041-2\/DSC07229.jpg'><img src=http:\/\/extra.inmontanis.info\/d\/51040-3\/DSC07229.jpg \/><\/a><br \/>\n^ Auffahrt Col des Planches<\/p>\n<p><a href='http:\/\/extra.inmontanis.info\/d\/51045-2\/DSC07235.jpg'><img src=http:\/\/extra.inmontanis.info\/d\/51044-3\/DSC07235.jpg \/><\/a><br \/>\n^ Talpano Stra\u00dfe Col des Planches<\/p>\n<p><a href='http:\/\/extra.inmontanis.info\/d\/51049-2\/DSC07238.jpg'><img src=http:\/\/extra.inmontanis.info\/d\/51048-3\/DSC07238.jpg \/><\/a><br \/>\n^ Am Col des Planches g\u00e4be es noch eine Abzweigung, die aber gesperrt war.<\/p>\n<p><a href='http:\/\/extra.inmontanis.info\/d\/51053-2\/DSC07239.jpg'><img src=http:\/\/extra.inmontanis.info\/d\/51052-3\/DSC07239.jpg \/><\/a><br \/>\n^ .. aber nette Landschaft, hier oben am Col des Planches<\/p>\n<p><a href='http:\/\/extra.inmontanis.info\/d\/51057-2\/DSC07242.jpg'><img src=http:\/\/extra.inmontanis.info\/d\/51056-3\/DSC07242.jpg \/><\/a><br \/>\n^ Col des Planches, Talblick von der anderen Seite<\/p>\n<p><a href='http:\/\/ski.inmontanis.info\/d\/251829-2\/DSC07245.jpg'><img src=http:\/\/ski.inmontanis.info\/d\/251828-3\/DSC07245.jpg \/><\/a><br \/>\n^ Auffahrt nach Gryon. Hier f\u00e4hrt auch eine Zahnradbahn, abschnittsweise auf der Stra\u00dfe und soweit ich das verstehe, f\u00e4hrt die wohl in beiden Richtungen, d.h. es kann einem als Autofahrer wohl passieren, dass ein (Geister)Zug auf der Fahrspur entgegenkommt..<\/p>\n<p><a href='http:\/\/ski.inmontanis.info\/d\/251833-2\/DSC07249.jpg'><img src=http:\/\/ski.inmontanis.info\/d\/251832-3\/DSC07249.jpg \/><\/a><br \/>\n^ Talstation der 4EUB in Gryon<\/p>\n<p><a href='http:\/\/ski.inmontanis.info\/d\/251837-2\/DSC07252.jpg'><img src=http:\/\/ski.inmontanis.info\/d\/251836-3\/DSC07252.jpg \/><\/a><br \/>\n^ Villars<\/p>\n<p><a href='http:\/\/ski.inmontanis.info\/d\/251841-2\/DSC07256.jpg'><img src=http:\/\/ski.inmontanis.info\/d\/251840-3\/DSC07256.jpg \/><\/a><br \/>\n^ Auffahrt zum Col de la Croix<\/p>\n<p><a href='http:\/\/ski.inmontanis.info\/d\/251845-2\/DSC07257.jpg'><img src=http:\/\/ski.inmontanis.info\/d\/251844-3\/DSC07257.jpg \/><\/a><br \/>\n^ Auffahrt zum Col de la Croix; Verbindungslifte zwischen Villars und Gryon<\/p>\n<p><a href='http:\/\/ski.inmontanis.info\/d\/251849-3\/DSC07259.jpg'><img src=http:\/\/ski.inmontanis.info\/d\/251848-4\/DSC07259.jpg \/><\/a><br \/>\n^ Auffahrt zum Col de la Croix, so eine nette, skibare Landschaft hier \u00fcberall und man musste die Verbindung zwischen Villars und Diablerets so bauen, dass man ein lange KSB(?) in beide Richtungen ohne Abfahrt fahren muss?!<\/p>\n<p><a href='http:\/\/ski.inmontanis.info\/d\/251853-2\/DSC07261.jpg'><img src=http:\/\/ski.inmontanis.info\/d\/251852-3\/DSC07261.jpg \/><\/a><br \/>\n^ Col de la Croix, wieder talw\u00e4rts richtung Les Diablerets<\/p>\n<p><a href='http:\/\/ski.inmontanis.info\/d\/251857-2\/DSC07262.jpg'><img src=http:\/\/ski.inmontanis.info\/d\/251856-3\/DSC07262.jpg \/><\/a><br \/>\n^ Col de la Croix im R\u00fcckblick<\/p>\n<p><a href='http:\/\/ski.inmontanis.info\/d\/251861-3\/DSC07264.jpg'><img src=http:\/\/ski.inmontanis.info\/d\/251860-3\/DSC07264.jpg \/><\/a><br \/>\n^ Warum man die KSB hier heuer mit einer EUB ersetzen musste, w\u00e4hrend am Hang nebendran noch SL\/KSSL hinauf gehen und w\u00e4hrend auf der anderen Talseite die Isenau-Bahn und somit das komplette Isenau-Gebiet derzeit stillgelegt wurde .. muss man nicht ganz verstehen. Wobei mir das mit SL\/KSSL ja recht ist, der Gebietsteil hier an der KSB gefiel mir ja eh nicht.<\/p>\n<p><a href='http:\/\/ski.inmontanis.info\/d\/251865-3\/DSC07268.jpg'><img src=http:\/\/ski.inmontanis.info\/d\/251864-3\/DSC07268.jpg \/><\/a><br \/>\n^ Reste der sch\u00f6nen, alten Isenau-4EUB :-(<\/p>\n<p><a href='http:\/\/ski.inmontanis.info\/d\/251869-2\/DSC07269.jpg'><img src=http:\/\/ski.inmontanis.info\/d\/251868-3\/DSC07269.jpg \/><\/a><br \/>\n^ Col du Pillon, Ankunft um 12 Uhr, ich fuhr dann um 12:40 Uhr rauf.<\/p>\n<p><a href='http:\/\/ski.inmontanis.info\/d\/251873-2\/DSC07270.jpg'><img src=http:\/\/ski.inmontanis.info\/d\/251872-3\/DSC07270.jpg \/><\/a><br \/>\n^ PB Sektion 1, links wohl die ehemalige EUB-Trasse<\/p>\n<p><a href='http:\/\/ski.inmontanis.info\/d\/251877-3\/DSC07280.jpg'><img src=http:\/\/ski.inmontanis.info\/d\/251876-3\/DSC07280.jpg \/><\/a><br \/>\n^ PB Sektion 2, es sind gestern und heute einige zur Mittelstation abgefahren &#8211; aber da hat man halt schon nochmal einen l\u00e4ngeren Weg hinauf vom Abfahrtsende zur Station ..<\/p>\n<p><a href='http:\/\/ski.inmontanis.info\/d\/251881-3\/DSC07281.jpg'><img src=http:\/\/ski.inmontanis.info\/d\/251880-3\/DSC07281.jpg \/><\/a><br \/>\n^ 4SB und Gletscherplateau, jetzt um 13 Uhr war es heute sp\u00fcrbar leerer als gestern am SL, also bin ich gleich losgefahren.<\/p>\n<p><a href='http:\/\/ski.inmontanis.info\/d\/251885-3\/DSC07283.jpg'><img src=http:\/\/ski.inmontanis.info\/d\/251884-3\/DSC07283.jpg \/><\/a><br \/>\n^ Die SL-Trasse war grauenhaft zu fahren, zumindest wenn man zu zweit im Lift war. Liegt wohl an den vielen Snowboardern.<\/p>\n<p><a href='http:\/\/ski.inmontanis.info\/d\/251889-3\/DSC07290.jpg'><img src=http:\/\/ski.inmontanis.info\/d\/251888-3\/DSC07290.jpg \/><\/a><br \/>\n^ Was ich im Nebel gestern gar nicht gemerkt hatte: neben dem Funpark gab es noch eine Links-Au\u00dfenrum-Abfahrt, wohl f\u00fcr Renntraining gesperrt, aber die sind jetzt schon weg, also ignorier ich die Absperrung ..<\/p>\n<p><a href='http:\/\/ski.inmontanis.info\/d\/251893-2\/DSC07292.jpg'><img src=http:\/\/ski.inmontanis.info\/d\/251892-3\/DSC07292.jpg \/><\/a><br \/>\n^ Der mittlere SL, leider noch nicht ge\u00f6ffnet<\/p>\n<p><a href='http:\/\/ski.inmontanis.info\/d\/251897-3\/DSC07293.jpg'><img src=http:\/\/ski.inmontanis.info\/d\/251896-3\/DSC07293.jpg \/><\/a><br \/>\n^ Der mittlere SL, leider noch nicht ge\u00f6ffnet &#8211; wobei das St\u00fcck hier oben wohl momentan eh nicht zu \u00f6ffnen w\u00e4re, so hoch wie das Seil nach dem Sommer jetzt h\u00e4ngt? Aber ein Ausstieg dort am Fels w\u00fcrd ja auch reichen..<\/p>\n<p><a href='http:\/\/ski.inmontanis.info\/d\/251901-3\/DSC07299.jpg'><img src=http:\/\/ski.inmontanis.info\/d\/251900-4\/DSC07299.jpg \/><\/a><br \/>\n^ Blick zu PB-Bergstation und Peak Walk vom Offpiste-Bereich<\/p>\n<p><a href='http:\/\/ski.inmontanis.info\/d\/251905-2\/DSC07300.jpg'><img src=http:\/\/ski.inmontanis.info\/d\/251904-3\/DSC07300.jpg \/><\/a><br \/>\n^ Pano vom Offpistebereich rechts des rechten SL<\/p>\n<p><a href='http:\/\/ski.inmontanis.info\/d\/251909-2\/DSC07301.jpg'><img src=http:\/\/ski.inmontanis.info\/d\/251908-3\/DSC07301.jpg \/><\/a><br \/>\n^ SL D\u00f4me<\/p>\n<p><a href='http:\/\/ski.inmontanis.info\/d\/251913-3\/DSC07302.jpg'><img src=http:\/\/ski.inmontanis.info\/d\/251912-3\/DSC07302.jpg \/><\/a><br \/>\n^ im abgesperrten Trainingsbereich, viel Schnee liegt nicht..<\/p>\n<p><a href='http:\/\/ski.inmontanis.info\/d\/251917-3\/DSC07303.jpg'><img src=http:\/\/ski.inmontanis.info\/d\/251916-3\/DSC07303.jpg \/><\/a><br \/>\n^ Der Funpark ist aber ordentlich gro\u00df, daher sind viele Boarder hier.<\/p>\n<p><a href='http:\/\/ski.inmontanis.info\/d\/251921-3\/DSC07305.jpg'><img src=http:\/\/ski.inmontanis.info\/d\/251920-3\/DSC07305.jpg \/><\/a><br \/>\n^ Bergstation SL D\u00f4me<\/p>\n<p><a href='http:\/\/ski.inmontanis.info\/d\/251925-3\/DSC07308.jpg'><img src=http:\/\/ski.inmontanis.info\/d\/251924-3\/DSC07308.jpg \/><\/a><br \/>\n^ SL D\u00f4me und Abfahrt. Wenn man davon ausgeht, dass Gletscher-SL im Allgemeinen in den letzten 20 Jahren viel steiler geworden sind &#8211; wie flach mag der hier dann bitte fr\u00fcher gewesen sein?! :)<\/p>\n<p><a href='http:\/\/ski.inmontanis.info\/d\/251929-3\/DSC07311.jpg'><img src=http:\/\/ski.inmontanis.info\/d\/251928-3\/DSC07311.jpg \/><\/a><br \/>\n^ Talstation PB Reusch<\/p>\n<p><a href='http:\/\/ski.inmontanis.info\/d\/251933-3\/DSC07314.jpg'><img src=http:\/\/ski.inmontanis.info\/d\/251932-3\/DSC07314.jpg \/><\/a><br \/>\n^ Talstation PB Reusch, wieder einmal leicht bescheuert platziert, zumindest f\u00fcr Wiederholungsabfahrten suboptimal.<\/p>\n<p>Lt. Pistenplan sollte da ja irgendwo noch ein SL sein, der vom Abfahrtsende den Weg zur PB etwas verk\u00fcrzt, aber davon hab ich gar nichts gesehen &#8211; erst lt. Sat-Bild konnte ich erkennen, wo der h\u00e4tte sein sollen. War ich komplett blind, wurde der ersatzlos abgebaut, wird der gerade ersetzt oder wird der jeden Sommer entfernt?<\/p>\n<p><a href='http:\/\/ski.inmontanis.info\/d\/251937-3\/20181103-04.jpg'><img src=http:\/\/ski.inmontanis.info\/d\/251936-4\/20181103-04.jpg \/><\/a><br \/>\n^ GPS-Track 3.+4.11.2018. Mit der linken Piste und dem rechten Offpistebereich war&#8217;s am 4. dann etwas interessanter.<\/p>\n<p>Fazit: Insb. im Herbst ist auch so ein kurzer SL f\u00fcr ein paar Stunden ausreichend; im Gegensatz zum Fr\u00fchjahr ist die Piste ja nicht pappig. Allerdings w\u00e4re es nat\u00fcrlich sch\u00f6ner, wenn auch die 4SB-Abfahrt und\/oder der mittlere SL gegangen w\u00e4re. Gut m\u00f6glich, dass das normalerweise Anfang November bereits geht und nur heuer nicht &#8211; alternativ sollte man sich ggf. Schneedepots \u00fcberlegen ..<\/p>\n<p>Somit war das Highlight diesese WE glatt die Moleson-Abendfahrt. Wobei es heute auch recht nett hier am Gletscher war, wenn auch nicht vom Wetter, so doch von den 2 Alternativen zur Abfahrt &#8211; Offpiste rechts und ganz links die gesperrte Rennpiste. Um 15 Uhr wurde es mir aber doch zu frisch mit dem Wind und der wenigen Sonne, so da\u00df ich wieder retour bin (die 4SB fuhr auch sehr langsam wg. des starken Windes). Talw\u00e4rts in der PB waren dann auch die Schlittenhunde, am Gletscher werden n\u00e4mlich auch Schlittenhundefahrten angeboten und die m\u00fcssen wohl auch jeden Tag rauf- und runtergebracht werden.<\/p>\n<p>Heimw\u00e4rts wieder \u00fcber Luzern und nat\u00fcrlich noch auf eine Portion \u00c4lpler Maccaroni zum &#8220;Saisonstart&#8221;, auch wenn ich die diese Saison wohl nicht bei jeder Heimfahrt mitnehmen werde, das wird mir dann doch zu viel :-)<\/p>\n<p>\u00dcbern\u00e4chstes WE wollen einige weitere Skigebiete aufsperren, bei den Wettervorhersagen darf das aber etwas bezweifelt werden &#8211; somit momentan fraglich, wann ich den n\u00e4chsten Skitag mit dem Magic Pass haben werde..<\/p>\n","protected":false},"excerpt":{"rendered":"<p>So, 4.11.2018 (Tag 2 von 2)<\/p>\n<p>Morgens nochmals kurz die Wetterberichte f\u00fcr Tignes gecheckt, der eine, der Sonne gemeldet hatte, hatte sich nun auch dagegen entschieden. Ok, dann also mal nach Verbier. Dort um 9:15 Uhr angekommen &#8211; \u00f6h, n\u00f6. Der Parkplatz war mir definitiv zu voll f\u00fcr nur eine offene 4KSB und dann 42 <a href=\"http:\/\/blog.inmontanis.info\/?p=5307\">[&#8230;]<\/a><\/p>\n","protected":false},"author":1,"featured_media":0,"comment_status":"closed","ping_status":"closed","sticky":false,"template":"","format":"standard","meta":{"footnotes":""},"categories":[739,14,27,81],"tags":[49,52,47],"class_list":["post-5307","post","type-post","status-publish","format-standard","hentry","category-glacier-3000","category-swiss","category-skifahren-winterskiing-winter","category-kurztrips","tag-4sb","tag-pb","tag-sl","odd"],"_links":{"self":[{"href":"http:\/\/blog.inmontanis.info\/index.php?rest_route=\/wp\/v2\/posts\/5307","targetHints":{"allow":["GET"]}}],"collection":[{"href":"http:\/\/blog.inmontanis.info\/index.php?rest_route=\/wp\/v2\/posts"}],"about":[{"href":"http:\/\/blog.inmontanis.info\/index.php?rest_route=\/wp\/v2\/types\/post"}],"author":[{"embeddable":true,"href":"http:\/\/blog.inmontanis.info\/index.php?rest_route=\/wp\/v2\/users\/1"}],"replies":[{"embeddable":true,"href":"http:\/\/blog.inmontanis.info\/index.php?rest_route=%2Fwp%2Fv2%2Fcomments&post=5307"}],"version-history":[{"count":3,"href":"http:\/\/blog.inmontanis.info\/index.php?rest_route=\/wp\/v2\/posts\/5307\/revisions"}],"predecessor-version":[{"id":5310,"href":"http:\/\/blog.inmontanis.info\/index.php?rest_route=\/wp\/v2\/posts\/5307\/revisions\/5310"}],"wp:attachment":[{"href":"http:\/\/blog.inmontanis.info\/index.php?rest_route=%2Fwp%2Fv2%2Fmedia&parent=5307"}],"wp:term":[{"taxonomy":"category","embeddable":true,"href":"http:\/\/blog.inmontanis.info\/index.php?rest_route=%2Fwp%2Fv2%2Fcategories&post=5307"},{"taxonomy":"post_tag","embeddable":true,"href":"http:\/\/blog.inmontanis.info\/index.php?rest_route=%2Fwp%2Fv2%2Ftags&post=5307"}],"curies":[{"name":"wp","href":"https:\/\/api.w.org\/{rel}","templated":true}]}}