{"id":530,"date":"2008-12-27T23:59:11","date_gmt":"2008-12-27T21:59:11","guid":{"rendered":"http:\/\/blog.inmontanis.info\/?p=530"},"modified":"2023-08-04T19:01:52","modified_gmt":"2023-08-04T17:01:52","slug":"xmas-2008-irrwege-27-12-2008","status":"publish","type":"post","link":"http:\/\/blog.inmontanis.info\/?p=530","title":{"rendered":"XMas 2008: Irrwege, 27.12.2008"},"content":{"rendered":"<p> <strong>27.12.2008 &#8211; Sinnlos<br \/>\n<\/strong><\/p>\n<p>Sagte ich gestern, der Tag kotzte mich an? Nun, dann hat er mich heute eben in eine Jauchegrube gesto\u00dfen und bei jedem Versuch, herauszuklettern, f\u00fcr Nachschub gesorgt.<br \/>\n<!--more--><br \/>\nAber der Reihe nach.<\/p>\n<p>Heute hie\u00df es mal wieder fr\u00fcher austehen und aufs Fr\u00fchst\u00fcck zu verzichten. Lt. Routenplaner 2:45 nach Sella Chianzutan, egal welche der 3 Varianten. Wollte um 7 Uhr weg, wurde dann eher 7:20 &#8211; und fuhr \u00fcber Forni di Sopra.<\/p>\n<p><a href='http:\/\/ski.inmontanis.info\/d\/90361-1\/P1320910.JPG'><img src=http:\/\/ski.inmontanis.info\/d\/90363-3\/P1320910.JPG \/><\/a><br \/>\n^ Am Passo d. Mauria<\/p>\n<p><a href='http:\/\/ski.inmontanis.info\/d\/90365-1\/P1320911.JPG'><img src=http:\/\/ski.inmontanis.info\/d\/90367-3\/P1320911.JPG \/><\/a><br \/>\n^ Schneemassen am Passo d. Mauria (knapp 1300m)<\/p>\n<p>Zwischen Forni di Sotto und Ampezzo hab ich rechts einen netten SL-Hang ersp\u00e4ht &#8211; leider war der Lift schon abgebaut. Steiler, l\u00e4nger, stillgelegt und keine Zeit gehabt, da n\u00e4her hin zu schauen. Kann man ja auch im Sommer&#8230;<\/p>\n<p>Gegen 10:40 kam ich endlich in Verzegnis \/ Chianzutan an &#8211; aber kein Lift war in Betrieb. Die letzte Info, die ich \u00fcber dieses Skigebiet hatte, war auf der Homepage von dem Pass, mit Preisen von ca. 2004 und dem Hinweis, dass die Lifte nun wieder in Betrieb seien. Au\u00dferdem sind die Lifte noch im aktuellen Liftverzeichnis von Friaul&#038;Co. Nun, die letzten Jahre hat sich das wohl ge\u00e4ndert, keine B\u00fcgel dran, Betrieb stillgelget. Mist.<\/p>\n<p><a href='http:\/\/ski.inmontanis.info\/d\/90301-1\/P1320915.JPG'><img src=http:\/\/ski.inmontanis.info\/d\/90303-3\/P1320915.JPG \/><\/a><br \/>\n^ Leider kein Betrieb mehr&#8230;<\/p>\n<p><a href='http:\/\/ski.inmontanis.info\/d\/90305-1\/P1320916.JPG'><img src=http:\/\/ski.inmontanis.info\/d\/90307-3\/P1320916.JPG \/><\/a><br \/>\n^ Langer SL mit Hauptabfahrt, links rum gab&#8217;s ja auch noch eine, die zum unteren \u00dcbungs-SL f\u00fchrte&#8230;<\/p>\n<p><a href='http:\/\/ski.inmontanis.info\/d\/90309-1\/P1320919.JPG'><img src=http:\/\/ski.inmontanis.info\/d\/90311-3\/P1320919.JPG \/><\/a><br \/>\n^ Auch am unteren \u00dcbungs-SL kein Skibetrieb mehr. Skigebiet wurde wieder komplett eingestellt.<\/p>\n<p>Weiter nach Lauco. Die Anfahrt vom Tal raus dauert ja ca. 25 Minuten und die schmale Strecke ist im Winter schon sehr grenzwertig. Was mich oben erwartete?<\/p>\n<p><a href='http:\/\/ski.inmontanis.info\/d\/90341-1\/P1320921.JPG'><img src=http:\/\/ski.inmontanis.info\/d\/90343-3\/P1320921.JPG \/><\/a><br \/>\n^ Auffahrt Val Di Lauco zum Gl\u00fcck schneefrei &#8211; w\u00e4r doch etwas heftig diese schmale Stra\u00dfe auch noch mit Schnee&#8230;. :)<\/p>\n<p>B\u00fcgel im Lift. Perfekt pr\u00e4parierte Pisten. Aber: Lift war nicht in Betrieb! Keine Schilder, keine Info \u00fcber Betriebszeiten, nix. Was soll man bitte von einem Lift halten, der nicht mal an einem Samstag in den Weihnachtsferien offen hat? Sowas bl\u00f6des! Und an eine Skitour war auch nicht zu denken &#8211; ich wollte mir die Haut am Kn\u00f6chel nicht g\u00e4nzlich fleischfrei legen.<\/p>\n<p><a href='http:\/\/ski.inmontanis.info\/d\/90345-1\/P1320922.JPG'><img src=http:\/\/ski.inmontanis.info\/d\/90347-3\/P1320922.JPG \/><\/a><br \/>\n^ Geh\u00e4nge im Lift, er l\u00e4uft also prinzipiell noch. Prinzipiell, aber nicht heute. Menno!<\/p>\n<p><a href='http:\/\/ski.inmontanis.info\/d\/90349-1\/P1320923.JPG'><img src=http:\/\/ski.inmontanis.info\/d\/90351-3\/P1320923.JPG \/><\/a><br \/>\n^ Alle Abfahrtsvarianten bestens pr\u00e4pariert.<\/p>\n<p><a href='http:\/\/ski.inmontanis.info\/d\/90353-1\/P1320924.JPG'><img src=http:\/\/ski.inmontanis.info\/d\/90355-3\/P1320924.JPG \/><\/a><br \/>\n^ .. aber keinerlei Hinweise auf Betriebszeiten des Lifts oder sonstwas. Hmpf.<\/p>\n<p>N\u00e4chstes Ziel? Pradibosco oder Sella Ciampigotto. Pass dazwischen sollte nach meiner Info von vor einigen Tagen ja offen sein, dennoch wollt ich tendenziell eher Ciampigotto als Pradibosco. (Eigentlich h\u00e4tte ich beides f\u00fcr morgen geplant gehabt)<\/p>\n<p>Anfahrt \u00fcber Sauris erschien mir aber k\u00fcrzer, also zur\u00fcck zu Ampezzo. Dort gleich ein Schild: Stra\u00dfe nach Sauris gesperrt &#8211; versch\u00fcttet oder abgerutscht. Hatte ich sp\u00e4ter sogar was im Radio von geh\u00f6rt.<\/p>\n<p>Na toll. Also wieder zur\u00fcck \u00fcber Forno di Sopra bis nach Vigo di Cadore. Immerhin diesmal den stillgelegten Lift bei Ampezzo kurz abfotografiert:<\/p>\n<p><a href='http:\/\/ski.inmontanis.info\/d\/90369-1\/P1320925.JPG'><img src=http:\/\/ski.inmontanis.info\/d\/90371-3\/P1320925.JPG \/><\/a><br \/>\n^ LSAP zwischen Forni di Sotto und Ampezzo. Ein SL, ca. 1200m, eine Waldabfahrt. W\u00e4re ich jetzt auch gern gefahren &#8230;<\/p>\n<p><a href='http:\/\/ski.inmontanis.info\/d\/90373-1\/ge_ampezzo.jpg'><img src=http:\/\/ski.inmontanis.info\/d\/90375-3\/ge_ampezzo.jpg \/><\/a><br \/>\n^ GE-Bild zum Ex-SL zwischen Forni di Sotto und Ampezzo<\/p>\n<p><a href='http:\/\/ski.inmontanis.info\/d\/90377-1\/P1320927.JPG'><img src=http:\/\/ski.inmontanis.info\/d\/90379-3\/P1320927.JPG \/><\/a><br \/>\n^ Auch in Vigo di Cadore liegt haufenweise Schnee..<\/p>\n<p><a href='http:\/\/ski.inmontanis.info\/d\/90381-1\/P1320928.JPG'><img src=http:\/\/ski.inmontanis.info\/d\/90383-3\/P1320928.JPG \/><\/a><br \/>\n^ Schneemassen in Vigo di Cadore &#8211; aber so viel Schnee liegt derzeit fast \u00fcberall in den Dolomiten!<\/p>\n<p>In Vigo\/Leggio di Cadore gab&#8217;s auch mal einen Lift:<\/p>\n<p><a href='http:\/\/ski.inmontanis.info\/d\/90385-1\/P1320929.JPG'><img src=http:\/\/ski.inmontanis.info\/d\/90387-3\/P1320929.JPG \/><\/a><br \/>\n^ Ehemalige Abfahrt &#8211; stillgelegter Lift in Vigo\/Laggio di Cadore<\/p>\n<p>Gegen 13:30 erreichte ich schlussendlich Sella Ciampigotto.<\/p>\n<p><a href='http:\/\/ski.inmontanis.info\/d\/90313-1\/P1320930.JPG'><img src=http:\/\/ski.inmontanis.info\/d\/90315-3\/P1320930.JPG \/><\/a><br \/>\n^ Auffahrt Ciampigotto\/Razzo\/Laverdet von Cadore. Die Stra\u00dfe schl\u00e4ngelt sich da oben am Hang entlang!<\/p>\n<p><a href='http:\/\/ski.inmontanis.info\/d\/90317-1\/P1320932.JPG'><img src=http:\/\/ski.inmontanis.info\/d\/90319-3\/P1320932.JPG \/><\/a><br \/>\n^ Auffahrt Ciampigotto\/Razzo\/Laverdet von Cadore<\/p>\n<p><a href='http:\/\/ski.inmontanis.info\/d\/90321-1\/P1320933.JPG'><img src=http:\/\/ski.inmontanis.info\/d\/90323-3\/P1320933.JPG \/><\/a><br \/>\n^ Ankunft Sella Ciampigotto<\/p>\n<p>D\u00e9j\u00e0 vu? Geh\u00e4nge im Lift, Pisten super pr\u00e4pariert, Kassenh\u00e4uschen offen, Betriebszeiten 9-16 Uhr. \u00d6h. Nein, nur der Lift fuhr nicht, Pisten waren noch jungfr\u00e4ulich.<\/p>\n<p><a href='http:\/\/ski.inmontanis.info\/d\/90325-1\/P1320935.JPG'><img src=http:\/\/ski.inmontanis.info\/d\/90327-3\/P1320935.JPG \/><\/a><br \/>\n^ Abfahrten bestens pr\u00e4pariert, aber noch keiner gefahren?<\/p>\n<p><a href='http:\/\/ski.inmontanis.info\/d\/90329-1\/P1320936.JPG'><img src=http:\/\/ski.inmontanis.info\/d\/90331-3\/P1320936.JPG \/><\/a><br \/>\n^ Kassenh\u00e4uschen ge\u00f6ffnet, aber Lift steht? Was soll jetzt der Schei\u00df!?<\/p>\n<p><a href='http:\/\/ski.inmontanis.info\/d\/90333-1\/P1320937.JPG'><img src=http:\/\/ski.inmontanis.info\/d\/90335-3\/P1320937.JPG \/><\/a><br \/>\n^ So viel zum Thema \u00d6ffnungszeiten. Mei, ihr k\u00f6nnt&#8217;s mich heut alle mal!!<\/p>\n<p><a href='http:\/\/ski.inmontanis.info\/d\/90337-1\/P1320940.JPG'><img src=http:\/\/ski.inmontanis.info\/d\/90339-3\/P1320940.JPG \/><\/a><br \/>\n^ Stra\u00dfe weiter zu Sauris bzw. Laverdet-Pradibosco wg. Lawinengefahr gesperrt. Na supi.<\/p>\n<p>Ja glaub ichs denn?? Wann wollen&#8217;s ihre Lifte denn fahren lassen? Sind das reine Sonntagslifte? Dann sollens halt verrotten, so ein Bl\u00f6dsinn!!!<\/p>\n<p>Extremst genervt suchte ich nun nach einer Alternative, um heut wenigstens \u00fcberhaupt noch auf Skier zu stehen. Comelico? Die Genugtuung geb ich ihnen jetzt nicht, genau dann dort hin zu fahren, wenn die den SL mit einer 4KSB ersetzt haben. Misurina? Fand ich doch mal ganz nett. Und auf dem Weg kann man ja in Auronzo schauen, ob die alte Graffer-DSB vielleicht doch noch fuhr?<\/p>\n<p>Nein, wurde wie erwartet mit dem Bau der 4KSB stillgelegt, und unerwartet sogar komplett abgetragen.<\/p>\n<p>Um 14:45, also nach insg. heute 7,5h Autofahrt, kam ich in Misurina an. 21,- f\u00fcr die Halbtageskarte f\u00fcr 1,5h war mir zu teuer, so nahm ich die 6-Fahrten-Karte um 20,- &#8211; mehr wie 6 Fahrten gehen sich eh nimmer aus, und wenn ich doch nicht alle verbrauch, sollten die ja bis zum Ende der Saison g\u00fcltig sein. Wei\u00df zwar nicht, in welcher Kombi ich nochmal hier vorbei fahr..<\/p>\n<p>.. naja, was soll ich sagen &#8211; nach 3 Fahrten hat&#8217;s mir auch schon wieder gereicht. Es war eiskalt und die Pisten recht hart. Macht kein Spa\u00df so. Oben noch schnell eine Polenta mit Salsicce gegessen und um 16:10 die Heimfahrt angetreten. Gab ja nix mehr, was mich in der Gegend jetzt zur Mega-Hauptsaison noch eine Nacht gehalten h\u00e4tte. <\/p>\n<p><a href='http:\/\/ski.inmontanis.info\/d\/90357-1\/P1320943.JPG'><img src=http:\/\/ski.inmontanis.info\/d\/90359-3\/P1320943.JPG \/><\/a><br \/>\n^ DSB Col de Varda in Misurina.<\/p>\n<p>Fazit#1: So wenig wie gestern und heute bin ich noch nie in 2 Tagen skigefahren. Hat selbst noch meine Problemtage der letzten Saison unterboten.<\/p>\n<p>Fazit#2: Manche Skiliftbetrieber haben anscheinend kein gro\u00dfes Interesse an ihren Liften<\/p>\n<p>Fazit#3: Vor dem ersten Samstag nach Weihnachten braucht man in Italien in kein kleineres Skigebiet zu fahren<\/p>\n<p>Fazit#4: W\u00e4r ich mal besser in die Lombardei oder ins Engadin gefahren.<\/p>\n","protected":false},"excerpt":{"rendered":"<p> 27.12.2008 &#8211; Sinnlos <\/p>\n<p>Sagte ich gestern, der Tag kotzte mich an? Nun, dann hat er mich heute eben in eine Jauchegrube gesto\u00dfen und bei jedem Versuch, herauszuklettern, f\u00fcr Nachschub gesorgt.<\/p>\n<p> <a href=\"http:\/\/blog.inmontanis.info\/?p=530\">[&#8230;]<\/a><\/p>\n","protected":false},"author":1,"featured_media":0,"comment_status":"open","ping_status":"closed","sticky":false,"template":"","format":"standard","meta":{"footnotes":""},"categories":[66,528,538,539,15,537,27,32],"tags":[38,47],"class_list":["post-530","post","type-post","status-publish","format-standard","hentry","category-66","category-auronzo-di-cadore","category-chianzutan","category-ciampigotto","category-italienitaly","category-lauco","category-skifahren-winterskiing-winter","category-lostplaces","tag-dsb","tag-sl","odd"],"_links":{"self":[{"href":"http:\/\/blog.inmontanis.info\/index.php?rest_route=\/wp\/v2\/posts\/530","targetHints":{"allow":["GET"]}}],"collection":[{"href":"http:\/\/blog.inmontanis.info\/index.php?rest_route=\/wp\/v2\/posts"}],"about":[{"href":"http:\/\/blog.inmontanis.info\/index.php?rest_route=\/wp\/v2\/types\/post"}],"author":[{"embeddable":true,"href":"http:\/\/blog.inmontanis.info\/index.php?rest_route=\/wp\/v2\/users\/1"}],"replies":[{"embeddable":true,"href":"http:\/\/blog.inmontanis.info\/index.php?rest_route=%2Fwp%2Fv2%2Fcomments&post=530"}],"version-history":[{"count":4,"href":"http:\/\/blog.inmontanis.info\/index.php?rest_route=\/wp\/v2\/posts\/530\/revisions"}],"predecessor-version":[{"id":533,"href":"http:\/\/blog.inmontanis.info\/index.php?rest_route=\/wp\/v2\/posts\/530\/revisions\/533"}],"wp:attachment":[{"href":"http:\/\/blog.inmontanis.info\/index.php?rest_route=%2Fwp%2Fv2%2Fmedia&parent=530"}],"wp:term":[{"taxonomy":"category","embeddable":true,"href":"http:\/\/blog.inmontanis.info\/index.php?rest_route=%2Fwp%2Fv2%2Fcategories&post=530"},{"taxonomy":"post_tag","embeddable":true,"href":"http:\/\/blog.inmontanis.info\/index.php?rest_route=%2Fwp%2Fv2%2Ftags&post=530"}],"curies":[{"name":"wp","href":"https:\/\/api.w.org\/{rel}","templated":true}]}}