{"id":5292,"date":"2018-10-21T22:46:19","date_gmt":"2018-10-21T20:46:19","guid":{"rendered":"http:\/\/blog.inmontanis.info\/?p=5292"},"modified":"2023-08-04T19:09:23","modified_gmt":"2023-08-04T17:09:23","slug":"gaver-collio-piazzatore-mehr-21-10-2018","status":"publish","type":"post","link":"http:\/\/blog.inmontanis.info\/?p=5292","title":{"rendered":"Gaver-Collio-Piazzatore &#038; mehr, 21.10.2018"},"content":{"rendered":"<p><strong>So, 21.10.2018<\/strong><\/p>\n<p>\u00dcber Nacht wurde es doch etwas k\u00e4lter als gedacht, am Morgen hatte es drau\u00dfen nur 4\u00b0, allerdings hatte ich mich ja abends schon samt Decke in den Schlafsack geh\u00fcllt, so dass das nicht weiter problematisch war.<\/p>\n<p>Erstes Ziel heute war Gaver, und zwar \u00fcber den im Winter gesperrten Passo Crocedomini. Von Gaver ging es wieder zur\u00fcck zum Pass und dann die immer noch unasphaltierte Querstra\u00dfe r\u00fcber zum Passo Maniva (schon mal gefahren, daher wusste ich ja, dass es nicht so schlimm sein sollte). Vom Maniva aus runter nach Collio und dort mit der DSB fahren. Dann \u00fcber den Colle San Zeno ins n\u00e4chste Tal, wieder hinauf nach Oltre il Colle zum Monte Alben und weiter zum stillgelegten Skigebiet von Piazzatorre. Von dort aus \u00fcber den (im Winter gesperrten) Passo San Marco richtung Sondrio und \u00fcber den Maloja-Pass und St. Moritz wieder zur\u00fcck nach Hause.<\/p>\n<p>(Fotos anklicken zum Vergr\u00f6\u00dfern, Achtung, \u00fcber 100 Fotos.)<\/p>\n<p><a href='http:\/\/extra.inmontanis.info\/d\/51037-2\/ge20181020-21c.jpg'><img src=http:\/\/extra.inmontanis.info\/d\/51036-3\/ge20181020-21c.jpg \/><\/a><br \/>\n^ Strecke 20.-21.10.2018<br \/>\nA) Kaunertaler Gletscher<br \/>\nB) Umbrail\/Stelvio<br \/>\nC) Passo Gavia<br \/>\nD) Gaver<br \/>\nE) Passo Maniva<br \/>\nF) Collio<br \/>\nG) Colle San Zeno<br \/>\nH) Oltre il Colle \/ Monte Alben<br \/>\nI) Piazzatorre<\/p>\n<p><a href='http:\/\/ski.inmontanis.info\/d\/251543-2\/DSC06775.jpg'><img src=http:\/\/ski.inmontanis.info\/d\/251542-3\/DSC06775.jpg \/><\/a><br \/>\n^ Das F\u00f6rderband, das am Rif. Bazena (westlich des Crocedomini Passes) vor ein paar Jahren einen SL ersetzte, ist mittlerweile wohl nun auch Geschichte.<\/p>\n<p>Foto von August 2013:<br \/>\n<a href='http:\/\/ski.inmontanis.info\/d\/168443-3\/DSC05532.jpg'><img src=http:\/\/ski.inmontanis.info\/d\/168442-4\/DSC05532.jpg \/><\/a><br \/>\n^ 2013 gab es das F\u00f6rderband noch<\/p>\n<p><a href='http:\/\/ski.inmontanis.info\/d\/251547-2\/DSC06777.jpg'><img src=http:\/\/ski.inmontanis.info\/d\/251546-3\/DSC06777.jpg \/><\/a><br \/>\n^ Passo Crocedomini, West<\/p>\n<p><a href='http:\/\/ski.inmontanis.info\/d\/251551-2\/DSC06780.jpg'><img src=http:\/\/ski.inmontanis.info\/d\/251550-3\/DSC06780.jpg \/><\/a><br \/>\n^ Passo Crocedomini, Ost<\/p>\n<p><a href='http:\/\/ski.inmontanis.info\/d\/251555-2\/DSC06782.jpg'><img src=http:\/\/ski.inmontanis.info\/d\/251554-3\/DSC06782.jpg \/><\/a><br \/>\n^ Blick von der Crocedomini Stra\u00dfe zum SL Gera Uno im derzeit stillgelegten Skigebiet von Gaver<\/p>\n<p><a href='http:\/\/ski.inmontanis.info\/d\/251559-2\/DSC06784.jpg'><img src=http:\/\/ski.inmontanis.info\/d\/251558-3\/DSC06784.jpg \/><\/a><br \/>\n^ Crocedomini Pass, Ost<\/p>\n<p><a href='http:\/\/ski.inmontanis.info\/d\/251563-2\/DSC06787.jpg'><img src=http:\/\/ski.inmontanis.info\/d\/251562-3\/DSC06787.jpg \/><\/a><br \/>\n^ Abfahrt und Blick r\u00fcber zum SL Gera-Uno<\/p>\n<p><a href='http:\/\/ski.inmontanis.info\/d\/251567-2\/DSC06789.jpg'><img src=http:\/\/ski.inmontanis.info\/d\/251566-3\/DSC06789.jpg \/><\/a><br \/>\n^ Die blaue Talabfahrt an der DSB<\/p>\n<p><a href='http:\/\/ski.inmontanis.info\/d\/251571-2\/DSC06790.jpg'><img src=http:\/\/ski.inmontanis.info\/d\/251570-3\/DSC06790.jpg \/><\/a><br \/>\n^ SL Campras Nord<\/p>\n<p><a href='http:\/\/ski.inmontanis.info\/d\/251575-2\/DSC06792.jpg'><img src=http:\/\/ski.inmontanis.info\/d\/251574-3\/DSC06792.jpg \/><\/a><br \/>\n^ Talstationen<\/p>\n<p><a href='http:\/\/ski.inmontanis.info\/d\/251579-2\/DSC06794.jpg'><img src=http:\/\/ski.inmontanis.info\/d\/251578-3\/DSC06794.jpg \/><\/a><br \/>\n^ Pistenplan<\/p>\n<p><a href='http:\/\/ski.inmontanis.info\/d\/251583-2\/DSC06796.jpg'><img src=http:\/\/ski.inmontanis.info\/d\/251582-3\/DSC06796.jpg \/><\/a><br \/>\n^ Lift-\u00d6ffnungsstatus-Tafel, interessant, wo das Y herkommt, das brauchte man fr\u00fcher doch gar nicht..<\/p>\n<p><a href='http:\/\/ski.inmontanis.info\/d\/251587-2\/DSC06797.jpg'><img src=http:\/\/ski.inmontanis.info\/d\/251586-3\/DSC06797.jpg \/><\/a><br \/>\n^ SL Campras Sud<\/p>\n<p><a href='http:\/\/ski.inmontanis.info\/d\/251591-2\/DSC06799.jpg'><img src=http:\/\/ski.inmontanis.info\/d\/251590-3\/DSC06799.jpg \/><\/a><br \/>\n^ SL Campras Sud<\/p>\n<p><a href='http:\/\/ski.inmontanis.info\/d\/251595-2\/DSC06800.jpg'><img src=http:\/\/ski.inmontanis.info\/d\/251594-3\/DSC06800.jpg \/><\/a><br \/>\n^ DSB Misa<\/p>\n<p><a href='http:\/\/ski.inmontanis.info\/d\/251599-2\/DSC06802.jpg'><img src=http:\/\/ski.inmontanis.info\/d\/251598-3\/DSC06802.jpg \/><\/a><br \/>\n^ DSB Misa<\/p>\n<p><a href='http:\/\/ski.inmontanis.info\/d\/251603-2\/DSC06805.jpg'><img src=http:\/\/ski.inmontanis.info\/d\/251602-3\/DSC06805.jpg \/><\/a><br \/>\n^ DSB Misa<\/p>\n<p><a href='http:\/\/ski.inmontanis.info\/d\/251607-2\/DSC06807.jpg'><img src=http:\/\/ski.inmontanis.info\/d\/251606-3\/DSC06807.jpg \/><\/a><br \/>\n^ DSB Misa<\/p>\n<p><a href='http:\/\/ski.inmontanis.info\/d\/251611-2\/DSC06809.jpg'><img src=http:\/\/ski.inmontanis.info\/d\/251610-3\/DSC06809.jpg \/><\/a><br \/>\n^ Nach der Stilllegung des SL Cadino Basso gab es ja angeblich mal ein Pistenraupentaxi als Verbindung zum SL Gera &#8211; das wird dann wohl der Aufbau sein?<\/p>\n<p>Jedenfalls machte mir der Besuch heute wieder klar, wie genial dieses Skigebiet war und wie schade es ist, dass es stillgelegt wurde &#8211; einerseits hatten manche SL die Fine Vita Tecnica erreicht, andererseits wollten die Betreiber aufgrund der Lawinensituation an der Zufahrtsstra\u00dfe nicht mehr \u00f6ffnen und verlangten von \u00f6ffentlicher Hand Lawinengallerien.<\/p>\n<p><a href='http:\/\/ski.inmontanis.info\/d\/251467-2\/DSC06813.jpg'><img src=http:\/\/ski.inmontanis.info\/d\/251466-3\/DSC06813.jpg \/><\/a><br \/>\n^ Am Passo Crocdedomini gibt es eine Abzweigung und direkte Stra\u00dfe zum Passo Maniva, die nach wie vor gr\u00f6\u00dftenteils ungeteert ist.<\/p>\n<p><a href='http:\/\/ski.inmontanis.info\/d\/251471-2\/DSC06816.jpg'><img src=http:\/\/ski.inmontanis.info\/d\/251470-3\/DSC06816.jpg \/><\/a><br \/>\n^ Wie geil ist das denn, diese ungeteerte Stra\u00dfe ist tats\u00e4chlich als SS &#8211; Strada Statale &#8211; Nr. 345 ausgezeichnet ;-)<\/p>\n<p><a href='http:\/\/ski.inmontanis.info\/d\/251475-2\/DSC06817.jpg'><img src=http:\/\/ski.inmontanis.info\/d\/251474-3\/DSC06817.jpg \/><\/a><br \/>\n^ SS 345 Crocedomini-Maniva<\/p>\n<p><a href='http:\/\/ski.inmontanis.info\/d\/251479-2\/DSC06818.jpg'><img src=http:\/\/ski.inmontanis.info\/d\/251478-3\/DSC06818.jpg \/><\/a><br \/>\n^ Talblick und Almen<\/p>\n<p><a href='http:\/\/ski.inmontanis.info\/d\/251483-2\/DSC06821.jpg'><img src=http:\/\/ski.inmontanis.info\/d\/251482-3\/DSC06821.jpg \/><\/a><br \/>\n^ SS 345 Crocedomini-Maniva<\/p>\n<p><a href='http:\/\/ski.inmontanis.info\/d\/251487-2\/DSC06825.jpg'><img src=http:\/\/ski.inmontanis.info\/d\/251486-3\/DSC06825.jpg \/><\/a><br \/>\n^ SS 345 Crocedomini-Maniva, die folgenden Kehren sind nun geteert, danach geht es wieder untegeteert weiter<\/p>\n<p><a href='http:\/\/ski.inmontanis.info\/d\/251491-2\/DSC06828.jpg'><img src=http:\/\/ski.inmontanis.info\/d\/251490-3\/DSC06828.jpg \/><\/a><br \/>\n^ SS 345 Crocedomini-Maniva, R\u00fcckblick<\/p>\n<p><a href='http:\/\/ski.inmontanis.info\/d\/251495-2\/DSC06831.jpg'><img src=http:\/\/ski.inmontanis.info\/d\/251494-3\/DSC06831.jpg \/><\/a><br \/>\n^ SS 345 Crocedomini-Maniva, Ex-Nato-Station<\/p>\n<p><a href='http:\/\/ski.inmontanis.info\/d\/251499-2\/DSC06836.jpg'><img src=http:\/\/ski.inmontanis.info\/d\/251498-3\/DSC06836.jpg \/><\/a><br \/>\n^ .. deren Auffahrt mittlerweile abgesperrt ist<\/p>\n<p>(Man kommt auch ziemlich nah an der neueren Dasdana-DSB vom Maniva-Skigebiet vorbei, aber ich bin nicht extra hin und das eine Foto war leider unscharf.)<\/p>\n<p><a href='http:\/\/ski.inmontanis.info\/d\/251503-2\/DSC06838.jpg'><img src=http:\/\/ski.inmontanis.info\/d\/251502-3\/DSC06838.jpg \/><\/a><\/p>\n<p><a href='http:\/\/ski.inmontanis.info\/d\/251507-2\/DSC06844.jpg'><img src=http:\/\/ski.inmontanis.info\/d\/251506-3\/DSC06844.jpg \/><\/a><br \/>\n^ SS 345 Crocedomini-Maniva, Flachlandpano<\/p>\n<p><a href='http:\/\/ski.inmontanis.info\/d\/251511-2\/DSC06846.jpg'><img src=http:\/\/ski.inmontanis.info\/d\/251510-3\/DSC06846.jpg \/><\/a><br \/>\n^ SS 345 Crocedomini-Maniva, Flachlandpano<\/p>\n<p><a href='http:\/\/ski.inmontanis.info\/d\/251515-2\/DSC06847.jpg'><img src=http:\/\/ski.inmontanis.info\/d\/251514-3\/DSC06847.jpg \/><\/a><br \/>\n^ SS 345 Crocedomini-Maniva, Blick zur Bergstation der alten (unteren) DSB<\/p>\n<p>Auch hier hab ichs mir gespart, zum Pass und zu den Liften zu fahren. Sollte da eh mal wieder im Winter her.<\/p>\n<p>Das Skigebiet unten im Tal, in Collio, hatte ja ebenfalls eine recht turbulente Zeit in den letzten Jahren. Erst war es zu, dann hatte man es wieder ge\u00f6ffnet. Ich war sogar mal Skifahren, bevor es dann wieder geschlossen wurde. Mittlerweile hat man wenigstens wieder die 1. DSB-Sektion in Betrieb, mit Bikepark. <\/p>\n<p>Die einzelne Berg- und Talfahrt ist recht g\u00fcnstig, ich zahlte mit einem Croissant 6,- \u20ac an der Bar. F\u00fcr so eine nett trassierte Plastiksch\u00fcssel-Nascivera-DSB h\u00e4tte ich auch mehr bezahlt. <\/p>\n<p><a href='http:\/\/ski.inmontanis.info\/d\/251275-2\/DSC06851.jpg'><img src=http:\/\/ski.inmontanis.info\/d\/251274-3\/DSC06851.jpg \/><\/a><br \/>\n^ Talstation und DSB Sektion 1 in Collio<\/p>\n<p><a href='http:\/\/ski.inmontanis.info\/d\/251279-2\/DSC06853.jpg'><img src=http:\/\/ski.inmontanis.info\/d\/251278-3\/DSC06853.jpg \/><\/a><br \/>\n^ Talstation DSB Sektion 1<\/p>\n<p><a href='http:\/\/ski.inmontanis.info\/d\/251283-2\/DSC06856.jpg'><img src=http:\/\/ski.inmontanis.info\/d\/251282-3\/DSC06856.jpg \/><\/a><br \/>\n^ DSB Sektion 1, St\u00fctzen und Sessel eindeutig Nascivera<\/p>\n<p><a href='http:\/\/ski.inmontanis.info\/d\/251287-2\/DSC06858.jpg'><img src=http:\/\/ski.inmontanis.info\/d\/251286-3\/DSC06858.jpg \/><\/a><br \/>\n^ .. direkt darunter scheint wohl ein stillgelegter Minigolfplatz zu sein<\/p>\n<p><a href='http:\/\/ski.inmontanis.info\/d\/251291-2\/DSC06861.jpg'><img src=http:\/\/ski.inmontanis.info\/d\/251290-3\/DSC06861.jpg \/><\/a><br \/>\n^ DSB Sektion 1<\/p>\n<p><a href='http:\/\/ski.inmontanis.info\/d\/251295-2\/DSC06862.jpg'><img src=http:\/\/ski.inmontanis.info\/d\/251294-3\/DSC06862.jpg \/><\/a><br \/>\n^ DSB Sektion 1<\/p>\n<p><a href='http:\/\/ski.inmontanis.info\/d\/251299-2\/DSC06863.jpg'><img src=http:\/\/ski.inmontanis.info\/d\/251298-3\/DSC06863.jpg \/><\/a><br \/>\n^ DSB Sektion 1<\/p>\n<p><a href='http:\/\/ski.inmontanis.info\/d\/251303-2\/DSC06865.jpg'><img src=http:\/\/ski.inmontanis.info\/d\/251302-3\/DSC06865.jpg \/><\/a><br \/>\n^ DSB Sektion 1<\/p>\n<p><a href='http:\/\/ski.inmontanis.info\/d\/251307-2\/DSC06868.jpg'><img src=http:\/\/ski.inmontanis.info\/d\/251306-3\/DSC06868.jpg \/><\/a><br \/>\n^ DSB Sektion 1<\/p>\n<p><a href='http:\/\/ski.inmontanis.info\/d\/251311-2\/DSC06871.jpg'><img src=http:\/\/ski.inmontanis.info\/d\/251310-3\/DSC06871.jpg \/><\/a><br \/>\n^ DSB Sektion 1. Die Mittelgstation der Vorg\u00e4ngeranlage (eine offene 2EUB) k\u00f6nnte bereits dort bei dem Haus gewesen sein, weil da alles eingeebnet ist?<\/p>\n<p>Hier zur Erinnerung Fotos der 2EUB:<br \/>\n<a href='http:\/\/www.sommerschi.com\/forum\/viewtopic.php?t=171'>http:\/\/www.sommerschi.com\/forum\/viewtopic.php?t=171<\/a><\/p>\n<p><a href='http:\/\/ski.inmontanis.info\/d\/251315-2\/DSC06877.jpg'><img src=http:\/\/ski.inmontanis.info\/d\/251314-3\/DSC06877.jpg \/><\/a><br \/>\n^ DSB Sektion 1, Bergstation<\/p>\n<p><a href='http:\/\/ski.inmontanis.info\/d\/251319-2\/DSC06878.jpg'><img src=http:\/\/ski.inmontanis.info\/d\/251318-3\/DSC06878.jpg \/><\/a><br \/>\n^ DSB Sektion 2, von MEB<\/p>\n<p><a href='http:\/\/ski.inmontanis.info\/d\/251323-2\/DSC06879.jpg'><img src=http:\/\/ski.inmontanis.info\/d\/251322-3\/DSC06879.jpg \/><\/a><br \/>\n^ DSB Sektion 2, leider derzeit nicht in Betrieb. Und die Sektion 1 ist haupts\u00e4chlich wg. des Bikeparks in Betrieb<\/p>\n<p><a href='http:\/\/ski.inmontanis.info\/d\/251327-2\/DSC06881.jpg'><img src=http:\/\/ski.inmontanis.info\/d\/251326-3\/DSC06881.jpg \/><\/a><br \/>\n^ DSB Sektion 1<\/p>\n<p><a href='http:\/\/ski.inmontanis.info\/d\/251331-2\/DSC06884.jpg'><img src=http:\/\/ski.inmontanis.info\/d\/251330-3\/DSC06884.jpg \/><\/a><br \/>\n^ Abfahrt DSB Sektion 2<\/p>\n<p><a href='http:\/\/ski.inmontanis.info\/d\/251335-2\/DSC06885.jpg'><img src=http:\/\/ski.inmontanis.info\/d\/251334-3\/DSC06885.jpg \/><\/a><br \/>\n^ DSB Sektion 1-2<\/p>\n<p><a href='http:\/\/ski.inmontanis.info\/d\/251339-2\/DSC06888.jpg'><img src=http:\/\/ski.inmontanis.info\/d\/251338-3\/DSC06888.jpg \/><\/a><br \/>\n^ DSB Sektion 1 (Nascivera)<\/p>\n<p><a href='http:\/\/ski.inmontanis.info\/d\/251343-2\/DSC06891.jpg'><img src=http:\/\/ski.inmontanis.info\/d\/251342-3\/DSC06891.jpg \/><\/a><br \/>\n^ Evtl. ehemaliger SL<\/p>\n<p><a href='http:\/\/ski.inmontanis.info\/d\/251347-2\/DSC06892.jpg'><img src=http:\/\/ski.inmontanis.info\/d\/251346-3\/DSC06892.jpg \/><\/a><br \/>\n^ DSB Sektion 1-2<\/p>\n<p><a href='http:\/\/ski.inmontanis.info\/d\/251351-2\/DSC06898.jpg'><img src=http:\/\/ski.inmontanis.info\/d\/251350-3\/DSC06898.jpg \/><\/a><br \/>\n^ Zoom zum Gipfel mit dem ja bereits bei meinem Winterbesuch stillgelegten SL (der linke war damals noch offen)<\/p>\n<p><a href='http:\/\/ski.inmontanis.info\/d\/251355-2\/DSC06907.jpg'><img src=http:\/\/ski.inmontanis.info\/d\/251354-3\/DSC06907.jpg \/><\/a><br \/>\n^ DSB Sektion 1<\/p>\n<p><a href='http:\/\/ski.inmontanis.info\/d\/251359-2\/DSC06908.jpg'><img src=http:\/\/ski.inmontanis.info\/d\/251358-3\/DSC06908.jpg \/><\/a><br \/>\n^ DSB Sektion 1 und Collio<\/p>\n<p><a href='http:\/\/ski.inmontanis.info\/d\/251363-2\/DSC06913.jpg'><img src=http:\/\/ski.inmontanis.info\/d\/251362-3\/DSC06913.jpg \/><\/a><br \/>\n^ DSB Sektion 1 und Collio<\/p>\n<p><a href='http:\/\/ski.inmontanis.info\/d\/251367-2\/DSC06918.jpg'><img src=http:\/\/ski.inmontanis.info\/d\/251366-3\/DSC06918.jpg \/><\/a><br \/>\n^ Altes Fundament der Sacif-2EUB<\/p>\n<p><a href='http:\/\/ski.inmontanis.info\/d\/251371-2\/DSC06920.jpg'><img src=http:\/\/ski.inmontanis.info\/d\/251370-3\/DSC06920.jpg \/><\/a><br \/>\n^ DSB Sektion 1 und Collio<\/p>\n<p><a href='http:\/\/ski.inmontanis.info\/d\/251375-2\/DSC06921.jpg'><img src=http:\/\/ski.inmontanis.info\/d\/251374-3\/DSC06921.jpg \/><\/a><br \/>\n^ DSB Sektion 1<\/p>\n<p><a href='http:\/\/ski.inmontanis.info\/d\/251379-2\/DSC06926.jpg'><img src=http:\/\/ski.inmontanis.info\/d\/251378-3\/DSC06926.jpg \/><\/a><br \/>\n^ DSB Sektion 1, \u00fcberquert vor der Talstation einen Fluss<\/p>\n<p><a href='http:\/\/ski.inmontanis.info\/d\/251383-2\/DSC06931.jpg'><img src=http:\/\/ski.inmontanis.info\/d\/251382-3\/DSC06931.jpg \/><\/a><br \/>\n^ Der Pistenplan h\u00e4ngt auch noch<\/p>\n<p>Hier noch zur Erg\u00e4nzung mein GPS-Track vom 24.1.2009:<\/p>\n<p><a href='http:\/\/ski.inmontanis.info\/d\/91385-3\/g20090124col.jpg'><img src=http:\/\/ski.inmontanis.info\/d\/91384-4\/g20090124col.jpg \/><\/a><br \/>\n^ GPS-Track, links rot der stillgelegte Tal-SL, oben der stillgelegte Gipfel-SL<\/p>\n<p>Talausw\u00e4rts kam man an mehreren verlassenen Bergwerken vorbei, bei einem musste ich halten und mir das mal n\u00e4her anschauen ..<\/p>\n<p><a href='http:\/\/ski.inmontanis.info\/d\/251387-2\/DSC06932.jpg'><img src=http:\/\/ski.inmontanis.info\/d\/251386-3\/DSC06932.jpg \/><\/a><br \/>\n^ Westlich von Collio im Val Trompia gibt es etliche verlassene Bergwerke, hier Miniera Torgola<\/p>\n<p><a href='http:\/\/ski.inmontanis.info\/d\/251391-2\/DSC06934.jpg'><img src=http:\/\/ski.inmontanis.info\/d\/251390-3\/DSC06934.jpg \/><\/a><br \/>\n^ Wobei es auf der anderen Stra\u00dfenseite auch noch ein paar H\u00e4user gibt<\/p>\n<p><a href='http:\/\/ski.inmontanis.info\/d\/251395-2\/DSC06936.jpg'><img src=http:\/\/ski.inmontanis.info\/d\/251394-3\/DSC06936.jpg \/><\/a><br \/>\n^ <\/p>\n<p><a href='http:\/\/ski.inmontanis.info\/d\/251399-2\/DSC06940.jpg'><img src=http:\/\/ski.inmontanis.info\/d\/251398-3\/DSC06940.jpg \/><\/a><br \/>\n^ Miniera Torgola<\/p>\n<p><a href='http:\/\/ski.inmontanis.info\/d\/251403-2\/DSC06941.jpg'><img src=http:\/\/ski.inmontanis.info\/d\/251402-3\/DSC06941.jpg \/><\/a><br \/>\n^ Miniera Torgola, l\u00e4dt ja fast zu einer Besichtigung ein ,-)<\/p>\n<p><a href='http:\/\/ski.inmontanis.info\/d\/251407-2\/DSC06942.jpg'><img src=http:\/\/ski.inmontanis.info\/d\/251406-3\/DSC06942.jpg \/><\/a><br \/>\n^ <\/p>\n<p><a href='http:\/\/ski.inmontanis.info\/d\/251411-2\/DSC06943.jpg'><img src=http:\/\/ski.inmontanis.info\/d\/251410-3\/DSC06943.jpg \/><\/a><br \/>\n^ na gut, das m\u00f6chte ich doch nicht auf den Kopf bekommen ..<\/p>\n<p><a href='http:\/\/ski.inmontanis.info\/d\/251415-2\/DSC06944.jpg'><img src=http:\/\/ski.inmontanis.info\/d\/251414-3\/DSC06944.jpg \/><\/a><br \/>\n^ <\/p>\n<p><a href='http:\/\/ski.inmontanis.info\/d\/251419-2\/DSC06946.jpg'><img src=http:\/\/ski.inmontanis.info\/d\/251418-3\/DSC06946.jpg \/><\/a><br \/>\n^ <\/p>\n<p><a href='http:\/\/ski.inmontanis.info\/d\/251423-2\/DSC06954.jpg'><img src=http:\/\/ski.inmontanis.info\/d\/251422-3\/DSC06954.jpg \/><\/a><br \/>\n^ <\/p>\n<p><a href='http:\/\/ski.inmontanis.info\/d\/251427-2\/DSC06955.jpg'><img src=http:\/\/ski.inmontanis.info\/d\/251426-3\/DSC06955.jpg \/><\/a><br \/>\n^ <\/p>\n<p><a href='http:\/\/ski.inmontanis.info\/d\/251431-2\/DSC06961.jpg'><img src=http:\/\/ski.inmontanis.info\/d\/251430-3\/DSC06961.jpg \/><\/a><br \/>\n^ Treppe und Br\u00fccke sind schon ziemlich verrostet. Ok, ich fahr auch Lifte mit verrosteten St\u00fctzen, aber ..<\/p>\n<p><a href='http:\/\/ski.inmontanis.info\/d\/251435-2\/DSC06962.jpg'><img src=http:\/\/ski.inmontanis.info\/d\/251434-3\/DSC06962.jpg \/><\/a><br \/>\n^ <\/p>\n<p><a href='http:\/\/ski.inmontanis.info\/d\/251439-2\/DSC06964.jpg'><img src=http:\/\/ski.inmontanis.info\/d\/251438-3\/DSC06964.jpg \/><\/a><br \/>\n^ Auf eine Besteigung der verrosteten Treppe hab ich ebenso wie eine Innenbesichtigung verzichtet. Da sollte man doch besser zu zweit sein bei dem Zustand.<\/p>\n<p><a href='http:\/\/ski.inmontanis.info\/d\/251443-2\/DSC06965.jpg'><img src=http:\/\/ski.inmontanis.info\/d\/251442-3\/DSC06965.jpg \/><\/a><br \/>\n^ Ums Haus herum kam man noch zum anderen Ende der Br\u00fccke mit dem F\u00f6rderband..<\/p>\n<p><a href='http:\/\/ski.inmontanis.info\/d\/251447-2\/DSC06969.jpg'><img src=http:\/\/ski.inmontanis.info\/d\/251446-3\/DSC06969.jpg \/><\/a><br \/>\n^ Mineneingang<\/p>\n<p><a href='http:\/\/ski.inmontanis.info\/d\/251451-2\/DSC06971.jpg'><img src=http:\/\/ski.inmontanis.info\/d\/251450-3\/DSC06971.jpg \/><\/a><br \/>\n^ Durch&#8217;s Fenster fotografiert (die T\u00fcr war mit Kette+Schloss versehen)<\/p>\n<p><a href='http:\/\/ski.inmontanis.info\/d\/251455-2\/DSC06972.jpg'><img src=http:\/\/ski.inmontanis.info\/d\/251454-3\/DSC06972.jpg \/><\/a><br \/>\n^ Ein weiteres, wohl verlassenes Bergwerk weiter westlich<\/p>\n<p><a href='http:\/\/ski.inmontanis.info\/d\/251459-2\/DSC06976.jpg'><img src=http:\/\/ski.inmontanis.info\/d\/251458-3\/DSC06976.jpg \/><\/a><br \/>\n^ Noch ein weiteres, wohl verlassenes Bergwerk weiter westlich<\/p>\n<p><a href='http:\/\/ski.inmontanis.info\/d\/251463-2\/DSC06979.jpg'><img src=http:\/\/ski.inmontanis.info\/d\/251462-3\/DSC06979.jpg \/><\/a><br \/>\n^ Und noch weitere bergwerksrelavente Geb\u00e4ude<\/p>\n<p>Vom Val Trompia aus kommt man \u00fcber den Colle San Zeno (und danach vorbei am Skigebiet Val Palot) zum Lago d&#8217;Iseo, von dort aus fuhr ich weiter nach Clusone bzw. Oltre il Colle und besuchte mal wieder den Lift am Monte Alben, wo sich seit meinem letzten Besuch optisch nichts ge\u00e4ndert zu haben scheint ..<\/p>\n<p><a href='http:\/\/extra.inmontanis.info\/d\/51013-2\/DSC06983.jpg'><img src=http:\/\/extra.inmontanis.info\/d\/51012-3\/DSC06983.jpg \/><\/a><br \/>\n^ Auffahrt Colle San Zeno<\/p>\n<p><a href='http:\/\/extra.inmontanis.info\/d\/51017-2\/DSC06984.jpg'><img src=http:\/\/extra.inmontanis.info\/d\/51016-3\/DSC06984.jpg \/><\/a><br \/>\n^ Auffahrt Oltre il Colle<\/p>\n<p><a href='http:\/\/ski.inmontanis.info\/d\/251519-2\/DSC06992.jpg'><img src=http:\/\/ski.inmontanis.info\/d\/251518-3\/DSC06992.jpg \/><\/a><br \/>\n^ Auffahrt ins Skigebiet Monte Alben<\/p>\n<p><a href='http:\/\/ski.inmontanis.info\/d\/251523-2\/DSC06993.jpg'><img src=http:\/\/ski.inmontanis.info\/d\/251522-3\/DSC06993.jpg \/><\/a><br \/>\n^ SL Monte Alben, links der neuere Grafferlift, rechts die Trasse des ehemaligen steileren und l\u00e4ngeren Lifts.<\/p>\n<p><a href='http:\/\/ski.inmontanis.info\/d\/251527-2\/DSC06995.jpg'><img src=http:\/\/ski.inmontanis.info\/d\/251526-3\/DSC06995.jpg \/><\/a><\/p>\n<p><a href='http:\/\/ski.inmontanis.info\/d\/251531-2\/DSC06998.jpg'><img src=http:\/\/ski.inmontanis.info\/d\/251530-3\/DSC06998.jpg \/><\/a><br \/>\n^ Auch das verlassene Haus hinten steht noch. Keine Ahnung, ob der SL im Winter noch in Betrieb ist.<\/p>\n<p><a href='http:\/\/ski.inmontanis.info\/d\/251535-2\/DSC07000.jpg'><img src=http:\/\/ski.inmontanis.info\/d\/251534-3\/DSC07000.jpg \/><\/a><br \/>\n^ Skischule und Beschneiung<\/p>\n<p><a href='http:\/\/ski.inmontanis.info\/d\/251539-2\/DSC07001.jpg'><img src=http:\/\/ski.inmontanis.info\/d\/251538-3\/DSC07001.jpg \/><\/a><br \/>\n^ Der linke Hang d\u00fcrfte vom SL vmtl. nicht erreichbar sein ..<\/p>\n<p>Ich hatte zwar etwas mit dem Gedanken gespielt, noch in San Pellegrino vorbei zu sehen, was das ehemalige Mattenskigebiet angeht, aber ich wollte das ja eher mal im Winter machen, wenn weniger Laub an den B\u00e4umen h\u00e4ngt &#8211; aktuell hing da in den unteren Bereichen noch zu viel. Also fuhr ich auf direkterem Weg nach Piazzatorre.<\/p>\n<p>Die Talstation des Gondellifts besuchte ich ja bereits im August 2008. Zu dieser Zeit wollte man das rechte Skigebiet wieder reaktivieren, und zwar \u00fcber die beiden 4SBs, die links einige Zeit vorher gebaut wurden. Es wurde ein Weg gebaggert und ich meine, die rechts-seitigen Lifte w\u00e4ren zumindest f\u00fcr eine Saison in Betrieb gewesen. Welche SL genau und ob auch der ESL, wei\u00df ich nicht, jedenfalls hatte ich das aus irgendwelchen Gr\u00fcnden verpasst (zu wenig Schnee, wo anders gewesen, Wetter, noch nicht alles in Betrieb, keine Ahnung) &#8211; jedenfalls war das leider nur eine kurzfristige Aktion, entweder lag es am Geld oder einem schneearmen folgenden Winter, jedenfalls waren in den letzten Jahren, wenn \u00fcberhaupt, nur noch die beiden 4SBs in Betrieb, soweit ich das sporadisch mal mitverfolgt hatte. Dass ich diese Chance in der einen Saison verpasst hatte, \u00e4rgert mich mehr als der Umstand, den Gondellift in seiner letzten Saison 2004\/2005 verpasst zu haben, denn das war eben noch die Zeit, wo ich noch nicht so unterwegs war.<\/p>\n<p><a href='http:\/\/ski.inmontanis.info\/d\/251211-2\/DSC07005.jpg'><img src=http:\/\/ski.inmontanis.info\/d\/251210-3\/DSC07005.jpg \/><\/a><br \/>\n^ Ehemalige Talstation des Gondellifts in Piazzatorre<\/p>\n<p><a href='http:\/\/ski.inmontanis.info\/d\/251215-2\/DSC07008.jpg'><img src=http:\/\/ski.inmontanis.info\/d\/251214-3\/DSC07008.jpg \/><\/a><br \/>\n^ \u00dcberrascht war ich dann doch, dass mittlerweile die Gondelkabinen weg sind und statdessen Einersessel rumliegen.<\/p>\n<p>Anno 2008 sah es noch so aus:<br \/>\n<a href='http:\/\/ski.inmontanis.info\/d\/64390-3\/P1290206.JPG'><img src=http:\/\/ski.inmontanis.info\/d\/64389-4\/P1290206.JPG \/><\/a><br \/>\n^ Kabinen und Talstation<\/p>\n<p>Schade, insgeheim hatte ich ja gedacht, dass das Lager hier ewig bleiben wird und man irgendwann mal eine Kabine mitnehmen k\u00f6nnte..<\/p>\n<p><a href='http:\/\/ski.inmontanis.info\/d\/251219-2\/DSC07009.jpg'><img src=http:\/\/ski.inmontanis.info\/d\/251218-3\/DSC07009.jpg \/><\/a><br \/>\n^ W\u00e4r mal interessant, ob man die Sessel mit der Seilbahn runtergebracht hat ..<\/p>\n<p><a href='http:\/\/ski.inmontanis.info\/d\/251223-2\/DSC07010.jpg'><img src=http:\/\/ski.inmontanis.info\/d\/251222-3\/DSC07010.jpg \/><\/a><br \/>\n^ Strecke Ex-Gondellift, Ex-Ex-Korblift, Ex-Ex-Ex-ESL<\/p>\n<p><a href='http:\/\/ski.inmontanis.info\/d\/251227-2\/DSC07011.jpg'><img src=http:\/\/ski.inmontanis.info\/d\/251226-3\/DSC07011.jpg \/><\/a><br \/>\n^ Das Seil ist rostig<\/p>\n<p><a href='http:\/\/ski.inmontanis.info\/d\/251231-2\/DSC07012.jpg'><img src=http:\/\/ski.inmontanis.info\/d\/251230-3\/DSC07012.jpg \/><\/a><br \/>\n^ Ex-Kasse<\/p>\n<p><a href='http:\/\/ski.inmontanis.info\/d\/251235-2\/DSC07014.jpg'><img src=http:\/\/ski.inmontanis.info\/d\/251234-3\/DSC07014.jpg \/><\/a><br \/>\n^ Die traurige Nachricht<\/p>\n<p><a href='http:\/\/ski.inmontanis.info\/d\/251239-2\/DSC07015.jpg'><img src=http:\/\/ski.inmontanis.info\/d\/251238-3\/DSC07015.jpg \/><\/a><br \/>\n^ Ex-Pistenplan. Dort wo die Talabfahrt 10 eingezeichnet ist, wurden dann ja die beiden Sektionen 4SB gebaut.<\/p>\n<p><a href='http:\/\/ski.inmontanis.info\/d\/251243-2\/DSC07017.jpg'><img src=http:\/\/ski.inmontanis.info\/d\/251242-3\/DSC07017.jpg \/><\/a><br \/>\n^ Am Ortseingang steht eine Gondelkabine und ein Einersessel als Erinnerung<\/p>\n<p><a href='http:\/\/ski.inmontanis.info\/d\/251247-2\/DSC07020.jpg'><img src=http:\/\/ski.inmontanis.info\/d\/251246-3\/DSC07020.jpg \/><\/a><br \/>\n^ .. samt einer Infotafel von 2018. Hat man die Kabinen evtl. erst heuer abtransportiert? Jedenfalls: Der Korblift wurde 1964 gebaut, ersetzte einen vorherigen ESL und erhielt erst 1983\/84 die blauen Kabinen.<\/p>\n<p><a href='http:\/\/ski.inmontanis.info\/d\/251251-2\/DSC07021.jpg'><img src=http:\/\/ski.inmontanis.info\/d\/251250-3\/DSC07021.jpg \/><\/a><br \/>\n^ Bilder aus Korbliftzeiten<\/p>\n<p><a href='http:\/\/ski.inmontanis.info\/d\/251255-2\/DSC07025.jpg'><img src=http:\/\/ski.inmontanis.info\/d\/251254-3\/DSC07025.jpg \/><\/a><br \/>\n^ Ein Modell des oberen ESL<\/p>\n<p><a href='http:\/\/ski.inmontanis.info\/d\/251259-2\/DSC07026.jpg'><img src=http:\/\/ski.inmontanis.info\/d\/251258-3\/DSC07026.jpg \/><\/a><br \/>\n^ Einerseits sch\u00f6n, dass man das hier so pr\u00e4sentiert, andererseits w\u00e4r ich die Lifte wesentlich lieber gefahren :-(<\/p>\n<p><a href='http:\/\/extra.inmontanis.info\/d\/51021-2\/DSC07028.jpg'><img src=http:\/\/extra.inmontanis.info\/d\/51020-3\/DSC07028.jpg \/><\/a><br \/>\n^ Auffahrt zum Passo San Marco<\/p>\n<p><a href='http:\/\/extra.inmontanis.info\/d\/51025-2\/DSC07031.jpg'><img src=http:\/\/extra.inmontanis.info\/d\/51024-3\/DSC07031.jpg \/><\/a><br \/>\n^ Auffahrt zum Passo San Marco<\/p>\n<p><a href='http:\/\/ski.inmontanis.info\/d\/251263-2\/DSC07033.jpg'><img src=http:\/\/ski.inmontanis.info\/d\/251262-3\/DSC07033.jpg \/><\/a><br \/>\n^ Zoom von der Auffahrt zum Passo San Marco r\u00fcber zum Ex-Skigebiet Piazzatorre, diagonal verlief der ESL<\/p>\n<p><a href='http:\/\/ski.inmontanis.info\/d\/251267-2\/DSC07034.jpg'><img src=http:\/\/ski.inmontanis.info\/d\/251266-3\/DSC07034.jpg \/><\/a><br \/>\n^ Zoom zum mittleren Skigebietsteil samt des vor ca. 10 Jahren neu gebauten Verbindungsweges, mit dem man den oberen Skigebietsteil wieder reaktivieren wollte (bzw. f\u00fcr ca. 1 Saison auch hatte?)<\/p>\n<p><a href='http:\/\/ski.inmontanis.info\/d\/251271-2\/DSC07035.jpg'><img src=http:\/\/ski.inmontanis.info\/d\/251270-3\/DSC07035.jpg \/><\/a><br \/>\n^ Zoom zum linken Skigebietsteil, wo die beiden 4SBs rauf gehen, die aber in den letzten Jahren glaub ich auch nicht immer in Betrieb waren..<\/p>\n<p><a href='http:\/\/extra.inmontanis.info\/d\/51029-2\/DSC07038.jpg'><img src=http:\/\/extra.inmontanis.info\/d\/51028-3\/DSC07038.jpg \/><\/a><br \/>\n^ Auffahrt zum Passo San Marco<\/p>\n<p><a href='http:\/\/extra.inmontanis.info\/d\/51033-2\/DSC07042.jpg'><img src=http:\/\/extra.inmontanis.info\/d\/51032-3\/DSC07042.jpg \/><\/a><br \/>\n^ Passo San Marco<\/p>\n<p>Im Laufe des Tages gab es f\u00fcr mich zwei Feststellungen:<\/p>\n<p>1. Ich hatte diesen Sommer\/Herbst kein Italien-Fernweh. Das hatte ich in den letzten Jahren doch so h\u00e4ufig und insb. nach dem Sommerurlaub. Woran das auch immer gelegen haben mag, dass das heuer ausblieb..<\/p>\n<p>2. Diese LSAP-Touren nerven. Ja, man findet noch viele Reste in Italien, aber man wird auch laufend daran erinnert, was hier an tollen Skigebieten und tollen Liften eingestampft wurde, und das macht mich teils traurig, teils w\u00fctend. Inbsesondere hier in den Bergamasker Alpen, die doch so sch\u00f6n sind und wo es eine sehr hohe Dichte an stillgelegten Skigebieten hat, vmtl. gibt&#8217;s mittlerweile mindestens so viel stillgelegte Skigebiete wie noch ge\u00f6ffnete, wenn nicht schon fast doppelt so viele.<\/p>\n<p>In der Schweiz musste ich noch tanken (was seit Samnaun einen Verbrauch von ca. 4,7 l\/100km ergab), die Fahrt durch&#8217;s Engadin war heute etwas voller mit ein paar Leuten, die nicht mal die in der Schweiz g\u00fcltigen 80 km\/h fahren k\u00f6nnen, aber ich war ja auch fr\u00fcher dran wie sonst. Gegen 20\/21 Uhr war ich wieder daheim.<\/p>\n","protected":false},"excerpt":{"rendered":"<p>So, 21.10.2018<\/p>\n<p>\u00dcber Nacht wurde es doch etwas k\u00e4lter als gedacht, am Morgen hatte es drau\u00dfen nur 4\u00b0, allerdings hatte ich mich ja abends schon samt Decke in den Schlafsack geh\u00fcllt, so dass das nicht weiter problematisch war.<\/p>\n<p>Erstes Ziel heute war Gaver, und zwar \u00fcber den im Winter gesperrten Passo Crocedomini. Von Gaver ging <a href=\"http:\/\/blog.inmontanis.info\/?p=5292\">[&#8230;]<\/a><\/p>\n","protected":false},"author":1,"featured_media":0,"comment_status":"closed","ping_status":"closed","sticky":false,"template":"","format":"standard","meta":{"footnotes":""},"categories":[502,480,15,462,59,542,32,30,81],"tags":[51,50,38,91,63,80,77,47],"class_list":["post-5292","post","type-post","status-publish","format-standard","hentry","category-collio","category-gaver","category-italienitaly","category-maniva","category-nostalgie","category-oltre-il-colle","category-lostplaces","category-wandern","category-kurztrips","tag-architektur","tag-bergbau","tag-dsb","tag-graffer","tag-korblift","tag-marchisio","tag-nebelmeer","tag-sl","odd"],"_links":{"self":[{"href":"http:\/\/blog.inmontanis.info\/index.php?rest_route=\/wp\/v2\/posts\/5292","targetHints":{"allow":["GET"]}}],"collection":[{"href":"http:\/\/blog.inmontanis.info\/index.php?rest_route=\/wp\/v2\/posts"}],"about":[{"href":"http:\/\/blog.inmontanis.info\/index.php?rest_route=\/wp\/v2\/types\/post"}],"author":[{"embeddable":true,"href":"http:\/\/blog.inmontanis.info\/index.php?rest_route=\/wp\/v2\/users\/1"}],"replies":[{"embeddable":true,"href":"http:\/\/blog.inmontanis.info\/index.php?rest_route=%2Fwp%2Fv2%2Fcomments&post=5292"}],"version-history":[{"count":4,"href":"http:\/\/blog.inmontanis.info\/index.php?rest_route=\/wp\/v2\/posts\/5292\/revisions"}],"predecessor-version":[{"id":9067,"href":"http:\/\/blog.inmontanis.info\/index.php?rest_route=\/wp\/v2\/posts\/5292\/revisions\/9067"}],"wp:attachment":[{"href":"http:\/\/blog.inmontanis.info\/index.php?rest_route=%2Fwp%2Fv2%2Fmedia&parent=5292"}],"wp:term":[{"taxonomy":"category","embeddable":true,"href":"http:\/\/blog.inmontanis.info\/index.php?rest_route=%2Fwp%2Fv2%2Fcategories&post=5292"},{"taxonomy":"post_tag","embeddable":true,"href":"http:\/\/blog.inmontanis.info\/index.php?rest_route=%2Fwp%2Fv2%2Ftags&post=5292"}],"curies":[{"name":"wp","href":"https:\/\/api.w.org\/{rel}","templated":true}]}}