{"id":5285,"date":"2018-10-14T21:13:43","date_gmt":"2018-10-14T19:13:43","guid":{"rendered":"http:\/\/blog.inmontanis.info\/?p=5285"},"modified":"2023-07-30T18:59:20","modified_gmt":"2023-07-30T16:59:20","slug":"wendelstein-14-10-2018","status":"publish","type":"post","link":"http:\/\/blog.inmontanis.info\/?p=5285","title":{"rendered":"Wendelstein, 14.10.2018"},"content":{"rendered":"<p>Eine Woche nach der Kampenwand gings mit der Saisonkarte zum Wendelstein, nat\u00fcrlich mit der Zahnradbahn. Da wollt ich ja eh schon seit langem mal im Sommer rauf, um den Weg zum Gipfel zu gehen. Im Zuge der Vorbereitungen hab ich noch gesehen, dass es auch eine H\u00f6hle zum Besichtigen gibt und dass es 2 Wege gibt, die zum Gipfel f\u00fchren.<\/p>\n<p>Wobei im Prospekt eher gesagt wird, dass man den l\u00e4ngeren Weg beim runtergehen mitnehmen k\u00f6nnte. Ich hab&#8217;s umgekehrt gemacht, erstens weil man sonst am Ende nochmal zur Bergstation h\u00e4tte raufgehen m\u00fcssen, zweitens weil er dadurch in Summe mehr H\u00f6henmeter hatte und mir das am Anfang und bergauf lieber w\u00e4re. Als ich dann den k\u00fcrzeren Gipfelweg runtergegangen bin, hab ich noch einen dritten Grund gefunden: Der ist runterw\u00e4rts viel sch\u00f6ner als raufw\u00e4rts. Raufw\u00e4rts denkt man sich vmtl. dass er nie enden wird, runterw\u00e4rts hat man laufend diesen krassen Weg mit diesen Tiefblicken vor sich.<\/p>\n<p>Auch die H\u00f6hle ist einen Besuch wert.<\/p>\n<p>(Fotos anklicken zum Vergr\u00f6\u00dfern)<\/p>\n<p><a href='http:\/\/ski.inmontanis.info\/d\/250822-2\/DSC06407.jpg'><img src=http:\/\/ski.inmontanis.info\/d\/250821-3\/DSC06407.jpg \/><\/a><br \/>\n^ Bei den warmen Temperaturen w\u00e4r ich heut lieber mit einem der alten offenen Wagen gefahren..<\/p>\n<p><a href='http:\/\/ski.inmontanis.info\/d\/250826-2\/DSC06408.jpg'><img src=http:\/\/ski.inmontanis.info\/d\/250825-3\/DSC06408.jpg \/><\/a><br \/>\n^ Da ich meine Saisonkarte noch nicht in K\u00f6ssen freigeschltet hab (und die das hier nicht machen k\u00f6nnen), gibt es (gegen Hinterlegung der Saisonkarte) eine recht kuriose Fahrkarte am Wendelstein, mit &#8220;Tagesskipass Kampenwand&#8221; bezeichnet, und das im Sommer ;-)<\/p>\n<p><a href='http:\/\/ski.inmontanis.info\/d\/250830-2\/DSC06409.jpg'><img src=http:\/\/ski.inmontanis.info\/d\/250829-3\/DSC06409.jpg \/><\/a><br \/>\n^ Bergstation PB<\/p>\n<p><a href='http:\/\/ski.inmontanis.info\/d\/250834-2\/DSC06412.jpg'><img src=http:\/\/ski.inmontanis.info\/d\/250833-3\/DSC06412.jpg \/><\/a><br \/>\n^ Blick runter ins Skigebiet<\/p>\n<p><a href='http:\/\/ski.inmontanis.info\/d\/250838-2\/DSC06413.jpg'><img src=http:\/\/ski.inmontanis.info\/d\/250837-3\/DSC06413.jpg \/><\/a><br \/>\n^ Zahnradbahn-Schleife<\/p>\n<p><a href='http:\/\/ski.inmontanis.info\/d\/250842-2\/DSC06417.jpg'><img src=http:\/\/ski.inmontanis.info\/d\/250841-3\/DSC06417.jpg \/><\/a><br \/>\n^ Im Winter bekommt man von den Treppen auch nix mit, wenn man da runter f\u00e4hrt. Vmtl. wird das Holzgel\u00e4nder im Winter auch abgebaut?! Oder liegt dann so viel Schnee? Oder ist das neu?<\/p>\n<p><a href='http:\/\/ski.inmontanis.info\/d\/250846-2\/DSC06418.jpg'><img src=http:\/\/ski.inmontanis.info\/d\/250845-3\/DSC06418.jpg \/><\/a><br \/>\n^ Um 2,- \u20ac kann man hier oben sogar eine H\u00f6hle besuchen. (Nebenbei g\u00e4be es einen Aufzug zum Gipfel, aber der ist nicht \u00f6ffentlich). Den wei\u00dfen H\u00f6hlenbereich kann man besichtigen<\/p>\n<p><a href='http:\/\/ski.inmontanis.info\/d\/251027-2\/DSC06420.jpg'><img src=http:\/\/ski.inmontanis.info\/d\/251026-3\/DSC06420.jpg \/><\/a><br \/>\n^ Der H\u00f6hleneingang befindet sich direkt neben der ZRB-Bergstation<\/p>\n<p><a href='http:\/\/ski.inmontanis.info\/d\/250851-2\/DSC06421.jpg'><img src=http:\/\/ski.inmontanis.info\/d\/250850-3\/DSC06421.jpg \/><\/a><br \/>\n^ .. dann geht es aber erst mal etliche Stufen bergab (die man sp\u00e4ter wieder raufmuss)<\/p>\n<p><a href='http:\/\/ski.inmontanis.info\/d\/250855-2\/DSC06427.jpg'><img src=http:\/\/ski.inmontanis.info\/d\/250854-3\/DSC06427.jpg \/><\/a><br \/>\n^ In der H\u00f6hle<\/p>\n<p><a href='http:\/\/ski.inmontanis.info\/d\/250859-2\/DSC06428.jpg'><img src=http:\/\/ski.inmontanis.info\/d\/250858-3\/DSC06428.jpg \/><\/a><br \/>\n^ In der H\u00f6hle<\/p>\n<p><a href='http:\/\/ski.inmontanis.info\/d\/250863-2\/DSC06431.jpg'><img src=http:\/\/ski.inmontanis.info\/d\/250862-3\/DSC06431.jpg \/><\/a><br \/>\n^ Neben Schnee und Eis liegen hier unten auch noch irgendwelche alten Holzbretter<\/p>\n<p><a href='http:\/\/ski.inmontanis.info\/d\/250867-2\/DSC06434.jpg'><img src=http:\/\/ski.inmontanis.info\/d\/250866-3\/DSC06434.jpg \/><\/a><br \/>\n^ In der H\u00f6hle, hin und wieder gibt es einige l\u00e4ngere noch schm\u00e4lere Passagen, wo keine 2 Leute nebeneinander durch passen<\/p>\n<p><a href='http:\/\/ski.inmontanis.info\/d\/250871-2\/DSC06440.jpg'><img src=http:\/\/ski.inmontanis.info\/d\/250870-3\/DSC06440.jpg \/><\/a><br \/>\n^ In der H\u00f6hle<\/p>\n<p><a href='http:\/\/ski.inmontanis.info\/d\/250875-2\/DSC06446.jpg'><img src=http:\/\/ski.inmontanis.info\/d\/250874-3\/DSC06446.jpg \/><\/a><br \/>\n^ In der H\u00f6hle<\/p>\n<p><a href='http:\/\/ski.inmontanis.info\/d\/250879-2\/DSC06450.jpg'><img src=http:\/\/ski.inmontanis.info\/d\/250878-3\/DSC06450.jpg \/><\/a><br \/>\n^ In der H\u00f6hle<\/p>\n<p><a href='http:\/\/ski.inmontanis.info\/d\/250883-2\/DSC06458.jpg'><img src=http:\/\/ski.inmontanis.info\/d\/250882-3\/DSC06458.jpg \/><\/a><br \/>\n^ Zahnradbahn, leider knapp verpasst mit dem H\u00f6hlenbesuch<\/p>\n<p><a href='http:\/\/ski.inmontanis.info\/d\/250887-2\/DSC06459.jpg'><img src=http:\/\/ski.inmontanis.info\/d\/250886-3\/DSC06459.jpg \/><\/a><br \/>\n^ Der steile Starthang der Abfahrt<\/p>\n<p><a href='http:\/\/ski.inmontanis.info\/d\/250891-2\/DSC06461.jpg'><img src=http:\/\/ski.inmontanis.info\/d\/250890-3\/DSC06461.jpg \/><\/a><br \/>\n^ Panorama-Rundweg<\/p>\n<p><a href='http:\/\/ski.inmontanis.info\/d\/250895-2\/DSC06466.jpg'><img src=http:\/\/ski.inmontanis.info\/d\/250894-3\/DSC06466.jpg \/><\/a><br \/>\n^ Blick richtung Chiemsee und unten die Zahnradbahnstrecke<\/p>\n<p><a href='http:\/\/ski.inmontanis.info\/d\/250899-2\/DSC06470.jpg'><img src=http:\/\/ski.inmontanis.info\/d\/250898-3\/DSC06470.jpg \/><\/a><br \/>\n^ Zahnradbahn<\/p>\n<p><a href='http:\/\/ski.inmontanis.info\/d\/250903-2\/DSC03559.jpg'><img src=http:\/\/ski.inmontanis.info\/d\/250902-3\/DSC03559.jpg \/><\/a><br \/>\n^ IR-Pano zum Chiemsee<\/p>\n<p><a href='http:\/\/ski.inmontanis.info\/d\/250907-2\/DSC06477.jpg'><img src=http:\/\/ski.inmontanis.info\/d\/250906-3\/DSC06477.jpg \/><\/a><br \/>\n^ M\u00fcnchen im Zoom (ca. 60km entfernt)<\/p>\n<p><a href='http:\/\/ski.inmontanis.info\/d\/250911-2\/DSC06490.jpg'><img src=http:\/\/ski.inmontanis.info\/d\/250910-3\/DSC06490.jpg \/><\/a><br \/>\n^ Nord-West-Pano<\/p>\n<p><a href='http:\/\/ski.inmontanis.info\/d\/250915-2\/DSC06491.jpg'><img src=http:\/\/ski.inmontanis.info\/d\/250914-3\/DSC06491.jpg \/><\/a><br \/>\n^ Nord-Pano<\/p>\n<p><a href='http:\/\/ski.inmontanis.info\/d\/250919-2\/DSC06495.jpg'><img src=http:\/\/ski.inmontanis.info\/d\/250918-3\/DSC06495.jpg \/><\/a><br \/>\n^ Blick vom Gipfel runter zu den H\u00e4usern an den Bergstationen<\/p>\n<p><a href='http:\/\/ski.inmontanis.info\/d\/250923-2\/DSC06499.jpg'><img src=http:\/\/ski.inmontanis.info\/d\/250922-3\/DSC06499.jpg \/><\/a><br \/>\n^ Ost-Pano<\/p>\n<p><a href='http:\/\/ski.inmontanis.info\/d\/250927-2\/DSC06506.jpg'><img src=http:\/\/ski.inmontanis.info\/d\/250926-3\/DSC06506.jpg \/><\/a><br \/>\n^ West-Pano<\/p>\n<p><a href='http:\/\/ski.inmontanis.info\/d\/250931-2\/DSC06507.jpg'><img src=http:\/\/ski.inmontanis.info\/d\/250930-3\/DSC06507.jpg \/><\/a><br \/>\n^ Gipfel<\/p>\n<p><a href='http:\/\/ski.inmontanis.info\/d\/250935-2\/DSC03644.jpg'><img src=http:\/\/ski.inmontanis.info\/d\/250934-3\/DSC03644.jpg \/><\/a><br \/>\n^ IR-Pano (West)<\/p>\n<p><a href='http:\/\/ski.inmontanis.info\/d\/250939-2\/DSC03643.jpg'><img src=http:\/\/ski.inmontanis.info\/d\/250938-3\/DSC03643.jpg \/><\/a><br \/>\n^ IR-Pano (West)<\/p>\n<p><a href='http:\/\/ski.inmontanis.info\/d\/250943-2\/DSC03650.jpg'><img src=http:\/\/ski.inmontanis.info\/d\/250942-3\/DSC03650.jpg \/><\/a><br \/>\n^ IR-Pano (Ost)<\/p>\n<p><a href='http:\/\/ski.inmontanis.info\/d\/250947-2\/DSC03652.jpg'><img src=http:\/\/ski.inmontanis.info\/d\/250946-3\/DSC03652.jpg \/><\/a><br \/>\n^ IR-Pano<\/p>\n<p><a href='http:\/\/ski.inmontanis.info\/d\/250951-2\/DSC03654.jpg'><img src=http:\/\/ski.inmontanis.info\/d\/250950-3\/DSC03654.jpg \/><\/a><br \/>\n^ IR-Pano<\/p>\n<p><a href='http:\/\/ski.inmontanis.info\/d\/250955-2\/DSC03562.jpg'><img src=http:\/\/ski.inmontanis.info\/d\/250954-3\/DSC03562.jpg \/><\/a><br \/>\n^ IR-Pano M\u00fcnchen<\/p>\n<p><a href='http:\/\/ski.inmontanis.info\/d\/250959-2\/DSC03576.jpg'><img src=http:\/\/ski.inmontanis.info\/d\/250958-3\/DSC03576.jpg \/><\/a><br \/>\n^ IR-Zoom M\u00fcnchen<\/p>\n<p><a href='http:\/\/ski.inmontanis.info\/d\/250963-2\/DSC03575.jpg'><img src=http:\/\/ski.inmontanis.info\/d\/250962-3\/DSC03575.jpg \/><\/a><br \/>\n^ IR-Zoom M\u00fcnchen<\/p>\n<p><a href='http:\/\/ski.inmontanis.info\/d\/250967-2\/DSC03599.jpg'><img src=http:\/\/ski.inmontanis.info\/d\/250966-3\/DSC03599.jpg \/><\/a><\/p>\n<p><a href='http:\/\/ski.inmontanis.info\/d\/250971-2\/DSC03602.jpg'><img src=http:\/\/ski.inmontanis.info\/d\/250970-3\/DSC03602.jpg \/><\/a><br \/>\n^ Der Mond war auch noch zu sehen<\/p>\n<p><a href='http:\/\/ski.inmontanis.info\/d\/250975-2\/DSC03619.jpg'><img src=http:\/\/ski.inmontanis.info\/d\/250974-3\/DSC03619.jpg \/><\/a><\/p>\n<p><a href='http:\/\/ski.inmontanis.info\/d\/250979-2\/DSC03627.jpg'><img src=http:\/\/ski.inmontanis.info\/d\/250978-3\/DSC03627.jpg \/><\/a><\/p>\n<p><a href='http:\/\/ski.inmontanis.info\/d\/250983-2\/DSC03636.jpg'><img src=http:\/\/ski.inmontanis.info\/d\/250982-3\/DSC03636.jpg \/><\/a><br \/>\n^ Ha, den Hintertuxer Gletscher erkennt man leicht.<\/p>\n<p><a href='http:\/\/ski.inmontanis.info\/d\/250987-2\/DSC06501.jpg'><img src=http:\/\/ski.inmontanis.info\/d\/250986-3\/DSC06501.jpg \/><\/a><br \/>\n^ Der direkte Weg zum Gipfel ist ja auch mal krass.<\/p>\n<p><a href='http:\/\/ski.inmontanis.info\/d\/250991-2\/DSC06514.jpg'><img src=http:\/\/ski.inmontanis.info\/d\/250990-3\/DSC06514.jpg \/><\/a><br \/>\n^ Gipfelweg<\/p>\n<p><a href='http:\/\/ski.inmontanis.info\/d\/250995-2\/DSC06519.jpg'><img src=http:\/\/ski.inmontanis.info\/d\/250994-3\/DSC06519.jpg \/><\/a><br \/>\n^ PB-Bergstation<\/p>\n<p><a href='http:\/\/ski.inmontanis.info\/d\/250999-2\/DSC06523.jpg'><img src=http:\/\/ski.inmontanis.info\/d\/250998-3\/DSC06523.jpg \/><\/a><br \/>\n^ Gipfelweg<\/p>\n<p><a href='http:\/\/ski.inmontanis.info\/d\/251003-2\/DSC06531.jpg'><img src=http:\/\/ski.inmontanis.info\/d\/251002-3\/DSC06531.jpg \/><\/a><br \/>\n^ Gipfelweg, weiter unten gibt&#8217;s einen Tunnel<\/p>\n<p><a href='http:\/\/ski.inmontanis.info\/d\/251007-2\/DSC06539.jpg'><img src=http:\/\/ski.inmontanis.info\/d\/251006-3\/DSC06539.jpg \/><\/a><br \/>\n^ Von unten schaut der Gipfelweg nat\u00fcrlich nicht so spektakul\u00e4r aus. Noch ein Grund, ihn von oben runter zu gehen.<\/p>\n<p><a href='http:\/\/ski.inmontanis.info\/d\/251011-2\/DSC06540.jpg'><img src=http:\/\/ski.inmontanis.info\/d\/251010-3\/DSC06540.jpg \/><\/a><br \/>\n^ Gipfelweg mit Tunnel<\/p>\n<p><a href='http:\/\/ski.inmontanis.info\/d\/251015-2\/DSC06546.jpg'><img src=http:\/\/ski.inmontanis.info\/d\/251014-3\/DSC06546.jpg \/><\/a><br \/>\n^ PB-Bergstation<\/p>\n<p><a href='http:\/\/ski.inmontanis.info\/d\/251019-2\/DSC06547.jpg'><img src=http:\/\/ski.inmontanis.info\/d\/251018-3\/DSC06547.jpg \/><\/a><br \/>\n^ Zahnradbah-Bergstationsbahnhof mit Zugang zur H\u00f6hle<\/p>\n<p><a href='http:\/\/ski.inmontanis.info\/d\/251023-2\/DSC06550.jpg'><img src=http:\/\/ski.inmontanis.info\/d\/251022-3\/DSC06550.jpg \/><\/a><br \/>\n^ Talbahnhof<\/p>\n<p>Fazit: Wendelstein ist nicht nur im Winter, auch im Sommer empfehlenswert.<\/p>\n","protected":false},"excerpt":{"rendered":"<p>Eine Woche nach der Kampenwand gings mit der Saisonkarte zum Wendelstein, nat\u00fcrlich mit der Zahnradbahn. Da wollt ich ja eh schon seit langem mal im Sommer rauf, um den Weg zum Gipfel zu gehen. Im Zuge der Vorbereitungen hab ich noch gesehen, dass es auch eine H\u00f6hle zum Besichtigen gibt und dass es 2 Wege <a href=\"http:\/\/blog.inmontanis.info\/?p=5285\">[&#8230;]<\/a><\/p>\n","protected":false},"author":1,"featured_media":0,"comment_status":"closed","ping_status":"closed","sticky":false,"template":"","format":"standard","meta":{"footnotes":""},"categories":[12,25,30,280],"tags":[134,90,52,45,41],"class_list":["post-5285","post","type-post","status-publish","format-standard","hentry","category-germany","category-noreport","category-wandern","category-wendelstein","tag-hohlecave","tag-infrarot","tag-pb","tag-see","tag-zahnradbahn","odd"],"_links":{"self":[{"href":"http:\/\/blog.inmontanis.info\/index.php?rest_route=\/wp\/v2\/posts\/5285","targetHints":{"allow":["GET"]}}],"collection":[{"href":"http:\/\/blog.inmontanis.info\/index.php?rest_route=\/wp\/v2\/posts"}],"about":[{"href":"http:\/\/blog.inmontanis.info\/index.php?rest_route=\/wp\/v2\/types\/post"}],"author":[{"embeddable":true,"href":"http:\/\/blog.inmontanis.info\/index.php?rest_route=\/wp\/v2\/users\/1"}],"replies":[{"embeddable":true,"href":"http:\/\/blog.inmontanis.info\/index.php?rest_route=%2Fwp%2Fv2%2Fcomments&post=5285"}],"version-history":[{"count":2,"href":"http:\/\/blog.inmontanis.info\/index.php?rest_route=\/wp\/v2\/posts\/5285\/revisions"}],"predecessor-version":[{"id":5287,"href":"http:\/\/blog.inmontanis.info\/index.php?rest_route=\/wp\/v2\/posts\/5285\/revisions\/5287"}],"wp:attachment":[{"href":"http:\/\/blog.inmontanis.info\/index.php?rest_route=%2Fwp%2Fv2%2Fmedia&parent=5285"}],"wp:term":[{"taxonomy":"category","embeddable":true,"href":"http:\/\/blog.inmontanis.info\/index.php?rest_route=%2Fwp%2Fv2%2Fcategories&post=5285"},{"taxonomy":"post_tag","embeddable":true,"href":"http:\/\/blog.inmontanis.info\/index.php?rest_route=%2Fwp%2Fv2%2Ftags&post=5285"}],"curies":[{"name":"wp","href":"https:\/\/api.w.org\/{rel}","templated":true}]}}