{"id":5280,"date":"2018-10-07T18:41:56","date_gmt":"2018-10-07T16:41:56","guid":{"rendered":"http:\/\/blog.inmontanis.info\/?p=5280"},"modified":"2023-07-30T18:35:51","modified_gmt":"2023-07-30T16:35:51","slug":"kampenwand-7-10-2018","status":"publish","type":"post","link":"http:\/\/blog.inmontanis.info\/?p=5280","title":{"rendered":"Kampenwand, 7.10.2018"},"content":{"rendered":"<p>Am heutigen Sonntag ging&#8217;s zur Kampenwandseilbahn, meine vorbestellte 5-Berge&#038;Co-Saisonkarte holen (und bezahlen) und gleich mal rauffahren. Schlie\u00dflich will ich bis zum bevorstehenden Ersatz, der ja mit einer der Hauptgr\u00fcnde f\u00fcr den Kauf dieser Karte heuer war, noch ein paar mal mit der Bahn fahren &#8211; hoffentlich spielt der Winter auch mit.<\/p>\n<p>Da ich morgens mit etwas Andrang rechnete, wollte ich urspr\u00fcnglich eh erst am sp\u00e4ten Vormittag dort sein, wobei es dann sogar etwas nach 12 Uhr wurde, weil das Wetter nun bis Mittag etwas regnerisch bleiben sollte. Vor Kufstein ging&#8217;s staubedingt gleich mal von der Autobahn runter, aber auch durch Kufstein gab es leichten Stau. An der Kampenwand-4ZUB musste man dann Parkgeb\u00fchren zahlen &#8211; das musste ich in den letzten Jahren im Winter nie. Naja, vielleicht ist das nur im Sommer. Oder im Winter dann nur in der Hauptsaison?! Oder vielleicht darf ich mit der Saisonkarte dann gratis parken? Ansonsten auch egal, die 2,- \u20ac sind human gegen\u00fcber manchen Parkgeb\u00fchren in der Schweiz. Allerdings war ich \u00fcberrascht, wie voll der Parkplatz war, trozt des leicht regnerischen Wetters heute Vormittag.<\/p>\n<p>Etwas kurios find ich, dass man an der Kampenwand die Saisonkarte nur vorzeigen muss. Hei\u00dft, jedes andere Skigebiet, in dem ich dann war, kann wohl nachverfolgt werden, aber nicht, wie oft ich auf der Kampenwand war! Die Abrechnung w\u00fcrd mich mal interessieren..<\/p>\n<p>Leider war das Wetter stark bew\u00f6lkt und hin und wieder nieselte es auch nachmittags leicht. Um etwas sinnvolles an einem Sommerbesuchstag hier oben zu machen, ging ich zum aufgelassenen Wei\u00dfe-Wanne-SL, was mir bisher im Winter zu anstrengend gewesen w\u00e4re. Und in der Tat ist der Weg zur\u00fcck ziemlich anstrengend, also warum man da nicht einfach einen R\u00fcckbringer-SL mit gebaut hat und dann beide in Betrieb gelassen hat .. H\u00e4tte das kleine Skigebiet nochmal zwei Ecken interessanter gemacht. Denn die Abfahrten s\u00e4hen recht nett aus, sowohl die Verbindungsabfahrt(svarianten), wie auch die Abfahrten am SL, kurz und steil = viel besser als lang und flach.<\/p>\n<p><a href='http:\/\/ski.inmontanis.info\/d\/250646-2\/DSC06161.jpg'><img src=http:\/\/ski.inmontanis.info\/d\/250645-3\/DSC06161.jpg \/><\/a><br \/>\n^ Vorarbeiten f\u00fcr den Ersatz der sch\u00f6nen alten Gondelbahn? :-(<\/p>\n<p><a href='http:\/\/ski.inmontanis.info\/d\/250650-2\/DSC06171.jpg'><img src=http:\/\/ski.inmontanis.info\/d\/250649-3\/DSC06171.jpg \/><\/a><br \/>\n^ 4ZUB gegen Chiemsee in Rot<\/p>\n<p><a href='http:\/\/ski.inmontanis.info\/d\/250654-2\/DSC06172.jpg'><img src=http:\/\/ski.inmontanis.info\/d\/250653-3\/DSC06172.jpg \/><\/a><br \/>\n^ 4ZUB gegen Chiemsee in Gelb<\/p>\n<p><a href='http:\/\/ski.inmontanis.info\/d\/250658-2\/DSC06174.jpg'><img src=http:\/\/ski.inmontanis.info\/d\/250657-3\/DSC06174.jpg \/><\/a><br \/>\n^ 4ZUB im Herbst<\/p>\n<p><a href='http:\/\/ski.inmontanis.info\/d\/250662-2\/DSC06183.jpg'><img src=http:\/\/ski.inmontanis.info\/d\/250661-3\/DSC06183.jpg \/><\/a><br \/>\n^ Bergstation<\/p>\n<p><a href='http:\/\/ski.inmontanis.info\/d\/250666-2\/DSC06186.jpg'><img src=http:\/\/ski.inmontanis.info\/d\/250665-3\/DSC06186.jpg \/><\/a><br \/>\n^ Bergstation<\/p>\n<p><a href='http:\/\/ski.inmontanis.info\/d\/250670-2\/DSC06187.jpg'><img src=http:\/\/ski.inmontanis.info\/d\/250669-3\/DSC06187.jpg \/><\/a><br \/>\n^ Kampenwand<\/p>\n<p><a href='http:\/\/ski.inmontanis.info\/d\/250674-2\/DSC06192.jpg'><img src=http:\/\/ski.inmontanis.info\/d\/250673-3\/DSC06192.jpg \/><\/a><br \/>\n^ 4ZUB vs. Flachland<\/p>\n<p><a href='http:\/\/ski.inmontanis.info\/d\/250678-2\/DSC06193.jpg'><img src=http:\/\/ski.inmontanis.info\/d\/250677-3\/DSC06193.jpg \/><\/a><br \/>\n^ Blick r\u00fcber zum Ex-SL Wei\u00dfe Wanne<\/p>\n<p><a href='http:\/\/ski.inmontanis.info\/d\/250682-2\/DSC06194.jpg'><img src=http:\/\/ski.inmontanis.info\/d\/250681-3\/DSC06194.jpg \/><\/a><br \/>\n^ Ex-SL Wei\u00dfe Wanne, nettes Gel\u00e4nde<\/p>\n<p><a href='http:\/\/ski.inmontanis.info\/d\/250686-2\/DSC06198.jpg'><img src=http:\/\/ski.inmontanis.info\/d\/250685-3\/DSC06198.jpg \/><\/a><br \/>\n^ Ex-SL Wei\u00dfe Wanne, nettes Gel\u00e4nde<\/p>\n<p><a href='http:\/\/ski.inmontanis.info\/d\/250690-2\/DSC06199.jpg'><img src=http:\/\/ski.inmontanis.info\/d\/250689-3\/DSC06199.jpg \/><\/a><br \/>\n^ Ex-SL Wei\u00dfe Wanne, Bergstation<\/p>\n<p><a href='http:\/\/ski.inmontanis.info\/d\/250694-2\/DSC06201.jpg'><img src=http:\/\/ski.inmontanis.info\/d\/250693-3\/DSC06201.jpg \/><\/a><br \/>\n^ Ex-SL Wei\u00dfe Wanne, Bergstation<\/p>\n<p><a href='http:\/\/ski.inmontanis.info\/d\/250698-2\/DSC06202.jpg'><img src=http:\/\/ski.inmontanis.info\/d\/250697-3\/DSC06202.jpg \/><\/a><br \/>\n^ Ex-SL Wei\u00dfe Wanne, Bergstation<\/p>\n<p><a href='http:\/\/ski.inmontanis.info\/d\/250702-2\/DSC06205.jpg'><img src=http:\/\/ski.inmontanis.info\/d\/250701-3\/DSC06205.jpg \/><\/a><br \/>\n^ Ex-SL Wei\u00dfe Wanne, Bergstation<\/p>\n<p><a href='http:\/\/ski.inmontanis.info\/d\/250706-2\/DSC06207.jpg'><img src=http:\/\/ski.inmontanis.info\/d\/250705-3\/DSC06207.jpg \/><\/a><br \/>\n^ Ex-SL Wei\u00dfe Wanne, Bergstation<\/p>\n<p><a href='http:\/\/ski.inmontanis.info\/d\/250710-2\/DSC06208.jpg'><img src=http:\/\/ski.inmontanis.info\/d\/250709-3\/DSC06208.jpg \/><\/a><br \/>\n^ Ex-SL Wei\u00dfe Wanne, Bergstation<\/p>\n<p><a href='http:\/\/ski.inmontanis.info\/d\/250714-2\/DSC06209.jpg'><img src=http:\/\/ski.inmontanis.info\/d\/250713-3\/DSC06209.jpg \/><\/a><br \/>\n^ Ex-SL Wei\u00dfe Wanne, St\u00fctze 2 (von 2)<\/p>\n<p><a href='http:\/\/ski.inmontanis.info\/d\/250718-2\/DSC06213.jpg'><img src=http:\/\/ski.inmontanis.info\/d\/250717-3\/DSC06213.jpg \/><\/a><br \/>\n^ Ex-SL Wei\u00dfe Wanne, St\u00fctze 2<\/p>\n<p><a href='http:\/\/ski.inmontanis.info\/d\/250722-2\/DSC06214.jpg'><img src=http:\/\/ski.inmontanis.info\/d\/250721-3\/DSC06214.jpg \/><\/a><br \/>\n^ Ex-SL Wei\u00dfe Wanne, St\u00fctze 2, gegen\u00fcber der Hang mit den Verbindungsabfahrtsm\u00f6glichkeiten, leider gab es da wohl keinen Retourlift und so musste man wieder zu Fu\u00df aufsteigen.<\/p>\n<p><a href='http:\/\/ski.inmontanis.info\/d\/250726-2\/DSC06215.jpg'><img src=http:\/\/ski.inmontanis.info\/d\/250725-3\/DSC06215.jpg \/><\/a><br \/>\n^ Ex-SL Wei\u00dfe Wanne, im oberen Bereich gab es wohl noch eine Au\u00dfenrumumfahrungsm\u00f6glichkeit, nett.<\/p>\n<p><a href='http:\/\/ski.inmontanis.info\/d\/250730-2\/DSC06218.jpg'><img src=http:\/\/ski.inmontanis.info\/d\/250729-3\/DSC06218.jpg \/><\/a><br \/>\n^ Ex-SL Wei\u00dfe Wanne<\/p>\n<p><a href='http:\/\/ski.inmontanis.info\/d\/250734-2\/DSC06219.jpg'><img src=http:\/\/ski.inmontanis.info\/d\/250733-3\/DSC06219.jpg \/><\/a><br \/>\n^ Ex-SL Wei\u00dfe Wanne, St\u00fctze 1 und Talstation<\/p>\n<p><a href='http:\/\/ski.inmontanis.info\/d\/250738-2\/DSC06222.jpg'><img src=http:\/\/ski.inmontanis.info\/d\/250737-3\/DSC06222.jpg \/><\/a><br \/>\n^ Ex-SL Wei\u00dfe Wanne, gegen\u00fcber der Hang sah schon auch nett aus.<\/p>\n<p><a href='http:\/\/ski.inmontanis.info\/d\/250742-2\/DSC06224.jpg'><img src=http:\/\/ski.inmontanis.info\/d\/250741-3\/DSC06224.jpg \/><\/a><br \/>\n^ Ex-SL Wei\u00dfe Wanne, St\u00fctze 1<\/p>\n<p><a href='http:\/\/ski.inmontanis.info\/d\/250746-2\/DSC06228.jpg'><img src=http:\/\/ski.inmontanis.info\/d\/250745-3\/DSC06228.jpg \/><\/a><br \/>\n^ Ex-SL Wei\u00dfe Wanne, St\u00fctze 1<\/p>\n<p><a href='http:\/\/ski.inmontanis.info\/d\/250750-2\/DSC06231.jpg'><img src=http:\/\/ski.inmontanis.info\/d\/250749-3\/DSC06231.jpg \/><\/a><br \/>\n^ Ex-SL Wei\u00dfe Wanne, Talstation<\/p>\n<p><a href='http:\/\/ski.inmontanis.info\/d\/250754-2\/DSC06232.jpg'><img src=http:\/\/ski.inmontanis.info\/d\/250753-3\/DSC06232.jpg \/><\/a><br \/>\n^ Ex-SL Wei\u00dfe Wanne, gesamte Strecke. Kurz, aber nett.<\/p>\n<p><a href='http:\/\/ski.inmontanis.info\/d\/250758-2\/DSC06234.jpg'><img src=http:\/\/ski.inmontanis.info\/d\/250757-3\/DSC06234.jpg \/><\/a><br \/>\n^ Ex-SL Wei\u00dfe Wanne, Talstation, mittlerweile nieselte es wieder etwas<\/p>\n<p><a href='http:\/\/ski.inmontanis.info\/d\/250762-2\/DSC06237.jpg'><img src=http:\/\/ski.inmontanis.info\/d\/250761-3\/DSC06237.jpg \/><\/a><br \/>\n^ Ex-SL Wei\u00dfe Wanne, Talstation<\/p>\n<p><a href='http:\/\/ski.inmontanis.info\/d\/250766-2\/DSC06239.jpg'><img src=http:\/\/ski.inmontanis.info\/d\/250765-3\/DSC06239.jpg \/><\/a><br \/>\n^ Ex-SL Wei\u00dfe Wanne, Talstation. Mit solchen neu ausschauenden orangenen DM-Kurzb\u00fcglern h\u00e4tte ich jetzt nicht gerechnet.<\/p>\n<p><a href='http:\/\/ski.inmontanis.info\/d\/250770-2\/DSC06246.jpg'><img src=http:\/\/ski.inmontanis.info\/d\/250769-3\/DSC06246.jpg \/><\/a><br \/>\n^ Ex-SL Wei\u00dfe Wanne, Talstation<\/p>\n<p><a href='http:\/\/ski.inmontanis.info\/d\/250774-2\/DSC06250.jpg'><img src=http:\/\/ski.inmontanis.info\/d\/250773-3\/DSC06250.jpg \/><\/a><br \/>\n^ Die namensgebende wei\u00dfe Wanne ;-)<\/p>\n<p><a href='http:\/\/ski.inmontanis.info\/d\/250778-2\/DSC06251.jpg'><img src=http:\/\/ski.inmontanis.info\/d\/250777-3\/DSC06251.jpg \/><\/a><br \/>\n^ Retourweg<\/p>\n<p><a href='http:\/\/ski.inmontanis.info\/d\/250782-2\/DSC06253.jpg'><img src=http:\/\/ski.inmontanis.info\/d\/250781-3\/DSC06253.jpg \/><\/a><br \/>\n^ Retourweg, evtl. auch Verbindungspiste herunter<\/p>\n<p><a href='http:\/\/ski.inmontanis.info\/d\/250786-2\/DSC06256.jpg'><img src=http:\/\/ski.inmontanis.info\/d\/250785-3\/DSC06256.jpg \/><\/a><br \/>\n^ Retourweg, evtl. auch Verbindungspiste herunter<\/p>\n<p><a href='http:\/\/ski.inmontanis.info\/d\/250790-2\/DSC06259.jpg'><img src=http:\/\/ski.inmontanis.info\/d\/250789-3\/DSC06259.jpg \/><\/a><br \/>\n^ Nochmal der Blick von oben, da links h\u00e4tte man schon einen Retour-SL raufziehen k\u00f6nnen, schaut ja fast schon wie eine Trasse aus.<\/p>\n<p>Um keine Wartezeiten bei der Talfahrt und stattdessen eine leere Gondel zu erhaschen (lt. Webcams wirds am WE so zwischen 14 und 15 Uhr dann voller), bin ich recht z\u00fcgig wieder runtergefahren.<\/p>\n<p><a href='http:\/\/ski.inmontanis.info\/d\/250794-2\/DSC06265.jpg'><img src=http:\/\/ski.inmontanis.info\/d\/250793-3\/DSC06265.jpg \/><\/a><br \/>\n^ Talfahrt mit der 4ZUB. Mal gespannt, ob ich das im Winter auch mal machen muss, wenn die Lifte oben laufen ohne dass die Talabfahrt geht.<\/p>\n<p><a href='http:\/\/ski.inmontanis.info\/d\/250798-2\/DSC06274.jpg'><img src=http:\/\/ski.inmontanis.info\/d\/250797-3\/DSC06274.jpg \/><\/a><br \/>\n^ Das lange Spannfeld unten<\/p>\n<p><a href='http:\/\/ski.inmontanis.info\/d\/250802-2\/DSC06276.jpg'><img src=http:\/\/ski.inmontanis.info\/d\/250801-3\/DSC06276.jpg \/><\/a><br \/>\n^ Talstation und voller Parkplatz<\/p>\n<p><a href='http:\/\/ski.inmontanis.info\/d\/250806-2\/DSC06277.jpg'><img src=http:\/\/ski.inmontanis.info\/d\/250805-3\/DSC06277.jpg \/><\/a><br \/>\n^ Talstation und voller Parkplatz<\/p>\n<p><a href='http:\/\/ski.inmontanis.info\/d\/250810-2\/DSC06150a.jpg'><img src=http:\/\/ski.inmontanis.info\/d\/250809-3\/DSC06150a.jpg \/><\/a><br \/>\n^ 5 Berge &#038; Co Saisonkarte, wohl eine Skidata-Karte, auch wenn es hier ja gar keine elektronischen Leser gibt.<\/p>\n<p><a href='http:\/\/ski.inmontanis.info\/d\/250814-2\/DSC06152a.jpg'><img src=http:\/\/ski.inmontanis.info\/d\/250813-3\/DSC06152a.jpg \/><\/a><br \/>\n^ .. allerdings muss man die Karte trotz Skidata-Code erst mal einmalig freischalten lassen, bevor es in den Skidata&#038;Axess-Leseger\u00e4ten funktioniert. Und am Hochfelln gibts noch eine Sonderl\u00f6sung.<\/p>\n<p><a href='http:\/\/ski.inmontanis.info\/d\/250818-2\/DSC06155.jpg'><img src=http:\/\/ski.inmontanis.info\/d\/250817-3\/DSC06155.jpg \/><\/a><br \/>\n^ Die restliche G\u00fcltigkeit der Saisonkarte. Die 3 Tage in Disentis werd ich mitnehmen, die 3 in Spanien wohl eher nicht und die in USA sicher nicht. 50% am Brauneck+Sudelfeld k\u00f6nnte ich mal f\u00fcr einen Tag ausn\u00fctzen. Die 50% Nachlass am Schnalstaler gelten leider erst ab 27.10. &#8211; sonst w\u00e4re ich da n\u00e4chstes oder \u00fcbern\u00e4chstes WE mal vorbei. Ab November ists mir dann zu voll dort, das hab ich letztes Jahr Anfang November ja gesehen, als ich dort mit der Ortler-Saisonkarte gratis fahren durfte.<\/p>\n<p>In Summe hoffe ich auf je ca. 3 Skitage an der Kampendwand und am Wendelstein, 2 Tage am Hochfelln, 2-4 Tage in K\u00f6ssen, und 1 Tag und 1-2 Nachtskitage in Oberaudorf. Wobei ich bei den Gebieten au\u00dfer Wendelstein mir durchaus vorstellen k\u00f6nnte, jeweils noch f\u00fcr einen halben Tag zur Kampenwand zu fahren. Ca. 10 Tage im Kerngebiet + 3 Tage Disentis + evtl. 1-2 Tage 50% Brauneck\/Sudelfeld, damit w\u00e4ren die 299,- f\u00fcr mich schon gut reingefahren und mir bleiben noch genug Tage in den Gebieten meiner zweiten Saisonkarte (Magic Pass, Wallis\/Genfersee\/Jura) und auch noch Tage in Italien ohne Saisonkarte \u00fcbrig..<\/p>\n","protected":false},"excerpt":{"rendered":"<p>Am heutigen Sonntag ging&#8217;s zur Kampenwandseilbahn, meine vorbestellte 5-Berge&#038;Co-Saisonkarte holen (und bezahlen) und gleich mal rauffahren. Schlie\u00dflich will ich bis zum bevorstehenden Ersatz, der ja mit einer der Hauptgr\u00fcnde f\u00fcr den Kauf dieser Karte heuer war, noch ein paar mal mit der Bahn fahren &#8211; hoffentlich spielt der Winter auch mit.<\/p>\n<p>Da ich morgens mit <a href=\"http:\/\/blog.inmontanis.info\/?p=5280\">[&#8230;]<\/a><\/p>\n","protected":false},"author":1,"featured_media":0,"comment_status":"closed","ping_status":"closed","sticky":false,"template":"","format":"standard","meta":{"footnotes":""},"categories":[12,268,59,25,30],"tags":[60,45,47],"class_list":["post-5280","post","type-post","status-publish","format-standard","hentry","category-germany","category-kampenwand","category-nostalgie","category-noreport","category-wandern","tag-4zub","tag-see","tag-sl","odd"],"_links":{"self":[{"href":"http:\/\/blog.inmontanis.info\/index.php?rest_route=\/wp\/v2\/posts\/5280","targetHints":{"allow":["GET"]}}],"collection":[{"href":"http:\/\/blog.inmontanis.info\/index.php?rest_route=\/wp\/v2\/posts"}],"about":[{"href":"http:\/\/blog.inmontanis.info\/index.php?rest_route=\/wp\/v2\/types\/post"}],"author":[{"embeddable":true,"href":"http:\/\/blog.inmontanis.info\/index.php?rest_route=\/wp\/v2\/users\/1"}],"replies":[{"embeddable":true,"href":"http:\/\/blog.inmontanis.info\/index.php?rest_route=%2Fwp%2Fv2%2Fcomments&post=5280"}],"version-history":[{"count":3,"href":"http:\/\/blog.inmontanis.info\/index.php?rest_route=\/wp\/v2\/posts\/5280\/revisions"}],"predecessor-version":[{"id":5283,"href":"http:\/\/blog.inmontanis.info\/index.php?rest_route=\/wp\/v2\/posts\/5280\/revisions\/5283"}],"wp:attachment":[{"href":"http:\/\/blog.inmontanis.info\/index.php?rest_route=%2Fwp%2Fv2%2Fmedia&parent=5280"}],"wp:term":[{"taxonomy":"category","embeddable":true,"href":"http:\/\/blog.inmontanis.info\/index.php?rest_route=%2Fwp%2Fv2%2Fcategories&post=5280"},{"taxonomy":"post_tag","embeddable":true,"href":"http:\/\/blog.inmontanis.info\/index.php?rest_route=%2Fwp%2Fv2%2Ftags&post=5280"}],"curies":[{"name":"wp","href":"https:\/\/api.w.org\/{rel}","templated":true}]}}