{"id":5277,"date":"2018-09-12T21:01:34","date_gmt":"2018-09-12T19:01:34","guid":{"rendered":"http:\/\/blog.inmontanis.info\/?p=5277"},"modified":"2018-10-19T21:13:04","modified_gmt":"2018-10-19T19:13:04","slug":"fahre-heim-12-9-2018","status":"publish","type":"post","link":"http:\/\/blog.inmontanis.info\/?p=5277","title":{"rendered":"F\u00e4hre &#038; Heim, 12.9.2018"},"content":{"rendered":"<p><strong>UK &#038; IoM 2018 &#8211; Tag 13: Mi, 12.9.2018 &#8211; F\u00e4hre &#038; Heim<\/strong><\/p>\n<p>Die Einfahrt im Hafen in Dover ging wieder schnell von statten, so dass ich nat\u00fcrlich auch etwas l\u00e4nger h\u00e4tte schlafen k\u00f6nnen. Diesmal fahr ich ja die etwas l\u00e4ngere Strecke nach D\u00fcnkirchen, wobei man sich das durch die k\u00fcrzere Autostrecke wieder einspart; von der Abfahrtszeit passte mir das eben besser. <\/p>\n<p>(Fotos anklicken zum Vergr\u00f6\u00dfern.)<\/p>\n<p><a href='http:\/\/extra.inmontanis.info\/d\/47722-3\/ge-uk201809c.jpg'><img src=http:\/\/extra.inmontanis.info\/d\/47720-4\/ge-uk201809c.jpg \/><\/a><br \/>\n^ T\u00fcrkis (unten): Strecke 12.9.2018 (ca. 1026 km)<br \/>\n-) F\u00e4hre Dover-D\u00fcnkirchen<\/p>\n<p><a href='http:\/\/extra.inmontanis.info\/d\/50933-2\/DSC05707.jpg'><img src=http:\/\/extra.inmontanis.info\/d\/50932-3\/DSC05707.jpg \/><\/a><br \/>\n^ Das wie \u00fcblich verg\u00fcnstigte 5-Teile-Fr\u00fchst\u00fcck auf der F\u00e4hre<\/p>\n<p><a href='http:\/\/extra.inmontanis.info\/d\/50937-2\/DSC05710.jpg'><img src=http:\/\/extra.inmontanis.info\/d\/50936-3\/DSC05710.jpg \/><\/a><br \/>\n^ F\u00e4hre Dover-D\u00fcnkirchen, man kann ja nicht immer Sonnenschein haben<\/p>\n<p>Das Schiff kam ca. 10 min versp\u00e4tet an. In Frankreich ging&#8217;s dann erst mal zum Einkaufen (zeitlich war nat\u00fcrlich nur 1 Supermarkt drin) und danach zum Buffalo. Der war mir in Dunkerque (D\u00fcnkirchen) aber zu voll, also parkpl\u00e4tzm\u00e4ssig, somit berf\u00fcrchtete ich auch innen zu lange Wartezeiten. Den n\u00e4chsten auf dem Weg fand ich dann nicht, also ging ich wieder in einem in Lille (keine Ahnung, welchen in Lille ich da letztes Mal war und meiden wollte). Weil ich ja gestern Abend schon diese britischamerikanischen Ribs&#8217;n&#8217;Wings hatte, brauchte ich die franz\u00f6sischamerikanischen dann heute doch nicht nochmal und entschied mich f\u00fcr eines der Mittagsmen\u00fcs &#8211; 2 Spie\u00dfe (1x Fleisch, 1x Wurst + Pommes + BBQ Sauce + Cola Light + Nachspeise (Eis) + der \u00fcbliche gratis Vorspeisensalat = waren dann 12,95 f\u00fcr das Men\u00fc, auch wenn ich zeitlich ja lieber auf die Nachspeise verzichtet h\u00e4tte (und mir in einem Quick in Belgien sp\u00e4ter noch eine Portion Churros mitgenommen h\u00e4tte, die passten jetzt nat\u00fcrlich nicht mehr rein.) <\/p>\n<p>F\u00fcr die 918 km von hier (Lille) nach Innsbruck rechnet Google Maps derzeit (Stand 14 Uhr und auf&#8217;s Essen wartend) 9,5h mit dem Auto, es wird also wieder sp\u00e4t. Aber bekanntlich kommt man durch Deutschland besser durch, je sp\u00e4ter man dran ist. In Luxemburg hatte ich ca. 15min Zeitverlust wg. Stau, vor Saarbr\u00fccken nochmals 15-20min wg. Baustellen und Staus, danach lief es problemlos. Was ich auf den deutschen Autobahnen jetzt wieder mehrfach bemerkt hab, dass es gerne mal Geschwindigkeitsbegrenzungen bergab gibt, und kaum geht es wieder bergauf, wird die Begrenzung aufgehoben. Spritsparend ist das jedenfalls nicht. Gegen bzw. kur nach Mitternacht war ich dann wieder daheim.<\/p>\n<p><a href='http:\/\/extra.inmontanis.info\/d\/50941-2\/DSC05714.jpg'><img src=http:\/\/extra.inmontanis.info\/d\/50940-3\/DSC05714.jpg \/><\/a><br \/>\n^ Die in Laxey gekauften neuen und gebrauchten B\u00fccher und Hefte.<br \/>\nNeu sind die beiden Isle of Man B\u00fccher in der Mitte, also das Port-Soderick unten und das obere, wo ja die beiden Autoren vom oberen Buch in dem Tram-Shop in Laxey zur Widmung waren, als ich es mir kaufte.<\/p>\n<p>Aktuell bin ich beim Lesen des Blackpool-Buchs (Bettlekt\u00fcre, wie diese Art B\u00fccher generell, sonst hab ich ja keine Zeit), sehr interessant, da mir vieles von der Tram-History in Blackpool bisher noch nicht bekannt war. Und nat\u00fcrlich viele Bilder drin.<\/p>\n<p><a href='http:\/\/extra.inmontanis.info\/d\/50945-2\/DSC05730.jpg'><img src=http:\/\/extra.inmontanis.info\/d\/50944-3\/DSC05730.jpg \/><\/a><br \/>\n^ Wollte keine Widmung mit meinem Namen drin stehen haben, also hatte ich halt gesagt, sie sollen was zum 125-j\u00e4hrigen Jubil\u00e4umstag reinschreiben..<\/p>\n<p><a href='http:\/\/extra.inmontanis.info\/d\/50949-2\/DSC05723.jpg'><img src=http:\/\/extra.inmontanis.info\/d\/50948-3\/DSC05723.jpg \/><\/a><br \/>\n^ Souvenirs von der Isle of Man + die beiden Tassen von Blackpool bzw. Birkenhead\/Wirral + die beiden Steine von der Blue-John-H\u00f6hle.<\/p>\n<p><a href='http:\/\/extra.inmontanis.info\/d\/50953-2\/DSC05767.jpg'><img src=http:\/\/extra.inmontanis.info\/d\/50952-3\/DSC05767.jpg \/><\/a><br \/>\n^ Die &#8220;neue&#8221; (gebrauchte) blaue Leeds-Tram macht sich ganz gut als Erg\u00e4nzung. Aber eine mit offenem Balkon w\u00fcrde auch noch fehlen.<\/p>\n<p><a href='http:\/\/extra.inmontanis.info\/d\/50957-2\/DSC05772.jpg'><img src=http:\/\/extra.inmontanis.info\/d\/50956-3\/DSC05772.jpg \/><\/a><br \/>\n^ .. und was ich sonst noch auf der Isle of Man, in Gro\u00dfbritannien und Frankreich eingekauft hab (ohne die gek\u00fchlten Fertiggerichte aus Frankreich). Hinten \u00fcbrigens meine Auto-Matratze, muss ja auch irgendwo gelagert werden ;-) Im Gegensatz zum Qubo kann ich die n\u00e4mlich nicht die ganze Zeit im Auto lassen.<\/p>\n<p><a href='http:\/\/extra.inmontanis.info\/d\/50961-2\/ge-uk201809h.jpg'><img src=http:\/\/extra.inmontanis.info\/d\/50960-3\/ge-uk201809h.jpg \/><\/a><br \/>\n^ Die bei meinen bisherigen 2 Besuchen auf der IoM gefahrenen Strecken, blau die diesj\u00e4hrige.<\/p>\n<p><a href='http:\/\/extra.inmontanis.info\/d\/50965-2\/ge-uk201809j.jpg'><img src=http:\/\/extra.inmontanis.info\/d\/50964-3\/ge-uk201809j.jpg \/><\/a><br \/>\n^ Die bei meinen bisherigen Besuchen auf den britischen Inseln gefahrenen Strecken (2009-2018), die aktuelle Route ist die schwarze Linie.<\/p>\n<p>## Ende ##<\/p>\n","protected":false},"excerpt":{"rendered":"<p>UK &#038; IoM 2018 &#8211; Tag 13: Mi, 12.9.2018 &#8211; F\u00e4hre &#038; Heim<\/p>\n<p>Die Einfahrt im Hafen in Dover ging wieder schnell von statten, so dass ich nat\u00fcrlich auch etwas l\u00e4nger h\u00e4tte schlafen k\u00f6nnen. Diesmal fahr ich ja die etwas l\u00e4ngere Strecke nach D\u00fcnkirchen, wobei man sich das durch die k\u00fcrzere Autostrecke wieder einspart; von <a href=\"http:\/\/blog.inmontanis.info\/?p=5277\">[&#8230;]<\/a><\/p>\n","protected":false},"author":1,"featured_media":0,"comment_status":"closed","ping_status":"closed","sticky":false,"template":"","format":"standard","meta":{"footnotes":""},"categories":[172,21],"tags":[37],"class_list":["post-5277","post","type-post","status-publish","format-standard","hentry","category-2018-09-uk-iom-trams-meer","category-britain","tag-meer","odd"],"_links":{"self":[{"href":"http:\/\/blog.inmontanis.info\/index.php?rest_route=\/wp\/v2\/posts\/5277","targetHints":{"allow":["GET"]}}],"collection":[{"href":"http:\/\/blog.inmontanis.info\/index.php?rest_route=\/wp\/v2\/posts"}],"about":[{"href":"http:\/\/blog.inmontanis.info\/index.php?rest_route=\/wp\/v2\/types\/post"}],"author":[{"embeddable":true,"href":"http:\/\/blog.inmontanis.info\/index.php?rest_route=\/wp\/v2\/users\/1"}],"replies":[{"embeddable":true,"href":"http:\/\/blog.inmontanis.info\/index.php?rest_route=%2Fwp%2Fv2%2Fcomments&post=5277"}],"version-history":[{"count":2,"href":"http:\/\/blog.inmontanis.info\/index.php?rest_route=\/wp\/v2\/posts\/5277\/revisions"}],"predecessor-version":[{"id":5279,"href":"http:\/\/blog.inmontanis.info\/index.php?rest_route=\/wp\/v2\/posts\/5277\/revisions\/5279"}],"wp:attachment":[{"href":"http:\/\/blog.inmontanis.info\/index.php?rest_route=%2Fwp%2Fv2%2Fmedia&parent=5277"}],"wp:term":[{"taxonomy":"category","embeddable":true,"href":"http:\/\/blog.inmontanis.info\/index.php?rest_route=%2Fwp%2Fv2%2Fcategories&post=5277"},{"taxonomy":"post_tag","embeddable":true,"href":"http:\/\/blog.inmontanis.info\/index.php?rest_route=%2Fwp%2Fv2%2Ftags&post=5277"}],"curies":[{"name":"wp","href":"https:\/\/api.w.org\/{rel}","templated":true}]}}