{"id":527,"date":"2008-12-26T23:59:49","date_gmt":"2008-12-26T21:59:49","guid":{"rendered":"http:\/\/blog.inmontanis.info\/?p=527"},"modified":"2023-08-01T22:02:11","modified_gmt":"2023-08-01T20:02:11","slug":"xmas-2008-nevegal-26-12-2008","status":"publish","type":"post","link":"http:\/\/blog.inmontanis.info\/?p=527","title":{"rendered":"XMas 2008: Nevegal, 26.12.2008"},"content":{"rendered":"<p><strong>26.12.2008 &#8211; Liftlos<\/strong><\/p>\n<p>Manche Tage sind einfach M\u00fcll. Der heutige hatte sich auch schwer bem\u00fcht, so  zu sein. Hatte es gestern Abend noch geregnet, war heute fr\u00fch alles wei\u00df. Sogar bis ins Tal auf 250m. Sch\u00f6n. Nicht ganz. Der Haken an der Gschicht?<br \/>\n<!--more--><br \/>\n1. Stark vereiste Scheiben. Da half selbst 3-maliges Spr\u00fchen mit dem Enteiser-Spray nicht viel (wof\u00fcr soll das eigentlich dann gut sein?!)<\/p>\n<p>2. Vom Schneepflug mit Schneehaufen eingebettet. Hm. Egal. Vollgas und zur\u00fcck. Nochmal. Nochmal. Drau\u00dfen! Und das ohne ein anderes Auto anzufahren :)<\/p>\n<p>3. Italienische Autofahrer. Sind mit Abstand das nervigste an Italien. Ja, sogar noch nerviger als die Lochboden-WCs. Und damit mein ich nicht diejenigen, die im Gegenverkehrstunnel \u00fcberholen, weil es ihnen zu langsam ist, dass ich mit 80 km\/h statt der erlaubten 60 km\/h fahr. Gestern so passiert. Nein, ich mein die massig Italiener, die sich einfach nicht autofahren trauen. Da fahrens mit 20-40km\/h unter der erlaubten Geschwindigkeit oder, wie heute, zockeln bei den ersten mm Schnee auf der Stra\u00dfe mit 20-40 km\/h rum. Wenn derjenige dann auch noch einen Jeep hat, man also annehmen kann, dass er Allrad hat, und man so einen vom Tal aus die ganze Strecke nach Nevegal vor einen hat &#8211; bzw. nicht einen vor einem, sondern derer 3. WAH!<\/p>\n<p>Jedenfalls war ich so etwas sp\u00e4ter als erwartet in Nevegal. Und weil der Tag mich ja ankotzen wollte, war die untere Nascivera-DSB nicht in Betrieb. Stattdessen liefen bei ausreichend Schnee die Schneekanonen. JA TOLL! Aber Hauptsache seit gestern Hochsaisonpreise verlangen? Verarscht jemand anderen. Hatte mir gestern schon vorgenommen, mir keinen Skipass zu kaufen, wenn die DSB da nicht f\u00e4hrt. Wollte unbedingt die Abfahrten da runter fahren.<\/p>\n<p><em>[_de]Bilder anklicken zum Vergr\u00f6\u00dfern[\/_de]\u2028[_en]Click photos to enlarge[\/_en]<\/em><\/p>\n<p><a href='http:\/\/ski.inmontanis.info\/d\/90035-1\/P1320763.JPG'><img src=http:\/\/ski.inmontanis.info\/d\/90037-3\/P1320763.JPG \/><\/a><br \/>\n^ DSB Col Canil heute noch au\u00dfer Betrieb? Dann kauf ich mir eben keinen Skipass!<\/p>\n<p>Nur, es war halt doch schon 10:15, und aus den 2-2,5h Fahrt nach Gallio w\u00e4ren heute sicher 3h geworden. Und &#8220;dummerweise&#8221; hab ich heut fr\u00fch das Zimmer um eine Nacht verl\u00e4ngert, also wollt ich nicht weiter in den Norden&#8230;.<\/p>\n<p>Tja, was dann? Es ist sonst nix in der anderen N\u00e4he, was mich interessieren t\u00e4t! Also erst mal mit dem Auto soweit rauf wie m\u00f6glich. Und dann hab ich mir die Felle angeklebt und bin die restlichen 250hm \/ 2,5km zum Gipfel rauf, was landschaftlich seeehr sch\u00f6n war:<\/p>\n<p><a href='http:\/\/ski.inmontanis.info\/d\/90039-1\/P1320776.JPG'><img src=http:\/\/ski.inmontanis.info\/d\/90041-3\/P1320776.JPG \/><\/a><br \/>\n^ .. und gehe ein bissl zu Fu\u00df hinauf.<\/p>\n<p><a href='http:\/\/ski.inmontanis.info\/d\/90043-1\/P1320766.JPG'><img src=http:\/\/ski.inmontanis.info\/d\/90045-3\/P1320766.JPG \/><\/a><br \/>\n^ Blick zum Lago di Santo Croce<\/p>\n<p><a href='http:\/\/ski.inmontanis.info\/d\/90003-1\/P1320771.JPG'><img src=http:\/\/ski.inmontanis.info\/d\/90005-3\/P1320771.JPG \/><\/a><br \/>\n^ 2 SL in Tambre\/Alpago, hab ich bei meiner Herbsttour wohl \u00fcbersehen, sind aber zumindest heute auch nicht in Betrieb<\/p>\n<p><a href='http:\/\/ski.inmontanis.info\/d\/90007-1\/P1320772.JPG'><img src=http:\/\/ski.inmontanis.info\/d\/90009-3\/P1320772.JPG \/><\/a><br \/>\n^ 2 SL in Tambre\/Alpago, hab ich bei meiner Herbsttour wohl \u00fcbersehen, sind aber zumindest heute auch nicht in Betrieb<\/p>\n<p><a href='http:\/\/ski.inmontanis.info\/d\/90047-1\/P1320777.JPG'><img src=http:\/\/ski.inmontanis.info\/d\/90049-3\/P1320777.JPG \/><\/a><br \/>\n^ Bezaubernder Blick zum SL Faverghera 3 und der 3 SB Sektion II<\/p>\n<p><a href='http:\/\/ski.inmontanis.info\/d\/90051-1\/P1320778.JPG'><img src=http:\/\/ski.inmontanis.info\/d\/90053-3\/P1320778.JPG \/><\/a><br \/>\n^ Weiter gen Gipfel<\/p>\n<p><a href='http:\/\/ski.inmontanis.info\/d\/90055-1\/P1320779.JPG'><img src=http:\/\/ski.inmontanis.info\/d\/90057-3\/P1320779.JPG \/><\/a><br \/>\n^ In Bildmitte SL Faverghera 3<\/p>\n<p><a href='http:\/\/ski.inmontanis.info\/d\/90059-1\/P1320780.JPG'><img src=http:\/\/ski.inmontanis.info\/d\/90061-3\/P1320780.JPG \/><\/a><br \/>\n^ Winterwandern mit den Tourenski. Ist doch viel sch\u00f6ner als dumm am Pistenrand raufzugehen!<\/p>\n<p><a href='http:\/\/ski.inmontanis.info\/d\/90063-1\/P1320782.JPG'><img src=http:\/\/ski.inmontanis.info\/d\/90065-3\/P1320782.JPG \/><\/a><br \/>\n^ Ich glaub ich spinn &#8211; Flachlandblick und das Meer gl\u00e4nzt orange!<\/p>\n<p><a href='http:\/\/ski.inmontanis.info\/d\/90067-1\/P1320784.JPG'><img src=http:\/\/ski.inmontanis.info\/d\/90069-3\/P1320784.JPG \/><\/a><br \/>\n^ SL Faverghera 3. Leider stillgelegt. Die Abfahrt kann man zwar fahren, allerdings gehts nach rechts wieder bergauf, und wenn man da nicht schieben will, m\u00fcsste man komplett in Schuss fahren. B\u00e4h.<\/p>\n<p><a href='http:\/\/ski.inmontanis.info\/d\/90071-1\/P1320786.JPG'><img src=http:\/\/ski.inmontanis.info\/d\/90073-3\/P1320786.JPG \/><\/a><br \/>\n^ SL Faverghera 3, das Herz haben zwei verliebte gerade reingetreten ;-)<\/p>\n<p><a href='http:\/\/ski.inmontanis.info\/d\/90075-1\/P1320788.JPG'><img src=http:\/\/ski.inmontanis.info\/d\/90077-3\/P1320788.JPG \/><\/a><br \/>\n^ Talstation SL Faverghera 3. Ist mal wieder ein St\u00fctzenmischmasch, den ich herstellerm\u00e4\u00dfig gar nicht zuordnen kann. D\u00fcrften aber die selben filigranen Portalfachwerkst\u00fctzen sein, wo ich schon einen in den S\u00fcdalpen gesehen hab.<\/p>\n<p><a href='http:\/\/ski.inmontanis.info\/d\/90079-1\/P1320790.JPG'><img src=http:\/\/ski.inmontanis.info\/d\/90081-3\/P1320790.JPG \/><\/a><br \/>\n^ SL Faverghera 3. Ich nahm mir die Freiheit, die SL-Trasse zu spuren ;-)<\/p>\n<p><a href='http:\/\/ski.inmontanis.info\/d\/90083-1\/P1320791.JPG'><img src=http:\/\/ski.inmontanis.info\/d\/90085-3\/P1320791.JPG \/><\/a><br \/>\n^ SL Faverghera 3. Jetzt wird der Aufstieg durchgezogen :)<\/p>\n<p><a href='http:\/\/ski.inmontanis.info\/d\/90087-1\/P1320792.JPG'><img src=http:\/\/ski.inmontanis.info\/d\/90089-3\/P1320792.JPG \/><\/a><br \/>\n^ F\u00fcr mich wurde der SL Faverghera 3 nochmal kurz in Betrieb genommen ;-)<\/p>\n<p><a href='http:\/\/ski.inmontanis.info\/d\/90091-1\/P1320793.JPG'><img src=http:\/\/ski.inmontanis.info\/d\/90093-3\/P1320793.JPG \/><\/a><br \/>\n^ Oben hat der SL Faverghera 3 dann wieder eine Rundrohrst\u00fctze. Komisch. Rechts \u00fcbrigens die Bergstation der 3SB<\/p>\n<p><a href='http:\/\/ski.inmontanis.info\/d\/90095-1\/P1320795.JPG'><img src=http:\/\/ski.inmontanis.info\/d\/90097-3\/P1320795.JPG \/><\/a><br \/>\n^ Oberer Teil der Rundrohrst\u00fctze im Zoom<\/p>\n<p><a href='http:\/\/ski.inmontanis.info\/d\/90100-1\/P1320796.JPG'><img src=http:\/\/ski.inmontanis.info\/d\/90102-3\/P1320796.JPG \/><\/a><br \/>\n^ Bergstation SL Faverghera 3. Erinnert mich irgendwie an Marchisio&#8230;<\/p>\n<p><a href='http:\/\/ski.inmontanis.info\/d\/90104-1\/P1320797.JPG'><img src=http:\/\/ski.inmontanis.info\/d\/90106-3\/P1320797.JPG \/><\/a><br \/>\n^ Antrieb SL Faverghera 3. Genug von dem Lift jetzt&#8230;<\/p>\n<p><a href='http:\/\/ski.inmontanis.info\/d\/90108-1\/P1320799.JPG'><img src=http:\/\/ski.inmontanis.info\/d\/90110-3\/P1320799.JPG \/><\/a><br \/>\n^ Aufstieg vom Col Faverghera zum Col Toront. Rechts zu sehen ein weiterer, stillgelegter SL (Brigata Cadore)<\/p>\n<p><a href='http:\/\/ski.inmontanis.info\/d\/90112-1\/P1320801.JPG'><img src=http:\/\/ski.inmontanis.info\/d\/90114-3\/P1320801.JPG \/><\/a><br \/>\n^ Derzeit der einzige in Betrieb befindliche SL am Col Toron: SL Le Erte. Bin mal gespannt, wie lang der noch fahren darf. Dahinter wurde n\u00e4mlich der SL Col Toron neu gebaut, waren lt. Plan fr\u00fcher mal zwei.<\/p>\n<p>Oben angekommen ein weiterer kleiner Lichtblick: Die venetianische Tiefebene war nebelfrei und die Adria gl\u00e4nzte leicht orange. Yeah. Meerpano! Venedig! Endlich!<\/p>\n<p><a href='http:\/\/ski.inmontanis.info\/d\/90116-1\/P1320807.JPG'><img src=http:\/\/ski.inmontanis.info\/d\/90118-3\/P1320807.JPG \/><\/a><br \/>\n^ S\u00fcdpano am Col Toront \u00fcber die Venezianische Tiefebene bis zur orange glitzernden Adria&#8230;.<\/p>\n<p><a href='http:\/\/ski.inmontanis.info\/d\/90120-1\/P1320809.JPG'><img src=http:\/\/ski.inmontanis.info\/d\/90122-3\/P1320809.JPG \/><\/a><br \/>\n^ Die venezianische Tiefebene. Und hinten am Meer: Venedig!<\/p>\n<p><a href='http:\/\/ski.inmontanis.info\/d\/90124-1\/P1320810.JPG'><img src=http:\/\/ski.inmontanis.info\/d\/90126-3\/P1320810.JPG \/><\/a><br \/>\n^ Ist das Venedig? Sollte ich nach so vielen Besuche in s\u00fcdlichen Ostalpen endlich einen der seltenen Tage erwischt haben, an denen man nach Venedig schauen kann?<\/p>\n<p><a href='http:\/\/ski.inmontanis.info\/d\/90128-1\/P1320811.JPG'><img src=http:\/\/ski.inmontanis.info\/d\/90130-3\/P1320811.JPG \/><\/a><br \/>\n^ Adria, etwas weiter \u00f6stlich. Da is die Sicht jetzt nicht so gut.<\/p>\n<p><a href='http:\/\/ski.inmontanis.info\/d\/90132-1\/P1320816.JPG'><img src=http:\/\/ski.inmontanis.info\/d\/90134-3\/P1320816.JPG \/><\/a><br \/>\n^ Adria im Zoom<\/p>\n<p><a href='http:\/\/ski.inmontanis.info\/d\/90136-1\/P1320817.JPG'><img src=http:\/\/ski.inmontanis.info\/d\/90138-3\/P1320817.JPG \/><\/a><br \/>\n^ Zoom zur Adria<\/p>\n<p><a href='http:\/\/ski.inmontanis.info\/d\/90140-1\/P1320818.JPG'><img src=http:\/\/ski.inmontanis.info\/d\/90142-3\/P1320818.JPG \/><\/a><br \/>\n^ Ist das Venedig da im Meer?<\/p>\n<p><a href='http:\/\/ski.inmontanis.info\/d\/90144-1\/P1320821.JPG'><img src=http:\/\/ski.inmontanis.info\/d\/90146-3\/P1320821.JPG \/><\/a><br \/>\n^ Meer-Pano<\/p>\n<p><a href='http:\/\/ski.inmontanis.info\/d\/90148-1\/P1320826.JPG'><img src=http:\/\/ski.inmontanis.info\/d\/90150-3\/P1320826.JPG \/><\/a><br \/>\n^ SL Le Erte und Belluno. Auch ganz sch\u00f6n gro\u00df!<\/p>\n<p><a href='http:\/\/ski.inmontanis.info\/d\/90152-1\/P1320827.JPG'><img src=http:\/\/ski.inmontanis.info\/d\/90154-3\/P1320827.JPG \/><\/a><br \/>\n^ West-Pano<\/p>\n<p><a href='http:\/\/ski.inmontanis.info\/d\/90156-1\/P1320828.JPG'><img src=http:\/\/ski.inmontanis.info\/d\/90158-3\/P1320828.JPG \/><\/a><br \/>\n^ Blick dem Gipfelgrat entlang gen Westen bis zum Col Visentin. Der n\u00e4chste H\u00fcgel war ja einst mit einem SL erschlossen.<\/p>\n<p><a href='http:\/\/ski.inmontanis.info\/d\/90160-1\/P1320829.JPG'><img src=http:\/\/ski.inmontanis.info\/d\/90162-3\/P1320829.JPG \/><\/a><br \/>\n^ .. und hier der stillgelegte ganz-rechte SL im Zoom. Wieder filigrane Portal-Fachwerkst\u00fctzen, aber die Bergstation erinnert diesmal eher an Leitner?!<\/p>\n<p><a href='http:\/\/ski.inmontanis.info\/d\/90164-1\/P1320832.JPG'><img src=http:\/\/ski.inmontanis.info\/d\/90166-3\/P1320832.JPG \/><\/a><br \/>\n^ Antennenwildwuchs am Col Visentin<\/p>\n<p>Aber was seh ich da? Stellt CCM da heuer nicht einen neuen SL auf und schafft&#8217;s nicht, ihn bis Weihnachten in Betrieb zu nehmen? Oh mann&#8230;<\/p>\n<p><a href='http:\/\/ski.inmontanis.info\/d\/90168-1\/P1320836.JPG'><img src=http:\/\/ski.inmontanis.info\/d\/90170-3\/P1320836.JPG \/><\/a><br \/>\n^ Neuer SL Col Toront, noch nicht ganz fertig geworden&#8230;.<\/p>\n<p><a href='http:\/\/ski.inmontanis.info\/d\/90172-1\/P1320841.JPG'><img src=http:\/\/ski.inmontanis.info\/d\/90174-3\/P1320841.JPG \/><\/a><br \/>\n^ SL Col Toront mit Tiefblick, Bergstation bis zum Maximum. Sehr sch\u00f6n!<\/p>\n<p><a href='http:\/\/ski.inmontanis.info\/d\/90176-1\/P1320843.JPG'><img src=http:\/\/ski.inmontanis.info\/d\/90178-3\/P1320843.JPG \/><\/a><br \/>\n^ Hersteller vom neuen SL Col Toront ist \u00fcbrigens CCM!<\/p>\n<p><a href='http:\/\/ski.inmontanis.info\/d\/90180-1\/P1320844.JPG'><img src=http:\/\/ski.inmontanis.info\/d\/90182-3\/P1320844.JPG \/><\/a><br \/>\n^ Antrieb SL Col Toront hoch \u00fcber Venedig :-)<\/p>\n<p><a href='http:\/\/ski.inmontanis.info\/d\/90184-1\/P1320850.JPG'><img src=http:\/\/ski.inmontanis.info\/d\/90186-3\/P1320850.JPG \/><\/a><br \/>\n^ Dolomitenpano Nordwest<\/p>\n<p><a href='http:\/\/ski.inmontanis.info\/d\/90188-1\/P1320852.JPG'><img src=http:\/\/ski.inmontanis.info\/d\/90190-3\/P1320852.JPG \/><\/a><br \/>\n^ Dolomitenpano Nordost<\/p>\n<p><a href='http:\/\/ski.inmontanis.info\/d\/90192-1\/P1320854.JPG'><img src=http:\/\/ski.inmontanis.info\/d\/90194-3\/P1320854.JPG \/><\/a><br \/>\n^ Dolomiten-Zoom<\/p>\n<p><a href='http:\/\/ski.inmontanis.info\/d\/90196-1\/P1320855.JPG'><img src=http:\/\/ski.inmontanis.info\/d\/90198-3\/P1320855.JPG \/><\/a><br \/>\n^ Dolomiten-Zoom<\/p>\n<p><a href='http:\/\/ski.inmontanis.info\/d\/90200-1\/P1320856.JPG'><img src=http:\/\/ski.inmontanis.info\/d\/90202-3\/P1320856.JPG \/><\/a><br \/>\n^ Dolomiten-Zoom<\/p>\n<p><a href='http:\/\/ski.inmontanis.info\/d\/90204-1\/P1320857.JPG'><img src=http:\/\/ski.inmontanis.info\/d\/90206-3\/P1320857.JPG \/><\/a><br \/>\n^ Dolomiten-Zoom<\/p>\n<p><a href='http:\/\/ski.inmontanis.info\/d\/90208-1\/P1320858.JPG'><img src=http:\/\/ski.inmontanis.info\/d\/90210-3\/P1320858.JPG \/><\/a><br \/>\n^ Dolomiten-Zoom<\/p>\n<p><a href='http:\/\/ski.inmontanis.info\/d\/90213-1\/P1320859.JPG'><img src=http:\/\/ski.inmontanis.info\/d\/90215-3\/P1320859.JPG \/><\/a><br \/>\n^ Dolomiten-Zoom<\/p>\n<p><a href='http:\/\/ski.inmontanis.info\/d\/90217-1\/P1320860.JPG'><img src=http:\/\/ski.inmontanis.info\/d\/90219-3\/P1320860.JPG \/><\/a><br \/>\n^ Dolomiten-Zoom<\/p>\n<p><a href='http:\/\/ski.inmontanis.info\/d\/90221-1\/P1320861.JPG'><img src=http:\/\/ski.inmontanis.info\/d\/90223-3\/P1320861.JPG \/><\/a><br \/>\n^ Dolomiten-Zoom<\/p>\n<p><a href='http:\/\/ski.inmontanis.info\/d\/90225-1\/P1320863.JPG'><img src=http:\/\/ski.inmontanis.info\/d\/90227-3\/P1320863.JPG \/><\/a><br \/>\n^ Dolomiten-Zoom<\/p>\n<p><a href='http:\/\/ski.inmontanis.info\/d\/90229-1\/P1320864.JPG'><img src=http:\/\/ski.inmontanis.info\/d\/90231-3\/P1320864.JPG \/><\/a><br \/>\n^ Dolomiten-Zoom<\/p>\n<p><a href='http:\/\/ski.inmontanis.info\/d\/90233-1\/P1320865.JPG'><img src=http:\/\/ski.inmontanis.info\/d\/90235-3\/P1320865.JPG \/><\/a><br \/>\n^ Dolomiten-Zoom. Dass die Berge im Vordergrund aussehen, als ob sie gezeichnet sind, liegt anscheinend daran, dass an der Nordseite B\u00e4ume bis zum Grat wachsen! Witzig&#8230;<\/p>\n<p><a href='http:\/\/ski.inmontanis.info\/d\/90237-1\/P1320866.JPG'><img src=http:\/\/ski.inmontanis.info\/d\/90239-3\/P1320866.JPG \/><\/a><br \/>\n^ Dolomiten-Zoom. Hier sieht man das mit den B\u00e4umen am Grat auch ganz gut!<\/p>\n<p><a href='http:\/\/ski.inmontanis.info\/d\/90241-1\/P1320869.JPG'><img src=http:\/\/ski.inmontanis.info\/d\/90243-3\/P1320869.JPG \/><\/a><br \/>\n^ Dolomiten-Zoom<\/p>\n<p><a href='http:\/\/ski.inmontanis.info\/d\/90245-1\/P1320870.JPG'><img src=http:\/\/ski.inmontanis.info\/d\/90247-3\/P1320870.JPG \/><\/a><br \/>\n^ Dolomiten-Zoom<\/p>\n<p><a href='http:\/\/ski.inmontanis.info\/d\/90249-1\/P1320871.JPG'><img src=http:\/\/ski.inmontanis.info\/d\/90251-3\/P1320871.JPG \/><\/a><br \/>\n^ Neben dem SL Le Erte gibt&#8217;s noch eine weitere, \u00e4ltere SL(?)-Station&#8230;<\/p>\n<p><a href='http:\/\/ski.inmontanis.info\/d\/90253-1\/P1320872.JPG'><img src=http:\/\/ski.inmontanis.info\/d\/90255-3\/P1320872.JPG \/><\/a><br \/>\n^ Nordost-Pano<\/p>\n<p><a href='http:\/\/ski.inmontanis.info\/d\/90257-1\/P1320873.JPG'><img src=http:\/\/ski.inmontanis.info\/d\/90259-3\/P1320873.JPG \/><\/a><br \/>\n^ Col Faverghera und links der stillgelegte SL Brigata Cadore<\/p>\n<p><a href='http:\/\/ski.inmontanis.info\/d\/90261-1\/P1320874.JPG'><img src=http:\/\/ski.inmontanis.info\/d\/90263-3\/P1320874.JPG \/><\/a><br \/>\n^ Heute Winderwanderweg, fr\u00fcher vermutlich die Trasse vom SL Faverghera 2 ?<\/p>\n<p><a href='http:\/\/ski.inmontanis.info\/d\/90269-1\/ge_nevegaltour.jpg'><img src=http:\/\/ski.inmontanis.info\/d\/90271-3\/ge_nevegaltour.jpg \/><\/a><br \/>\n^ GPS-Track Auto und Skitour<\/p>\n<p><a href='http:\/\/ski.inmontanis.info\/d\/90031-1\/P1320834.JPG'><img src=http:\/\/ski.inmontanis.info\/d\/90033-3\/P1320834.JPG \/><\/a><br \/>\n^ Zoom Monte Avena vom Nevegal aus<\/p>\n<p>Gegen .. 14 Uhr?! War ich wieder am Auto. Und jetzt? Hab ich gestern im Schneebericht von Jan\/2006 noch ein weiteres unbekanntes Gebiet gelesen: Arsie-Col Perer.  1\/2 SL und 6km ge\u00f6ffnet damals. H\u00f6rt sich also nach mehr als \u00dcbungslift an. Arsie ist in der n\u00e4he von Feltre. Gegen 15 Uhr k\u00f6nnte ich dort sein, gingen sich noch 1,5h SL-fahren aus. Probieren wir&#8217;s!<\/p>\n<p>Leichter gesagt als getan. Weil: In Nevegal inzwischen alle Parkpl\u00e4tze besetzt sind, aber noch hunderte raufkommen und einen suchen. Und da muss man erst mal rauskommen. Dazu aber muss man einmal im Kreis mit den Parkplatzsuchenden mitfahren. Wah.<\/p>\n<p><a href='http:\/\/ski.inmontanis.info\/d\/90265-1\/P1320877.JPG'><img src=http:\/\/ski.inmontanis.info\/d\/90267-3\/P1320877.JPG \/><\/a><br \/>\n^ Die Verkehrsh\u00f6lle in Nevegal. Und trotzdem ist die DSB noch nicht offen? Sehr schwach!<\/p>\n<p>Und in Arsie gleich am Anfang der Passstra\u00dfe einen Schnarcher. Oder zwei, weil der Allrad-Jeep zwischen mir und dem anderen hatte auch keine Anstalten gemacht, \u00fcberholen zu wollen. Wobei das bei der schmalen Stra\u00dfe eh nicht ging. Also auf schneenasser-trockner-schneebedeckter-gestreuter Stra\u00dfe mit 20km\/h 1.000hm &#8230; hatte ich schon erw\u00e4hnt, dass italienische Autofahrer das nervigste an Italien sind?<\/p>\n<p>Oben angekommen &#8211; kein Hinweis auf ein Skigebiet, kein Schild, kein Lift zu sehen. Bin ich mal die linke Stra\u00dfe weiter. Ohne einen vor mir, welch Wohltat, mit 40-60 km\/h \u00fcber den Schnee fahren zu k\u00f6nnen. Aber kein SL weit und breit. Halt da, eine Bergstation. Ein seilloser Graffer.<\/p>\n<p><a href='http:\/\/ski.inmontanis.info\/d\/90011-1\/P1320878.JPG'><img src=http:\/\/ski.inmontanis.info\/d\/90013-3\/P1320878.JPG \/><\/a><br \/>\n^ Ehemaliger Skilift am Col Perer (Arsie)<\/p>\n<p><a href='http:\/\/ski.inmontanis.info\/d\/90015-1\/P1320879.JPG'><img src=http:\/\/ski.inmontanis.info\/d\/90017-3\/P1320879.JPG \/><\/a><br \/>\n^ Ex-Graffer-SL am Col Perer (Arsie). Und wo war der zweite SL? <\/p>\n<p>Fast zu verrostet, um vor knapp 3 Jahren noch in Betrieb gewesen zu sein?! Also weiter. Bis zur Grenze TRENTO. Die haben sogar die Stra\u00dfe komplett ger\u00e4umt!! Sowas. Aber dann kann nix mehr kommen. Also zur\u00fcck und an der Kreuzung die mittlere Stra\u00dfe. \u00c4h. Nach 5m Ende im Gel\u00e4nde, unger\u00e4umt. War vermutlich die Stra\u00dfe zur Talstation der SL? Die andere, dritte Stra\u00dfe, fuhr mich jedenfalls auch nicht dorthin. Also dann eben nix mehr mit Liftfahren heute. Der Blick auf Google Earth sp\u00e4ter, als ich wieder daheim war, machte mir die Lage der beiden SL auch nicht ganz klar, der eine k\u00f6nnte nur oben im Freien gewesen sein, aber der zweite? Muss ich wohl mal im Sommer her. Aber da wird einem mal wieder bewusst, dass man jeden Einzellift mitnehmen muss, wer wei\u00df wie lang es ihn noch gibt. Wobei, viel gibt&#8217;s eh nicht mehr..<\/p>\n<p><a href='http:\/\/ski.inmontanis.info\/d\/90019-1\/P1320881.JPG'><img src=http:\/\/ski.inmontanis.info\/d\/90021-3\/P1320881.JPG \/><\/a><br \/>\n^ Ex-SL am Col Perer (Arsie)<\/p>\n<p><a href='http:\/\/ski.inmontanis.info\/d\/90023-1\/P1320886.JPG'><img src=http:\/\/ski.inmontanis.info\/d\/90025-3\/P1320886.JPG \/><\/a><br \/>\n^ Ehemaliges Riesen-Hotel (oder Senatorium?) am Col Perer<\/p>\n<p><a href='http:\/\/ski.inmontanis.info\/d\/90027-1\/P1320888.JPG'><img src=http:\/\/ski.inmontanis.info\/d\/90029-3\/P1320888.JPG \/><\/a><br \/>\n^ Ehemaliges Riesen-Hotel (oder Senatorium?) am Col Perer<\/p>\n<p>Weitere Lifte? Keine mehr in der Gegend. DSB am Croce d&#8217;Aune? Bis ich dort w\u00e4r, h\u00e4tte sie zu.<\/p>\n<p>Ja gut, aber jetzt schon zum Hotel? Zu fr\u00fch. Nochmal Skitour? Gerne, wenn da nicht meine Ferse wieder fast offen w\u00e4r. Seit heuer im Mai kann ich nicht mehr als ca. 2-3h gehen, sonst reibt sich da zwischen Ferse und Kn\u00f6chel die Haut auf. Versteh ich nicht&#8230;<\/p>\n<p>Also dann zu einem weiteren Bekannten in der Gegend: Monte Grappa. Vielleicht ist das Flachland noch nebelfrei? Wenigstens hatte ich keine st\u00f6renden Autofahrer mehr, und so konnte ich im Halbdunkel und sp\u00e4ter im Ganzdunkel mit 40-60 km\/h die schmale, kurvige und minimal schneebedeckte, aber gestreute, Bergstra\u00dfe raufheizen. Macht Spa\u00df!<\/p>\n<p><a href='http:\/\/ski.inmontanis.info\/d\/90273-1\/P1320889.JPG'><img src=http:\/\/ski.inmontanis.info\/d\/90275-3\/P1320889.JPG \/><\/a><br \/>\n^ Auffahrt zum Monte Grappa<\/p>\n<p><a href='http:\/\/ski.inmontanis.info\/d\/90277-1\/P1320892.JPG'><img src=http:\/\/ski.inmontanis.info\/d\/90279-3\/P1320892.JPG \/><\/a><br \/>\n^ Auffahrt zum Monte Grappa. Es wird mal wieder zu fr\u00fch dunkel. Man beache die Schneemassen am Stra\u00dfenschild!<\/p>\n<p>War zwar inzwischen komplett dunkel, und vom Meer somit nix mehr zu sehen &#8211; naja, nicht ganz. Statt Wasser-Meer gab&#8217;s Lichtermeer! Jawoll, es war heut einer der wenigen Abenden im Jahr ohne Nebel in der Ebene! Und dagegen ist die Poebene s\u00fcdlich von Turin ja geradezu d\u00fcnn besiedelt :-) Da unten gibt&#8217;s kaum ein dunkles Fleckchen. <\/p>\n<p><a href='http:\/\/ski.inmontanis.info\/d\/90281-1\/P1320894.JPG'><img src=http:\/\/ski.inmontanis.info\/d\/90283-3\/P1320894.JPG \/><\/a><br \/>\n^ Aber immerhin heute kein Nebel im Tal! Die venezianische Tiefebene leuchtet, da ist wohl kaum ein Fleck unbewohnt&#8230;<\/p>\n<p><a href='http:\/\/ski.inmontanis.info\/d\/90285-1\/P1320895.JPG'><img src=http:\/\/ski.inmontanis.info\/d\/90287-3\/P1320895.JPG \/><\/a><br \/>\n^ .. und auch richtung Westen ist es dicht besiedelt..<\/p>\n<p><a href='http:\/\/ski.inmontanis.info\/d\/90289-1\/P1320898.JPG'><img src=http:\/\/ski.inmontanis.info\/d\/90291-3\/P1320898.JPG \/><\/a><br \/>\n^ So schaut&#8217;s aus, wenn eine Stra\u00dfe geschlossen und nicht ger\u00e4umt ist, das Chiuso er\u00fcbrigt sich momentan :-)<\/p>\n<p><a href='http:\/\/ski.inmontanis.info\/d\/90293-1\/P1320900.JPG'><img src=http:\/\/ski.inmontanis.info\/d\/90295-3\/P1320900.JPG \/><\/a><br \/>\n^ Stra\u00dfe am Monte Grappa mit Tiefblick<\/p>\n<p><a href='http:\/\/ski.inmontanis.info\/d\/90297-1\/P1320903.JPG'><img src=http:\/\/ski.inmontanis.info\/d\/90299-3\/P1320903.JPG \/><\/a><br \/>\n^ Und nochmal ein Blick in die hell erleuchtete venezianische Tiefebene, mittlerweile ist es komplett dunkel.<\/p>\n<p>Bei den eisigen Temperaturen und diesen enormen Schneeh\u00f6hen hier &#8211; da ist man doch immer wieder froh, im warmen Auto zu sitzen und ist gl\u00fccklich, wenn das Auto wieder anspringt&#8230;<\/p>\n<p>So hatte der Tag also doch noch einen ganz netten Abschluss gefunden, wenn es auch leider ein Tag ohne Liftfahrt und minimalster Skiabfahrt war.<\/p>\n","protected":false},"excerpt":{"rendered":"<p>26.12.2008 &#8211; Liftlos<\/p>\n<p>Manche Tage sind einfach M\u00fcll. Der heutige hatte sich auch schwer bem\u00fcht, so zu sein. Hatte es gestern Abend noch geregnet, war heute fr\u00fch alles wei\u00df. Sogar bis ins Tal auf 250m. Sch\u00f6n. Nicht ganz. Der Haken an der Gschicht?<\/p>\n<p> <a href=\"http:\/\/blog.inmontanis.info\/?p=527\">[&#8230;]<\/a><\/p>\n","protected":false},"author":1,"featured_media":0,"comment_status":"open","ping_status":"closed","sticky":false,"template":"","format":"standard","meta":{"footnotes":""},"categories":[66,15,444,27,29,32],"tags":[37,45,47],"class_list":["post-527","post","type-post","status-publish","format-standard","hentry","category-66","category-italienitaly","category-nevegal","category-skifahren-winterskiing-winter","category-skitourenwalk-ski","category-lostplaces","tag-meer","tag-see","tag-sl","odd"],"_links":{"self":[{"href":"http:\/\/blog.inmontanis.info\/index.php?rest_route=\/wp\/v2\/posts\/527","targetHints":{"allow":["GET"]}}],"collection":[{"href":"http:\/\/blog.inmontanis.info\/index.php?rest_route=\/wp\/v2\/posts"}],"about":[{"href":"http:\/\/blog.inmontanis.info\/index.php?rest_route=\/wp\/v2\/types\/post"}],"author":[{"embeddable":true,"href":"http:\/\/blog.inmontanis.info\/index.php?rest_route=\/wp\/v2\/users\/1"}],"replies":[{"embeddable":true,"href":"http:\/\/blog.inmontanis.info\/index.php?rest_route=%2Fwp%2Fv2%2Fcomments&post=527"}],"version-history":[{"count":2,"href":"http:\/\/blog.inmontanis.info\/index.php?rest_route=\/wp\/v2\/posts\/527\/revisions"}],"predecessor-version":[{"id":529,"href":"http:\/\/blog.inmontanis.info\/index.php?rest_route=\/wp\/v2\/posts\/527\/revisions\/529"}],"wp:attachment":[{"href":"http:\/\/blog.inmontanis.info\/index.php?rest_route=%2Fwp%2Fv2%2Fmedia&parent=527"}],"wp:term":[{"taxonomy":"category","embeddable":true,"href":"http:\/\/blog.inmontanis.info\/index.php?rest_route=%2Fwp%2Fv2%2Fcategories&post=527"},{"taxonomy":"post_tag","embeddable":true,"href":"http:\/\/blog.inmontanis.info\/index.php?rest_route=%2Fwp%2Fv2%2Ftags&post=527"}],"curies":[{"name":"wp","href":"https:\/\/api.w.org\/{rel}","templated":true}]}}