{"id":5243,"date":"2018-10-06T21:45:18","date_gmt":"2018-10-06T19:45:18","guid":{"rendered":"http:\/\/blog.inmontanis.info\/?p=5243"},"modified":"2023-08-06T20:01:08","modified_gmt":"2023-08-06T18:01:08","slug":"solden-otztaler-gletscher-6-10-2018","status":"publish","type":"post","link":"http:\/\/blog.inmontanis.info\/?p=5243","title":{"rendered":"S\u00f6lden \/ \u00d6tztaler Gletscher, 6.10.2018"},"content":{"rendered":"<p>Eigentlich h\u00e4tte ich ja dieses WE f\u00fcr 2 Tage zum Nicht-Skifahren nach Italien fahren wollen. Aber die Wettervorhersagen waren nicht besonders, also stand einerseits die Kampenwand (Abholen der Saisonkarte und erstmalige Nutzung) auf dem Plan, und, sofern es wetterm\u00e4\u00dfig sinnvoll ist, ein Skitag. Denn je sp\u00e4ter der Oktober wird, desto weniger sinnvoll ist ja ein Skitag auf den Tiroler Gletschern &#8211; es wird teurer und voller &#8211; und so wie&#8217;s momentan ausschaut, wird der Schnee so schnell nicht mehr werden. Zur Wahl standen Stubaier (den Eventkalender betrachtend wohl das letzte sinnvolle WE, also wenn nicht dieses WE, dann wohl erst im Fr\u00fchjahr), \u00d6tztaler (mit Seiterj\u00f6chl und Talabfahrt ja doch schon gut was offen) und Kaunertaler (den kann man auch noch sp\u00e4ter fahren, wenn die 4KSB ab Mittelstation geht) -> also S\u00f6lden.<\/p>\n<p>Die Wettervorhersagen h\u00e4tten am Freitag ja noch gemeint, dass Sonntag der bessere Tag werden soll, aber am heutigen Samstag Morgen sahen die von mir konsultierten Wetterberichte das Gegenteil, also ging es eben bereits am Samstag nach S\u00f6lden. Auch wenn es dann doch nochmals etwas weniger Sonne geben sollte.<\/p>\n<p>Am Vormittag gab es am SL Karleskogl etliche Wartezeiten, zudem war der Schnee auf der schmalen Publikumspiste schon zu aufgefahren, weshalb ich die meiste Zeit am SL Seiterj\u00f6chl blieb, wo es noch keine Rennkurse gab. Der Schnee am Seiterj\u00f6chl war oben eher knollig und danach recht steinig, aber in Summe doch wesentlich interessanter als die kurze 8EUB Sektion 2, zu der man mit etwas Schwung und Schieben auch ohne Abschnallen hinkam. <\/p>\n<p>Kurz nach 12 fing es zum Eisregnen (oben) und Regnen (unten) an, so dass ich eine kleine Pause einlegte und mit dem Auto zum Ex-Pitztaler-J\u00f6chl-SL und zum Tiefenbachferner fuhr. (\u00dcbrigens, Kuppeln+Schalten geht mit den Skischuhen mittlerweile auch recht problemlos.)<\/p>\n<p>Danach hatte ich bl\u00f6derweise vergessen, die Ski-Track-Aufzeichnung wieder zu starten, so dass ich heute auf das GPS-Track-Bild verzichte. Jedenfalls wurde das Wetter danach wieder etwas besser und weil die Rennmannschaften nun auch langsam aufh\u00f6rten, konnte man in den beiden Trainingsarealen am SL Karleskogl noch ein paar halbe frische Walzenspuren finden, die den Tag noch etwas mehr gerettet haben. Am Seiterj\u00f6chl wurde der Schnee nachmittags n\u00e4mlich auch noch arg stockend pappig. Kurz zum Schluss gab&#8217;s allerdings nochmals ein paar frische Walzenspuren, die nicht pappig waren, so dass ich um kurz vor 16 Uhr nochmals den Seiterj\u00f6chl-SL als Abschluss gefahren bin.<\/p>\n<p>(Fotos anklicken zum Vergr\u00f6\u00dfern)<\/p>\n<p><a href='http:\/\/ski.inmontanis.info\/d\/250250-2\/DSC06015.jpg'><img src=http:\/\/ski.inmontanis.info\/d\/250249-3\/DSC06015.jpg \/><\/a><br \/>\n^ Vergleichsfoto Rettenbachferner 6.10.2018<\/p>\n<p>.. und vom 22.7.2006, als ich die Sommersaisonkarte hatte (gleicher Standort):<br \/>\n<img src=http:\/\/ski.inmontanis.info\/d\/6905-2\/P1100646.jpg \/><br \/>\n^ 2006<\/p>\n<p><a href='http:\/\/ski.inmontanis.info\/d\/250246-2\/DSC06014.jpg'><img src=http:\/\/ski.inmontanis.info\/d\/250245-3\/DSC06014.jpg \/><\/a><br \/>\n^ Seiterj\u00f6chl, da hat&#8217;s aber auch nicht mehr viel Gletscher, insb. im oberen Bereich &#8230;<\/p>\n<p>Vergleich dazu am 2.7.2006, gleicher Standort:<br \/>\n<img src=http:\/\/ski.inmontanis.info\/d\/6393-2\/P1100239.jpg \/><br \/>\n^ 2006<\/p>\n<p><a href='http:\/\/ski.inmontanis.info\/d\/250254-2\/DSC06044.jpg'><img src=http:\/\/ski.inmontanis.info\/d\/250253-3\/DSC06044.jpg \/><\/a><br \/>\n^ 8EUB SS II; der SL Karleskogl hatte gerade einen l\u00e4ngeren Stillstand, daher kamen nun viele Rennfahrer zur Mittelstation<\/p>\n<p><a href='http:\/\/ski.inmontanis.info\/d\/250258-2\/DSC06045.jpg'><img src=http:\/\/ski.inmontanis.info\/d\/250257-3\/DSC06045.jpg \/><\/a><br \/>\n^ 8EUB SS II \/ SL Karleskogl. Ich konnte eine komplette Runde Abfahrt+8EUB fahren und der SL stand immer noch. <\/p>\n<p><a href='http:\/\/ski.inmontanis.info\/d\/250262-2\/DSC06050.jpg'><img src=http:\/\/ski.inmontanis.info\/d\/250261-3\/DSC06050.jpg \/><\/a><br \/>\n^ Der Gletscher um die St\u00fctze wurde im Sommer wohl etwas weggebagert.<\/p>\n<p><a href='http:\/\/ski.inmontanis.info\/d\/250266-2\/DSC06051.jpg'><img src=http:\/\/ski.inmontanis.info\/d\/250265-3\/DSC06051.jpg \/><\/a><br \/>\n^ 8EUB SS II \/ SL Karleskogl<\/p>\n<p><a href='http:\/\/ski.inmontanis.info\/d\/250270-2\/DSC06053.jpg'><img src=http:\/\/ski.inmontanis.info\/d\/250269-3\/DSC06053.jpg \/><\/a><br \/>\n^ Blick richtung Pitztal<\/p>\n<p><a href='http:\/\/ski.inmontanis.info\/d\/250274-2\/DSC06056.jpg'><img src=http:\/\/ski.inmontanis.info\/d\/250273-3\/DSC06056.jpg \/><\/a><br \/>\n^ Verbindung zum SL Seiterj\u00f6chl<\/p>\n<p><a href='http:\/\/ski.inmontanis.info\/d\/250278-2\/DSC06057.jpg'><img src=http:\/\/ski.inmontanis.info\/d\/250277-3\/DSC06057.jpg \/><\/a><br \/>\n^ Mittelstation SS-8EUB<\/p>\n<p><a href='http:\/\/ski.inmontanis.info\/d\/250282-2\/DSC06064.jpg'><img src=http:\/\/ski.inmontanis.info\/d\/250281-3\/DSC06064.jpg \/><\/a><br \/>\n^ SL Seiterj\u00f6chl<\/p>\n<p><a href='http:\/\/ski.inmontanis.info\/d\/250286-2\/DSC06067.jpg'><img src=http:\/\/ski.inmontanis.info\/d\/250285-3\/DSC06067.jpg \/><\/a><br \/>\n^ SL Seiterj\u00f6chl Talstation<\/p>\n<p><a href='http:\/\/ski.inmontanis.info\/d\/250290-2\/DSC06068.jpg'><img src=http:\/\/ski.inmontanis.info\/d\/250289-3\/DSC06068.jpg \/><\/a><br \/>\n^ Mitten auf der Schlepptrasse am SL Seiterj\u00f6chl gabs dann diesen verbogenen Metallb\u00fcgel, wo auch immer der herkommen mag..<\/p>\n<p><a href='http:\/\/ski.inmontanis.info\/d\/250294-2\/DSC06071.jpg'><img src=http:\/\/ski.inmontanis.info\/d\/250293-3\/DSC06071.jpg \/><\/a><br \/>\n^ SL Seiterj\u00f6chl. Bei meinem letzten Besuch gab&#8217;s da im oberen Bereich auch rechts am SL noch die Abfahrt, jetzt steht der SL am Gletscherrand.<\/p>\n<p><a href='http:\/\/ski.inmontanis.info\/d\/250298-2\/DSC06072.jpg'><img src=http:\/\/ski.inmontanis.info\/d\/250297-3\/DSC06072.jpg \/><\/a><br \/>\n^ SL Seiterj\u00f6chl, etwas steinig, morgens etwas knollig, nachmittags arg pappig, aber wenigstens nix los.<\/p>\n<p><a href='http:\/\/ski.inmontanis.info\/d\/250302-2\/DSC06073.jpg'><img src=http:\/\/ski.inmontanis.info\/d\/250301-3\/DSC06073.jpg \/><\/a><br \/>\n^ Ehemaliger Retour-Skiweg vom Seiterj\u00f6chl-SL<\/p>\n<p><a href='http:\/\/ski.inmontanis.info\/d\/250306-2\/DSC06080.jpg'><img src=http:\/\/ski.inmontanis.info\/d\/250305-3\/DSC06080.jpg \/><\/a><br \/>\n^ Eigentlich w\u00e4re der Weg breit genug, aber stattdessen wird weiterhin das Gletschereis vernichtet..<\/p>\n<p><a href='http:\/\/ski.inmontanis.info\/d\/250310-2\/DSC06083.jpg'><img src=http:\/\/ski.inmontanis.info\/d\/250309-3\/DSC06083.jpg \/><\/a><br \/>\n^ Rettenbachferner-ehemaliger-Gletscher-Steilhang<\/p>\n<p><a href='http:\/\/ski.inmontanis.info\/d\/250314-2\/DSC06087.jpg'><img src=http:\/\/ski.inmontanis.info\/d\/250313-3\/DSC06087.jpg \/><\/a><br \/>\n^ Das Restaurant wurde etwas umgebaut ..<\/p>\n<p><a href='http:\/\/ski.inmontanis.info\/d\/250318-2\/DSC06090.jpg'><img src=http:\/\/ski.inmontanis.info\/d\/250317-3\/DSC06090.jpg \/><\/a><br \/>\n^ .. die Toiletten, oder zumindest der Zugang befindet sich jetzt an anderer Stelle. Naja, ganz nett gemacht hier.<\/p>\n<p><a href='http:\/\/ski.inmontanis.info\/d\/250322-2\/DSC06091.jpg'><img src=http:\/\/ski.inmontanis.info\/d\/250321-3\/DSC06091.jpg \/><\/a><br \/>\n^ .. aber an der Talstation der SS-8EUB ist dieses braune Gestell doch wohl unpassend. Und warum macht eigentlich die Jungfrau-Region Werbung hier?!<\/p>\n<p><a href='http:\/\/ski.inmontanis.info\/d\/250326-2\/DSC06110.jpg'><img src=http:\/\/ski.inmontanis.info\/d\/250325-3\/DSC06110.jpg \/><\/a><br \/>\n^ Ex-Gletscher-SL Pitztaler J\u00f6chl. Da hat&#8217;s jetzt nur noch ganz oben einen winzigen Gletscher. Und man hatte hier anscheinend ein vermattetes Schneedepot.<\/p>\n<p>Im Vergleich dazu am 15.7.2006:<br \/>\n<img src=http:\/\/ski.inmontanis.info\/d\/6755-2\/P1100513.jpg \/><br \/>\n^ 2006<\/p>\n<p>.. und noch viel fr\u00fcher, mit dem ehemaligen Sommerskilift, von einer alten Karte oder Prospekt:<br \/>\n<a href='http:\/\/ski.inmontanis.info\/0alpinforum\/scan0009-2.jpg'>http:\/\/ski.inmontanis.info\/0alpinforum\/scan0009-2.jpg<\/a><\/p>\n<p><a href='http:\/\/ski.inmontanis.info\/d\/250330-2\/DSC06111.jpg'><img src=http:\/\/ski.inmontanis.info\/d\/250329-3\/DSC06111.jpg \/><\/a><br \/>\n^ Also, das ist ja mal wieder Bl\u00f6dsinn. Was ist mit Bonette? Sommeiller? Und dann reden wir noch nicht mal von den weiteren, nicht-\u00f6ffentlichen Stra\u00dfen.<\/p>\n<p><a href='http:\/\/ski.inmontanis.info\/d\/250334-2\/DSC06114.jpg'><img src=http:\/\/ski.inmontanis.info\/d\/250333-3\/DSC06114.jpg \/><\/a><br \/>\n^ Tiefenbachferner<\/p>\n<p><a href='http:\/\/ski.inmontanis.info\/d\/250338-2\/DSC06119.jpg'><img src=http:\/\/ski.inmontanis.info\/d\/250337-3\/DSC06119.jpg \/><\/a><br \/>\n^ Tiefenbachferner<\/p>\n<p><a href='http:\/\/ski.inmontanis.info\/d\/250342-2\/DSC06123.jpg'><img src=http:\/\/ski.inmontanis.info\/d\/250341-3\/DSC06123.jpg \/><\/a><br \/>\n^ 8EUB SS II vs. Pitztaler<\/p>\n<p><a href='http:\/\/ski.inmontanis.info\/d\/250346-2\/DSC06133.jpg'><img src=http:\/\/ski.inmontanis.info\/d\/250345-3\/DSC06133.jpg \/><\/a><br \/>\n^ Bergstation SL Seiterj\u00f6chl<\/p>\n<p><a href='http:\/\/ski.inmontanis.info\/d\/250350-2\/DSC06136.jpg'><img src=http:\/\/ski.inmontanis.info\/d\/250349-3\/DSC06136.jpg \/><\/a><br \/>\n^ Rettenbachferner-Steilhang<\/p>\n<p><a href='http:\/\/ski.inmontanis.info\/d\/250354-2\/DSC06138.jpg'><img src=http:\/\/ski.inmontanis.info\/d\/250353-3\/DSC06138.jpg \/><\/a><br \/>\n^ Seiterj\u00f6chl-Verbindungen<\/p>\n<p><a href='http:\/\/ski.inmontanis.info\/d\/250358-2\/DSC06140.jpg'><img src=http:\/\/ski.inmontanis.info\/d\/250357-3\/DSC06140.jpg \/><\/a><br \/>\n^ SL Seiterj\u00f6chl, am sp\u00e4teren Nachmittag wurde es nochmal etwas sonniger &#8211; und am Pistenrand 2 frische Raupenspuren, die dann nicht pappig waren wie der Rest der Piste<\/p>\n<p><a href='http:\/\/ski.inmontanis.info\/d\/250362-2\/DSC06141.jpg'><img src=http:\/\/ski.inmontanis.info\/d\/250361-3\/DSC06141.jpg \/><\/a><br \/>\n^ SL Seiterj\u00f6chl. Da muss ich mich jetzt erst noch daran gew\u00f6hnen, dass es hier keine Abfahrt mehr gibt.<\/p>\n<p><a href='http:\/\/ski.inmontanis.info\/d\/250366-2\/DSC06142.jpg'><img src=http:\/\/ski.inmontanis.info\/d\/250365-3\/DSC06142.jpg \/><\/a><br \/>\n^ Seen<\/p>\n<p>Dort, wo jetzt links dieser gro\u00dfe Gletschersee ist, lag 2006 noch dicker Gletscher, hier aus einer anderen Perspektive, aber die 2 kleinen Seen sieht man dort ebenso:<br \/>\n<img src=http:\/\/ski.inmontanis.info\/d\/6734-2\/P1100504.jpg \/><br \/>\n^ 15.7.2006<\/p>\n<p><a href='http:\/\/ski.inmontanis.info\/d\/250370-2\/DSC06145.jpg'><img src=http:\/\/ski.inmontanis.info\/d\/250369-3\/DSC06145.jpg \/><\/a><br \/>\n^ Wie man unten rechts am See leicht erkennen kann, ist der Weg hier bis vor zur EUB noch auf Gletscher. Bleibt also noch spannend, wie das in den n\u00e4chsten Jahren weiter gehen wird..<\/p>\n<p>Nat\u00fcrlich gibts noch ein paar Zoom-Fotos in die umliegenden Gletschergebiete, wobei der Blick zum Stubaier leider sp\u00e4ter bei besserem Wetter nicht mehr m\u00f6glich war:<\/p>\n<p><a href='http:\/\/ski.inmontanis.info\/d\/250382-2\/DSC06030.jpg'><img src=http:\/\/ski.inmontanis.info\/d\/250381-3\/DSC06030.jpg \/><\/a><br \/>\n^ Zoom Stubaier \/ Windachferner vom \u00d6tztaler<\/p>\n<p><a href='http:\/\/ski.inmontanis.info\/d\/250374-2\/DSC06035.jpg'><img src=http:\/\/ski.inmontanis.info\/d\/250373-3\/DSC06035.jpg \/><\/a><br \/>\n^ Zoom Pitztaler vom \u00d6tztaler<\/p>\n<p><a href='http:\/\/ski.inmontanis.info\/d\/250378-2\/DSC06128.jpg'><img src=http:\/\/ski.inmontanis.info\/d\/250377-3\/DSC06128.jpg \/><\/a><br \/>\n^ Zoom Pitztaler vom \u00d6tztaler<\/p>\n<p>Fazit: Naja, war schon OK, aber die Sommerskitage am Hintertuxer waren doch um einiges interessanter und abwechslungsreicher. 33 Tage w\u00fcrd ich&#8217;s hier nicht aushalten :) Im Grunde hat man hier halt doch nur eine einzige Piste mit zwei kurzen Anh\u00e4ngseln, zudem sind mir die Gef\u00e4lle der Pisten am Hintertuxer (und auch am Kaunertaler) sympathischer, die flachen St\u00fccke heute waren mir zu flach, die steilen St\u00fccke nicht steil genug. <\/p>\n","protected":false},"excerpt":{"rendered":"<p>Eigentlich h\u00e4tte ich ja dieses WE f\u00fcr 2 Tage zum Nicht-Skifahren nach Italien fahren wollen. Aber die Wettervorhersagen waren nicht besonders, also stand einerseits die Kampenwand (Abholen der Saisonkarte und erstmalige Nutzung) auf dem Plan, und, sofern es wetterm\u00e4\u00dfig sinnvoll ist, ein Skitag. Denn je sp\u00e4ter der Oktober wird, desto weniger sinnvoll ist ja ein <a href=\"http:\/\/blog.inmontanis.info\/?p=5243\">[&#8230;]<\/a><\/p>\n","protected":false},"author":1,"featured_media":0,"comment_status":"closed","ping_status":"closed","sticky":false,"template":"","format":"standard","meta":{"footnotes":""},"categories":[25,13,897],"tags":[53,51,54,45,47],"class_list":["post-5243","post","type-post","status-publish","format-standard","hentry","category-noreport","category-austria","category-solden","tag-8eub","tag-architektur","tag-gletschervergleich","tag-see","tag-sl","odd"],"_links":{"self":[{"href":"http:\/\/blog.inmontanis.info\/index.php?rest_route=\/wp\/v2\/posts\/5243","targetHints":{"allow":["GET"]}}],"collection":[{"href":"http:\/\/blog.inmontanis.info\/index.php?rest_route=\/wp\/v2\/posts"}],"about":[{"href":"http:\/\/blog.inmontanis.info\/index.php?rest_route=\/wp\/v2\/types\/post"}],"author":[{"embeddable":true,"href":"http:\/\/blog.inmontanis.info\/index.php?rest_route=\/wp\/v2\/users\/1"}],"replies":[{"embeddable":true,"href":"http:\/\/blog.inmontanis.info\/index.php?rest_route=%2Fwp%2Fv2%2Fcomments&post=5243"}],"version-history":[{"count":4,"href":"http:\/\/blog.inmontanis.info\/index.php?rest_route=\/wp\/v2\/posts\/5243\/revisions"}],"predecessor-version":[{"id":5247,"href":"http:\/\/blog.inmontanis.info\/index.php?rest_route=\/wp\/v2\/posts\/5243\/revisions\/5247"}],"wp:attachment":[{"href":"http:\/\/blog.inmontanis.info\/index.php?rest_route=%2Fwp%2Fv2%2Fmedia&parent=5243"}],"wp:term":[{"taxonomy":"category","embeddable":true,"href":"http:\/\/blog.inmontanis.info\/index.php?rest_route=%2Fwp%2Fv2%2Fcategories&post=5243"},{"taxonomy":"post_tag","embeddable":true,"href":"http:\/\/blog.inmontanis.info\/index.php?rest_route=%2Fwp%2Fv2%2Ftags&post=5243"}],"curies":[{"name":"wp","href":"https:\/\/api.w.org\/{rel}","templated":true}]}}