{"id":5227,"date":"2018-09-30T23:12:19","date_gmt":"2018-09-30T21:12:19","guid":{"rendered":"http:\/\/blog.inmontanis.info\/?p=5227"},"modified":"2023-07-01T20:57:41","modified_gmt":"2023-07-01T18:57:41","slug":"hintertuxer-gletscher-29-30-9-2018","status":"publish","type":"post","link":"http:\/\/blog.inmontanis.info\/?p=5227","title":{"rendered":"Hintertuxer Gletscher, 29.+30.9.2018"},"content":{"rendered":"<p><strong>Sa, 29.9.2018<\/strong><\/p>\n<p>Dies ist nun also das letzte Wochenende meiner intensivsten Hintertuxer Sommersaison seit jeher. Die Hoffnung, dass ich am letzten WE nochmals zum Kaserer fahren werde k\u00f6nnen, wurde mir durch diesen Sommer ja schon vor 2 Wochen genommen. Das bisschen Neuschnee seit letztem Wochenende verbesserte die Lage aber wenigstens abschnittsweise etwas. <\/p>\n<p>Ein sehr sonniger Tag, am Olperer voller und f\u00fcr mich tendenziell schlechter als z.B. letzten Sonntag, an der GW und TFH-Abfahrt vormittags stellenweise recht eisig, aber ab Mittag dann angenehmer, so dass ich bis nach 15 Uhr geblieben bin.<\/p>\n<p>Ein Mitarbeiter hat mir erz\u00e4hlt, dass die Matten im Kasererbereich erst in den letzten Tagen vollst\u00e4ndig entfernt wurden und dass der rechte Kaserer-SL wohl seine letzte Saison haben wird und dann entweder versetzt oder ersetzt werden soll. Die Matten unten am Schlegeis wurden noch nicht entfernt, es muss erst mal die Pistenraupe einen Weg durch die Spalten nach unten finden .. Von jemand anders hab ich ein paar Bilder vom Kasererbereich bekommen, die mehrere neue Felsausaperungen zeigen. Scheint also wohl generell nur noch wenig Gletscher dort zu sein, wobei das ja eigentlich sogar positiv w\u00e4re. Jedenfalls w\u00e4re das besser als Steilh\u00e4nge und eine tiefe Mulde, in der man dann auch nach Abschmelzen des Gletschers nicht mehr fahren k\u00f6nnte. So bliebe der Hang dann wenigstens im Winter\/Fr\u00fchjahr &#8211; bzw. mit Schneedepots dann auch noch abschnittsweise im Herbst fahrbar.<\/p>\n<p>Der Olperer-SL blieb heute nachmittags l\u00e4nger offen, vmtl. wegen einiger Renntrainings. Wobei es ja nicht un\u00fcblich ist, dass man Ende September wieder bis 16 Uhr offen hat &#8211; aber normalerweise halt bei mehr Schnee und besseren Bedingungen.<\/p>\n<p><strong>So, 30.9.2018<\/strong><\/p>\n<p>Heute bin ich noch ein bisschen sp\u00e4ter raufgefahren, da es ja eh nachmittags sch\u00f6ner ist. Auch heute war es wieder ein sehr sonniger Tag. Wer meine Berichte kennt, wei\u00df, dass mir sonniges Wetter und schlechter Schnee eh lieber ist als schlechtes Wetter und toller Schnee. Wobei es abschnittsweise ja eh nicht so schlecht heute war, mit dem Wetter einbezogen war es wohl sogar eines der besten Wochenenden der ganzen Saison. Geblieben bin ich bis diesmal bis zum Schluss und hab mich noch von ein paar der Liftarbeiter verabschiedet, mit denen ich in den letzten Wochen etwas geplaudert hatte. Kaserer soll nun \u00fcbrigens ab Mittwoch aufgehen, wurde mir erz\u00e4hlt.<\/p>\n<p><a href='http:\/\/ski.inmontanis.info\/d\/250126-2\/DSC05898.jpg'><img src=http:\/\/ski.inmontanis.info\/d\/250125-3\/DSC05898.jpg \/><\/a><br \/>\n^ Die DSB-Abfahrt ist wieder auf ganzer Breite fahrbar<\/p>\n<p><a href='http:\/\/ski.inmontanis.info\/d\/250130-2\/DSC05904.jpg'><img src=http:\/\/ski.inmontanis.info\/d\/250129-3\/DSC05904.jpg \/><\/a><br \/>\n^ DSB Bergstation vs. Nebelmeer<\/p>\n<p><a href='http:\/\/ski.inmontanis.info\/d\/250134-2\/DSC05907.jpg'><img src=http:\/\/ski.inmontanis.info\/d\/250133-3\/DSC05907.jpg \/><\/a><br \/>\n^ SL Olperer, manchmal musste man ein paar B\u00fcgel abwarten, aber nicht schlimm.<\/p>\n<p><a href='http:\/\/ski.inmontanis.info\/d\/250138-2\/DSC05910.jpg'><img src=http:\/\/ski.inmontanis.info\/d\/250137-3\/DSC05910.jpg \/><\/a><br \/>\n^ 3SB Schlegeis, viele Spalten auf der Abfahrt<\/p>\n<p><a href='http:\/\/ski.inmontanis.info\/d\/250142-2\/DSC05916.jpg'><img src=http:\/\/ski.inmontanis.info\/d\/250141-3\/DSC05916.jpg \/><\/a><br \/>\n^ S\u00fcdpano durch die Wolken<\/p>\n<p><a href='http:\/\/ski.inmontanis.info\/d\/250146-2\/DSC05917.jpg'><img src=http:\/\/ski.inmontanis.info\/d\/250145-3\/DSC05917.jpg \/><\/a><br \/>\n^ Offpiste mit etwas Neuschnee, firnig und nett zu fahren<\/p>\n<p><a href='http:\/\/ski.inmontanis.info\/d\/250150-2\/DSC05926.jpg'><img src=http:\/\/ski.inmontanis.info\/d\/250149-3\/DSC05926.jpg \/><\/a><br \/>\n^ Neben dem G.W.-SL sind ein paar alte Sachen weiter ausgeapert<\/p>\n<p><a href='http:\/\/ski.inmontanis.info\/d\/250154-2\/DSC05928.jpg'><img src=http:\/\/ski.inmontanis.info\/d\/250153-3\/DSC05928.jpg \/><\/a><br \/>\n^ Neben dem G.W.-SL sind ein paar alte Sachen weiter ausgeapert<\/p>\n<p><a href='http:\/\/ski.inmontanis.info\/d\/250158-2\/DSC05932.jpg'><img src=http:\/\/ski.inmontanis.info\/d\/250157-3\/DSC05932.jpg \/><\/a><br \/>\n^ Neben dem G.W.-SL sind ein paar alte Sachen weiter ausgeapert<\/p>\n<p><a href='http:\/\/ski.inmontanis.info\/d\/250162-2\/DSC05933.jpg'><img src=http:\/\/ski.inmontanis.info\/d\/250161-3\/DSC05933.jpg \/><\/a><br \/>\n^ Hatte Gl\u00fcck mit den Fotos, eine halbe Stunde sp\u00e4ter kam eine Pistenraupe und r\u00e4umte alles weg.<\/p>\n<p><a href='http:\/\/ski.inmontanis.info\/d\/250166-2\/DSC05937.jpg'><img src=http:\/\/ski.inmontanis.info\/d\/250165-3\/DSC05937.jpg \/><\/a><br \/>\n^ W\u00e4hrend die Abfahrt (rechts) sehr eisig ist, flechtete ich mal eben einen Zopf auf der besseren Pistenraupenzufahrt<\/p>\n<p>Fotos vom Sonntag:<\/p>\n<p><a href='http:\/\/ski.inmontanis.info\/d\/250170-2\/DSC05939.jpg'><img src=http:\/\/ski.inmontanis.info\/d\/250169-3\/DSC05939.jpg \/><\/a><br \/>\n^ Zoom von Sommerbergalm zum Bereich zwischen den Gondeln<\/p>\n<p><a href='http:\/\/ski.inmontanis.info\/d\/250174-2\/DSC05943.jpg'><img src=http:\/\/ski.inmontanis.info\/d\/250173-3\/DSC05943.jpg \/><\/a><br \/>\n^ Zoom von Sommerbergalm zu L\u00e4rmstange-2-KSB (Ex-Kaserer-Kurven-SL)<\/p>\n<p><a href='http:\/\/ski.inmontanis.info\/d\/250178-2\/DSC05944.jpg'><img src=http:\/\/ski.inmontanis.info\/d\/250177-3\/DSC05944.jpg \/><\/a><br \/>\n^ Linker SL Kaserer mit wohl einigen neuen Felsausaperungen<\/p>\n<p><a href='http:\/\/ski.inmontanis.info\/d\/250182-2\/DSC05946.jpg'><img src=http:\/\/ski.inmontanis.info\/d\/250181-3\/DSC05946.jpg \/><\/a><br \/>\n^ Rechter SL Kaserer mit heuer wohl einigen neuen Felsausaperungen<\/p>\n<p><a href='http:\/\/ski.inmontanis.info\/d\/250186-2\/DSC05947.jpg'><img src=http:\/\/ski.inmontanis.info\/d\/250185-3\/DSC05947.jpg \/><\/a><br \/>\n^ TFH-Hang Ende<\/p>\n<p><a href='http:\/\/ski.inmontanis.info\/d\/250194-2\/DSC05956.jpg'><img src=http:\/\/ski.inmontanis.info\/d\/250193-3\/DSC05956.jpg \/><\/a><br \/>\n^ Endlich mal wieder eine gute Fernsicht in die Dolomiten<\/p>\n<p><a href='http:\/\/ski.inmontanis.info\/d\/250190-2\/DSC05957.jpg'><img src=http:\/\/ski.inmontanis.info\/d\/250189-3\/DSC05957.jpg \/><\/a><br \/>\n^ GW- und Olperer-SL von der DSB<\/p>\n<p><a href='http:\/\/ski.inmontanis.info\/d\/250198-2\/DSC05968.jpg'><img src=http:\/\/ski.inmontanis.info\/d\/250197-3\/DSC05968.jpg \/><\/a><br \/>\n^ Noch vermattetes Abfahrtsende 3SB Schlegeis<\/p>\n<p><a href='http:\/\/ski.inmontanis.info\/d\/250122-2\/DSC05974.jpg'><img src=http:\/\/ski.inmontanis.info\/d\/250121-3\/DSC05974.jpg \/><\/a><br \/>\n^ Zoom Stubaier Gletscher vom SL Olperer \/ Hintertux<\/p>\n<p><a href='http:\/\/ski.inmontanis.info\/d\/250202-2\/DSC05978.jpg'><img src=http:\/\/ski.inmontanis.info\/d\/250201-3\/DSC05978.jpg \/><\/a><br \/>\n^ Zoom zum Ortler; rechts daneben\/dahinter am Ende der Geraden soll die Geisterspitze sein, d.h. zum Stelvio-Skigebiet sieht man leider ganz knapp nicht.<\/p>\n<p><a href='http:\/\/ski.inmontanis.info\/d\/250206-2\/DSC05979.jpg'><img src=http:\/\/ski.inmontanis.info\/d\/250205-3\/DSC05979.jpg \/><\/a><br \/>\n^ Zoom Cevedale, da scheints wohl noch etwas mehr Gletscher zu haben<\/p>\n<p><a href='http:\/\/ski.inmontanis.info\/d\/250210-2\/DSC05984.jpg'><img src=http:\/\/ski.inmontanis.info\/d\/250209-3\/DSC05984.jpg \/><\/a><br \/>\n^ Pano von oberhalb SL Olperer, heute hat sich der einzige Aufstieg dieses Jahres mal gelohnt<\/p>\n<p><a href='http:\/\/ski.inmontanis.info\/d\/250214-2\/DSC05988.jpg'><img src=http:\/\/ski.inmontanis.info\/d\/250213-3\/DSC05988.jpg \/><\/a><br \/>\n^ Standard-Bild von den Olperer-SL r\u00fcber zur G.W.<\/p>\n<p><a href='http:\/\/ski.inmontanis.info\/d\/250218-2\/DSC05990.jpg'><img src=http:\/\/ski.inmontanis.info\/d\/250217-3\/DSC05990.jpg \/><\/a><br \/>\n^ Bergstation und Ausstiege der beiden SL Olperer<\/p>\n<p><a href='http:\/\/ski.inmontanis.info\/d\/250222-2\/DSC05996.jpg'><img src=http:\/\/ski.inmontanis.info\/d\/250221-3\/DSC05996.jpg \/><\/a><br \/>\n^ Nachdem man den oberen Kasererweg den ganzen Sommer mit Schnee versorgt hatte &#8211; hatte man ihn doch irgendwann aufgegeben<\/p>\n<p><a href='http:\/\/ski.inmontanis.info\/d\/250226-2\/DSC05999.jpg'><img src=http:\/\/ski.inmontanis.info\/d\/250225-3\/DSC05999.jpg \/><\/a><br \/>\n^ .. allerdings wurde der Weg ab Mittag von Kasererseite mit Schnee versorgt und soll ab Mittwoch aufgehen.<\/p>\n<p><a href='http:\/\/ski.inmontanis.info\/d\/250230-2\/DSC06001.jpg'><img src=http:\/\/ski.inmontanis.info\/d\/250229-3\/DSC06001.jpg \/><\/a><br \/>\n^ Mittlere Kaserer-Verbindungen<\/p>\n<p><a href='http:\/\/ski.inmontanis.info\/d\/250234-2\/DSC06002.jpg'><img src=http:\/\/ski.inmontanis.info\/d\/250233-3\/DSC06002.jpg \/><\/a><br \/>\n^ Beschneiung und Gletscherstand<\/p>\n<p>Damit ist nun meine bisher intensivste Hintertuxer Sommersaison beendet. H\u00e4tte ja zu Beginn nicht gedacht, dass ich tats\u00e4chlich fast jedes Wochenende an beiden Tagen rauffahren w\u00fcrde und dass es mir hier tats\u00e4chlich nicht zu langweilig wurde. Gut m\u00f6glich, dass ich mir die Karte in Zukunft j\u00e4hrlich kaufen werde, so lang es noch durchgehend Sommerski am Hintertuxer gibt&#8230;<\/p>\n<p>Insgesamt war ich diesen Sommer 33x am Hintertuxer, was fast 1\/4 meiner gesamten bisherigen Besuchsanzahl am Hintertuxer entspricht! Die l\u00e4ngste Reihe (ununterbrochen hintereinander) war 21x, bisheriger Rekord in der Hinsicht 18x hintereinander am Stubaier. <\/p>\n<p><a href='http:\/\/ski.inmontanis.info\/d\/250238-2\/ge201805-09a.jpg'><img src=http:\/\/ski.inmontanis.info\/d\/250237-3\/ge201805-09a.jpg \/><\/a><br \/>\n^ Meine kompletten GPS-Tracks 2018<\/p>\n<p><a href='http:\/\/ski.inmontanis.info\/d\/250242-2\/ge201805-09d.jpg'><img src=http:\/\/ski.inmontanis.info\/d\/250241-3\/ge201805-09d.jpg \/><\/a><br \/>\n^ Meine kompletten GPS-Tracks 2018, Ausschnitt G.W.<\/p>\n<p>Die n\u00e4chsten ca. 2 Monate werd ich&#8217;s also etwas ruhiger angehen, wohl maximal 1x pro WE Ski fahren, vermutlich ca. 1-3x am Kaunertaler, 1x S\u00f6lden, 1x Stubaier, evtl. auch mal den einen oder anderen Wochenendausflug ohne Ski ..<\/p>\n<p>## Ende ##<\/p>\n","protected":false},"excerpt":{"rendered":"<p>Sa, 29.9.2018<\/p>\n<p>Dies ist nun also das letzte Wochenende meiner intensivsten Hintertuxer Sommersaison seit jeher. Die Hoffnung, dass ich am letzten WE nochmals zum Kaserer fahren werde k\u00f6nnen, wurde mir durch diesen Sommer ja schon vor 2 Wochen genommen. Das bisschen Neuschnee seit letztem Wochenende verbesserte die Lage aber wenigstens abschnittsweise etwas. <\/p>\n<p>Ein sehr <a href=\"http:\/\/blog.inmontanis.info\/?p=5227\">[&#8230;]<\/a><\/p>\n","protected":false},"author":1,"featured_media":0,"comment_status":"closed","ping_status":"closed","sticky":false,"template":"","format":"standard","meta":{"footnotes":""},"categories":[246,25,13,28],"tags":[38,77,47],"class_list":["post-5227","post","type-post","status-publish","format-standard","hentry","category-hintertux","category-noreport","category-austria","category-skifahren-sommer","tag-dsb","tag-nebelmeer","tag-sl","odd"],"_links":{"self":[{"href":"http:\/\/blog.inmontanis.info\/index.php?rest_route=\/wp\/v2\/posts\/5227","targetHints":{"allow":["GET"]}}],"collection":[{"href":"http:\/\/blog.inmontanis.info\/index.php?rest_route=\/wp\/v2\/posts"}],"about":[{"href":"http:\/\/blog.inmontanis.info\/index.php?rest_route=\/wp\/v2\/types\/post"}],"author":[{"embeddable":true,"href":"http:\/\/blog.inmontanis.info\/index.php?rest_route=\/wp\/v2\/users\/1"}],"replies":[{"embeddable":true,"href":"http:\/\/blog.inmontanis.info\/index.php?rest_route=%2Fwp%2Fv2%2Fcomments&post=5227"}],"version-history":[{"count":3,"href":"http:\/\/blog.inmontanis.info\/index.php?rest_route=\/wp\/v2\/posts\/5227\/revisions"}],"predecessor-version":[{"id":5234,"href":"http:\/\/blog.inmontanis.info\/index.php?rest_route=\/wp\/v2\/posts\/5227\/revisions\/5234"}],"wp:attachment":[{"href":"http:\/\/blog.inmontanis.info\/index.php?rest_route=%2Fwp%2Fv2%2Fmedia&parent=5227"}],"wp:term":[{"taxonomy":"category","embeddable":true,"href":"http:\/\/blog.inmontanis.info\/index.php?rest_route=%2Fwp%2Fv2%2Fcategories&post=5227"},{"taxonomy":"post_tag","embeddable":true,"href":"http:\/\/blog.inmontanis.info\/index.php?rest_route=%2Fwp%2Fv2%2Ftags&post=5227"}],"curies":[{"name":"wp","href":"https:\/\/api.w.org\/{rel}","templated":true}]}}