{"id":5213,"date":"2018-09-23T18:48:00","date_gmt":"2018-09-23T16:48:00","guid":{"rendered":"http:\/\/blog.inmontanis.info\/?p=5213"},"modified":"2023-07-01T20:57:39","modified_gmt":"2023-07-01T18:57:39","slug":"hintertuxer-gletscher-22-23-9-2018","status":"publish","type":"post","link":"http:\/\/blog.inmontanis.info\/?p=5213","title":{"rendered":"Hintertuxer Gletscher, 22.+23.9.2018"},"content":{"rendered":"<p><strong>Sa, 22.9.<\/strong><\/p>\n<p>\u00dcber Nacht kam etwas Regen, war aber wohl etwas k\u00fchler, zumindest war es heute vormittag zwar etwas matschig, aber in erster Linie eisig. Die Abfahrt richtung Olperer war somit noch schlimmer zu fahren (und heute war ich froh um das Cruncheis dort). Auch am Olperer ging&#8217;s nicht viel besser, die leichte linke aufgrund vieler Fahrer schon unruhig aufgefahren, die rechte abschnittsweise auch zu vereist. Gleiches galt dann auch f\u00fcr die DSB-Abfahrt. In Summe gab es leider keinen \u00fcberzeugenden Pistenabschnitt heute, weshalb ich schon vor 11:30  aufh\u00f6rte.<\/p>\n<p><strong>So, 23.9.<\/strong><\/p>\n<p>Auch heute Nacht gab es wieder etwas Regen, allerdings durch F\u00f6hn wohl etwas w\u00e4rmer und die Pisten waren heute vormittag um einiges matschiger als gestern. Fand ich aber doch eher vorteilhaft gegen\u00fcber dem gestrigen Eis. Entsprechend blieb ich heut etwas l\u00e4nger (13 Uhr), auch die rechte Olperer-Abfahrt war wieder etwas besser bzw. gut genug, dass ich ein paar Mal dort gefahren bin.<\/p>\n<p>Nachdem weiterhin kein gr\u00f6\u00dferer Schneefall in Sicht ist und wenn es nicht noch etliche unangetastete Schneedepots g\u00e4be, w\u00fcrde ich meinen, dass eine Einstellung des Skibetriebs noch m\u00f6glich sein k\u00f6nnte. Oder anders gesagt, ohne die Beschneiung der letzten Jahre w\u00e4re nicht schon lange Schluss gewesen, sondern es w\u00fcrde auch noch einige Zeit geschlossen bleiben. Mit den aktuellen Depots wird man aber wohl auch noch einen eventuell schneearmen Oktober durchstehen..<\/p>\n<p>Fotos vom Grauen, \u00e4h Samstag:<\/p>\n<p><a href='http:\/\/ski.inmontanis.info\/d\/250030-2\/DSC05830_001.jpg'><img src=http:\/\/ski.inmontanis.info\/d\/250029-3\/DSC05830_001.jpg \/><\/a><br \/>\n^ Talstation GB3<\/p>\n<p><a href='http:\/\/ski.inmontanis.info\/d\/250034-2\/DSC05836_001.jpg'><img src=http:\/\/ski.inmontanis.info\/d\/250033-3\/DSC05836_001.jpg \/><\/a><br \/>\n^ Talstation DSB IV<\/p>\n<p><a href='http:\/\/ski.inmontanis.info\/d\/250038-2\/DSC05837_001.jpg'><img src=http:\/\/ski.inmontanis.info\/d\/250037-3\/DSC05837_001.jpg \/><\/a><br \/>\n^ Bergstation 10EUB aus der DSB, evtl. f\u00fcr sp\u00e4tere Vergleiche mal interessant.<\/p>\n<p><a href='http:\/\/ski.inmontanis.info\/d\/250042-2\/DSC05844.jpg'><img src=http:\/\/ski.inmontanis.info\/d\/250041-3\/DSC05844.jpg \/><\/a><br \/>\n^ SL Olperer und Funpark. Hier hat&#8217;s noch Schnee, wird aber auch langsam d\u00fcnn.<\/p>\n<p><a href='http:\/\/ski.inmontanis.info\/d\/250046-2\/DSC05845.jpg'><img src=http:\/\/ski.inmontanis.info\/d\/250045-3\/DSC05845.jpg \/><\/a><br \/>\n^ Nan\u00fc, ist hier seit der letzten Woche noch ein St\u00fcck von dem Felsriegel neu ausgeapert? Das kleine da links? Na nerv.<\/p>\n<p><a href='http:\/\/ski.inmontanis.info\/d\/250050-2\/DSC05846.jpg'><img src=http:\/\/ski.inmontanis.info\/d\/250049-3\/DSC05846.jpg \/><\/a><br \/>\n^ Letztes WE ja damit angefangen, hat man jetzt die Steine von der linken GW-Seite  hier zusammengeschoben  und transportiert sie ab.<\/p>\n<p>Fotos vom Sonntag:<\/p>\n<p><a href='http:\/\/ski.inmontanis.info\/d\/250054-2\/DSC05863.jpg'><img src=http:\/\/ski.inmontanis.info\/d\/250053-3\/DSC05863.jpg \/><\/a><br \/>\n^ TFH-Abfahrt<\/p>\n<p><a href='http:\/\/ski.inmontanis.info\/d\/250058-2\/DSC05867.jpg'><img src=http:\/\/ski.inmontanis.info\/d\/250057-3\/DSC05867.jpg \/><\/a><br \/>\n^ GW-SL. Bis zur H\u00e4lfte ging der Hang sp\u00e4ter gut zu fahren (matschiges Eis), danach war&#8217;s hart (ruppiger Gletscher).<\/p>\n<p><a href='http:\/\/ski.inmontanis.info\/d\/250062-2\/DSC05868.jpg'><img src=http:\/\/ski.inmontanis.info\/d\/250061-3\/DSC05868.jpg \/><\/a><br \/>\n^ Blick von den GW-SL r\u00fcber zu den Olperer-SL<\/p>\n<p><a href='http:\/\/ski.inmontanis.info\/d\/250070-2\/DSC05871.jpg'><img src=http:\/\/ski.inmontanis.info\/d\/250069-3\/DSC05871.jpg \/><\/a><br \/>\n^ TFH-Abfahrt ist im Mittelteil auch fast nur noch Eis. Irgendwann hatte man die Abfahrt doch mal \u00fcber&#8217;s Depot gelegt?!<\/p>\n<p><a href='http:\/\/ski.inmontanis.info\/d\/250074-2\/DSC05872.jpg'><img src=http:\/\/ski.inmontanis.info\/d\/250073-3\/DSC05872.jpg \/><\/a><br \/>\n^ Rechte GW-Abfahrt \/ Verbindungsabfahrt richtung Olperer-SL. Im oberen Bereich durch den Matsch ja noch halbwegs OK fahrbar ..<\/p>\n<p><a href='http:\/\/ski.inmontanis.info\/d\/250078-2\/DSC05875.jpg'><img src=http:\/\/ski.inmontanis.info\/d\/250077-3\/DSC05875.jpg \/><\/a><br \/>\n^ .. weiter unten dann leider sehr rutschiges Blankeis und nix f\u00fcr schwache Nerven.<\/p>\n<p><a href='http:\/\/ski.inmontanis.info\/d\/250082-2\/DSC05877.jpg'><img src=http:\/\/ski.inmontanis.info\/d\/250081-3\/DSC05877.jpg \/><\/a><br \/>\n^ .. und am Ende muss man noch auf diese Rinne aufpassen.<\/p>\n<p><a href='http:\/\/ski.inmontanis.info\/d\/250086-2\/DSC05879.jpg'><img src=http:\/\/ski.inmontanis.info\/d\/250085-3\/DSC05879.jpg \/><\/a><br \/>\n^ Olperer-SL. Matsch, Dreck, Rinnen, tiefe Wasserpf\u00fctzen ..<\/p>\n<p><a href='http:\/\/ski.inmontanis.info\/d\/250090-2\/DSC05880.jpg'><img src=http:\/\/ski.inmontanis.info\/d\/250089-3\/DSC05880.jpg \/><\/a><br \/>\n^ Also, beim Restschneefahren im Fr\u00fchjahr in normalen Skigebieten sind die Pisten zumeist weniger schmutzig ;-)<\/p>\n<p><a href='http:\/\/ski.inmontanis.info\/d\/250094-2\/DSC05881.jpg'><img src=http:\/\/ski.inmontanis.info\/d\/250093-3\/DSC05881.jpg \/><\/a><br \/>\n^ GW von der rechten Olperer-SL-Abfahrt, die au\u00dfer mir mal wieder fast keiner gefahren ist. Ich fand sie oben und unten gut, in der Mitte immer noch besser als die Eish\u00e4nge gegen\u00fcber.<\/p>\n<p><a href='http:\/\/ski.inmontanis.info\/d\/250098-2\/DSC05882.jpg'><img src=http:\/\/ski.inmontanis.info\/d\/250097-3\/DSC05882.jpg \/><\/a><br \/>\n^ Das Eisloch zwischen den Gondeln ist auch gr\u00f6\u00dfer geworden. Aktuell liegt ja noch ganz sch\u00f6n viel Eis hier, scheint wohl eine etwas ebene Fl\u00e4che zu sein&#8230;<\/p>\n<p><a href='http:\/\/ski.inmontanis.info\/d\/250102-2\/DSC05883.jpg'><img src=http:\/\/ski.inmontanis.info\/d\/250101-3\/DSC05883.jpg \/><\/a><br \/>\n^ .. das hei\u00dft, dass bei weiterem Gletscherabschmelzen der Freeride-Hang hier relativ sicher Geschichte sein wird.<\/p>\n<p><a href='http:\/\/ski.inmontanis.info\/d\/250106-2\/DSC05887.jpg'><img src=http:\/\/ski.inmontanis.info\/d\/250105-3\/DSC05887.jpg \/><\/a><br \/>\n^ Die DSB-Abfahrt wurde oberhalb der 10EUB-Bergstation seit heute (oder gestern Nachmittag) eingeengt, weil es rechts zu viel Steine auf der Piste gibt. Aber die hier \u00fcbertreiben etwas, denn in dem Matsch blieb man nicht mehr an Steinen h\u00e4ngen. Da hat man den ganzen Tag \u00fcber an den SL-Talstationen etc. mehr Steine ..<\/p>\n<p><a href='http:\/\/ski.inmontanis.info\/d\/250066-2\/DSC05869.jpg'><img src=http:\/\/ski.inmontanis.info\/d\/250065-3\/DSC05869.jpg \/><\/a><br \/>\n^ Der Grund f\u00fcr die Verengung der DSB-Abfahrt sind die ganzen Steine hier. Man darf nur hoffen, dass das wirklich alles nur Steine sind (Felssturz oder vom Bau der DSB) und sich da nicht schon ein neuer Felsriegel ank\u00fcndigt auszuapern.<\/p>\n<p><a href='http:\/\/ski.inmontanis.info\/d\/250110-2\/DSC05892.jpg'><img src=http:\/\/ski.inmontanis.info\/d\/250109-3\/DSC05892.jpg \/><\/a><br \/>\n^ Ab Mittag war das Wetter h\u00f6chst zweigeteilt.<\/p>\n<p><a href='http:\/\/ski.inmontanis.info\/d\/250114-2\/DSC05893.jpg'><img src=http:\/\/ski.inmontanis.info\/d\/250113-3\/DSC05893.jpg \/><\/a><br \/>\n^ Blick auf den Restgletscher am Freeridehang zwischen den Gondeln. F\u00fcr zuk\u00fcnftige Gletscherschwundfotos vermutlich interessant.<\/p>\n<p><a href='http:\/\/ski.inmontanis.info\/d\/250118-2\/DSC05896.jpg'><img src=http:\/\/ski.inmontanis.info\/d\/250117-3\/DSC05896.jpg \/><\/a><br \/>\n^ Verbindungswege zum\/vom Kaserer-SL.<\/p>\n","protected":false},"excerpt":{"rendered":"<p>Sa, 22.9.<\/p>\n<p>\u00dcber Nacht kam etwas Regen, war aber wohl etwas k\u00fchler, zumindest war es heute vormittag zwar etwas matschig, aber in erster Linie eisig. Die Abfahrt richtung Olperer war somit noch schlimmer zu fahren (und heute war ich froh um das Cruncheis dort). Auch am Olperer ging&#8217;s nicht viel besser, die leichte linke aufgrund <a href=\"http:\/\/blog.inmontanis.info\/?p=5213\">[&#8230;]<\/a><\/p>\n","protected":false},"author":1,"featured_media":0,"comment_status":"closed","ping_status":"closed","sticky":false,"template":"","format":"standard","meta":{"footnotes":""},"categories":[246,25,13,28],"tags":[],"class_list":["post-5213","post","type-post","status-publish","format-standard","hentry","category-hintertux","category-noreport","category-austria","category-skifahren-sommer","odd"],"_links":{"self":[{"href":"http:\/\/blog.inmontanis.info\/index.php?rest_route=\/wp\/v2\/posts\/5213","targetHints":{"allow":["GET"]}}],"collection":[{"href":"http:\/\/blog.inmontanis.info\/index.php?rest_route=\/wp\/v2\/posts"}],"about":[{"href":"http:\/\/blog.inmontanis.info\/index.php?rest_route=\/wp\/v2\/types\/post"}],"author":[{"embeddable":true,"href":"http:\/\/blog.inmontanis.info\/index.php?rest_route=\/wp\/v2\/users\/1"}],"replies":[{"embeddable":true,"href":"http:\/\/blog.inmontanis.info\/index.php?rest_route=%2Fwp%2Fv2%2Fcomments&post=5213"}],"version-history":[{"count":3,"href":"http:\/\/blog.inmontanis.info\/index.php?rest_route=\/wp\/v2\/posts\/5213\/revisions"}],"predecessor-version":[{"id":5216,"href":"http:\/\/blog.inmontanis.info\/index.php?rest_route=\/wp\/v2\/posts\/5213\/revisions\/5216"}],"wp:attachment":[{"href":"http:\/\/blog.inmontanis.info\/index.php?rest_route=%2Fwp%2Fv2%2Fmedia&parent=5213"}],"wp:term":[{"taxonomy":"category","embeddable":true,"href":"http:\/\/blog.inmontanis.info\/index.php?rest_route=%2Fwp%2Fv2%2Fcategories&post=5213"},{"taxonomy":"post_tag","embeddable":true,"href":"http:\/\/blog.inmontanis.info\/index.php?rest_route=%2Fwp%2Fv2%2Ftags&post=5213"}],"curies":[{"name":"wp","href":"https:\/\/api.w.org\/{rel}","templated":true}]}}