{"id":5198,"date":"2018-08-31T21:02:16","date_gmt":"2018-08-31T19:02:16","guid":{"rendered":"http:\/\/blog.inmontanis.info\/?p=5198"},"modified":"2018-09-21T06:43:07","modified_gmt":"2018-09-21T04:43:07","slug":"anfahrt-armelkanal-aberystwyth-30-31-8-2018","status":"publish","type":"post","link":"http:\/\/blog.inmontanis.info\/?p=5198","title":{"rendered":"Anfahrt, \u00c4rmelkanal, Aberystwyth, 30.+31.8.2018"},"content":{"rendered":"<p><strong>UK &#038; IoM 2018 &#8211; Tag 0,5: Do, 30.8.2018 &#8211; Deutschland-Frankreich<\/strong><\/p>\n<p>Mit M\u00fch und Not kam ich um 11:30 Uhr von der Arbeit weg. Sollte der Stau durch Deutschland im Rahmen bleiben, wollte ich mich in Luxembourg mit &#8220;Kaliningrad&#8221; treffen, vor 2 Jahren hatte das ja nicht funktioniert. Fernpass war wie \u00fcblich z\u00e4h (15min Zeitverlust), danach gings erst mal, an der Grenze auch keine Kontrolle und kein Stau. <\/p>\n<p>Google Maps zeigte dann zwischen Ulm und Karlsruhe viele und l\u00e4ngere dunkelrote Strecken (also Stau) an, bot aber keine vern\u00fcnftige Umfahrung an. Da das aber letztes oder vorletztes Jahr auch schon so ein Krampf war und laufend l\u00e4ngere Staus wurden, meidete ich diese A8 im Navi, welches mir sodann eine Umfahrung \u00fcber die A6 vorschlug, mit nur wenig Zeitverlust und ca. 70km l\u00e4nger. Ich best\u00e4tigte, weil dort auch in GMaps die roten Strecken weniger waren. Nunja, auch hier wieder eine Baustelle nach der anderen und etliche Staus. Und die deutschen Autobahnbaustellen schauen immer so verwaist aus. Warum macht man \u00fcberhaupt so viele Baustellen? Wenn man nur die H\u00e4lfte der Baustellen gleichzeitig \u00f6ffnen w\u00fcrde, mit der dann zur Verf\u00fcgung stehenden doppelten Anzahl Mensch+Maschinen, w\u00fcrden diese Baustellen doppelt so schnell fertig werden und man w\u00fcrde in der gleichen Zeit trotzdem genauso viel schaffen, h\u00e4tte aber weit weniger Staus!?!<\/p>\n<p>Hintenraus konnte ich noch etwas Zeit gut machen, so dass ich mit 1,5h Versp\u00e4tung in Luxembourg beim Buffalo Grill ankam (um 19:45 Uhr, also f\u00fcr meine Reise schon recht knapp) und mit K dort essen ging. Leider war das ein kleiner Reinfall, erst hat man unsere Bestellung vergessen (bis K nachfragte), danach war diese zumindest auf meiner Seite etwas fragw\u00fcrdig. Wie \u00fcblich bestellte ich &#8220;bien cuit&#8221;, also durchgebraten. Die Ribs waren komplett trocken (tw. war das Fleich komplett schwarz verbrannt, dass es zerbr\u00f6selt ist und nicht mehr essbar war), w\u00e4hrend die kleinen Steaks teilweise noch zu blutig f\u00fcr ein &#8220;bien cuit&#8221; waren. <\/p>\n<p>Somit kam ich dort erst um 21 Uhr wieder weg, was entsprechend eine verk\u00fcrzte Nacht bedeutete: maximal noch 5 Stunden Schlaf. Ich fuhr dann bis Callais, um wenigstens keinen Stau-Puffer f\u00fcr morgen mehr einrechnen zu m\u00fcssen und stellte mir die Wecker auf kurz nach 6 Uhr. Die Lage hier war aber nett ruhig, am Rande eines Wohngebiets, nahe eines Sportzentrums mit Parkpl\u00e4tzen am Stra\u00dfenrad, es fuhr so gut wie kein Auto vorbei, sollte ich mir merken. <\/p>\n<p>W\u00e4hrend ich so im Bett lag hatte ich pl\u00f6tzlich meine Zweifel, ob man das Auto nicht von au\u00dfen aufsperren k\u00f6nnte, wenn der Schl\u00fcssel im Auto liegt? Testen wollte ich es jetzt nat\u00fcrlich nicht mehr &#8211; das verschob ich auf morgen, und da zeigte sich dann, dass dem nicht so ist. Das Auto erkennt, ob der Schl\u00fcssel innerhalb oder au\u00dferhalb des Autos ist, und wenn ich innen absperre, kann man von au\u00dfen nicht aufsperren. Zumindest an der Fahrert\u00fcr, die anderen hab ich gar nicht probiert, f\u00e4llt mir dabei ein .. <\/p>\n<p><a href='http:\/\/extra.inmontanis.info\/d\/47722-2\/ge-uk201809c.jpg'><img src=http:\/\/extra.inmontanis.info\/d\/47720-3\/ge-uk201809c.jpg \/><\/a><br \/>\n^ Magenta: Strecke 30.8.2018<\/p>\n<p>Ja, somit war das heute die erste Bett-Nacht im Ignis (ohne Bett hatte ich ja auf der Zentralasienreise schon als Beifahrer geschlafen), leider konnte ich lange nicht einschlafen, wie \u00fcblich in der ersten Auto-Nacht des Jahres, bzw. vor einer F\u00e4hrfahrt mit so kurzer Nacht. Und ein bisserl zu warm war&#8217;s auch.<\/p>\n<p>Fotos zum Schlafausbau im Ignis hatte ich ja die letzten Wochen bei meinen Hintertux-Berichten mehrmals gezeigt, stellvertretend und weil ich keine w\u00e4hrend der Reise gemacht hatte, die vom Ladungstest im Juli:<\/p>\n<p><a href='http:\/\/extra.inmontanis.info\/d\/47696-3\/DSC02428.jpg'><img src=http:\/\/extra.inmontanis.info\/d\/47695-4\/DSC02428.jpg \/><\/a><br \/>\n^ Vollbeladungstest mit dem alten Gestellteil vom Qubo (nun hochkant), Koffer, Skischuhe (w\u00e4hrend der Reise: Fu\u00dfraum Beifahrer), K\u00fchlbox, Ski, Stecken (nicht sichtbar hinterm Gestell:  Ersatzrad, Toilette). Auf der Reise erg\u00e4nzt: Kopfkissen, Schlafsack, Decke, Fensterabschottungen, ..<\/p>\n<p><a href='http:\/\/extra.inmontanis.info\/d\/47704-3\/DSC02443.jpg'><img src=http:\/\/extra.inmontanis.info\/d\/47703-4\/DSC02443.jpg \/><\/a><br \/>\n^ Liegefl\u00e4che<\/p>\n<p><a href='http:\/\/extra.inmontanis.info\/d\/47692-3\/DSC02426.jpg'><img src=http:\/\/extra.inmontanis.info\/d\/47691-4\/DSC02426.jpg \/><\/a><br \/>\n^ Einstieg \u00fcber die hintere rechte T\u00fcr, z.T. mit Absitzen am Klo, ging dann zumindest beim Aussteigen besser. Den Fahrersitz hab ich nachts manchmal noch etwas nach vorne geschoben.<\/p>\n<p>Die n\u00e4chsten Tage war das Schlafen dann nat\u00fcrlich kein Problem mehr und irgendwann hatte sich das eingespielt. Wie erwartet war alles viel besser als einst im Fusion und kaum schlechter als im Qubo, bzw. teilweise sogar besser, weil im Ignis alles erreichbar war und man die Altw\u00e4sche zum Stopfen unters Bett verwenden konnte (z.B. die Vertiefung der Felge im Ersatzrad oder um die Unebenheiten des Beifahrersitzes auszugleichen). Tags\u00fcber lag auf dem Bett dann der Schlafsack und die Decke, im hinteren Bereich die Fensterabschottungen; auf dem Schlafsack lag dann der Rucksack, was auch meistens problemlos war. Das Frischwasserfl\u00e4schchen befand sich in der (ausgeschalteten) K\u00fchlbox, die &#8220;Grau- und Gelbwasserflaschen&#8221; wurden alle paar Tage entsorgt und ersetzt, da es ja gl\u00fccklicherweise in UK ebenfalls kein Plastikflaschenpfand gibt. <\/p>\n<p><strong>UK &#038; IoM 2018 &#8211; Tag 1: Fr, 31.8.2018 &#8211; F\u00e4hr\u00fcberfahrt &#038; Aberystwyth<\/strong><\/p>\n<p>Ich ging morgens vorsichtshalber noch schnell tanken (Tank war arg leer, preislich eh kaum ein Unterschied) und war um 6:30 Uhr an der F\u00e4hre, Check-In sollte um 6:50 oder 6:55 schlie\u00dfen, Abfahrt mit DFDS war um 7:40 Uhr. Leider waren nur 2 Spuren am Grenz\u00fcbergang offen, und w\u00e4hrend die franz\u00f6sische Grenze z\u00fcgig ging, ging an der britischen oftmals f\u00fcr bis zu 10min gar nix weiter. War somit erst um 7:10 am Check-In-Schalter, durfte aber noch problemlos mit. Puh. Auf dem Schiff dann gleich mal ins n\u00e4chste Restaurant, das dann f\u00e4lschlicherweise das LKW-Fahrer-Restaurant war (ungew\u00f6hnlich mitten im Schiff, normalerweise sind die immer an einem Ende) und hab wieder das g\u00fcnstigere 5-Teile-&#8220;Kinder&#8221;-Fr\u00fchst\u00fcck gegessen, nachdem man mich dann ins richtige SB-Restaurant begleitet hatte ;)<\/p>\n<p>Letztes Jahr hatte ich ja kurz \u00fcber die ehemalige Hovercraft-F\u00e4hrverbindung \u00fcber den \u00c4rmelkanal sinniert, im Zuge der diesj\u00e4hrigen Reisevorbereitungen bin ich zuf\u00e4llig auf eine ganz andere Art F\u00e4hrverbindung zwischen Kontinent und UK gesto\u00dfen, von der ich bisher noch nichts geh\u00f6rt hatte: Die &#8220;Luftf\u00e4hre&#8221;, auch Channel Air Bridge genannt.<\/p>\n<p>War so in den 50\/60ern in Mode, mehrmals t\u00e4glich flogen die kleinen Flugzeuge mit 5-6 Fahrzeugen an Board \u00fcber den Kanal, im sp\u00e4teren Verlauf wurden auch Flugh\u00e4fen weiter im Inland bzw. in anderen L\u00e4ndern angeflogen. Autoflug statt Autozug. Was w\u00e4r das toll, wenn es das heute noch zu vern\u00fcnftigen Preisen geben w\u00fcrde, nicht nur nach UK, sondern auch nach Skandinavien oder anderen L\u00e4ndern ;) Anscheinend waren die Preise in den 50ern durchaus konkurrenzf\u00e4hig zu den Schiffsf\u00e4hren. Aber der Sprit f\u00fcr die Flugzeuge wurde teurer und die F\u00e4hren immer gr\u00f6\u00dfer und somit g\u00fcnstiger und wie so vieles verschwand das weitgehend. <\/p>\n<p>Hier ein paar Bilder-Links:<\/p>\n<p>1956 Prospekt mit Zeitplan und Preisen:<br \/>\n<a href='http:\/\/saadonline.uk\/wp-content\/uploads\/ac56-1a.jpg'>http:\/\/saadonline.uk\/wp-content\/uploads\/ac56-1a.jpg<\/a><br \/>\nDie Preise waren also so zwischen 10 und 30 Pfund. Inflationsbereinigt und zum aktuellen Eurokurs umgerechnet w\u00e4ren das ca. 265-800,- \u20ac.<\/p>\n<p>1959 Prospekt mit den ersten 3 Flugstrecken:<br \/>\n<a href='http:\/\/saadonline.uk\/wp-content\/uploads\/cab59-2a.jpg'>http:\/\/saadonline.uk\/wp-content\/uploads\/cab59-2a.jpg<\/a><\/p>\n<p>1959 Prospekt mit Flugzeugbeladung:<br \/>\n<a href='http:\/\/saadonline.uk\/wp-content\/uploads\/cab59-1a.jpg'>http:\/\/saadonline.uk\/wp-content\/uploads\/cab59-1a.jpg<\/a><\/p>\n<p>1962, Destinations (und ein altes Bild vom Rhone-Gletscher + eine Flugzeugbeladung, 1.000 Fl\u00fcge pro Woche):<br \/>\n<a href='http:\/\/saadonline.uk\/wp-content\/uploads\/CAB-2.jpg'>http:\/\/saadonline.uk\/wp-content\/uploads\/CAB-2.jpg<\/a><br \/>\n&#8220;Now you can drive in a morning from London to the Black Forest and the heart of Switzerland &#8211; and to the Riviera, Italy and Austria in a day.&#8221;<\/p>\n<p>1962, Timetable, z.B. 14 F\u00e4hrfl\u00fcge am Tag nach Calais:<br \/>\n<a href='http:\/\/saadonline.uk\/wp-content\/uploads\/CAB-3.jpg'>http:\/\/saadonline.uk\/wp-content\/uploads\/CAB-3.jpg<\/a><\/p>\n<p>1966, Destinations:<br \/>\n<a href='http:\/\/saadonline.uk\/wp-content\/uploads\/BUAF-Summer-1966.jpg'>http:\/\/saadonline.uk\/wp-content\/uploads\/BUAF-Summer-1966.jpg<\/a><\/p>\n<p>&#8212;<\/p>\n<p>Der weitere Tag war auf der F\u00e4hre noch ziemlich offen. Black Country Museum fiel wie schon vor 2 Jahren aus, weil man bereits seit Wochen oder Monaten wieder irgendwelche Wartungsarbeiten an der Tram hatte. Mal gespannt, wann ich da endlich mal hinkomme. Blieben Wiederholungsbesuche in Brighton, Seaton oder Aberystwyth, was zeitlich halbwegs zu erreichen sein sollte, sofern nicht zu viel Stau w\u00e4re &#8211; aber Aberystwyth k\u00f6nnte ich auch in den n\u00e4chsten Tagen noch als Ziel brauchen..<\/p>\n<p>Nachdem es auf dem Autobahnring um London kaum Stau gab und ich mir einen Wiederholungsbesuch in Seaton und Brighton f\u00fcr eine evtl. k\u00fcrzere Reise mit der Isle of Wight aufheben wollte (liegt dann alles geographisch n\u00e4her zusammen), ging&#8217;s doch bis Aberystwyth zu einem Wiederholungsbesuch der dortigen Standseilbahn, die ich bei meiner ersten UK-Reise 2009 besuchte. Und weil noch Zeit war, suchte ich mir in Wales noch eine interessant sein k\u00f6nnende Nebenstra\u00dfe aus&#8230;<\/p>\n<p>(Fotos anklicken zum Vergr\u00f6\u00dfern.)<\/p>\n<p><a href='http:\/\/extra.inmontanis.info\/d\/47722-2\/ge-uk201809c.jpg'><img src=http:\/\/extra.inmontanis.info\/d\/47720-3\/ge-uk201809c.jpg \/><\/a><br \/>\n^ Dunkelblau: Strecke 31.8.2018<br \/>\nA) Aberystwyth<\/p>\n<p><a href='http:\/\/extra.inmontanis.info\/d\/47895-2\/DSC02877.jpg'><img src=http:\/\/extra.inmontanis.info\/d\/47894-3\/DSC02877.jpg \/><\/a><br \/>\n^ Pembridge, historic black and white village; eher ungew\u00f6hnliches Ortsbild f\u00fcr UK mit dieser Art  (schiefer) mittelalterlicher H\u00e4user<\/p>\n<p><a href='http:\/\/extra.inmontanis.info\/d\/47899-2\/DSC02882.jpg'><img src=http:\/\/extra.inmontanis.info\/d\/47898-3\/DSC02882.jpg \/><\/a><br \/>\n^ Die sch\u00f6nsten Stra\u00dfen auf den britischen Inseln findet man recht einfach: Man nehme in h\u00fcgeligen\/bergigen\/k\u00fcstennahen Regionen einfach den d\u00fcnnsten\/niederrangisten Strich im Stra\u00dfenatlas &#8211; und nicht die angeblich landschaftlich sch\u00f6ne gr\u00fcn markierte dicke A-Road ;-)<br \/>\nHier die Stra\u00dfe von Beulah nach Tregaron<\/p>\n<p><a href='http:\/\/extra.inmontanis.info\/d\/47903-2\/DSC02886.jpg'><img src=http:\/\/extra.inmontanis.info\/d\/47902-3\/DSC02886.jpg \/><\/a><br \/>\n^ Beulah-Tregaron<\/p>\n<p><a href='http:\/\/extra.inmontanis.info\/d\/47907-2\/DSC02889.jpg'><img src=http:\/\/extra.inmontanis.info\/d\/47906-3\/DSC02889.jpg \/><\/a><br \/>\n^ Beulah-Tregaron<\/p>\n<p><a href='http:\/\/extra.inmontanis.info\/d\/47911-2\/DSC02894.jpg'><img src=http:\/\/extra.inmontanis.info\/d\/47910-3\/DSC02894.jpg \/><\/a><br \/>\n^ Beulah-Tregaron. Na da geht&#8217;s jetzt gleich mal sch\u00f6n steil weiter..<\/p>\n<p><a href='http:\/\/extra.inmontanis.info\/d\/47915-2\/DSC02897.jpg'><img src=http:\/\/extra.inmontanis.info\/d\/47914-3\/DSC02897.jpg \/><\/a><br \/>\n^ 25% Steigung und danach 25% Gef\u00e4lle. Auf den britischen Inseln nicht ungew\u00f6hnlich.<\/p>\n<p><a href='http:\/\/extra.inmontanis.info\/d\/47919-2\/DSC02902.jpg'><img src=http:\/\/extra.inmontanis.info\/d\/47918-3\/DSC02902.jpg \/><\/a><br \/>\n^ Beulah-Tregaron<\/p>\n<p><a href='http:\/\/extra.inmontanis.info\/d\/47923-2\/DSC02904.jpg'><img src=http:\/\/extra.inmontanis.info\/d\/47922-3\/DSC02904.jpg \/><\/a><br \/>\n^ Beulah-Tregaron<\/p>\n<p><a href='http:\/\/extra.inmontanis.info\/d\/47927-2\/DSC02907.jpg'><img src=http:\/\/extra.inmontanis.info\/d\/47926-3\/DSC02907.jpg \/><\/a><br \/>\n^ Beulah-Tregaron. Nettes Str\u00e4sschen.<\/p>\n<p><a href='http:\/\/extra.inmontanis.info\/d\/47931-2\/DSC02911.jpg'><img src=http:\/\/extra.inmontanis.info\/d\/47930-3\/DSC02911.jpg \/><\/a><br \/>\n^ Beulah-Tregaron<\/p>\n<p>(Aberystwyth)<\/p>\n<p><a href='http:\/\/extra.inmontanis.info\/d\/47935-2\/DSC02917.jpg'><img src=http:\/\/extra.inmontanis.info\/d\/47934-3\/DSC02917.jpg \/><\/a><br \/>\n^ Alte Fotos in der Talstation der Standseilbahn<\/p>\n<p><a href='http:\/\/extra.inmontanis.info\/d\/47939-2\/DSC02919.jpg'><img src=http:\/\/extra.inmontanis.info\/d\/47938-3\/DSC02919.jpg \/><\/a><br \/>\n^ Reste neben der Strecke<\/p>\n<p><a href='http:\/\/extra.inmontanis.info\/d\/47943-2\/DSC02920.jpg'><img src=http:\/\/extra.inmontanis.info\/d\/47942-3\/DSC02920.jpg \/><\/a><br \/>\n^ Bergfahrt der 1896 in Betrieb gegangenen Standseilbahn (Cliff Lift \/ Cliff Railway)<\/p>\n<p><a href='http:\/\/extra.inmontanis.info\/d\/47947-2\/DSC02921.jpg'><img src=http:\/\/extra.inmontanis.info\/d\/47946-3\/DSC02921.jpg \/><\/a><br \/>\n^ Seile<\/p>\n<p><a href='http:\/\/extra.inmontanis.info\/d\/47951-2\/DSC02925.jpg'><img src=http:\/\/extra.inmontanis.info\/d\/47950-3\/DSC02925.jpg \/><\/a><br \/>\n^ Ausweiche<\/p>\n<p><a href='http:\/\/extra.inmontanis.info\/d\/47726-3\/DSC02926.jpg'><img src=http:\/\/extra.inmontanis.info\/d\/47725-4\/DSC02926.jpg \/><\/a><br \/>\n^ Mitte<\/p>\n<p><a href='http:\/\/extra.inmontanis.info\/d\/47955-2\/DSC02928.jpg'><img src=http:\/\/extra.inmontanis.info\/d\/47954-3\/DSC02928.jpg \/><\/a><br \/>\n^ Bergstation<\/p>\n<p><a href='http:\/\/extra.inmontanis.info\/d\/47959-2\/DSC02930.jpg'><img src=http:\/\/extra.inmontanis.info\/d\/47958-3\/DSC02930.jpg \/><\/a><br \/>\n^ Bergstation<\/p>\n<p><a href='http:\/\/extra.inmontanis.info\/d\/47963-2\/DSC02931.jpg'><img src=http:\/\/extra.inmontanis.info\/d\/47962-3\/DSC02931.jpg \/><\/a><br \/>\n^ Panorama von der Bergstation auf Aberystwyth<\/p>\n<p><a href='http:\/\/extra.inmontanis.info\/d\/47967-2\/DSC03491.jpg'><img src=http:\/\/extra.inmontanis.info\/d\/47966-3\/DSC03491.jpg \/><\/a><br \/>\n^ IR-Zoom r\u00fcber nach IRland, ca. 150-160 km entfernt<\/p>\n<p><a href='http:\/\/extra.inmontanis.info\/d\/47971-2\/DSC02935.jpg'><img src=http:\/\/extra.inmontanis.info\/d\/47970-3\/DSC02935.jpg \/><\/a><br \/>\n^ Nordpano<\/p>\n<p><a href='http:\/\/extra.inmontanis.info\/d\/47730-3\/DSC03492.jpg'><img src=http:\/\/extra.inmontanis.info\/d\/47729-4\/DSC03492.jpg \/><\/a><br \/>\n^ IR-Pano richtung Norden<\/p>\n<p><a href='http:\/\/extra.inmontanis.info\/d\/47975-2\/DSC02937.jpg'><img src=http:\/\/extra.inmontanis.info\/d\/47974-3\/DSC02937.jpg \/><\/a><br \/>\n^ Gipfel<\/p>\n<p><a href='http:\/\/extra.inmontanis.info\/d\/47979-2\/DSC02939.jpg'><img src=http:\/\/extra.inmontanis.info\/d\/47978-3\/DSC02939.jpg \/><\/a><br \/>\n^ Modell der SSB<\/p>\n<p><a href='http:\/\/extra.inmontanis.info\/d\/47983-2\/DSC02949.jpg'><img src=http:\/\/extra.inmontanis.info\/d\/47982-3\/DSC02949.jpg \/><\/a><br \/>\n^ Steilklippen<\/p>\n<p><a href='http:\/\/extra.inmontanis.info\/d\/47987-2\/DSC02952.jpg'><img src=http:\/\/extra.inmontanis.info\/d\/47986-3\/DSC02952.jpg \/><\/a><br \/>\n^ Steilklippen<\/p>\n<p><a href='http:\/\/extra.inmontanis.info\/d\/47991-2\/DSC02956.jpg'><img src=http:\/\/extra.inmontanis.info\/d\/47990-3\/DSC02956.jpg \/><\/a><br \/>\n^ Steilklippen<\/p>\n<p><a href='http:\/\/extra.inmontanis.info\/d\/47995-2\/DSC02959.jpg'><img src=http:\/\/extra.inmontanis.info\/d\/47994-3\/DSC02959.jpg \/><\/a><br \/>\n^ Bergstation<\/p>\n<p><a href='http:\/\/extra.inmontanis.info\/d\/47999-2\/DSC02964.jpg'><img src=http:\/\/extra.inmontanis.info\/d\/47998-3\/DSC02964.jpg \/><\/a><br \/>\n^ Dachger\u00fcst der Bergstation<\/p>\n<p><a href='http:\/\/extra.inmontanis.info\/d\/48003-2\/DSC02965.jpg'><img src=http:\/\/extra.inmontanis.info\/d\/48002-3\/DSC02965.jpg \/><\/a><br \/>\n^ Bergstation<\/p>\n<p><a href='http:\/\/extra.inmontanis.info\/d\/48007-2\/DSC02968.jpg'><img src=http:\/\/extra.inmontanis.info\/d\/48006-3\/DSC02968.jpg \/><\/a><br \/>\n^ Bergstation<\/p>\n<p><a href='http:\/\/extra.inmontanis.info\/d\/48011-2\/DSC02971.jpg'><img src=http:\/\/extra.inmontanis.info\/d\/48010-3\/DSC02971.jpg \/><\/a><br \/>\n^ Wagen<\/p>\n<p><a href='http:\/\/extra.inmontanis.info\/d\/48015-2\/DSC02974.jpg'><img src=http:\/\/extra.inmontanis.info\/d\/48014-3\/DSC02974.jpg \/><\/a><br \/>\n^ Talfahrt<\/p>\n<p><a href='http:\/\/extra.inmontanis.info\/d\/48019-2\/DSC02976.jpg'><img src=http:\/\/extra.inmontanis.info\/d\/48018-3\/DSC02976.jpg \/><\/a><br \/>\n^ Talfahrt, Ausweiche<\/p>\n<p><a href='http:\/\/extra.inmontanis.info\/d\/48023-2\/DSC02978.jpg'><img src=http:\/\/extra.inmontanis.info\/d\/48022-3\/DSC02978.jpg \/><\/a><br \/>\n^ Talstation<\/p>\n<p><a href='http:\/\/extra.inmontanis.info\/d\/48027-2\/DSC02980.jpg'><img src=http:\/\/extra.inmontanis.info\/d\/48026-3\/DSC02980.jpg \/><\/a><br \/>\n^ Die T\u00fcren m\u00fcssen jetzt per Druckknopf ge\u00f6ffnet werden. 2009 war es noch komplett egal, ob man mit offenen oder geschlossenen T\u00fcren f\u00e4hrt.<\/p>\n<p><a href='http:\/\/extra.inmontanis.info\/d\/48031-2\/DSC02981.jpg'><img src=http:\/\/extra.inmontanis.info\/d\/48030-3\/DSC02981.jpg \/><\/a><br \/>\n^ Wagen<\/p>\n<p>&#8212;<br \/>\nAnno 2009, damals noch mit offenen Kabinen:<br \/>\n<a href='http:\/\/extra.inmontanis.info\/d\/753-3\/P1400193.JPG'><img src=http:\/\/extra.inmontanis.info\/d\/751-4\/P1400193.JPG \/><\/a><br \/>\n^ &#8220;Einstieg. Die T\u00fcren werden \u00fcbrigens weder automatisch noch manuell geschlossen und es ist allen egal, wenn man mit offenen T\u00fcren f\u00e4hrt :-)&#8221;<br \/>\n&#8212;<\/p>\n<p><a href='http:\/\/extra.inmontanis.info\/d\/48035-2\/DSC02982.jpg'><img src=http:\/\/extra.inmontanis.info\/d\/48034-3\/DSC02982.jpg \/><\/a><br \/>\n^ Talstation<\/p>\n<p><a href='http:\/\/extra.inmontanis.info\/d\/48039-2\/DSC02984.jpg'><img src=http:\/\/extra.inmontanis.info\/d\/48038-3\/DSC02984.jpg \/><\/a><br \/>\n^ Strand<\/p>\n<p><a href='http:\/\/extra.inmontanis.info\/d\/48043-2\/DSC02985.jpg'><img src=http:\/\/extra.inmontanis.info\/d\/48042-3\/DSC02985.jpg \/><\/a><br \/>\n^ Strand(promenade)<\/p>\n<p><a href='http:\/\/extra.inmontanis.info\/d\/48047-2\/DSC02989.jpg'><img src=http:\/\/extra.inmontanis.info\/d\/48046-3\/DSC02989.jpg \/><\/a><br \/>\n^ Strand<\/p>\n<p><a href='http:\/\/extra.inmontanis.info\/d\/48051-2\/DSC02991.jpg'><img src=http:\/\/extra.inmontanis.info\/d\/48050-3\/DSC02991.jpg \/><\/a><br \/>\n^ Fish&#8217;n&#8217;Chip mit Erbsen, mein heutiges Abendessen am Strand<\/p>\n<p><a href='http:\/\/extra.inmontanis.info\/d\/48055-2\/DSC02993.jpg'><img src=http:\/\/extra.inmontanis.info\/d\/48054-3\/DSC02993.jpg \/><\/a><br \/>\n^ Auf den Sonnenuntergang zu warten macht bei den Wolken wohl leider keinen Sinn.<\/p>\n<p><a href='http:\/\/extra.inmontanis.info\/d\/48059-2\/DSC02994.jpg'><img src=http:\/\/extra.inmontanis.info\/d\/48058-3\/DSC02994.jpg \/><\/a><br \/>\n^ Blick vom Strand hinauf zur Talstation, Strecke und Bergstation der SSB<\/p>\n<p>Danach fuhr ich noch ein bisschen in Richtung des morgigen Ziels, kam aber nat\u00fcrlich fr\u00fcher ins Bett. Der erste Parkplatz an einem Wald, den ich anfuhr, hatte netterweise kein Schild von wegen \u00dcbernachtungsverbot. Ein arg ungew\u00f6hnlicher Camping\/Schul\/Circus-Bus mit eben Circus-Aufschrift stand ebenfalls dort. Da ich auf dieser Reise das 52-st\u00fcndige H\u00f6rbuch &#8220;Es&#8221; von Stephen King h\u00f6rte, was ja eine ziemliche Horror-Story mit Circus-Clown ist, war das schon etwas &#8230; aber ich war zu m\u00fcd, um mir da zu bl\u00f6de Gedanken zu machen.<\/p>\n<p>Mein  kleines heutiges Video der Standseilbahn:<br \/>\n<object style=\"height: 500px; width: 900px\"><param name=\"movie\" value=\"http:\/\/www.youtube.com\/v\/BqEhzYzUOFU\"><\/param><param name=\"wmode\" value=\"transparent\"><\/param><embed src=\"http:\/\/www.youtube.com\/v\/BqEhzYzUOFU\" type=\"application\/x-shockwave-flash\" wmode=\"transparent\"  width=\"900\" height=\"480\"><\/embed><\/object><\/p>\n<p>.. und der heutige Dashcam-Zusammenschnitt, insb. mit der netten Stra\u00dfe:<br \/>\n<object style=\"height: 500px; width: 900px\"><param name=\"movie\" value=\"http:\/\/www.youtube.com\/v\/VDiOS283V5o\"><\/param><param name=\"wmode\" value=\"transparent\"><\/param><embed src=\"http:\/\/www.youtube.com\/v\/VDiOS283V5o\" type=\"application\/x-shockwave-flash\" wmode=\"transparent\"  width=\"900\" height=\"480\"><\/embed><\/object><\/p>\n<p>(Fortsetzung folgt.)<\/p>\n","protected":false},"excerpt":{"rendered":"<p>UK &#038; IoM 2018 &#8211; Tag 0,5: Do, 30.8.2018 &#8211; Deutschland-Frankreich<\/p>\n<p>Mit M\u00fch und Not kam ich um 11:30 Uhr von der Arbeit weg. Sollte der Stau durch Deutschland im Rahmen bleiben, wollte ich mich in Luxembourg mit &#8220;Kaliningrad&#8221; treffen, vor 2 Jahren hatte das ja nicht funktioniert. Fernpass war wie \u00fcblich z\u00e4h (15min Zeitverlust), <a href=\"http:\/\/blog.inmontanis.info\/?p=5198\">[&#8230;]<\/a><\/p>\n","protected":false},"author":1,"featured_media":0,"comment_status":"closed","ping_status":"closed","sticky":false,"template":"","format":"standard","meta":{"footnotes":""},"categories":[172,21],"tags":[90,37,46],"class_list":["post-5198","post","type-post","status-publish","format-standard","hentry","category-2018-09-uk-iom-trams-meer","category-britain","tag-infrarot","tag-meer","tag-ssb","odd"],"_links":{"self":[{"href":"http:\/\/blog.inmontanis.info\/index.php?rest_route=\/wp\/v2\/posts\/5198","targetHints":{"allow":["GET"]}}],"collection":[{"href":"http:\/\/blog.inmontanis.info\/index.php?rest_route=\/wp\/v2\/posts"}],"about":[{"href":"http:\/\/blog.inmontanis.info\/index.php?rest_route=\/wp\/v2\/types\/post"}],"author":[{"embeddable":true,"href":"http:\/\/blog.inmontanis.info\/index.php?rest_route=\/wp\/v2\/users\/1"}],"replies":[{"embeddable":true,"href":"http:\/\/blog.inmontanis.info\/index.php?rest_route=%2Fwp%2Fv2%2Fcomments&post=5198"}],"version-history":[{"count":8,"href":"http:\/\/blog.inmontanis.info\/index.php?rest_route=\/wp\/v2\/posts\/5198\/revisions"}],"predecessor-version":[{"id":5206,"href":"http:\/\/blog.inmontanis.info\/index.php?rest_route=\/wp\/v2\/posts\/5198\/revisions\/5206"}],"wp:attachment":[{"href":"http:\/\/blog.inmontanis.info\/index.php?rest_route=%2Fwp%2Fv2%2Fmedia&parent=5198"}],"wp:term":[{"taxonomy":"category","embeddable":true,"href":"http:\/\/blog.inmontanis.info\/index.php?rest_route=%2Fwp%2Fv2%2Fcategories&post=5198"},{"taxonomy":"post_tag","embeddable":true,"href":"http:\/\/blog.inmontanis.info\/index.php?rest_route=%2Fwp%2Fv2%2Ftags&post=5198"}],"curies":[{"name":"wp","href":"https:\/\/api.w.org\/{rel}","templated":true}]}}